{"id":9803,"date":"2025-11-20T19:40:05","date_gmt":"2025-11-20T19:40:05","guid":{"rendered":"https:\/\/cyclotourer.de\/?p=9803"},"modified":"2025-11-25T13:28:41","modified_gmt":"2025-11-25T13:28:41","slug":"desert-dash-2025","status":"publish","type":"post","link":"https:\/\/cyclotourer.de\/?p=9803","title":{"rendered":"Desert Dash 2025"},"content":{"rendered":"\n<figure class=\"wp-block-image size-full\"><img loading=\"lazy\" decoding=\"async\" width=\"300\" height=\"88\" src=\"https:\/\/cyclotourer.de\/wp-content\/uploads\/2025\/11\/123-e1762881560765.png\" alt=\"\" class=\"wp-image-9798\"\/><\/figure>\n\n\n\n<p>Auch in diesem Jahr geh\u00f6re ich zum Team vom Hubert Schwarz und werde mit die Fahrer des Hubert Schwarz-Team vor, w\u00e4hrend und nach dem h\u00e4rtesten MTB-Rennen &#8211; dem DesertDash &#8211; begleiten und betreuen.<\/p>\n\n\n\n<p><a href=\"https:\/\/desertdashnamibia.com\/\">Nedbank Desert Dash<\/a><\/p>\n\n\n<div class=\"wp-block-image\">\n<figure class=\"alignright size-medium\"><img loading=\"lazy\" decoding=\"async\" width=\"300\" height=\"225\" src=\"https:\/\/cyclotourer.de\/wp-content\/uploads\/2023\/12\/IMG_8305-300x225.jpeg\" alt=\"\" class=\"wp-image-7161\" srcset=\"https:\/\/cyclotourer.de\/wp-content\/uploads\/2023\/12\/IMG_8305-300x225.jpeg 300w, https:\/\/cyclotourer.de\/wp-content\/uploads\/2023\/12\/IMG_8305-1024x768.jpeg 1024w, https:\/\/cyclotourer.de\/wp-content\/uploads\/2023\/12\/IMG_8305-150x113.jpeg 150w, https:\/\/cyclotourer.de\/wp-content\/uploads\/2023\/12\/IMG_8305-768x576.jpeg 768w, https:\/\/cyclotourer.de\/wp-content\/uploads\/2023\/12\/IMG_8305.jpeg 1280w\" sizes=\"auto, (max-width: 300px) 100vw, 300px\" \/><\/figure>\n<\/div>\n\n\n<p>Da ich bereits \u00fcber eine Woche fr\u00fcher im Land bin, werde ich nat\u00fcrlich auch durch das Land Reisen, Freunde besuchen, das Kiosk-Projekt begutachten und hoffentlich noch ganz viele andere Dinge erleben. Auch werde ich ein paar Tage ein Fahrrad zur Verf\u00fcgung haben. Mal sehen wie viele Kilometer ich zusammen bekomme..<\/p>\n\n\n\n<p>Im gesamten m\u00f6chte ich ein bisschen was an Sport nachholen. Die Vors\u00e4tze sind da, mal sehen was umzusetzen ist&#8230; <\/p>\n\n\n\n<p>Am 23.11.2025 geht es los, ab da werde ich hier t\u00e4glich erz\u00e4hlen was ich erlebt habe&#8230;!<\/p>\n\n\n\n<h2 class=\"wp-block-heading\"><strong>23.11.2025<\/strong><\/h2>\n\n\n\n<p>Heute sollte es endlich so weit sein, es geht los nach Namibia. Zuerst machte ich mir mit der Familie einen sch\u00f6nen Tag und wir besuchten den Tierpark Klosterwald bei Lich. Auch dieses Mal konnte man einige Neuerungen erkennen. Es wurde umgebaut, ein neuer Spielplatz, der \u00fcber die Wintermonate jedoch gesperrt ist, errichtet. Ein immer wieder lohnender Besuch!<\/p>\n\n\n\n<p>Nach einem Abstecher bei den Schwiegereltern und einem Abschiedsbierchen ging es fr\u00fchzeitig los an den Flughafen.<\/p>\n\n\n\n<figure class=\"wp-block-image size-large\"><img loading=\"lazy\" decoding=\"async\" width=\"1024\" height=\"768\" src=\"https:\/\/cyclotourer.de\/wp-content\/uploads\/2025\/11\/IMG_2398-1024x768.jpg\" alt=\"\" class=\"wp-image-9817\" srcset=\"https:\/\/cyclotourer.de\/wp-content\/uploads\/2025\/11\/IMG_2398-1024x768.jpg 1024w, https:\/\/cyclotourer.de\/wp-content\/uploads\/2025\/11\/IMG_2398-300x225.jpg 300w, https:\/\/cyclotourer.de\/wp-content\/uploads\/2025\/11\/IMG_2398-150x113.jpg 150w, https:\/\/cyclotourer.de\/wp-content\/uploads\/2025\/11\/IMG_2398-768x576.jpg 768w, https:\/\/cyclotourer.de\/wp-content\/uploads\/2025\/11\/IMG_2398-1536x1152.jpg 1536w, https:\/\/cyclotourer.de\/wp-content\/uploads\/2025\/11\/IMG_2398.jpg 1920w\" sizes=\"auto, (max-width: 1024px) 100vw, 1024px\" \/><\/figure>\n\n\n\n<p>Da Melina am n\u00e4chsten Tag in die Schule musste, haben wir den Abschied nicht gro\u00df in die L\u00e4nge gezogen. Bei der anschlie\u00dfenden Sicherheitskontrolle wurde von einem lauten Sirene unterbrochen. Sofort standen zwei Bundespolizisten neben mir und mein Rucksack wurde separat kontrolliert. Irgendwas sollte an meinem Schnellhefter mit Unterlagen nicht gestimmt haben. Da aber nichts auff\u00e4lliges gefunden wurde, ging es weiter zum Gate. <\/p>\n\n\n\n<p>Bereits das Boarding verz\u00f6gerte sich um einige Minuten. Mit \u00d6ffnen des Gates ging das Gedr\u00e4nge los. Das typisch deutsche Verhalten hab ich mit einem l\u00e4cheln beobachtet. <\/p>\n\n\n\n<figure class=\"wp-block-gallery has-nested-images columns-default is-cropped wp-block-gallery-1 is-layout-flex wp-block-gallery-is-layout-flex\">\n<figure class=\"wp-block-image size-large\"><img loading=\"lazy\" decoding=\"async\" width=\"1024\" height=\"768\" data-id=\"9822\" src=\"https:\/\/cyclotourer.de\/wp-content\/uploads\/2025\/11\/IMG_2413-1-1024x768.jpg\" alt=\"\" class=\"wp-image-9822\" srcset=\"https:\/\/cyclotourer.de\/wp-content\/uploads\/2025\/11\/IMG_2413-1-1024x768.jpg 1024w, https:\/\/cyclotourer.de\/wp-content\/uploads\/2025\/11\/IMG_2413-1-300x225.jpg 300w, https:\/\/cyclotourer.de\/wp-content\/uploads\/2025\/11\/IMG_2413-1-150x113.jpg 150w, https:\/\/cyclotourer.de\/wp-content\/uploads\/2025\/11\/IMG_2413-1-768x576.jpg 768w, https:\/\/cyclotourer.de\/wp-content\/uploads\/2025\/11\/IMG_2413-1-1536x1152.jpg 1536w, https:\/\/cyclotourer.de\/wp-content\/uploads\/2025\/11\/IMG_2413-1.jpg 1920w\" sizes=\"auto, (max-width: 1024px) 100vw, 1024px\" \/><\/figure>\n\n\n\n<figure class=\"wp-block-image size-large\"><img loading=\"lazy\" decoding=\"async\" width=\"768\" height=\"1024\" data-id=\"9820\" src=\"https:\/\/cyclotourer.de\/wp-content\/uploads\/2025\/11\/IMG_2418-768x1024.jpg\" alt=\"\" class=\"wp-image-9820\" srcset=\"https:\/\/cyclotourer.de\/wp-content\/uploads\/2025\/11\/IMG_2418-768x1024.jpg 768w, https:\/\/cyclotourer.de\/wp-content\/uploads\/2025\/11\/IMG_2418-225x300.jpg 225w, https:\/\/cyclotourer.de\/wp-content\/uploads\/2025\/11\/IMG_2418-113x150.jpg 113w, https:\/\/cyclotourer.de\/wp-content\/uploads\/2025\/11\/IMG_2418-1152x1536.jpg 1152w, https:\/\/cyclotourer.de\/wp-content\/uploads\/2025\/11\/IMG_2418.jpg 1440w\" sizes=\"auto, (max-width: 768px) 100vw, 768px\" \/><\/figure>\n\n\n\n<figure class=\"wp-block-image size-large\"><img loading=\"lazy\" decoding=\"async\" width=\"768\" height=\"1024\" data-id=\"9821\" src=\"https:\/\/cyclotourer.de\/wp-content\/uploads\/2025\/11\/IMG_2420-768x1024.jpg\" alt=\"\" class=\"wp-image-9821\" srcset=\"https:\/\/cyclotourer.de\/wp-content\/uploads\/2025\/11\/IMG_2420-768x1024.jpg 768w, https:\/\/cyclotourer.de\/wp-content\/uploads\/2025\/11\/IMG_2420-225x300.jpg 225w, https:\/\/cyclotourer.de\/wp-content\/uploads\/2025\/11\/IMG_2420-113x150.jpg 113w, https:\/\/cyclotourer.de\/wp-content\/uploads\/2025\/11\/IMG_2420-1152x1536.jpg 1152w, https:\/\/cyclotourer.de\/wp-content\/uploads\/2025\/11\/IMG_2420.jpg 1440w\" sizes=\"auto, (max-width: 768px) 100vw, 768px\" \/><\/figure>\n<\/figure>\n\n\n\n<p>Aber, auch dann ging es noch eine lange Zeit nicht los. Das Flugzeug musste bei Temperaturen knapp unter 0\u00b0C enteist und mit einer genartigen Schicht eingepackt werden. <\/p>\n\n\n\n<p>Dieses Mal flog das Flugzeug \u00fcber ein anders Gebiet von Namibia. Aus der Luft konnte man die Etosha-Pfanne und den Nationalpark gut erkennen. Auch mein Ziel Orte Okahandja und Omaruru konnte ich gut erkennen. <\/p>\n\n\n\n<figure class=\"wp-block-gallery has-nested-images columns-default is-cropped wp-block-gallery-2 is-layout-flex wp-block-gallery-is-layout-flex\">\n<figure class=\"wp-block-image size-large\"><img loading=\"lazy\" decoding=\"async\" width=\"1024\" height=\"768\" data-id=\"9833\" src=\"https:\/\/cyclotourer.de\/wp-content\/uploads\/2025\/11\/IMG_2422-2-1024x768.jpg\" alt=\"\" class=\"wp-image-9833\" srcset=\"https:\/\/cyclotourer.de\/wp-content\/uploads\/2025\/11\/IMG_2422-2-1024x768.jpg 1024w, https:\/\/cyclotourer.de\/wp-content\/uploads\/2025\/11\/IMG_2422-2-300x225.jpg 300w, https:\/\/cyclotourer.de\/wp-content\/uploads\/2025\/11\/IMG_2422-2-150x113.jpg 150w, https:\/\/cyclotourer.de\/wp-content\/uploads\/2025\/11\/IMG_2422-2-768x576.jpg 768w, https:\/\/cyclotourer.de\/wp-content\/uploads\/2025\/11\/IMG_2422-2-1536x1152.jpg 1536w, https:\/\/cyclotourer.de\/wp-content\/uploads\/2025\/11\/IMG_2422-2.jpg 1920w\" sizes=\"auto, (max-width: 1024px) 100vw, 1024px\" \/><\/figure>\n\n\n\n<figure class=\"wp-block-image size-large\"><img loading=\"lazy\" decoding=\"async\" width=\"768\" height=\"1024\" data-id=\"9836\" src=\"https:\/\/cyclotourer.de\/wp-content\/uploads\/2025\/11\/IMG_2426-768x1024.jpg\" alt=\"\" class=\"wp-image-9836\" srcset=\"https:\/\/cyclotourer.de\/wp-content\/uploads\/2025\/11\/IMG_2426-768x1024.jpg 768w, https:\/\/cyclotourer.de\/wp-content\/uploads\/2025\/11\/IMG_2426-225x300.jpg 225w, https:\/\/cyclotourer.de\/wp-content\/uploads\/2025\/11\/IMG_2426-113x150.jpg 113w, https:\/\/cyclotourer.de\/wp-content\/uploads\/2025\/11\/IMG_2426-1152x1536.jpg 1152w, https:\/\/cyclotourer.de\/wp-content\/uploads\/2025\/11\/IMG_2426.jpg 1440w\" sizes=\"auto, (max-width: 768px) 100vw, 768px\" \/><\/figure>\n\n\n\n<figure class=\"wp-block-image size-large\"><img loading=\"lazy\" decoding=\"async\" width=\"768\" height=\"1024\" data-id=\"9834\" src=\"https:\/\/cyclotourer.de\/wp-content\/uploads\/2025\/11\/IMG_2427-1-768x1024.jpg\" alt=\"\" class=\"wp-image-9834\" srcset=\"https:\/\/cyclotourer.de\/wp-content\/uploads\/2025\/11\/IMG_2427-1-768x1024.jpg 768w, https:\/\/cyclotourer.de\/wp-content\/uploads\/2025\/11\/IMG_2427-1-225x300.jpg 225w, https:\/\/cyclotourer.de\/wp-content\/uploads\/2025\/11\/IMG_2427-1-113x150.jpg 113w, https:\/\/cyclotourer.de\/wp-content\/uploads\/2025\/11\/IMG_2427-1-1152x1536.jpg 1152w, https:\/\/cyclotourer.de\/wp-content\/uploads\/2025\/11\/IMG_2427-1.jpg 1440w\" sizes=\"auto, (max-width: 768px) 100vw, 768px\" \/><\/figure>\n\n\n\n<figure class=\"wp-block-image size-large\"><img loading=\"lazy\" decoding=\"async\" width=\"768\" height=\"1024\" data-id=\"9837\" src=\"https:\/\/cyclotourer.de\/wp-content\/uploads\/2025\/11\/IMG_2430-1-768x1024.jpg\" alt=\"\" class=\"wp-image-9837\" srcset=\"https:\/\/cyclotourer.de\/wp-content\/uploads\/2025\/11\/IMG_2430-1-768x1024.jpg 768w, https:\/\/cyclotourer.de\/wp-content\/uploads\/2025\/11\/IMG_2430-1-225x300.jpg 225w, https:\/\/cyclotourer.de\/wp-content\/uploads\/2025\/11\/IMG_2430-1-113x150.jpg 113w, https:\/\/cyclotourer.de\/wp-content\/uploads\/2025\/11\/IMG_2430-1-1152x1536.jpg 1152w, https:\/\/cyclotourer.de\/wp-content\/uploads\/2025\/11\/IMG_2430-1.jpg 1440w\" sizes=\"auto, (max-width: 768px) 100vw, 768px\" \/><\/figure>\n\n\n\n<figure class=\"wp-block-image size-large\"><img loading=\"lazy\" decoding=\"async\" width=\"1024\" height=\"768\" data-id=\"9840\" src=\"https:\/\/cyclotourer.de\/wp-content\/uploads\/2025\/11\/IMG_2433-1024x768.jpg\" alt=\"\" class=\"wp-image-9840\" srcset=\"https:\/\/cyclotourer.de\/wp-content\/uploads\/2025\/11\/IMG_2433-1024x768.jpg 1024w, https:\/\/cyclotourer.de\/wp-content\/uploads\/2025\/11\/IMG_2433-300x225.jpg 300w, https:\/\/cyclotourer.de\/wp-content\/uploads\/2025\/11\/IMG_2433-150x113.jpg 150w, https:\/\/cyclotourer.de\/wp-content\/uploads\/2025\/11\/IMG_2433-768x576.jpg 768w, https:\/\/cyclotourer.de\/wp-content\/uploads\/2025\/11\/IMG_2433-1536x1152.jpg 1536w, https:\/\/cyclotourer.de\/wp-content\/uploads\/2025\/11\/IMG_2433.jpg 1920w\" sizes=\"auto, (max-width: 1024px) 100vw, 1024px\" \/><\/figure>\n\n\n\n<figure class=\"wp-block-image size-large\"><img loading=\"lazy\" decoding=\"async\" width=\"768\" height=\"1024\" data-id=\"9839\" src=\"https:\/\/cyclotourer.de\/wp-content\/uploads\/2025\/11\/IMG_2434-1-768x1024.jpg\" alt=\"\" class=\"wp-image-9839\" srcset=\"https:\/\/cyclotourer.de\/wp-content\/uploads\/2025\/11\/IMG_2434-1-768x1024.jpg 768w, https:\/\/cyclotourer.de\/wp-content\/uploads\/2025\/11\/IMG_2434-1-225x300.jpg 225w, https:\/\/cyclotourer.de\/wp-content\/uploads\/2025\/11\/IMG_2434-1-113x150.jpg 113w, https:\/\/cyclotourer.de\/wp-content\/uploads\/2025\/11\/IMG_2434-1-1152x1536.jpg 1152w, https:\/\/cyclotourer.de\/wp-content\/uploads\/2025\/11\/IMG_2434-1.jpg 1440w\" sizes=\"auto, (max-width: 768px) 100vw, 768px\" \/><\/figure>\n<\/figure>\n\n\n\n<p>Anders als gewohnt ging der Anflug \u00fcber Windhoek, so konnte man \u00fcber die ganze Stadt blicken.  <\/p>\n\n\n\n<p>Der Flug selbst war bis auf die K\u00e4lte im Flugzeug und auf die Landung unspektakul\u00e4r. Durch den Wind in Windhoek war die Landung recht ruckelig und es waren einige beunruhigte Gesichter zu erkennen.<\/p>\n\n\n\n<p>Da ich in der letzten Reihe meinen Platz hatte, da wo sonst kaum jemand hin m\u00f6chte, hatte ich keinen Sitznachbarn und entsprechend Platz. Trotzdem bekam ich kaum ein Auge zu. <\/p>\n\n\n\n<p>Ein Vorteil hatte es doch. Ich war der Erste der hinten aus dem Flugzeug kam. Aus dem kalten Flugzeug raus war, die hei\u00dfe namibische Luft wie eine Wand. <\/p>\n\n\n\n<figure class=\"wp-block-gallery has-nested-images columns-default is-cropped wp-block-gallery-3 is-layout-flex wp-block-gallery-is-layout-flex\">\n<figure class=\"wp-block-image size-large\"><img loading=\"lazy\" decoding=\"async\" width=\"1024\" height=\"768\" data-id=\"9845\" src=\"https:\/\/cyclotourer.de\/wp-content\/uploads\/2025\/11\/IMG_2436-1024x768.jpg\" alt=\"\" class=\"wp-image-9845\" srcset=\"https:\/\/cyclotourer.de\/wp-content\/uploads\/2025\/11\/IMG_2436-1024x768.jpg 1024w, https:\/\/cyclotourer.de\/wp-content\/uploads\/2025\/11\/IMG_2436-300x225.jpg 300w, https:\/\/cyclotourer.de\/wp-content\/uploads\/2025\/11\/IMG_2436-150x113.jpg 150w, https:\/\/cyclotourer.de\/wp-content\/uploads\/2025\/11\/IMG_2436-768x576.jpg 768w, https:\/\/cyclotourer.de\/wp-content\/uploads\/2025\/11\/IMG_2436-1536x1152.jpg 1536w, https:\/\/cyclotourer.de\/wp-content\/uploads\/2025\/11\/IMG_2436.jpg 1920w\" sizes=\"auto, (max-width: 1024px) 100vw, 1024px\" \/><\/figure>\n\n\n\n<figure class=\"wp-block-image size-large\"><img loading=\"lazy\" decoding=\"async\" width=\"1024\" height=\"768\" data-id=\"9842\" src=\"https:\/\/cyclotourer.de\/wp-content\/uploads\/2025\/11\/IMG_2437-1024x768.jpg\" alt=\"\" class=\"wp-image-9842\" srcset=\"https:\/\/cyclotourer.de\/wp-content\/uploads\/2025\/11\/IMG_2437-1024x768.jpg 1024w, https:\/\/cyclotourer.de\/wp-content\/uploads\/2025\/11\/IMG_2437-300x225.jpg 300w, https:\/\/cyclotourer.de\/wp-content\/uploads\/2025\/11\/IMG_2437-150x113.jpg 150w, https:\/\/cyclotourer.de\/wp-content\/uploads\/2025\/11\/IMG_2437-768x576.jpg 768w, https:\/\/cyclotourer.de\/wp-content\/uploads\/2025\/11\/IMG_2437-1536x1152.jpg 1536w, https:\/\/cyclotourer.de\/wp-content\/uploads\/2025\/11\/IMG_2437.jpg 1920w\" sizes=\"auto, (max-width: 1024px) 100vw, 1024px\" \/><\/figure>\n\n\n\n<figure class=\"wp-block-image size-large\"><img loading=\"lazy\" decoding=\"async\" width=\"1024\" height=\"768\" data-id=\"9844\" src=\"https:\/\/cyclotourer.de\/wp-content\/uploads\/2025\/11\/IMG_2438-1024x768.jpg\" alt=\"\" class=\"wp-image-9844\" srcset=\"https:\/\/cyclotourer.de\/wp-content\/uploads\/2025\/11\/IMG_2438-1024x768.jpg 1024w, https:\/\/cyclotourer.de\/wp-content\/uploads\/2025\/11\/IMG_2438-300x225.jpg 300w, https:\/\/cyclotourer.de\/wp-content\/uploads\/2025\/11\/IMG_2438-150x113.jpg 150w, https:\/\/cyclotourer.de\/wp-content\/uploads\/2025\/11\/IMG_2438-768x576.jpg 768w, https:\/\/cyclotourer.de\/wp-content\/uploads\/2025\/11\/IMG_2438-1536x1152.jpg 1536w, https:\/\/cyclotourer.de\/wp-content\/uploads\/2025\/11\/IMG_2438.jpg 1920w\" sizes=\"auto, (max-width: 1024px) 100vw, 1024px\" \/><\/figure>\n\n\n\n<figure class=\"wp-block-image size-large\"><img loading=\"lazy\" decoding=\"async\" width=\"1024\" height=\"768\" data-id=\"9843\" src=\"https:\/\/cyclotourer.de\/wp-content\/uploads\/2025\/11\/IMG_2439-1024x768.jpg\" alt=\"\" class=\"wp-image-9843\" srcset=\"https:\/\/cyclotourer.de\/wp-content\/uploads\/2025\/11\/IMG_2439-1024x768.jpg 1024w, https:\/\/cyclotourer.de\/wp-content\/uploads\/2025\/11\/IMG_2439-300x225.jpg 300w, https:\/\/cyclotourer.de\/wp-content\/uploads\/2025\/11\/IMG_2439-150x113.jpg 150w, https:\/\/cyclotourer.de\/wp-content\/uploads\/2025\/11\/IMG_2439-768x576.jpg 768w, https:\/\/cyclotourer.de\/wp-content\/uploads\/2025\/11\/IMG_2439-1536x1152.jpg 1536w, https:\/\/cyclotourer.de\/wp-content\/uploads\/2025\/11\/IMG_2439.jpg 1920w\" sizes=\"auto, (max-width: 1024px) 100vw, 1024px\" \/><\/figure>\n\n\n\n<figure class=\"wp-block-image size-large\"><img loading=\"lazy\" decoding=\"async\" width=\"768\" height=\"1024\" data-id=\"9841\" src=\"https:\/\/cyclotourer.de\/wp-content\/uploads\/2025\/11\/IMG_2441-768x1024.jpg\" alt=\"\" class=\"wp-image-9841\" srcset=\"https:\/\/cyclotourer.de\/wp-content\/uploads\/2025\/11\/IMG_2441-768x1024.jpg 768w, https:\/\/cyclotourer.de\/wp-content\/uploads\/2025\/11\/IMG_2441-225x300.jpg 225w, https:\/\/cyclotourer.de\/wp-content\/uploads\/2025\/11\/IMG_2441-113x150.jpg 113w, https:\/\/cyclotourer.de\/wp-content\/uploads\/2025\/11\/IMG_2441-1152x1536.jpg 1152w, https:\/\/cyclotourer.de\/wp-content\/uploads\/2025\/11\/IMG_2441.jpg 1440w\" sizes=\"auto, (max-width: 768px) 100vw, 768px\" \/><\/figure>\n<\/figure>\n\n\n\n<p>Das erste was mich \u00fcberraschte waren die Einreisebestimmungen. Online war das Visum schnell gebucht, die Bezahlung war einfach und man bekam seinen Ausdruck f\u00fcr die Registrierung. <\/p>\n\n\n\n<p>Zum Gl\u00fcck waren schon Heike und Dieter bereits fr\u00fcher eingereist und konnten uns den Tipp geben, die Flugnummer, das erste Ziel und die Dauer in Tagen handschriftlich auf das Blatt zu bringen. Viele wu\u00dften das scheinbar nicht und es bildete sich eine lange Schlange weil viele alles nachtragen mussten. <\/p>\n\n\n\n<p>Am Zoll kamen Fragen warum ich CO2-Kartuschen und ein metallischen Gegenstand im Koffer habe. Bei dem Gegenstand handelte es sich um ein T\u00fcrschlie\u00dfer f\u00fcr ein Fliegengitter. Mit der Antwort das es wohl mein elektrischer Rasierer handeln k\u00f6nnte und das ich beim DesertDash dabei bin war zufriedenstellend und ich konnte weiter. <\/p>\n\n\n\n<p>Als ich aus dem Flughafen kam wartete &#8230; von <a href=\"https:\/\/naturefriendsafaris.com\">NatureFriends<\/a> bereits auf mich. Da er mich bereits seit Jahren vom Flughafen abholt, war das Wiedersehen erfreulich. Wie gewohnt, war die Fahrzeug\u00fcbergabe schnell und unkompliziert. <\/p>\n\n\n<div class=\"wp-block-image is-style-default\">\n<figure class=\"alignright size-medium\"><img loading=\"lazy\" decoding=\"async\" width=\"225\" height=\"300\" src=\"https:\/\/cyclotourer.de\/wp-content\/uploads\/2025\/11\/IMG_2464-225x300.jpg\" alt=\"\" class=\"wp-image-9850\" srcset=\"https:\/\/cyclotourer.de\/wp-content\/uploads\/2025\/11\/IMG_2464-225x300.jpg 225w, https:\/\/cyclotourer.de\/wp-content\/uploads\/2025\/11\/IMG_2464-768x1024.jpg 768w, https:\/\/cyclotourer.de\/wp-content\/uploads\/2025\/11\/IMG_2464-113x150.jpg 113w, https:\/\/cyclotourer.de\/wp-content\/uploads\/2025\/11\/IMG_2464-1152x1536.jpg 1152w, https:\/\/cyclotourer.de\/wp-content\/uploads\/2025\/11\/IMG_2464.jpg 1440w\" sizes=\"auto, (max-width: 225px) 100vw, 225px\" \/><\/figure>\n<\/div>\n\n\n<p>Da er den Rest meiner Familie auch kennt, konnte er es sich nicht nehmen lassen Gr\u00fc\u00dfe nach Deutschland zu schicken.<\/p>\n\n\n\n<p>Von Regine und Horst hatte ich bereits in Windhoek Auftr\u00e4ge und fuhr bei Regines Schw\u00e4gerin vorbei um ein paar Dinge mitzunehmen. Danach ging es schnell bei <a href=\"https:\/\/mbm.com.na\">Mannie <\/a> vorbei um das Fahrrad f\u00fcr die kommende Woche zu mieten. Der Kontakt mit Mannie ist immer angenehm und er hat immer eine L\u00f6sung parat.<\/p>\n\n\n\n<p>Nun f\u00fchrte mich der Weg auf die Autobahn in Richtung Okahandja. Mein Plan war bereits geschieden. zuerst geht es zum Butchery um frisches Bildong zu holen. Ein leckerer Snack f\u00fcr zwischendurch.<\/p>\n\n\n\n<p>Nun ging es in nach Okahandja in das Armenviertel. Meine befreundete Familie wartete bestimmt bereits. <\/p>\n\n\n\n<p>Die Begr\u00fc\u00dfung war entsprechend herzlich. Es freut mich das es bei ihnen im Moment gut l\u00e4uft. Auch freute es mich, dass die Omer wieder da ist. Damit habe ich auch mein Auftrag sie wieder nach Okakara zu bringen. <\/p>\n\n\n\n<figure class=\"wp-block-gallery has-nested-images columns-default is-cropped wp-block-gallery-4 is-layout-flex wp-block-gallery-is-layout-flex\">\n<figure class=\"wp-block-image size-large\"><img loading=\"lazy\" decoding=\"async\" width=\"1024\" height=\"768\" data-id=\"9854\" src=\"https:\/\/cyclotourer.de\/wp-content\/uploads\/2025\/11\/IMG_2449-1024x768.jpg\" alt=\"\" class=\"wp-image-9854\" srcset=\"https:\/\/cyclotourer.de\/wp-content\/uploads\/2025\/11\/IMG_2449-1024x768.jpg 1024w, https:\/\/cyclotourer.de\/wp-content\/uploads\/2025\/11\/IMG_2449-300x225.jpg 300w, https:\/\/cyclotourer.de\/wp-content\/uploads\/2025\/11\/IMG_2449-150x113.jpg 150w, https:\/\/cyclotourer.de\/wp-content\/uploads\/2025\/11\/IMG_2449-768x576.jpg 768w, https:\/\/cyclotourer.de\/wp-content\/uploads\/2025\/11\/IMG_2449-1536x1152.jpg 1536w, https:\/\/cyclotourer.de\/wp-content\/uploads\/2025\/11\/IMG_2449.jpg 1920w\" sizes=\"auto, (max-width: 1024px) 100vw, 1024px\" \/><\/figure>\n\n\n\n<figure class=\"wp-block-image size-large\"><img loading=\"lazy\" decoding=\"async\" width=\"768\" height=\"1024\" data-id=\"9851\" src=\"https:\/\/cyclotourer.de\/wp-content\/uploads\/2025\/11\/IMG_2451-768x1024.jpg\" alt=\"\" class=\"wp-image-9851\" srcset=\"https:\/\/cyclotourer.de\/wp-content\/uploads\/2025\/11\/IMG_2451-768x1024.jpg 768w, https:\/\/cyclotourer.de\/wp-content\/uploads\/2025\/11\/IMG_2451-225x300.jpg 225w, https:\/\/cyclotourer.de\/wp-content\/uploads\/2025\/11\/IMG_2451-113x150.jpg 113w, https:\/\/cyclotourer.de\/wp-content\/uploads\/2025\/11\/IMG_2451-1152x1536.jpg 1152w, https:\/\/cyclotourer.de\/wp-content\/uploads\/2025\/11\/IMG_2451.jpg 1440w\" sizes=\"auto, (max-width: 768px) 100vw, 768px\" \/><\/figure>\n\n\n\n<figure class=\"wp-block-image size-large\"><img loading=\"lazy\" decoding=\"async\" width=\"768\" height=\"1024\" data-id=\"9852\" src=\"https:\/\/cyclotourer.de\/wp-content\/uploads\/2025\/11\/IMG_2450-768x1024.jpg\" alt=\"\" class=\"wp-image-9852\" srcset=\"https:\/\/cyclotourer.de\/wp-content\/uploads\/2025\/11\/IMG_2450-768x1024.jpg 768w, https:\/\/cyclotourer.de\/wp-content\/uploads\/2025\/11\/IMG_2450-225x300.jpg 225w, https:\/\/cyclotourer.de\/wp-content\/uploads\/2025\/11\/IMG_2450-113x150.jpg 113w, https:\/\/cyclotourer.de\/wp-content\/uploads\/2025\/11\/IMG_2450-1152x1536.jpg 1152w, https:\/\/cyclotourer.de\/wp-content\/uploads\/2025\/11\/IMG_2450.jpg 1440w\" sizes=\"auto, (max-width: 768px) 100vw, 768px\" \/><\/figure>\n\n\n\n<figure class=\"wp-block-image size-large\"><img loading=\"lazy\" decoding=\"async\" width=\"768\" height=\"1024\" data-id=\"9853\" src=\"https:\/\/cyclotourer.de\/wp-content\/uploads\/2025\/11\/IMG_2448-768x1024.jpg\" alt=\"\" class=\"wp-image-9853\" srcset=\"https:\/\/cyclotourer.de\/wp-content\/uploads\/2025\/11\/IMG_2448-768x1024.jpg 768w, https:\/\/cyclotourer.de\/wp-content\/uploads\/2025\/11\/IMG_2448-225x300.jpg 225w, https:\/\/cyclotourer.de\/wp-content\/uploads\/2025\/11\/IMG_2448-113x150.jpg 113w, https:\/\/cyclotourer.de\/wp-content\/uploads\/2025\/11\/IMG_2448-1152x1536.jpg 1152w, https:\/\/cyclotourer.de\/wp-content\/uploads\/2025\/11\/IMG_2448.jpg 1440w\" sizes=\"auto, (max-width: 768px) 100vw, 768px\" \/><\/figure>\n<\/figure>\n\n\n\n<p> <\/p>\n\n\n\n<p> <\/p>\n\n\n\n<p><\/p>\n\n\n\n<p><\/p>\n\n\n\n<p><\/p>\n","protected":false},"excerpt":{"rendered":"<p>Auch in diesem Jahr geh\u00f6re ich zum Team vom Hubert Schwarz und werde mit die Fahrer des Hubert Schwarz-Team vor, w\u00e4hrend und nach dem h\u00e4rtesten [&#8230;]<\/p>\n","protected":false},"author":2,"featured_media":6732,"comment_status":"open","ping_status":"open","sticky":false,"template":"","format":"standard","meta":{"footnotes":""},"categories":[185],"tags":[],"class_list":["post-9803","post","type-post","status-publish","format-standard","has-post-thumbnail","hentry","category-desert-dash"],"_links":{"self":[{"href":"https:\/\/cyclotourer.de\/index.php?rest_route=\/wp\/v2\/posts\/9803","targetHints":{"allow":["GET"]}}],"collection":[{"href":"https:\/\/cyclotourer.de\/index.php?rest_route=\/wp\/v2\/posts"}],"about":[{"href":"https:\/\/cyclotourer.de\/index.php?rest_route=\/wp\/v2\/types\/post"}],"author":[{"embeddable":true,"href":"https:\/\/cyclotourer.de\/index.php?rest_route=\/wp\/v2\/users\/2"}],"replies":[{"embeddable":true,"href":"https:\/\/cyclotourer.de\/index.php?rest_route=%2Fwp%2Fv2%2Fcomments&post=9803"}],"version-history":[{"count":11,"href":"https:\/\/cyclotourer.de\/index.php?rest_route=\/wp\/v2\/posts\/9803\/revisions"}],"predecessor-version":[{"id":9855,"href":"https:\/\/cyclotourer.de\/index.php?rest_route=\/wp\/v2\/posts\/9803\/revisions\/9855"}],"wp:featuredmedia":[{"embeddable":true,"href":"https:\/\/cyclotourer.de\/index.php?rest_route=\/wp\/v2\/media\/6732"}],"wp:attachment":[{"href":"https:\/\/cyclotourer.de\/index.php?rest_route=%2Fwp%2Fv2%2Fmedia&parent=9803"}],"wp:term":[{"taxonomy":"category","embeddable":true,"href":"https:\/\/cyclotourer.de\/index.php?rest_route=%2Fwp%2Fv2%2Fcategories&post=9803"},{"taxonomy":"post_tag","embeddable":true,"href":"https:\/\/cyclotourer.de\/index.php?rest_route=%2Fwp%2Fv2%2Ftags&post=9803"}],"curies":[{"name":"wp","href":"https:\/\/api.w.org\/{rel}","templated":true}]}}