{"id":9676,"date":"2025-10-19T11:56:04","date_gmt":"2025-10-19T11:56:04","guid":{"rendered":"https:\/\/cyclotourer.de\/?p=9676"},"modified":"2025-10-28T04:08:35","modified_gmt":"2025-10-28T04:08:35","slug":"mammutmarsch-stuttgart","status":"publish","type":"post","link":"https:\/\/cyclotourer.de\/?p=9676","title":{"rendered":"Mammutmarsch Stuttgart"},"content":{"rendered":"\n<p>18.10.2025<\/p>\n\n\n\n<p>Endlich stand mal wieder ein Mammutmarsch an! <\/p>\n\n\n\n<p>Es war zwar nicht die erste Extremwanderung in diesem Jahr, aber der erste Mammutmarsch in 2025.<\/p>\n\n\n\n<p>Eigentlich w\u00e4ren wir zu dritt gewesen aber ein Kollege musste aus gesundheitlichen Gr\u00fcnden absagen. Der zweite berufliche Kollege und Freund kam aus Bruchsal und ich machte mich alleine mit der Bahn auf den Weg um ihn in Zuffenhausen zu treffen.<\/p>\n\n\n\n<p>F\u00fcr 30 Euro war der ICE von Frankfurt nach Stuttgart und zur\u00fcck die bessere Alternative zum Auto. Nur das fr\u00fche aufstehen&#8230; aber was soll\u00b4s&#8230;<\/p>\n\n\n<div class=\"wp-block-image\">\n<figure class=\"alignright size-medium\"><img loading=\"lazy\" decoding=\"async\" width=\"225\" height=\"300\" src=\"https:\/\/cyclotourer.de\/wp-content\/uploads\/2025\/10\/IMG_1538-225x300.jpg\" alt=\"\" class=\"wp-image-9681\" srcset=\"https:\/\/cyclotourer.de\/wp-content\/uploads\/2025\/10\/IMG_1538-225x300.jpg 225w, https:\/\/cyclotourer.de\/wp-content\/uploads\/2025\/10\/IMG_1538-768x1024.jpg 768w, https:\/\/cyclotourer.de\/wp-content\/uploads\/2025\/10\/IMG_1538-113x150.jpg 113w, https:\/\/cyclotourer.de\/wp-content\/uploads\/2025\/10\/IMG_1538-1152x1536.jpg 1152w, https:\/\/cyclotourer.de\/wp-content\/uploads\/2025\/10\/IMG_1538.jpg 1440w\" sizes=\"auto, (max-width: 225px) 100vw, 225px\" \/><\/figure>\n<\/div>\n\n\n<p>Die Anreise war jedoch mit Spannung geladen. Bekomme ich in Mannheim mein Anschlusszug oder nicht? <\/p>\n\n\n\n<p>Die Ankunftszeit schwankte um eine Minute. Sie stand aber die meiste Zeit gleich mit der Abfahrtszeit der n\u00e4chsten Bahn. Die Zugbegleiterin k\u00fcndigte auch bereits an, dass der Anschluss nicht zu erreichen w\u00e4re&#8230;<\/p>\n\n\n\n<p>Da noch einige Wanderer mit in der Bahn waren, wurde die Spannung geteilt.<\/p>\n\n\n\n<p>Und&#8230;. wir hatten Gl\u00fcck! Der Anschlusszug stand am gleichen Bahnsteig und ein Bekannter eines Fahrgastes dr\u00fcckte die T\u00fcr noch einmal so auf, dass der Zug nicht abfahren konnte. Jetzt hie\u00df es schnell \u00fcber den Bahnsteig und ab in den Zug&#8230; In Stuttgart angekommen, trafen wir uns wieder und machten uns gemeinsam zur S-Bahn auf.<\/p>\n\n\n\n<p>Nun hatten wir den ersten Marsch vor uns. Aufgrund der Umbauma\u00dfnahmen musste man gef\u00fchlt um den kompletten Bahnhof laufen um an die S-Bahn zu kommen. Knapp verfehlt fuhr uns die Bahn vor der Nase weg. Es trafen immer mehr Teilnehmer ein. Es wurden Erfahrungen von erlebten M\u00e4rschen ausgetauscht und die Stimmung war gut. Es machte den Anschein, als w\u00fcrde man sich ewig kennen und alle w\u00fcrden zusammen geh\u00f6ren . <\/p>\n\n\n\n<p>J\u00fcrgen wartete bereits in Zuffenhausen, dem Startort&#8230;. naja nicht ganz, denn jetzt warteten nochmal gute 1,7 Kilometer bis zum Veranstaltungsgel\u00e4nde.<\/p>\n\n\n\n<figure class=\"wp-block-gallery has-nested-images columns-default is-cropped wp-block-gallery-1 is-layout-flex wp-block-gallery-is-layout-flex\">\n<figure class=\"wp-block-image size-large\"><img loading=\"lazy\" decoding=\"async\" width=\"768\" height=\"1024\" data-id=\"9684\" src=\"https:\/\/cyclotourer.de\/wp-content\/uploads\/2025\/10\/IMG_1542-768x1024.jpg\" alt=\"\" class=\"wp-image-9684\" srcset=\"https:\/\/cyclotourer.de\/wp-content\/uploads\/2025\/10\/IMG_1542-768x1024.jpg 768w, https:\/\/cyclotourer.de\/wp-content\/uploads\/2025\/10\/IMG_1542-225x300.jpg 225w, https:\/\/cyclotourer.de\/wp-content\/uploads\/2025\/10\/IMG_1542-113x150.jpg 113w, https:\/\/cyclotourer.de\/wp-content\/uploads\/2025\/10\/IMG_1542-1152x1536.jpg 1152w, https:\/\/cyclotourer.de\/wp-content\/uploads\/2025\/10\/IMG_1542.jpg 1440w\" sizes=\"auto, (max-width: 768px) 100vw, 768px\" \/><\/figure>\n\n\n\n<figure class=\"wp-block-image size-large\"><img loading=\"lazy\" decoding=\"async\" width=\"1024\" height=\"768\" data-id=\"9686\" src=\"https:\/\/cyclotourer.de\/wp-content\/uploads\/2025\/10\/IMG_1544-1024x768.jpg\" alt=\"\" class=\"wp-image-9686\" srcset=\"https:\/\/cyclotourer.de\/wp-content\/uploads\/2025\/10\/IMG_1544-1024x768.jpg 1024w, https:\/\/cyclotourer.de\/wp-content\/uploads\/2025\/10\/IMG_1544-300x225.jpg 300w, https:\/\/cyclotourer.de\/wp-content\/uploads\/2025\/10\/IMG_1544-150x113.jpg 150w, https:\/\/cyclotourer.de\/wp-content\/uploads\/2025\/10\/IMG_1544-768x576.jpg 768w, https:\/\/cyclotourer.de\/wp-content\/uploads\/2025\/10\/IMG_1544-1536x1152.jpg 1536w, https:\/\/cyclotourer.de\/wp-content\/uploads\/2025\/10\/IMG_1544.jpg 1920w\" sizes=\"auto, (max-width: 1024px) 100vw, 1024px\" \/><\/figure>\n\n\n\n<figure class=\"wp-block-image size-large\"><img loading=\"lazy\" decoding=\"async\" width=\"1024\" height=\"768\" data-id=\"9682\" src=\"https:\/\/cyclotourer.de\/wp-content\/uploads\/2025\/10\/IMG_1549-1024x768.jpg\" alt=\"\" class=\"wp-image-9682\" srcset=\"https:\/\/cyclotourer.de\/wp-content\/uploads\/2025\/10\/IMG_1549-1024x768.jpg 1024w, https:\/\/cyclotourer.de\/wp-content\/uploads\/2025\/10\/IMG_1549-300x225.jpg 300w, https:\/\/cyclotourer.de\/wp-content\/uploads\/2025\/10\/IMG_1549-150x113.jpg 150w, https:\/\/cyclotourer.de\/wp-content\/uploads\/2025\/10\/IMG_1549-768x576.jpg 768w, https:\/\/cyclotourer.de\/wp-content\/uploads\/2025\/10\/IMG_1549-1536x1152.jpg 1536w, https:\/\/cyclotourer.de\/wp-content\/uploads\/2025\/10\/IMG_1549.jpg 1920w\" sizes=\"auto, (max-width: 1024px) 100vw, 1024px\" \/><\/figure>\n\n\n\n<figure class=\"wp-block-image size-large\"><img loading=\"lazy\" decoding=\"async\" width=\"1024\" height=\"768\" data-id=\"9687\" src=\"https:\/\/cyclotourer.de\/wp-content\/uploads\/2025\/10\/IMG_1545-1024x768.jpg\" alt=\"\" class=\"wp-image-9687\" srcset=\"https:\/\/cyclotourer.de\/wp-content\/uploads\/2025\/10\/IMG_1545-1024x768.jpg 1024w, https:\/\/cyclotourer.de\/wp-content\/uploads\/2025\/10\/IMG_1545-300x225.jpg 300w, https:\/\/cyclotourer.de\/wp-content\/uploads\/2025\/10\/IMG_1545-150x113.jpg 150w, https:\/\/cyclotourer.de\/wp-content\/uploads\/2025\/10\/IMG_1545-768x576.jpg 768w, https:\/\/cyclotourer.de\/wp-content\/uploads\/2025\/10\/IMG_1545-1536x1152.jpg 1536w, https:\/\/cyclotourer.de\/wp-content\/uploads\/2025\/10\/IMG_1545.jpg 1920w\" sizes=\"auto, (max-width: 1024px) 100vw, 1024px\" \/><\/figure>\n\n\n\n<figure class=\"wp-block-image size-large\"><img loading=\"lazy\" decoding=\"async\" width=\"1024\" height=\"768\" data-id=\"9689\" src=\"https:\/\/cyclotourer.de\/wp-content\/uploads\/2025\/10\/IMG_1547-1-1024x768.jpg\" alt=\"\" class=\"wp-image-9689\" srcset=\"https:\/\/cyclotourer.de\/wp-content\/uploads\/2025\/10\/IMG_1547-1-1024x768.jpg 1024w, https:\/\/cyclotourer.de\/wp-content\/uploads\/2025\/10\/IMG_1547-1-300x225.jpg 300w, https:\/\/cyclotourer.de\/wp-content\/uploads\/2025\/10\/IMG_1547-1-150x113.jpg 150w, https:\/\/cyclotourer.de\/wp-content\/uploads\/2025\/10\/IMG_1547-1-768x576.jpg 768w, https:\/\/cyclotourer.de\/wp-content\/uploads\/2025\/10\/IMG_1547-1-1536x1152.jpg 1536w, https:\/\/cyclotourer.de\/wp-content\/uploads\/2025\/10\/IMG_1547-1.jpg 1920w\" sizes=\"auto, (max-width: 1024px) 100vw, 1024px\" \/><\/figure>\n\n\n\n<figure class=\"wp-block-image size-large\"><img loading=\"lazy\" decoding=\"async\" width=\"1024\" height=\"768\" data-id=\"9690\" src=\"https:\/\/cyclotourer.de\/wp-content\/uploads\/2025\/10\/IMG_1548-1024x768.jpg\" alt=\"\" class=\"wp-image-9690\" srcset=\"https:\/\/cyclotourer.de\/wp-content\/uploads\/2025\/10\/IMG_1548-1024x768.jpg 1024w, https:\/\/cyclotourer.de\/wp-content\/uploads\/2025\/10\/IMG_1548-300x225.jpg 300w, https:\/\/cyclotourer.de\/wp-content\/uploads\/2025\/10\/IMG_1548-150x113.jpg 150w, https:\/\/cyclotourer.de\/wp-content\/uploads\/2025\/10\/IMG_1548-768x576.jpg 768w, https:\/\/cyclotourer.de\/wp-content\/uploads\/2025\/10\/IMG_1548-1536x1152.jpg 1536w, https:\/\/cyclotourer.de\/wp-content\/uploads\/2025\/10\/IMG_1548.jpg 1920w\" sizes=\"auto, (max-width: 1024px) 100vw, 1024px\" \/><\/figure>\n<\/figure>\n\n\n\n<p>Wir hatten noch eine Stunde aber mit einem hei\u00dfen Kaffee und netten Gespr\u00e4chen verflog die Zeit. Nun \u00f6ffnete auch unser Zeit-Slot und wir konnten an die Startlinie.<\/p>\n\n\n\n<figure class=\"wp-block-gallery has-nested-images columns-default is-cropped wp-block-gallery-2 is-layout-flex wp-block-gallery-is-layout-flex\">\n<figure class=\"wp-block-image size-large\"><img loading=\"lazy\" decoding=\"async\" width=\"1024\" height=\"768\" data-id=\"9693\" src=\"https:\/\/cyclotourer.de\/wp-content\/uploads\/2025\/10\/IMG_1552-1024x768.jpg\" alt=\"\" class=\"wp-image-9693\" srcset=\"https:\/\/cyclotourer.de\/wp-content\/uploads\/2025\/10\/IMG_1552-1024x768.jpg 1024w, https:\/\/cyclotourer.de\/wp-content\/uploads\/2025\/10\/IMG_1552-300x225.jpg 300w, https:\/\/cyclotourer.de\/wp-content\/uploads\/2025\/10\/IMG_1552-150x113.jpg 150w, https:\/\/cyclotourer.de\/wp-content\/uploads\/2025\/10\/IMG_1552-768x576.jpg 768w, https:\/\/cyclotourer.de\/wp-content\/uploads\/2025\/10\/IMG_1552-1536x1152.jpg 1536w, https:\/\/cyclotourer.de\/wp-content\/uploads\/2025\/10\/IMG_1552.jpg 1920w\" sizes=\"auto, (max-width: 1024px) 100vw, 1024px\" \/><\/figure>\n\n\n\n<figure class=\"wp-block-image size-large\"><img loading=\"lazy\" decoding=\"async\" width=\"1024\" height=\"768\" data-id=\"9695\" src=\"https:\/\/cyclotourer.de\/wp-content\/uploads\/2025\/10\/IMG_1550-1024x768.jpg\" alt=\"\" class=\"wp-image-9695\" srcset=\"https:\/\/cyclotourer.de\/wp-content\/uploads\/2025\/10\/IMG_1550-1024x768.jpg 1024w, https:\/\/cyclotourer.de\/wp-content\/uploads\/2025\/10\/IMG_1550-300x225.jpg 300w, https:\/\/cyclotourer.de\/wp-content\/uploads\/2025\/10\/IMG_1550-150x113.jpg 150w, https:\/\/cyclotourer.de\/wp-content\/uploads\/2025\/10\/IMG_1550-768x576.jpg 768w, https:\/\/cyclotourer.de\/wp-content\/uploads\/2025\/10\/IMG_1550-1536x1152.jpg 1536w, https:\/\/cyclotourer.de\/wp-content\/uploads\/2025\/10\/IMG_1550.jpg 1920w\" sizes=\"auto, (max-width: 1024px) 100vw, 1024px\" \/><\/figure>\n<\/figure>\n\n\n\n<p>Nat\u00fcrlich trug ich wieder das Shirt von Cap Anamur. Unter den Motto &#8222;Laufend Leben Retten&#8220; wollte ich auch hier die Organisation, die mir sehr am Herzen liegt, vertreten und im besten Fall weitere Spenden generieren. Doch leider war es noch viel zu kalt um die Jacke im Rucksack zu verstauen. Wer sich an einer Spende beteiligen m\u00f6chte, kann es auch gerne heute noch machen: <a href=\"https:\/\/cap-anamur.org\/online-spenden\/\">Cap Anamur<\/a><\/p>\n\n\n\n<p>Die Stimmung war gut und wurde zus\u00e4tzlich von einem Animateur angeheizt, gespannt warteten alle das es endlich los geht. Ich hatte mich im Vorfeld nicht wirklich \u00fcber die Strecke informiert. Das Einzige was im Ged\u00e4chtnis blieb, waren die angek\u00fcndigten 500 H\u00f6henmeter. Umso mehr waren wir gespannt was auf uns zukommen w\u00fcrde.<\/p>\n\n\n\n<p>Mit dem Verlassen des Sportgel\u00e4ndes befand man sich bereits am Ortsrand von Zuffenhausen. Nach einer kurzen Ettappe im Wald befand man sich wieder hinter den letzten H\u00e4usern an einem Weinberg. Das es dort ordentlich aufw\u00e4rts gehen k\u00f6nnte war zu bef\u00fcrchten.<\/p>\n\n\n\n<p>Nach dem ersten Anstieg hoch nach Lenzhalde war das Fr\u00f6steln auch vorbei&#8230; Doch es war (noch) keine Herausforderung und der bef\u00fcrchtete steile Anstieg blieb aus!<\/p>\n\n\n\n<figure class=\"wp-block-gallery has-nested-images columns-default is-cropped wp-block-gallery-3 is-layout-flex wp-block-gallery-is-layout-flex\">\n<figure class=\"wp-block-image size-large\"><img loading=\"lazy\" decoding=\"async\" width=\"1024\" height=\"768\" data-id=\"9692\" src=\"https:\/\/cyclotourer.de\/wp-content\/uploads\/2025\/10\/IMG_1553-1024x768.jpg\" alt=\"\" class=\"wp-image-9692\" srcset=\"https:\/\/cyclotourer.de\/wp-content\/uploads\/2025\/10\/IMG_1553-1024x768.jpg 1024w, https:\/\/cyclotourer.de\/wp-content\/uploads\/2025\/10\/IMG_1553-300x225.jpg 300w, https:\/\/cyclotourer.de\/wp-content\/uploads\/2025\/10\/IMG_1553-150x113.jpg 150w, https:\/\/cyclotourer.de\/wp-content\/uploads\/2025\/10\/IMG_1553-768x576.jpg 768w, https:\/\/cyclotourer.de\/wp-content\/uploads\/2025\/10\/IMG_1553-1536x1152.jpg 1536w, https:\/\/cyclotourer.de\/wp-content\/uploads\/2025\/10\/IMG_1553.jpg 1920w\" sizes=\"auto, (max-width: 1024px) 100vw, 1024px\" \/><\/figure>\n\n\n\n<figure class=\"wp-block-image size-large\"><img loading=\"lazy\" decoding=\"async\" width=\"1024\" height=\"768\" data-id=\"9696\" src=\"https:\/\/cyclotourer.de\/wp-content\/uploads\/2025\/10\/IMG_1554-1024x768.jpg\" alt=\"\" class=\"wp-image-9696\" srcset=\"https:\/\/cyclotourer.de\/wp-content\/uploads\/2025\/10\/IMG_1554-1024x768.jpg 1024w, https:\/\/cyclotourer.de\/wp-content\/uploads\/2025\/10\/IMG_1554-300x225.jpg 300w, https:\/\/cyclotourer.de\/wp-content\/uploads\/2025\/10\/IMG_1554-150x113.jpg 150w, https:\/\/cyclotourer.de\/wp-content\/uploads\/2025\/10\/IMG_1554-768x576.jpg 768w, https:\/\/cyclotourer.de\/wp-content\/uploads\/2025\/10\/IMG_1554-1536x1152.jpg 1536w, https:\/\/cyclotourer.de\/wp-content\/uploads\/2025\/10\/IMG_1554.jpg 1920w\" sizes=\"auto, (max-width: 1024px) 100vw, 1024px\" \/><\/figure>\n<\/figure>\n\n\n\n<p>Der erste Ausblick war ja schon mal vielversprechend&#8230;<\/p>\n\n\n\n<figure class=\"wp-block-gallery has-nested-images columns-default is-cropped wp-block-gallery-4 is-layout-flex wp-block-gallery-is-layout-flex\">\n<figure class=\"wp-block-image size-large\"><img loading=\"lazy\" decoding=\"async\" width=\"1024\" height=\"768\" data-id=\"9697\" src=\"https:\/\/cyclotourer.de\/wp-content\/uploads\/2025\/10\/IMG_1556-1024x768.jpg\" alt=\"\" class=\"wp-image-9697\" srcset=\"https:\/\/cyclotourer.de\/wp-content\/uploads\/2025\/10\/IMG_1556-1024x768.jpg 1024w, https:\/\/cyclotourer.de\/wp-content\/uploads\/2025\/10\/IMG_1556-300x225.jpg 300w, https:\/\/cyclotourer.de\/wp-content\/uploads\/2025\/10\/IMG_1556-150x113.jpg 150w, https:\/\/cyclotourer.de\/wp-content\/uploads\/2025\/10\/IMG_1556-768x576.jpg 768w, https:\/\/cyclotourer.de\/wp-content\/uploads\/2025\/10\/IMG_1556-1536x1152.jpg 1536w, https:\/\/cyclotourer.de\/wp-content\/uploads\/2025\/10\/IMG_1556.jpg 1920w\" sizes=\"auto, (max-width: 1024px) 100vw, 1024px\" \/><\/figure>\n<\/figure>\n\n\n\n<p>Der Weg f\u00fchrte weiter durch den H\u00f6henpark Killesberg und in den Leibfriedscher Garten.<\/p>\n\n\n\n<figure class=\"wp-block-gallery has-nested-images columns-default is-cropped wp-block-gallery-5 is-layout-flex wp-block-gallery-is-layout-flex\">\n<figure class=\"wp-block-image size-large\"><img loading=\"lazy\" decoding=\"async\" width=\"1024\" height=\"768\" data-id=\"9698\" src=\"https:\/\/cyclotourer.de\/wp-content\/uploads\/2025\/10\/IMG_1557-1024x768.jpg\" alt=\"\" class=\"wp-image-9698\" srcset=\"https:\/\/cyclotourer.de\/wp-content\/uploads\/2025\/10\/IMG_1557-1024x768.jpg 1024w, https:\/\/cyclotourer.de\/wp-content\/uploads\/2025\/10\/IMG_1557-300x225.jpg 300w, https:\/\/cyclotourer.de\/wp-content\/uploads\/2025\/10\/IMG_1557-150x113.jpg 150w, https:\/\/cyclotourer.de\/wp-content\/uploads\/2025\/10\/IMG_1557-768x576.jpg 768w, https:\/\/cyclotourer.de\/wp-content\/uploads\/2025\/10\/IMG_1557-1536x1152.jpg 1536w, https:\/\/cyclotourer.de\/wp-content\/uploads\/2025\/10\/IMG_1557.jpg 1920w\" sizes=\"auto, (max-width: 1024px) 100vw, 1024px\" \/><\/figure>\n\n\n\n<figure class=\"wp-block-image size-large\"><img loading=\"lazy\" decoding=\"async\" width=\"1024\" height=\"768\" data-id=\"9701\" src=\"https:\/\/cyclotourer.de\/wp-content\/uploads\/2025\/10\/IMG_1559-1024x768.jpg\" alt=\"\" class=\"wp-image-9701\" srcset=\"https:\/\/cyclotourer.de\/wp-content\/uploads\/2025\/10\/IMG_1559-1024x768.jpg 1024w, https:\/\/cyclotourer.de\/wp-content\/uploads\/2025\/10\/IMG_1559-300x225.jpg 300w, https:\/\/cyclotourer.de\/wp-content\/uploads\/2025\/10\/IMG_1559-150x113.jpg 150w, https:\/\/cyclotourer.de\/wp-content\/uploads\/2025\/10\/IMG_1559-768x576.jpg 768w, https:\/\/cyclotourer.de\/wp-content\/uploads\/2025\/10\/IMG_1559-1536x1152.jpg 1536w, https:\/\/cyclotourer.de\/wp-content\/uploads\/2025\/10\/IMG_1559.jpg 1920w\" sizes=\"auto, (max-width: 1024px) 100vw, 1024px\" \/><\/figure>\n<\/figure>\n\n\n\n<p>Am Stuttgarter Nordbahnhof \/ L\u00f6wentor ging es \u00fcber eine Seilnetzbr\u00fccke. F\u00fcr Details hier die Verlinkung: <a href=\"https:\/\/www.sbp.de\/projekt\/iga-1993-seilnetzsteg-am-loewentor\/\">Seilnetzbr\u00fccke<\/a><\/p>\n\n\n\n<figure class=\"wp-block-image size-large\"><img loading=\"lazy\" decoding=\"async\" width=\"1024\" height=\"768\" src=\"https:\/\/cyclotourer.de\/wp-content\/uploads\/2025\/10\/IMG_1560-1024x768.jpg\" alt=\"\" class=\"wp-image-9699\" srcset=\"https:\/\/cyclotourer.de\/wp-content\/uploads\/2025\/10\/IMG_1560-1024x768.jpg 1024w, https:\/\/cyclotourer.de\/wp-content\/uploads\/2025\/10\/IMG_1560-300x225.jpg 300w, https:\/\/cyclotourer.de\/wp-content\/uploads\/2025\/10\/IMG_1560-150x113.jpg 150w, https:\/\/cyclotourer.de\/wp-content\/uploads\/2025\/10\/IMG_1560-768x576.jpg 768w, https:\/\/cyclotourer.de\/wp-content\/uploads\/2025\/10\/IMG_1560-1536x1152.jpg 1536w, https:\/\/cyclotourer.de\/wp-content\/uploads\/2025\/10\/IMG_1560.jpg 1920w\" sizes=\"auto, (max-width: 1024px) 100vw, 1024px\" \/><\/figure>\n\n\n\n<p>Durch die Schritte der vielen Wanderer schaukelte sich die Br\u00fccke ganz sch\u00f6n auf. Das die Gefahr besteht mitten in Stuttgart Seekrank zu werden, h\u00e4tte ich nun wirklich nicht gerechnet. Jedenfalls was es f\u00fcr Einzelne so unangenehm, dass sie sich sogar am Gel\u00e4nder hielten und sich mit kleinen Schritten weiterhangelten.<\/p>\n\n\n\n<p>Um \u00fcber die Heilbronner Stra\u00dfe zu gelangen gab es noch eine weitere Br\u00fccke. Wieder ein optisches und statischen Highlight. Da ich diese Ingenieurskunst leider nicht fotografiert habe, habe ich sie f\u00fcr weitere Informationen hier verlinkt: <a href=\"https:\/\/www.sbp.de\/projekt\/iga-1993-bruecke-heilbronner-strasse\/\">Heilbronner Br\u00fccke<\/a><\/p>\n\n\n\n<figure class=\"wp-block-gallery has-nested-images columns-default is-cropped wp-block-gallery-6 is-layout-flex wp-block-gallery-is-layout-flex\">\n<figure class=\"wp-block-image size-large\"><img loading=\"lazy\" decoding=\"async\" width=\"1024\" height=\"768\" data-id=\"9707\" src=\"https:\/\/cyclotourer.de\/wp-content\/uploads\/2025\/10\/IMG_1561-1-1024x768.jpg\" alt=\"\" class=\"wp-image-9707\" srcset=\"https:\/\/cyclotourer.de\/wp-content\/uploads\/2025\/10\/IMG_1561-1-1024x768.jpg 1024w, https:\/\/cyclotourer.de\/wp-content\/uploads\/2025\/10\/IMG_1561-1-300x225.jpg 300w, https:\/\/cyclotourer.de\/wp-content\/uploads\/2025\/10\/IMG_1561-1-150x113.jpg 150w, https:\/\/cyclotourer.de\/wp-content\/uploads\/2025\/10\/IMG_1561-1-768x576.jpg 768w, https:\/\/cyclotourer.de\/wp-content\/uploads\/2025\/10\/IMG_1561-1-1536x1152.jpg 1536w, https:\/\/cyclotourer.de\/wp-content\/uploads\/2025\/10\/IMG_1561-1.jpg 1920w\" sizes=\"auto, (max-width: 1024px) 100vw, 1024px\" \/><\/figure>\n\n\n\n<figure class=\"wp-block-image size-large\"><img loading=\"lazy\" decoding=\"async\" width=\"768\" height=\"1024\" data-id=\"9705\" src=\"https:\/\/cyclotourer.de\/wp-content\/uploads\/2025\/10\/IMG_1562-768x1024.jpg\" alt=\"\" class=\"wp-image-9705\" srcset=\"https:\/\/cyclotourer.de\/wp-content\/uploads\/2025\/10\/IMG_1562-768x1024.jpg 768w, https:\/\/cyclotourer.de\/wp-content\/uploads\/2025\/10\/IMG_1562-225x300.jpg 225w, https:\/\/cyclotourer.de\/wp-content\/uploads\/2025\/10\/IMG_1562-113x150.jpg 113w, https:\/\/cyclotourer.de\/wp-content\/uploads\/2025\/10\/IMG_1562-1152x1536.jpg 1152w, https:\/\/cyclotourer.de\/wp-content\/uploads\/2025\/10\/IMG_1562.jpg 1440w\" sizes=\"auto, (max-width: 768px) 100vw, 768px\" \/><\/figure>\n<\/figure>\n\n\n\n<p>Die Strecke f\u00fchrte weiter in den Rosensteinpark. Der erste Drittel der Strecke war geschafft. Jedoch hatten wir noch nicht so viele H\u00f6henmeter hinter uns und wir waren auf die weiteren Kilometer gespannt. <\/p>\n\n\n\n<p>Rund um das Naturkundemuseum sollte nun die erste Versorgungsstation warten. Auf einer Seite des Geb\u00e4udes gab es Obst und S\u00fc\u00dfes, auf der anderen Getr\u00e4nke und HotDogs. Eine willkommene Abwechslung f\u00fcr das, was sonst so die Versorgungspunkte zu bieten haben.<\/p>\n\n\n\n<figure class=\"wp-block-gallery has-nested-images columns-2 wp-block-gallery-7 is-layout-flex wp-block-gallery-is-layout-flex\">\n<figure class=\"wp-block-image size-large\"><img loading=\"lazy\" decoding=\"async\" width=\"768\" height=\"1024\" data-id=\"9718\" src=\"https:\/\/cyclotourer.de\/wp-content\/uploads\/2025\/10\/IMG_1563-1-768x1024.jpg\" alt=\"\" class=\"wp-image-9718\" srcset=\"https:\/\/cyclotourer.de\/wp-content\/uploads\/2025\/10\/IMG_1563-1-768x1024.jpg 768w, https:\/\/cyclotourer.de\/wp-content\/uploads\/2025\/10\/IMG_1563-1-225x300.jpg 225w, https:\/\/cyclotourer.de\/wp-content\/uploads\/2025\/10\/IMG_1563-1-113x150.jpg 113w, https:\/\/cyclotourer.de\/wp-content\/uploads\/2025\/10\/IMG_1563-1-1152x1536.jpg 1152w, https:\/\/cyclotourer.de\/wp-content\/uploads\/2025\/10\/IMG_1563-1.jpg 1440w\" sizes=\"auto, (max-width: 768px) 100vw, 768px\" \/><\/figure>\n\n\n\n<figure class=\"wp-block-image size-large\"><img loading=\"lazy\" decoding=\"async\" width=\"1024\" height=\"768\" data-id=\"9714\" src=\"https:\/\/cyclotourer.de\/wp-content\/uploads\/2025\/10\/IMG_1564-1-1024x768.jpg\" alt=\"\" class=\"wp-image-9714\" srcset=\"https:\/\/cyclotourer.de\/wp-content\/uploads\/2025\/10\/IMG_1564-1-1024x768.jpg 1024w, https:\/\/cyclotourer.de\/wp-content\/uploads\/2025\/10\/IMG_1564-1-300x225.jpg 300w, https:\/\/cyclotourer.de\/wp-content\/uploads\/2025\/10\/IMG_1564-1-150x113.jpg 150w, https:\/\/cyclotourer.de\/wp-content\/uploads\/2025\/10\/IMG_1564-1-768x576.jpg 768w, https:\/\/cyclotourer.de\/wp-content\/uploads\/2025\/10\/IMG_1564-1-1536x1152.jpg 1536w, https:\/\/cyclotourer.de\/wp-content\/uploads\/2025\/10\/IMG_1564-1.jpg 1920w\" sizes=\"auto, (max-width: 1024px) 100vw, 1024px\" \/><\/figure>\n\n\n\n<figure class=\"wp-block-image size-large\"><img loading=\"lazy\" decoding=\"async\" width=\"1024\" height=\"768\" data-id=\"9717\" src=\"https:\/\/cyclotourer.de\/wp-content\/uploads\/2025\/10\/IMG_1565-1-1024x768.jpg\" alt=\"\" class=\"wp-image-9717\" srcset=\"https:\/\/cyclotourer.de\/wp-content\/uploads\/2025\/10\/IMG_1565-1-1024x768.jpg 1024w, https:\/\/cyclotourer.de\/wp-content\/uploads\/2025\/10\/IMG_1565-1-300x225.jpg 300w, https:\/\/cyclotourer.de\/wp-content\/uploads\/2025\/10\/IMG_1565-1-150x113.jpg 150w, https:\/\/cyclotourer.de\/wp-content\/uploads\/2025\/10\/IMG_1565-1-768x576.jpg 768w, https:\/\/cyclotourer.de\/wp-content\/uploads\/2025\/10\/IMG_1565-1-1536x1152.jpg 1536w, https:\/\/cyclotourer.de\/wp-content\/uploads\/2025\/10\/IMG_1565-1.jpg 1920w\" sizes=\"auto, (max-width: 1024px) 100vw, 1024px\" \/><\/figure>\n\n\n\n<figure class=\"wp-block-image size-large\"><img loading=\"lazy\" decoding=\"async\" width=\"1024\" height=\"768\" data-id=\"9715\" src=\"https:\/\/cyclotourer.de\/wp-content\/uploads\/2025\/10\/IMG_1566-1-1024x768.jpg\" alt=\"\" class=\"wp-image-9715\" srcset=\"https:\/\/cyclotourer.de\/wp-content\/uploads\/2025\/10\/IMG_1566-1-1024x768.jpg 1024w, https:\/\/cyclotourer.de\/wp-content\/uploads\/2025\/10\/IMG_1566-1-300x225.jpg 300w, https:\/\/cyclotourer.de\/wp-content\/uploads\/2025\/10\/IMG_1566-1-150x113.jpg 150w, https:\/\/cyclotourer.de\/wp-content\/uploads\/2025\/10\/IMG_1566-1-768x576.jpg 768w, https:\/\/cyclotourer.de\/wp-content\/uploads\/2025\/10\/IMG_1566-1-1536x1152.jpg 1536w, https:\/\/cyclotourer.de\/wp-content\/uploads\/2025\/10\/IMG_1566-1.jpg 1920w\" sizes=\"auto, (max-width: 1024px) 100vw, 1024px\" \/><\/figure>\n\n\n\n<figure class=\"wp-block-image size-large\"><img loading=\"lazy\" decoding=\"async\" width=\"1024\" height=\"768\" data-id=\"9713\" src=\"https:\/\/cyclotourer.de\/wp-content\/uploads\/2025\/10\/IMG_1567-1-1024x768.jpg\" alt=\"\" class=\"wp-image-9713\" srcset=\"https:\/\/cyclotourer.de\/wp-content\/uploads\/2025\/10\/IMG_1567-1-1024x768.jpg 1024w, https:\/\/cyclotourer.de\/wp-content\/uploads\/2025\/10\/IMG_1567-1-300x225.jpg 300w, https:\/\/cyclotourer.de\/wp-content\/uploads\/2025\/10\/IMG_1567-1-150x113.jpg 150w, https:\/\/cyclotourer.de\/wp-content\/uploads\/2025\/10\/IMG_1567-1-768x576.jpg 768w, https:\/\/cyclotourer.de\/wp-content\/uploads\/2025\/10\/IMG_1567-1-1536x1152.jpg 1536w, https:\/\/cyclotourer.de\/wp-content\/uploads\/2025\/10\/IMG_1567-1.jpg 1920w\" sizes=\"auto, (max-width: 1024px) 100vw, 1024px\" \/><\/figure>\n\n\n\n<figure class=\"wp-block-image size-large\"><img loading=\"lazy\" decoding=\"async\" width=\"1024\" height=\"768\" data-id=\"9716\" src=\"https:\/\/cyclotourer.de\/wp-content\/uploads\/2025\/10\/IMG_1568-1-1024x768.jpg\" alt=\"\" class=\"wp-image-9716\" srcset=\"https:\/\/cyclotourer.de\/wp-content\/uploads\/2025\/10\/IMG_1568-1-1024x768.jpg 1024w, https:\/\/cyclotourer.de\/wp-content\/uploads\/2025\/10\/IMG_1568-1-300x225.jpg 300w, https:\/\/cyclotourer.de\/wp-content\/uploads\/2025\/10\/IMG_1568-1-150x113.jpg 150w, https:\/\/cyclotourer.de\/wp-content\/uploads\/2025\/10\/IMG_1568-1-768x576.jpg 768w, https:\/\/cyclotourer.de\/wp-content\/uploads\/2025\/10\/IMG_1568-1-1536x1152.jpg 1536w, https:\/\/cyclotourer.de\/wp-content\/uploads\/2025\/10\/IMG_1568-1.jpg 1920w\" sizes=\"auto, (max-width: 1024px) 100vw, 1024px\" \/><\/figure>\n\n\n\n<figure class=\"wp-block-image size-large\"><img loading=\"lazy\" decoding=\"async\" width=\"1024\" height=\"768\" data-id=\"9720\" src=\"https:\/\/cyclotourer.de\/wp-content\/uploads\/2025\/10\/IMG_1569-1-1024x768.jpg\" alt=\"\" class=\"wp-image-9720\" srcset=\"https:\/\/cyclotourer.de\/wp-content\/uploads\/2025\/10\/IMG_1569-1-1024x768.jpg 1024w, https:\/\/cyclotourer.de\/wp-content\/uploads\/2025\/10\/IMG_1569-1-300x225.jpg 300w, https:\/\/cyclotourer.de\/wp-content\/uploads\/2025\/10\/IMG_1569-1-150x113.jpg 150w, https:\/\/cyclotourer.de\/wp-content\/uploads\/2025\/10\/IMG_1569-1-768x576.jpg 768w, https:\/\/cyclotourer.de\/wp-content\/uploads\/2025\/10\/IMG_1569-1-1536x1152.jpg 1536w, https:\/\/cyclotourer.de\/wp-content\/uploads\/2025\/10\/IMG_1569-1.jpg 1920w\" sizes=\"auto, (max-width: 1024px) 100vw, 1024px\" \/><\/figure>\n\n\n\n<figure class=\"wp-block-image size-large\"><img loading=\"lazy\" decoding=\"async\" width=\"1024\" height=\"768\" data-id=\"9719\" src=\"https:\/\/cyclotourer.de\/wp-content\/uploads\/2025\/10\/IMG_1570-2-1024x768.jpg\" alt=\"\" class=\"wp-image-9719\" srcset=\"https:\/\/cyclotourer.de\/wp-content\/uploads\/2025\/10\/IMG_1570-2-1024x768.jpg 1024w, https:\/\/cyclotourer.de\/wp-content\/uploads\/2025\/10\/IMG_1570-2-300x225.jpg 300w, https:\/\/cyclotourer.de\/wp-content\/uploads\/2025\/10\/IMG_1570-2-150x113.jpg 150w, https:\/\/cyclotourer.de\/wp-content\/uploads\/2025\/10\/IMG_1570-2-768x576.jpg 768w, https:\/\/cyclotourer.de\/wp-content\/uploads\/2025\/10\/IMG_1570-2-1536x1152.jpg 1536w, https:\/\/cyclotourer.de\/wp-content\/uploads\/2025\/10\/IMG_1570-2.jpg 1920w\" sizes=\"auto, (max-width: 1024px) 100vw, 1024px\" \/><\/figure>\n<\/figure>\n\n\n\n<p>Gut gest\u00e4rkt setzten wir unseren Weg fort. <\/p>\n\n\n\n<figure class=\"wp-block-image size-large\"><img loading=\"lazy\" decoding=\"async\" width=\"1024\" height=\"768\" src=\"https:\/\/cyclotourer.de\/wp-content\/uploads\/2025\/10\/IMG_1572-1024x768.jpg\" alt=\"\" class=\"wp-image-9721\" srcset=\"https:\/\/cyclotourer.de\/wp-content\/uploads\/2025\/10\/IMG_1572-1024x768.jpg 1024w, https:\/\/cyclotourer.de\/wp-content\/uploads\/2025\/10\/IMG_1572-300x225.jpg 300w, https:\/\/cyclotourer.de\/wp-content\/uploads\/2025\/10\/IMG_1572-150x113.jpg 150w, https:\/\/cyclotourer.de\/wp-content\/uploads\/2025\/10\/IMG_1572-768x576.jpg 768w, https:\/\/cyclotourer.de\/wp-content\/uploads\/2025\/10\/IMG_1572-1536x1152.jpg 1536w, https:\/\/cyclotourer.de\/wp-content\/uploads\/2025\/10\/IMG_1572.jpg 1920w\" sizes=\"auto, (max-width: 1024px) 100vw, 1024px\" \/><\/figure>\n\n\n\n<p>Vorbei an der Platanenallee f\u00fchrte uns der Veranstalter in den mittleren und oberen Schlossgarten. Die Abwechslungsreiche Umgebung machte die Strecke kurzweilig. <\/p>\n\n\n\n<figure class=\"wp-block-gallery has-nested-images columns-2 wp-block-gallery-8 is-layout-flex wp-block-gallery-is-layout-flex\">\n<figure class=\"wp-block-image size-large\"><img loading=\"lazy\" decoding=\"async\" width=\"768\" height=\"1024\" data-id=\"9722\" src=\"https:\/\/cyclotourer.de\/wp-content\/uploads\/2025\/10\/IMG_1573-768x1024.jpg\" alt=\"\" class=\"wp-image-9722\" srcset=\"https:\/\/cyclotourer.de\/wp-content\/uploads\/2025\/10\/IMG_1573-768x1024.jpg 768w, https:\/\/cyclotourer.de\/wp-content\/uploads\/2025\/10\/IMG_1573-225x300.jpg 225w, https:\/\/cyclotourer.de\/wp-content\/uploads\/2025\/10\/IMG_1573-113x150.jpg 113w, https:\/\/cyclotourer.de\/wp-content\/uploads\/2025\/10\/IMG_1573-1152x1536.jpg 1152w, https:\/\/cyclotourer.de\/wp-content\/uploads\/2025\/10\/IMG_1573.jpg 1440w\" sizes=\"auto, (max-width: 768px) 100vw, 768px\" \/><\/figure>\n\n\n\n<figure class=\"wp-block-image size-large\"><img loading=\"lazy\" decoding=\"async\" width=\"768\" height=\"1024\" data-id=\"9726\" src=\"https:\/\/cyclotourer.de\/wp-content\/uploads\/2025\/10\/IMG_1574-768x1024.jpg\" alt=\"\" class=\"wp-image-9726\" srcset=\"https:\/\/cyclotourer.de\/wp-content\/uploads\/2025\/10\/IMG_1574-768x1024.jpg 768w, https:\/\/cyclotourer.de\/wp-content\/uploads\/2025\/10\/IMG_1574-225x300.jpg 225w, https:\/\/cyclotourer.de\/wp-content\/uploads\/2025\/10\/IMG_1574-113x150.jpg 113w, https:\/\/cyclotourer.de\/wp-content\/uploads\/2025\/10\/IMG_1574-1152x1536.jpg 1152w, https:\/\/cyclotourer.de\/wp-content\/uploads\/2025\/10\/IMG_1574.jpg 1440w\" sizes=\"auto, (max-width: 768px) 100vw, 768px\" \/><\/figure>\n\n\n\n<figure class=\"wp-block-image size-large\"><img loading=\"lazy\" decoding=\"async\" width=\"1024\" height=\"768\" data-id=\"9724\" src=\"https:\/\/cyclotourer.de\/wp-content\/uploads\/2025\/10\/IMG_1575-1024x768.jpg\" alt=\"\" class=\"wp-image-9724\" srcset=\"https:\/\/cyclotourer.de\/wp-content\/uploads\/2025\/10\/IMG_1575-1024x768.jpg 1024w, https:\/\/cyclotourer.de\/wp-content\/uploads\/2025\/10\/IMG_1575-300x225.jpg 300w, https:\/\/cyclotourer.de\/wp-content\/uploads\/2025\/10\/IMG_1575-150x113.jpg 150w, https:\/\/cyclotourer.de\/wp-content\/uploads\/2025\/10\/IMG_1575-768x576.jpg 768w, https:\/\/cyclotourer.de\/wp-content\/uploads\/2025\/10\/IMG_1575-1536x1152.jpg 1536w, https:\/\/cyclotourer.de\/wp-content\/uploads\/2025\/10\/IMG_1575.jpg 1920w\" sizes=\"auto, (max-width: 1024px) 100vw, 1024px\" \/><\/figure>\n\n\n\n<figure class=\"wp-block-image size-large\"><img loading=\"lazy\" decoding=\"async\" width=\"1024\" height=\"768\" data-id=\"9727\" src=\"https:\/\/cyclotourer.de\/wp-content\/uploads\/2025\/10\/IMG_1577-1024x768.jpg\" alt=\"\" class=\"wp-image-9727\" srcset=\"https:\/\/cyclotourer.de\/wp-content\/uploads\/2025\/10\/IMG_1577-1024x768.jpg 1024w, https:\/\/cyclotourer.de\/wp-content\/uploads\/2025\/10\/IMG_1577-300x225.jpg 300w, https:\/\/cyclotourer.de\/wp-content\/uploads\/2025\/10\/IMG_1577-150x113.jpg 150w, https:\/\/cyclotourer.de\/wp-content\/uploads\/2025\/10\/IMG_1577-768x576.jpg 768w, https:\/\/cyclotourer.de\/wp-content\/uploads\/2025\/10\/IMG_1577-1536x1152.jpg 1536w, https:\/\/cyclotourer.de\/wp-content\/uploads\/2025\/10\/IMG_1577.jpg 1920w\" sizes=\"auto, (max-width: 1024px) 100vw, 1024px\" \/><\/figure>\n\n\n\n<figure class=\"wp-block-image size-large\"><img loading=\"lazy\" decoding=\"async\" width=\"1024\" height=\"768\" data-id=\"9725\" src=\"https:\/\/cyclotourer.de\/wp-content\/uploads\/2025\/10\/IMG_1578-1024x768.jpg\" alt=\"\" class=\"wp-image-9725\" srcset=\"https:\/\/cyclotourer.de\/wp-content\/uploads\/2025\/10\/IMG_1578-1024x768.jpg 1024w, https:\/\/cyclotourer.de\/wp-content\/uploads\/2025\/10\/IMG_1578-300x225.jpg 300w, https:\/\/cyclotourer.de\/wp-content\/uploads\/2025\/10\/IMG_1578-150x113.jpg 150w, https:\/\/cyclotourer.de\/wp-content\/uploads\/2025\/10\/IMG_1578-768x576.jpg 768w, https:\/\/cyclotourer.de\/wp-content\/uploads\/2025\/10\/IMG_1578-1536x1152.jpg 1536w, https:\/\/cyclotourer.de\/wp-content\/uploads\/2025\/10\/IMG_1578.jpg 1920w\" sizes=\"auto, (max-width: 1024px) 100vw, 1024px\" \/><\/figure>\n\n\n\n<figure class=\"wp-block-image size-large\"><img loading=\"lazy\" decoding=\"async\" width=\"1024\" height=\"768\" data-id=\"9723\" src=\"https:\/\/cyclotourer.de\/wp-content\/uploads\/2025\/10\/IMG_1579-1024x768.jpg\" alt=\"\" class=\"wp-image-9723\" srcset=\"https:\/\/cyclotourer.de\/wp-content\/uploads\/2025\/10\/IMG_1579-1024x768.jpg 1024w, https:\/\/cyclotourer.de\/wp-content\/uploads\/2025\/10\/IMG_1579-300x225.jpg 300w, https:\/\/cyclotourer.de\/wp-content\/uploads\/2025\/10\/IMG_1579-150x113.jpg 150w, https:\/\/cyclotourer.de\/wp-content\/uploads\/2025\/10\/IMG_1579-768x576.jpg 768w, https:\/\/cyclotourer.de\/wp-content\/uploads\/2025\/10\/IMG_1579-1536x1152.jpg 1536w, https:\/\/cyclotourer.de\/wp-content\/uploads\/2025\/10\/IMG_1579.jpg 1920w\" sizes=\"auto, (max-width: 1024px) 100vw, 1024px\" \/><\/figure>\n\n\n\n<figure class=\"wp-block-image size-large\"><img loading=\"lazy\" decoding=\"async\" width=\"1024\" height=\"768\" data-id=\"9729\" src=\"https:\/\/cyclotourer.de\/wp-content\/uploads\/2025\/10\/IMG_1580-1024x768.jpg\" alt=\"\" class=\"wp-image-9729\" srcset=\"https:\/\/cyclotourer.de\/wp-content\/uploads\/2025\/10\/IMG_1580-1024x768.jpg 1024w, https:\/\/cyclotourer.de\/wp-content\/uploads\/2025\/10\/IMG_1580-300x225.jpg 300w, https:\/\/cyclotourer.de\/wp-content\/uploads\/2025\/10\/IMG_1580-150x113.jpg 150w, https:\/\/cyclotourer.de\/wp-content\/uploads\/2025\/10\/IMG_1580-768x576.jpg 768w, https:\/\/cyclotourer.de\/wp-content\/uploads\/2025\/10\/IMG_1580-1536x1152.jpg 1536w, https:\/\/cyclotourer.de\/wp-content\/uploads\/2025\/10\/IMG_1580.jpg 1920w\" sizes=\"auto, (max-width: 1024px) 100vw, 1024px\" \/><\/figure>\n\n\n\n<figure class=\"wp-block-image size-large\"><img loading=\"lazy\" decoding=\"async\" width=\"1024\" height=\"768\" data-id=\"9728\" src=\"https:\/\/cyclotourer.de\/wp-content\/uploads\/2025\/10\/IMG_1581-1024x768.jpg\" alt=\"\" class=\"wp-image-9728\" srcset=\"https:\/\/cyclotourer.de\/wp-content\/uploads\/2025\/10\/IMG_1581-1024x768.jpg 1024w, https:\/\/cyclotourer.de\/wp-content\/uploads\/2025\/10\/IMG_1581-300x225.jpg 300w, https:\/\/cyclotourer.de\/wp-content\/uploads\/2025\/10\/IMG_1581-150x113.jpg 150w, https:\/\/cyclotourer.de\/wp-content\/uploads\/2025\/10\/IMG_1581-768x576.jpg 768w, https:\/\/cyclotourer.de\/wp-content\/uploads\/2025\/10\/IMG_1581-1536x1152.jpg 1536w, https:\/\/cyclotourer.de\/wp-content\/uploads\/2025\/10\/IMG_1581.jpg 1920w\" sizes=\"auto, (max-width: 1024px) 100vw, 1024px\" \/><\/figure>\n<\/figure>\n\n\n\n<p>\u00dcberrascht waren wir mit der Streckenf\u00fchrung mitten durch die Stadt. Vorbei am Rathaus gingen wir in die Fu\u00dfg\u00e4ngerzone und weiter mitten durch Stuttgart.<\/p>\n\n\n\n<figure class=\"wp-block-gallery has-nested-images columns-2 is-cropped wp-block-gallery-9 is-layout-flex wp-block-gallery-is-layout-flex\">\n<figure class=\"wp-block-image size-large\"><img loading=\"lazy\" decoding=\"async\" width=\"1024\" height=\"768\" data-id=\"9731\" src=\"https:\/\/cyclotourer.de\/wp-content\/uploads\/2025\/10\/IMG_1583-1024x768.jpg\" alt=\"\" class=\"wp-image-9731\" srcset=\"https:\/\/cyclotourer.de\/wp-content\/uploads\/2025\/10\/IMG_1583-1024x768.jpg 1024w, https:\/\/cyclotourer.de\/wp-content\/uploads\/2025\/10\/IMG_1583-300x225.jpg 300w, https:\/\/cyclotourer.de\/wp-content\/uploads\/2025\/10\/IMG_1583-150x113.jpg 150w, https:\/\/cyclotourer.de\/wp-content\/uploads\/2025\/10\/IMG_1583-768x576.jpg 768w, https:\/\/cyclotourer.de\/wp-content\/uploads\/2025\/10\/IMG_1583-1536x1152.jpg 1536w, https:\/\/cyclotourer.de\/wp-content\/uploads\/2025\/10\/IMG_1583.jpg 1920w\" sizes=\"auto, (max-width: 1024px) 100vw, 1024px\" \/><\/figure>\n\n\n\n<figure class=\"wp-block-image size-large\"><img loading=\"lazy\" decoding=\"async\" width=\"768\" height=\"1024\" data-id=\"9730\" src=\"https:\/\/cyclotourer.de\/wp-content\/uploads\/2025\/10\/IMG_1584-768x1024.jpg\" alt=\"\" class=\"wp-image-9730\" srcset=\"https:\/\/cyclotourer.de\/wp-content\/uploads\/2025\/10\/IMG_1584-768x1024.jpg 768w, https:\/\/cyclotourer.de\/wp-content\/uploads\/2025\/10\/IMG_1584-225x300.jpg 225w, https:\/\/cyclotourer.de\/wp-content\/uploads\/2025\/10\/IMG_1584-113x150.jpg 113w, https:\/\/cyclotourer.de\/wp-content\/uploads\/2025\/10\/IMG_1584-1152x1536.jpg 1152w, https:\/\/cyclotourer.de\/wp-content\/uploads\/2025\/10\/IMG_1584.jpg 1440w\" sizes=\"auto, (max-width: 768px) 100vw, 768px\" \/><\/figure>\n\n\n\n<figure class=\"wp-block-image size-large\"><img loading=\"lazy\" decoding=\"async\" width=\"768\" height=\"1024\" data-id=\"9732\" src=\"https:\/\/cyclotourer.de\/wp-content\/uploads\/2025\/10\/IMG_1585-768x1024.jpg\" alt=\"\" class=\"wp-image-9732\" srcset=\"https:\/\/cyclotourer.de\/wp-content\/uploads\/2025\/10\/IMG_1585-768x1024.jpg 768w, https:\/\/cyclotourer.de\/wp-content\/uploads\/2025\/10\/IMG_1585-225x300.jpg 225w, https:\/\/cyclotourer.de\/wp-content\/uploads\/2025\/10\/IMG_1585-113x150.jpg 113w, https:\/\/cyclotourer.de\/wp-content\/uploads\/2025\/10\/IMG_1585-1152x1536.jpg 1152w, https:\/\/cyclotourer.de\/wp-content\/uploads\/2025\/10\/IMG_1585.jpg 1440w\" sizes=\"auto, (max-width: 768px) 100vw, 768px\" \/><\/figure>\n<\/figure>\n\n\n\n<p>Die Brauerei Dinkelacker war mit einer der Sponsoren der Veranstaltung. Auf dem Brauereigel\u00e4nde gab es eine fl\u00fcssige St\u00e4rkung. Und was schmeckt da am besten&#8230;?<\/p>\n\n\n\n<figure class=\"wp-block-gallery has-nested-images columns-2 is-cropped wp-block-gallery-10 is-layout-flex wp-block-gallery-is-layout-flex\">\n<figure class=\"wp-block-image size-large\"><img loading=\"lazy\" decoding=\"async\" width=\"1024\" height=\"768\" data-id=\"9736\" src=\"https:\/\/cyclotourer.de\/wp-content\/uploads\/2025\/10\/IMG_1586-1024x768.jpg\" alt=\"\" class=\"wp-image-9736\" srcset=\"https:\/\/cyclotourer.de\/wp-content\/uploads\/2025\/10\/IMG_1586-1024x768.jpg 1024w, https:\/\/cyclotourer.de\/wp-content\/uploads\/2025\/10\/IMG_1586-300x225.jpg 300w, https:\/\/cyclotourer.de\/wp-content\/uploads\/2025\/10\/IMG_1586-150x113.jpg 150w, https:\/\/cyclotourer.de\/wp-content\/uploads\/2025\/10\/IMG_1586-768x576.jpg 768w, https:\/\/cyclotourer.de\/wp-content\/uploads\/2025\/10\/IMG_1586-1536x1152.jpg 1536w, https:\/\/cyclotourer.de\/wp-content\/uploads\/2025\/10\/IMG_1586.jpg 1920w\" sizes=\"auto, (max-width: 1024px) 100vw, 1024px\" \/><\/figure>\n\n\n\n<figure class=\"wp-block-image size-large\"><img loading=\"lazy\" decoding=\"async\" width=\"1024\" height=\"768\" data-id=\"9735\" src=\"https:\/\/cyclotourer.de\/wp-content\/uploads\/2025\/10\/IMG_1587-1024x768.jpg\" alt=\"\" class=\"wp-image-9735\" srcset=\"https:\/\/cyclotourer.de\/wp-content\/uploads\/2025\/10\/IMG_1587-1024x768.jpg 1024w, https:\/\/cyclotourer.de\/wp-content\/uploads\/2025\/10\/IMG_1587-300x225.jpg 300w, https:\/\/cyclotourer.de\/wp-content\/uploads\/2025\/10\/IMG_1587-150x113.jpg 150w, https:\/\/cyclotourer.de\/wp-content\/uploads\/2025\/10\/IMG_1587-768x576.jpg 768w, https:\/\/cyclotourer.de\/wp-content\/uploads\/2025\/10\/IMG_1587-1536x1152.jpg 1536w, https:\/\/cyclotourer.de\/wp-content\/uploads\/2025\/10\/IMG_1587.jpg 1920w\" sizes=\"auto, (max-width: 1024px) 100vw, 1024px\" \/><\/figure>\n\n\n\n<figure class=\"wp-block-image size-large\"><img loading=\"lazy\" decoding=\"async\" width=\"768\" height=\"1024\" data-id=\"9734\" src=\"https:\/\/cyclotourer.de\/wp-content\/uploads\/2025\/10\/IMG_1588-768x1024.jpg\" alt=\"\" class=\"wp-image-9734\" srcset=\"https:\/\/cyclotourer.de\/wp-content\/uploads\/2025\/10\/IMG_1588-768x1024.jpg 768w, https:\/\/cyclotourer.de\/wp-content\/uploads\/2025\/10\/IMG_1588-225x300.jpg 225w, https:\/\/cyclotourer.de\/wp-content\/uploads\/2025\/10\/IMG_1588-113x150.jpg 113w, https:\/\/cyclotourer.de\/wp-content\/uploads\/2025\/10\/IMG_1588-1152x1536.jpg 1152w, https:\/\/cyclotourer.de\/wp-content\/uploads\/2025\/10\/IMG_1588.jpg 1440w\" sizes=\"auto, (max-width: 768px) 100vw, 768px\" \/><\/figure>\n<\/figure>\n\n\n\n<p> Na klar, das Freibier \ud83d\ude09 <\/p>\n\n\n\n<p>Nach wenigen Metern wussten wir, f\u00fcr was die erfrischenden Elektrolyte gut sein sollten&#8230;<\/p>\n\n\n\n<p>Es folgten <strong>408 Treppenstufen! <\/strong><\/p>\n\n\n\n<p>Und wer denkt das das alles war&#8230; danach waren rund 1,5 Kilometer mit bis zu 16% Steigung hoch auf den Hasenberg zu erklimmen!<\/p>\n\n\n\n<figure class=\"wp-block-gallery has-nested-images columns-2 wp-block-gallery-11 is-layout-flex wp-block-gallery-is-layout-flex\">\n<figure class=\"wp-block-image size-large\"><img loading=\"lazy\" decoding=\"async\" width=\"768\" height=\"1024\" data-id=\"9738\" src=\"https:\/\/cyclotourer.de\/wp-content\/uploads\/2025\/10\/IMG_1589-768x1024.jpg\" alt=\"\" class=\"wp-image-9738\" srcset=\"https:\/\/cyclotourer.de\/wp-content\/uploads\/2025\/10\/IMG_1589-768x1024.jpg 768w, https:\/\/cyclotourer.de\/wp-content\/uploads\/2025\/10\/IMG_1589-225x300.jpg 225w, https:\/\/cyclotourer.de\/wp-content\/uploads\/2025\/10\/IMG_1589-113x150.jpg 113w, https:\/\/cyclotourer.de\/wp-content\/uploads\/2025\/10\/IMG_1589-1152x1536.jpg 1152w, https:\/\/cyclotourer.de\/wp-content\/uploads\/2025\/10\/IMG_1589.jpg 1440w\" sizes=\"auto, (max-width: 768px) 100vw, 768px\" \/><\/figure>\n\n\n\n<figure class=\"wp-block-image size-large\"><img loading=\"lazy\" decoding=\"async\" width=\"768\" height=\"1024\" data-id=\"9741\" src=\"https:\/\/cyclotourer.de\/wp-content\/uploads\/2025\/10\/IMG_1590-768x1024.jpg\" alt=\"\" class=\"wp-image-9741\" srcset=\"https:\/\/cyclotourer.de\/wp-content\/uploads\/2025\/10\/IMG_1590-768x1024.jpg 768w, https:\/\/cyclotourer.de\/wp-content\/uploads\/2025\/10\/IMG_1590-225x300.jpg 225w, https:\/\/cyclotourer.de\/wp-content\/uploads\/2025\/10\/IMG_1590-113x150.jpg 113w, https:\/\/cyclotourer.de\/wp-content\/uploads\/2025\/10\/IMG_1590-1152x1536.jpg 1152w, https:\/\/cyclotourer.de\/wp-content\/uploads\/2025\/10\/IMG_1590.jpg 1440w\" sizes=\"auto, (max-width: 768px) 100vw, 768px\" \/><\/figure>\n\n\n\n<figure class=\"wp-block-image size-large\"><img loading=\"lazy\" decoding=\"async\" width=\"1024\" height=\"768\" data-id=\"9742\" src=\"https:\/\/cyclotourer.de\/wp-content\/uploads\/2025\/10\/IMG_1591-1024x768.jpg\" alt=\"\" class=\"wp-image-9742\" srcset=\"https:\/\/cyclotourer.de\/wp-content\/uploads\/2025\/10\/IMG_1591-1024x768.jpg 1024w, https:\/\/cyclotourer.de\/wp-content\/uploads\/2025\/10\/IMG_1591-300x225.jpg 300w, https:\/\/cyclotourer.de\/wp-content\/uploads\/2025\/10\/IMG_1591-150x113.jpg 150w, https:\/\/cyclotourer.de\/wp-content\/uploads\/2025\/10\/IMG_1591-768x576.jpg 768w, https:\/\/cyclotourer.de\/wp-content\/uploads\/2025\/10\/IMG_1591-1536x1152.jpg 1536w, https:\/\/cyclotourer.de\/wp-content\/uploads\/2025\/10\/IMG_1591.jpg 1920w\" sizes=\"auto, (max-width: 1024px) 100vw, 1024px\" \/><\/figure>\n\n\n\n<figure class=\"wp-block-image size-large\"><img loading=\"lazy\" decoding=\"async\" width=\"1024\" height=\"768\" data-id=\"9737\" src=\"https:\/\/cyclotourer.de\/wp-content\/uploads\/2025\/10\/IMG_1593-1024x768.jpg\" alt=\"\" class=\"wp-image-9737\" srcset=\"https:\/\/cyclotourer.de\/wp-content\/uploads\/2025\/10\/IMG_1593-1024x768.jpg 1024w, https:\/\/cyclotourer.de\/wp-content\/uploads\/2025\/10\/IMG_1593-300x225.jpg 300w, https:\/\/cyclotourer.de\/wp-content\/uploads\/2025\/10\/IMG_1593-150x113.jpg 150w, https:\/\/cyclotourer.de\/wp-content\/uploads\/2025\/10\/IMG_1593-768x576.jpg 768w, https:\/\/cyclotourer.de\/wp-content\/uploads\/2025\/10\/IMG_1593-1536x1152.jpg 1536w, https:\/\/cyclotourer.de\/wp-content\/uploads\/2025\/10\/IMG_1593.jpg 1920w\" sizes=\"auto, (max-width: 1024px) 100vw, 1024px\" \/><\/figure>\n\n\n\n<figure class=\"wp-block-image size-large\"><img loading=\"lazy\" decoding=\"async\" width=\"768\" height=\"1024\" data-id=\"9743\" src=\"https:\/\/cyclotourer.de\/wp-content\/uploads\/2025\/10\/IMG_1596-768x1024.jpg\" alt=\"\" class=\"wp-image-9743\" srcset=\"https:\/\/cyclotourer.de\/wp-content\/uploads\/2025\/10\/IMG_1596-768x1024.jpg 768w, https:\/\/cyclotourer.de\/wp-content\/uploads\/2025\/10\/IMG_1596-225x300.jpg 225w, https:\/\/cyclotourer.de\/wp-content\/uploads\/2025\/10\/IMG_1596-113x150.jpg 113w, https:\/\/cyclotourer.de\/wp-content\/uploads\/2025\/10\/IMG_1596-1152x1536.jpg 1152w, https:\/\/cyclotourer.de\/wp-content\/uploads\/2025\/10\/IMG_1596.jpg 1440w\" sizes=\"auto, (max-width: 768px) 100vw, 768px\" \/><\/figure>\n\n\n\n<figure class=\"wp-block-image size-large\"><img loading=\"lazy\" decoding=\"async\" width=\"768\" height=\"1024\" data-id=\"9744\" src=\"https:\/\/cyclotourer.de\/wp-content\/uploads\/2025\/10\/IMG_1597-768x1024.jpg\" alt=\"\" class=\"wp-image-9744\" srcset=\"https:\/\/cyclotourer.de\/wp-content\/uploads\/2025\/10\/IMG_1597-768x1024.jpg 768w, https:\/\/cyclotourer.de\/wp-content\/uploads\/2025\/10\/IMG_1597-225x300.jpg 225w, https:\/\/cyclotourer.de\/wp-content\/uploads\/2025\/10\/IMG_1597-113x150.jpg 113w, https:\/\/cyclotourer.de\/wp-content\/uploads\/2025\/10\/IMG_1597-1152x1536.jpg 1152w, https:\/\/cyclotourer.de\/wp-content\/uploads\/2025\/10\/IMG_1597.jpg 1440w\" sizes=\"auto, (max-width: 768px) 100vw, 768px\" \/><\/figure>\n<\/figure>\n\n\n\n<p>F\u00fcr die M\u00fche wurden wir mit einem sensationellen Ausblick \u00fcber Stuttgart belohnt!<\/p>\n\n\n\n<p>Weiter durch den Kr\u00e4herswald waren wir wieder mitten in der Natur. Obwohl es die Strecke doch in sich hatte, war sie sch\u00f6n und abwechslungsreich.Sie machte durchweg Spa\u00df weil man immer wieder an Sehensw\u00fcrdige Werke wie Geb\u00e4ude, die Br\u00fccken oder andere Highlights vorbei kam.<\/p>\n\n\n\n<figure class=\"wp-block-gallery has-nested-images columns-default is-cropped wp-block-gallery-12 is-layout-flex wp-block-gallery-is-layout-flex\">\n<figure class=\"wp-block-image size-large\"><img loading=\"lazy\" decoding=\"async\" width=\"768\" height=\"1024\" data-id=\"9745\" src=\"https:\/\/cyclotourer.de\/wp-content\/uploads\/2025\/10\/IMG_1598-768x1024.jpg\" alt=\"\" class=\"wp-image-9745\" srcset=\"https:\/\/cyclotourer.de\/wp-content\/uploads\/2025\/10\/IMG_1598-768x1024.jpg 768w, https:\/\/cyclotourer.de\/wp-content\/uploads\/2025\/10\/IMG_1598-225x300.jpg 225w, https:\/\/cyclotourer.de\/wp-content\/uploads\/2025\/10\/IMG_1598-113x150.jpg 113w, https:\/\/cyclotourer.de\/wp-content\/uploads\/2025\/10\/IMG_1598-1152x1536.jpg 1152w, https:\/\/cyclotourer.de\/wp-content\/uploads\/2025\/10\/IMG_1598.jpg 1440w\" sizes=\"auto, (max-width: 768px) 100vw, 768px\" \/><\/figure>\n\n\n\n<figure class=\"wp-block-image size-large\"><img loading=\"lazy\" decoding=\"async\" width=\"1024\" height=\"768\" data-id=\"9746\" src=\"https:\/\/cyclotourer.de\/wp-content\/uploads\/2025\/10\/IMG_1599-1024x768.jpg\" alt=\"\" class=\"wp-image-9746\" srcset=\"https:\/\/cyclotourer.de\/wp-content\/uploads\/2025\/10\/IMG_1599-1024x768.jpg 1024w, https:\/\/cyclotourer.de\/wp-content\/uploads\/2025\/10\/IMG_1599-300x225.jpg 300w, https:\/\/cyclotourer.de\/wp-content\/uploads\/2025\/10\/IMG_1599-150x113.jpg 150w, https:\/\/cyclotourer.de\/wp-content\/uploads\/2025\/10\/IMG_1599-768x576.jpg 768w, https:\/\/cyclotourer.de\/wp-content\/uploads\/2025\/10\/IMG_1599-1536x1152.jpg 1536w, https:\/\/cyclotourer.de\/wp-content\/uploads\/2025\/10\/IMG_1599.jpg 1920w\" sizes=\"auto, (max-width: 1024px) 100vw, 1024px\" \/><\/figure>\n<\/figure>\n\n\n\n<p>Zwei Drittel waren nun geschafft! Die Tendenz war zwar abw\u00e4rts, aber doch war es ein st\u00e4ndiges Auf und Ab. So langsam sp\u00fcrte man die Beine und nahm das Wort &#8222;Ziel&#8220; mit im Sprachgebrauch auf.<\/p>\n\n\n<div class=\"wp-block-image is-style-default\">\n<figure class=\"alignright size-large is-resized\"><img loading=\"lazy\" decoding=\"async\" width=\"768\" height=\"1024\" src=\"https:\/\/cyclotourer.de\/wp-content\/uploads\/2025\/10\/IMG_1601-768x1024.jpg\" alt=\"\" class=\"wp-image-9747\" style=\"width:380px\" srcset=\"https:\/\/cyclotourer.de\/wp-content\/uploads\/2025\/10\/IMG_1601-768x1024.jpg 768w, https:\/\/cyclotourer.de\/wp-content\/uploads\/2025\/10\/IMG_1601-225x300.jpg 225w, https:\/\/cyclotourer.de\/wp-content\/uploads\/2025\/10\/IMG_1601-113x150.jpg 113w, https:\/\/cyclotourer.de\/wp-content\/uploads\/2025\/10\/IMG_1601-1152x1536.jpg 1152w, https:\/\/cyclotourer.de\/wp-content\/uploads\/2025\/10\/IMG_1601.jpg 1440w\" sizes=\"auto, (max-width: 768px) 100vw, 768px\" \/><\/figure>\n<\/div>\n\n\n<p>Der f\u00fcnfundzwanzigste Kilometer war nun auch erreicht. Die Ank\u00fcndigung vom weiterem Freibier hob die Stimmung gleich mit.<\/p>\n\n\n\n<p>Nun warteten nur noch 5 Kilometer&#8230; Bei unserem Tempo sollten wir etwas mehr als eine Stunde ben\u00f6tigen.<\/p>\n\n\n\n<p>Und wer sagt es&#8230;, alles hat ein Ende und wir kamen dem Ziel immer n\u00e4her&#8230;<\/p>\n\n\n<div class=\"wp-block-image\">\n<figure class=\"alignleft size-large is-resized\"><img loading=\"lazy\" decoding=\"async\" width=\"768\" height=\"1024\" src=\"https:\/\/cyclotourer.de\/wp-content\/uploads\/2025\/10\/IMG_1603-768x1024.jpg\" alt=\"\" class=\"wp-image-9748\" style=\"width:380px\" srcset=\"https:\/\/cyclotourer.de\/wp-content\/uploads\/2025\/10\/IMG_1603-768x1024.jpg 768w, https:\/\/cyclotourer.de\/wp-content\/uploads\/2025\/10\/IMG_1603-225x300.jpg 225w, https:\/\/cyclotourer.de\/wp-content\/uploads\/2025\/10\/IMG_1603-113x150.jpg 113w, https:\/\/cyclotourer.de\/wp-content\/uploads\/2025\/10\/IMG_1603-1152x1536.jpg 1152w, https:\/\/cyclotourer.de\/wp-content\/uploads\/2025\/10\/IMG_1603.jpg 1440w\" sizes=\"auto, (max-width: 768px) 100vw, 768px\" \/><\/figure>\n<\/div>\n\n\n<p><\/p>\n\n\n\n<p><\/p>\n\n\n\n<p><\/p>\n\n\n\n<p><\/p>\n\n\n\n<p><\/p>\n\n\n\n<p><\/p>\n\n\n\n<p><\/p>\n\n\n\n<p>In einem Punkt waren J\u00fcrgen und ich uns sofort einig: Wir waren froh uns nicht f\u00fcr die 60 Kilometer lange Strecke entschieden zu haben.<\/p>\n\n\n\n<figure class=\"wp-block-gallery has-nested-images columns-default is-cropped wp-block-gallery-13 is-layout-flex wp-block-gallery-is-layout-flex\">\n<figure class=\"wp-block-image size-large\"><img loading=\"lazy\" decoding=\"async\" width=\"1024\" height=\"768\" data-id=\"9749\" src=\"https:\/\/cyclotourer.de\/wp-content\/uploads\/2025\/10\/IMG_1604-1024x768.jpg\" alt=\"\" class=\"wp-image-9749\" srcset=\"https:\/\/cyclotourer.de\/wp-content\/uploads\/2025\/10\/IMG_1604-1024x768.jpg 1024w, https:\/\/cyclotourer.de\/wp-content\/uploads\/2025\/10\/IMG_1604-300x225.jpg 300w, https:\/\/cyclotourer.de\/wp-content\/uploads\/2025\/10\/IMG_1604-150x113.jpg 150w, https:\/\/cyclotourer.de\/wp-content\/uploads\/2025\/10\/IMG_1604-768x576.jpg 768w, https:\/\/cyclotourer.de\/wp-content\/uploads\/2025\/10\/IMG_1604-1536x1152.jpg 1536w, https:\/\/cyclotourer.de\/wp-content\/uploads\/2025\/10\/IMG_1604.jpg 1920w\" sizes=\"auto, (max-width: 1024px) 100vw, 1024px\" \/><\/figure>\n\n\n\n<figure class=\"wp-block-image size-large\"><img loading=\"lazy\" decoding=\"async\" width=\"1024\" height=\"768\" data-id=\"9750\" src=\"https:\/\/cyclotourer.de\/wp-content\/uploads\/2025\/10\/IMG_1605-1024x768.jpg\" alt=\"\" class=\"wp-image-9750\" srcset=\"https:\/\/cyclotourer.de\/wp-content\/uploads\/2025\/10\/IMG_1605-1024x768.jpg 1024w, https:\/\/cyclotourer.de\/wp-content\/uploads\/2025\/10\/IMG_1605-300x225.jpg 300w, https:\/\/cyclotourer.de\/wp-content\/uploads\/2025\/10\/IMG_1605-150x113.jpg 150w, https:\/\/cyclotourer.de\/wp-content\/uploads\/2025\/10\/IMG_1605-768x576.jpg 768w, https:\/\/cyclotourer.de\/wp-content\/uploads\/2025\/10\/IMG_1605-1536x1152.jpg 1536w, https:\/\/cyclotourer.de\/wp-content\/uploads\/2025\/10\/IMG_1605.jpg 1920w\" sizes=\"auto, (max-width: 1024px) 100vw, 1024px\" \/><\/figure>\n<\/figure>\n\n\n\n<p>Und nun&#8230;. es war geschafft! Begleitet von lautem Jubel \u00fcberquerten wir die Ziellinie!<\/p>\n\n\n\n<figure class=\"wp-block-gallery has-nested-images columns-default is-cropped wp-block-gallery-14 is-layout-flex wp-block-gallery-is-layout-flex\">\n<figure class=\"wp-block-image size-large\"><img loading=\"lazy\" decoding=\"async\" width=\"1024\" height=\"768\" data-id=\"9754\" src=\"https:\/\/cyclotourer.de\/wp-content\/uploads\/2025\/10\/IMG_1608-1024x768.jpg\" alt=\"\" class=\"wp-image-9754\" srcset=\"https:\/\/cyclotourer.de\/wp-content\/uploads\/2025\/10\/IMG_1608-1024x768.jpg 1024w, https:\/\/cyclotourer.de\/wp-content\/uploads\/2025\/10\/IMG_1608-300x225.jpg 300w, https:\/\/cyclotourer.de\/wp-content\/uploads\/2025\/10\/IMG_1608-150x113.jpg 150w, https:\/\/cyclotourer.de\/wp-content\/uploads\/2025\/10\/IMG_1608-768x576.jpg 768w, https:\/\/cyclotourer.de\/wp-content\/uploads\/2025\/10\/IMG_1608-1536x1152.jpg 1536w, https:\/\/cyclotourer.de\/wp-content\/uploads\/2025\/10\/IMG_1608.jpg 1920w\" sizes=\"auto, (max-width: 1024px) 100vw, 1024px\" \/><\/figure>\n\n\n\n<figure class=\"wp-block-image size-large\"><img loading=\"lazy\" decoding=\"async\" width=\"768\" height=\"1024\" data-id=\"9751\" src=\"https:\/\/cyclotourer.de\/wp-content\/uploads\/2025\/10\/IMG_1609-768x1024.jpg\" alt=\"\" class=\"wp-image-9751\" srcset=\"https:\/\/cyclotourer.de\/wp-content\/uploads\/2025\/10\/IMG_1609-768x1024.jpg 768w, https:\/\/cyclotourer.de\/wp-content\/uploads\/2025\/10\/IMG_1609-225x300.jpg 225w, https:\/\/cyclotourer.de\/wp-content\/uploads\/2025\/10\/IMG_1609-113x150.jpg 113w, https:\/\/cyclotourer.de\/wp-content\/uploads\/2025\/10\/IMG_1609-1152x1536.jpg 1152w, https:\/\/cyclotourer.de\/wp-content\/uploads\/2025\/10\/IMG_1609.jpg 1440w\" sizes=\"auto, (max-width: 768px) 100vw, 768px\" \/><\/figure>\n<\/figure>\n\n\n\n<p>Wir genossen noch eine ganze Weile den Trubel auf dem Eventgel\u00e4nde. Erholten uns mit Freibier, frischen Pommes und Wurst und machten uns weitere 1,7 Kilometer zur\u00fcck zum Bahnhof. <\/p>\n\n\n\n<p>J\u00fcrgen und ich waren uns auch in einem Punkt einig, unser erster Stuttgarter Mammutmarsch wird nicht unser Letzter gewesen sein&#8230;<\/p>\n","protected":false},"excerpt":{"rendered":"<p>18.10.2025 Endlich stand mal wieder ein Mammutmarsch an! Es war zwar nicht die erste Extremwanderung in diesem Jahr, aber der erste Mammutmarsch in 2025. Eigentlich [&#8230;]<\/p>\n","protected":false},"author":2,"featured_media":9753,"comment_status":"open","ping_status":"open","sticky":false,"template":"","format":"standard","meta":{"footnotes":""},"categories":[216],"tags":[],"class_list":["post-9676","post","type-post","status-publish","format-standard","has-post-thumbnail","hentry","category-wandern"],"_links":{"self":[{"href":"https:\/\/cyclotourer.de\/index.php?rest_route=\/wp\/v2\/posts\/9676","targetHints":{"allow":["GET"]}}],"collection":[{"href":"https:\/\/cyclotourer.de\/index.php?rest_route=\/wp\/v2\/posts"}],"about":[{"href":"https:\/\/cyclotourer.de\/index.php?rest_route=\/wp\/v2\/types\/post"}],"author":[{"embeddable":true,"href":"https:\/\/cyclotourer.de\/index.php?rest_route=\/wp\/v2\/users\/2"}],"replies":[{"embeddable":true,"href":"https:\/\/cyclotourer.de\/index.php?rest_route=%2Fwp%2Fv2%2Fcomments&post=9676"}],"version-history":[{"count":9,"href":"https:\/\/cyclotourer.de\/index.php?rest_route=\/wp\/v2\/posts\/9676\/revisions"}],"predecessor-version":[{"id":9764,"href":"https:\/\/cyclotourer.de\/index.php?rest_route=\/wp\/v2\/posts\/9676\/revisions\/9764"}],"wp:featuredmedia":[{"embeddable":true,"href":"https:\/\/cyclotourer.de\/index.php?rest_route=\/wp\/v2\/media\/9753"}],"wp:attachment":[{"href":"https:\/\/cyclotourer.de\/index.php?rest_route=%2Fwp%2Fv2%2Fmedia&parent=9676"}],"wp:term":[{"taxonomy":"category","embeddable":true,"href":"https:\/\/cyclotourer.de\/index.php?rest_route=%2Fwp%2Fv2%2Fcategories&post=9676"},{"taxonomy":"post_tag","embeddable":true,"href":"https:\/\/cyclotourer.de\/index.php?rest_route=%2Fwp%2Fv2%2Ftags&post=9676"}],"curies":[{"name":"wp","href":"https:\/\/api.w.org\/{rel}","templated":true}]}}