{"id":820,"date":"2014-09-27T18:34:30","date_gmt":"2014-09-27T18:34:30","guid":{"rendered":"http:\/\/cyclotourers.de\/?p=820"},"modified":"2020-03-11T21:16:39","modified_gmt":"2020-03-11T21:16:39","slug":"bergzeitfahren-schotten-2014","status":"publish","type":"post","link":"https:\/\/cyclotourer.de\/?p=820","title":{"rendered":"14. Schottener Bergzeitfahren auf den Vulkan"},"content":{"rendered":"<p>Bergzeitfahren Schotten 27.10.2014<\/p>\n<p>Mein zweites und letztes Rennen in diesem Jahr stand nun auf dem Rennrad an.<\/p>\n<p>Ich versprach mir zwar bei diesem Bergzeitfahren\u00a0 nicht die beste Zeit, doch wollte ich mit meinem neuem Rennrad dieses Event nicht auslassen.<\/p>\n<p>Die gewohnte Reise nach Schotten und der Empfang der Startunterlagen vom TGV-Schotten verlief wie zu erwarten gut. Morgens hatte ich zwar noch ein wenig Stress, aber die verlegte Geldb\u00f6rse war dank eines netten Kollegen, der mir kurzfristig mit paar Scheinchen aushalf, dann doch kein Problem.<\/p>\n<p><img loading=\"lazy\" decoding=\"async\" class=\"size-medium wp-image-822 alignright\" src=\"http:\/\/cyclotourers.de\/wp-content\/uploads\/2016\/10\/IMG_4190-300x224.jpg\" alt=\"img_4190\" width=\"300\" height=\"224\" srcset=\"https:\/\/cyclotourer.de\/wp-content\/uploads\/2016\/10\/IMG_4190-300x224.jpg 300w, https:\/\/cyclotourer.de\/wp-content\/uploads\/2016\/10\/IMG_4190.jpg 448w\" sizes=\"auto, (max-width: 300px) 100vw, 300px\" \/><\/p>\n<p>Vor dem Start traf ich das Eine und Andere bekannte Gesicht. So wurde nach den verschiedenen Schw\u00e4tzchen das Rad nochmals gecheckt und sich die Beine ein wenig warm gefahren.<\/p>\n<p>Nun sollte es losgehen. Meine Startnummer wurde aufgerufen, begab mich mit meinem Focus-Cayo auf die Startrampe, klickte mich mit den Schuhen in die Pedalen und startete mein erstes Bergzeitfahren auf einem Rennrad.<\/p>\n<p><img loading=\"lazy\" decoding=\"async\" class=\"size-medium wp-image-823 alignleft\" src=\"http:\/\/cyclotourers.de\/wp-content\/uploads\/2016\/10\/IMG_4191-300x224.jpg\" alt=\"img_4191\" width=\"300\" height=\"224\" srcset=\"https:\/\/cyclotourer.de\/wp-content\/uploads\/2016\/10\/IMG_4191-300x224.jpg 300w, https:\/\/cyclotourer.de\/wp-content\/uploads\/2016\/10\/IMG_4191.jpg 448w\" sizes=\"auto, (max-width: 300px) 100vw, 300px\" \/><\/p>\n<p>2012 war ich bereits mit meinem wesentlich schwereren MTB Focus-Redskin auf der Strecke. Die Zeit von 2012 wollte ich heute nat\u00fcrlich weit unterbieten.<\/p>\n<p>Nat\u00fcrlich startet man unter den Zuschauern voll durch. Kr\u00e4ftig trat ich in die Pedale um auf Touren zu kommen. Doch sollte es sich in den Einstieg in die Serpentine nicht als optimaler Start entpuppen. Meine Oberschenkel brannten pl\u00f6tzlich als m\u00fcsste ich gleich vom Rad fallen. Dazu kam das mir mein Gewicht nat\u00fcrlich wieder zu schaffen machte.<\/p>\n<p>Ich f\u00fchlte mich, mit meinen \u00fcber 90 kg, pl\u00f6tzlich verdammt schwer. Dann kommt nat\u00fcrlich der kopf dazu, der einen zus\u00e4tzlich das Leben schwer machen will. Die typischen Fragen, warum man nicht auf dem Sofa sitzen und sich diesen Bl\u00f6dsinn antun muss, schossen einem durch die grauen Zellen.<\/p>\n<p>3 Kontrahenten \u00fcberholten mich auf den knapp 8 Kilometern. Das gab dem Ganzen nat\u00fcrlich auch noch einen bitteren Beigeschmack.<\/p>\n<p>Jedoch konnte ich mich auch an diesem Tag wieder selbst motivieren und trat immer weiter in die Pedalen.\u00a0 Selbst konnte ich sogar auch noch einen Mitstreiter \u00fcberholen.<\/p>\n<p>So kam ich nach einer Zeit von 22:07:25 die Ziellinie an der Taufsteinh\u00fctte \u00fcberqueren.<\/p>\n<p><img loading=\"lazy\" decoding=\"async\" class=\"size-medium wp-image-824 alignright\" src=\"http:\/\/cyclotourers.de\/wp-content\/uploads\/2016\/10\/IMG_4192-224x300.jpg\" alt=\"img_4192\" width=\"224\" height=\"300\" srcset=\"https:\/\/cyclotourer.de\/wp-content\/uploads\/2016\/10\/IMG_4192-224x300.jpg 224w, https:\/\/cyclotourer.de\/wp-content\/uploads\/2016\/10\/IMG_4192.jpg 335w\" sizes=\"auto, (max-width: 224px) 100vw, 224px\" \/><\/p>\n<p>\u00dcberrascht von der Zeit, unter 30Minuten war Ziel, st\u00e4rkte ich mich mit einer Curry-Wurst und einem Weizenbier.<\/p>\n<p>Da Klaus, alias Kokopelli, seine Test- und Leihfahrr\u00e4der ausstellte, besuchte ich ihn nat\u00fcrlich kurz am Radstall. Dazu machte ich mit ihm den Deal, die drei bekannten Trails \u201cWildsau\u201c, \u201cHirsch\u201c und \u201cFuchs\u201c abzufahren und dr\u00fcber zu berichten.<\/p>\n<p>Da ich dieses Mal gleich mein Auto auf dem Berg parkte, musste ich mich nur noch mein Rad verladen, und konnte mich ersch\u00f6pft auf den Heimweg machen.<\/p>\n<p>Das letzte Rennen von 2014\u2026 es war ein sch\u00f6nes Jahr!<\/p>\n","protected":false},"excerpt":{"rendered":"<p>Bergzeitfahren Schotten 27.10.2014 Mein zweites und letztes Rennen in diesem Jahr stand nun auf dem Rennrad an. Ich versprach mir zwar bei diesem Bergzeitfahren\u00a0 nicht [&#8230;]<\/p>\n","protected":false},"author":2,"featured_media":822,"comment_status":"open","ping_status":"open","sticky":false,"template":"","format":"standard","meta":{"footnotes":""},"categories":[119],"tags":[132,126,133],"class_list":["post-820","post","type-post","status-publish","format-standard","has-post-thumbnail","hentry","category-rennen","tag-bergzeitfahren-schotten","tag-rr","tag-sprint"],"_links":{"self":[{"href":"https:\/\/cyclotourer.de\/index.php?rest_route=\/wp\/v2\/posts\/820","targetHints":{"allow":["GET"]}}],"collection":[{"href":"https:\/\/cyclotourer.de\/index.php?rest_route=\/wp\/v2\/posts"}],"about":[{"href":"https:\/\/cyclotourer.de\/index.php?rest_route=\/wp\/v2\/types\/post"}],"author":[{"embeddable":true,"href":"https:\/\/cyclotourer.de\/index.php?rest_route=\/wp\/v2\/users\/2"}],"replies":[{"embeddable":true,"href":"https:\/\/cyclotourer.de\/index.php?rest_route=%2Fwp%2Fv2%2Fcomments&post=820"}],"version-history":[{"count":3,"href":"https:\/\/cyclotourer.de\/index.php?rest_route=\/wp\/v2\/posts\/820\/revisions"}],"predecessor-version":[{"id":3276,"href":"https:\/\/cyclotourer.de\/index.php?rest_route=\/wp\/v2\/posts\/820\/revisions\/3276"}],"wp:featuredmedia":[{"embeddable":true,"href":"https:\/\/cyclotourer.de\/index.php?rest_route=\/wp\/v2\/media\/822"}],"wp:attachment":[{"href":"https:\/\/cyclotourer.de\/index.php?rest_route=%2Fwp%2Fv2%2Fmedia&parent=820"}],"wp:term":[{"taxonomy":"category","embeddable":true,"href":"https:\/\/cyclotourer.de\/index.php?rest_route=%2Fwp%2Fv2%2Fcategories&post=820"},{"taxonomy":"post_tag","embeddable":true,"href":"https:\/\/cyclotourer.de\/index.php?rest_route=%2Fwp%2Fv2%2Ftags&post=820"}],"curies":[{"name":"wp","href":"https:\/\/api.w.org\/{rel}","templated":true}]}}