{"id":7237,"date":"2024-05-03T15:55:25","date_gmt":"2024-05-03T15:55:25","guid":{"rendered":"https:\/\/cyclotourer.de\/?p=7237"},"modified":"2024-05-05T08:44:37","modified_gmt":"2024-05-05T08:44:37","slug":"ruppertsburg-fritzlar-und-mit-der-bahn-zurueck","status":"publish","type":"post","link":"https:\/\/cyclotourer.de\/?p=7237","title":{"rendered":"Ruppertsburg &#8211; Fritzlar&#8230; und mit der Bahn zur\u00fcck"},"content":{"rendered":"\n<p>Einer der ersten sonnigen Tage in diesem Jahr und ich hatte frei. Das musste einfach ausgenutzt werden!<\/p>\n\n\n\n<figure class=\"wp-block-image size-large is-resized\"><img loading=\"lazy\" decoding=\"async\" width=\"1024\" height=\"768\" src=\"https:\/\/cyclotourer.de\/wp-content\/uploads\/2024\/05\/IMG_1493-1024x768.jpeg\" alt=\"\" class=\"wp-image-7235\" style=\"width:905px;height:auto\" srcset=\"https:\/\/cyclotourer.de\/wp-content\/uploads\/2024\/05\/IMG_1493-1024x768.jpeg 1024w, https:\/\/cyclotourer.de\/wp-content\/uploads\/2024\/05\/IMG_1493-300x225.jpeg 300w, https:\/\/cyclotourer.de\/wp-content\/uploads\/2024\/05\/IMG_1493-150x113.jpeg 150w, https:\/\/cyclotourer.de\/wp-content\/uploads\/2024\/05\/IMG_1493-768x576.jpeg 768w, https:\/\/cyclotourer.de\/wp-content\/uploads\/2024\/05\/IMG_1493-1536x1152.jpeg 1536w, https:\/\/cyclotourer.de\/wp-content\/uploads\/2024\/05\/IMG_1493.jpeg 1920w\" sizes=\"auto, (max-width: 1024px) 100vw, 1024px\" \/><\/figure>\n\n\n\n<p>Also plante ich schnell eine Tour und machte ich mich auf den Weg in das beschauliche Fritzlar. Knapp 100 km wollte ich heute zwischen 5 und 6 Std. schaffen.<\/p>\n\n\n\n<figure class=\"wp-block-image size-large\"><img loading=\"lazy\" decoding=\"async\" width=\"1024\" height=\"768\" src=\"https:\/\/cyclotourer.de\/wp-content\/uploads\/2024\/05\/IMG_1495-1024x768.jpeg\" alt=\"\" class=\"wp-image-7233\" srcset=\"https:\/\/cyclotourer.de\/wp-content\/uploads\/2024\/05\/IMG_1495-1024x768.jpeg 1024w, https:\/\/cyclotourer.de\/wp-content\/uploads\/2024\/05\/IMG_1495-300x225.jpeg 300w, https:\/\/cyclotourer.de\/wp-content\/uploads\/2024\/05\/IMG_1495-150x113.jpeg 150w, https:\/\/cyclotourer.de\/wp-content\/uploads\/2024\/05\/IMG_1495-768x576.jpeg 768w, https:\/\/cyclotourer.de\/wp-content\/uploads\/2024\/05\/IMG_1495-1536x1152.jpeg 1536w, https:\/\/cyclotourer.de\/wp-content\/uploads\/2024\/05\/IMG_1495.jpeg 1920w\" sizes=\"auto, (max-width: 1024px) 100vw, 1024px\" \/><\/figure>\n\n\n\n<p>Die erste Sehensw\u00fcrdigkeit war das Laubacher Schloss. Auch wenn es vor meiner Haust\u00fcr liegt, ist es immer wieder sch\u00f6n an dem historischen Bauwerk vorbei zu kommen.<\/p>\n\n\n\n<figure class=\"wp-block-image size-large\"><img loading=\"lazy\" decoding=\"async\" width=\"1024\" height=\"768\" src=\"https:\/\/cyclotourer.de\/wp-content\/uploads\/2024\/05\/IMG_1496-1024x768.jpeg\" alt=\"\" class=\"wp-image-7234\" srcset=\"https:\/\/cyclotourer.de\/wp-content\/uploads\/2024\/05\/IMG_1496-1024x768.jpeg 1024w, https:\/\/cyclotourer.de\/wp-content\/uploads\/2024\/05\/IMG_1496-300x225.jpeg 300w, https:\/\/cyclotourer.de\/wp-content\/uploads\/2024\/05\/IMG_1496-150x113.jpeg 150w, https:\/\/cyclotourer.de\/wp-content\/uploads\/2024\/05\/IMG_1496-768x576.jpeg 768w, https:\/\/cyclotourer.de\/wp-content\/uploads\/2024\/05\/IMG_1496-1536x1152.jpeg 1536w, https:\/\/cyclotourer.de\/wp-content\/uploads\/2024\/05\/IMG_1496.jpeg 1920w\" sizes=\"auto, (max-width: 1024px) 100vw, 1024px\" \/><\/figure>\n\n\n\n<p>Etwas fr\u00fcher als man es kennt, der Raps steht in voller Bl\u00fcte.<\/p>\n\n\n\n<figure class=\"wp-block-image size-large\"><img loading=\"lazy\" decoding=\"async\" width=\"1024\" height=\"768\" src=\"https:\/\/cyclotourer.de\/wp-content\/uploads\/2024\/05\/IMG_1498-1024x768.jpeg\" alt=\"\" class=\"wp-image-7231\" srcset=\"https:\/\/cyclotourer.de\/wp-content\/uploads\/2024\/05\/IMG_1498-1024x768.jpeg 1024w, https:\/\/cyclotourer.de\/wp-content\/uploads\/2024\/05\/IMG_1498-300x225.jpeg 300w, https:\/\/cyclotourer.de\/wp-content\/uploads\/2024\/05\/IMG_1498-150x113.jpeg 150w, https:\/\/cyclotourer.de\/wp-content\/uploads\/2024\/05\/IMG_1498-768x576.jpeg 768w, https:\/\/cyclotourer.de\/wp-content\/uploads\/2024\/05\/IMG_1498-1536x1152.jpeg 1536w, https:\/\/cyclotourer.de\/wp-content\/uploads\/2024\/05\/IMG_1498.jpeg 1920w\" sizes=\"auto, (max-width: 1024px) 100vw, 1024px\" \/><\/figure>\n\n\n\n<p>Die Grobe Richtung war zun\u00e4chst Alsfeld. Mit dem Rennrad war damals die Strecke sehr h\u00fcgelig. Sp\u00e4ter im Schwalmtal wurde es angenehm flach. Ich war gespannt was mich heute erwartet. Das H\u00f6henprofil hatte zumindest einige Zacken&#8230;<\/p>\n\n\n\n<figure class=\"wp-block-image size-large\"><img loading=\"lazy\" decoding=\"async\" width=\"1024\" height=\"486\" src=\"https:\/\/cyclotourer.de\/wp-content\/uploads\/2024\/05\/image-1024x486.png\" alt=\"\" class=\"wp-image-7246\" srcset=\"https:\/\/cyclotourer.de\/wp-content\/uploads\/2024\/05\/image-1024x486.png 1024w, https:\/\/cyclotourer.de\/wp-content\/uploads\/2024\/05\/image-300x142.png 300w, https:\/\/cyclotourer.de\/wp-content\/uploads\/2024\/05\/image-150x71.png 150w, https:\/\/cyclotourer.de\/wp-content\/uploads\/2024\/05\/image-768x365.png 768w, https:\/\/cyclotourer.de\/wp-content\/uploads\/2024\/05\/image.png 1407w\" sizes=\"auto, (max-width: 1024px) 100vw, 1024px\" \/><\/figure>\n\n\n\n<figure class=\"wp-block-image size-large\"><img loading=\"lazy\" decoding=\"async\" width=\"1024\" height=\"768\" src=\"https:\/\/cyclotourer.de\/wp-content\/uploads\/2024\/05\/IMG_1501-1024x768.jpeg\" alt=\"\" class=\"wp-image-7229\" srcset=\"https:\/\/cyclotourer.de\/wp-content\/uploads\/2024\/05\/IMG_1501-1024x768.jpeg 1024w, https:\/\/cyclotourer.de\/wp-content\/uploads\/2024\/05\/IMG_1501-300x225.jpeg 300w, https:\/\/cyclotourer.de\/wp-content\/uploads\/2024\/05\/IMG_1501-150x113.jpeg 150w, https:\/\/cyclotourer.de\/wp-content\/uploads\/2024\/05\/IMG_1501-768x576.jpeg 768w, https:\/\/cyclotourer.de\/wp-content\/uploads\/2024\/05\/IMG_1501-1536x1152.jpeg 1536w, https:\/\/cyclotourer.de\/wp-content\/uploads\/2024\/05\/IMG_1501.jpeg 1920w\" sizes=\"auto, (max-width: 1024px) 100vw, 1024px\" \/><\/figure>\n\n\n\n<p>Leider \u00fcbersah ich den Hinweis, dass die Br\u00fccke nach R\u00fclfenrod gesperrt war und folgte nicht der Umleitung. An der Baustelle angekommen, stellte ich fest, dass es keine M\u00f6glichkeit gab die Seite der Bach zu wechseln.<\/p>\n\n\n\n<p>Ich folgte zun\u00e4chst einen Waldweg der parallel zum Bach verlief. Dieser endete jedoch im Nirgendwo und der Weg war einfach zu Ende. Meine Gedanke war, dass vielleicht ein Baum \u00fcber die Bach gefallen und mir eine \u00dcberquerung erm\u00f6glichen k\u00f6nnte. So fuhr ich \u00fcber eine Wiese am Ufer entlang und suchte nach einer passenden M\u00f6glichkeit auf die andere Seite zu kommen.<\/p>\n\n\n\n<figure class=\"wp-block-gallery has-nested-images columns-default is-cropped wp-block-gallery-1 is-layout-flex wp-block-gallery-is-layout-flex\">\n<figure class=\"wp-block-image size-large\"><img loading=\"lazy\" decoding=\"async\" width=\"1024\" height=\"768\" data-id=\"7228\" src=\"https:\/\/cyclotourer.de\/wp-content\/uploads\/2024\/05\/IMG_1502-1024x768.jpeg\" alt=\"\" class=\"wp-image-7228\" srcset=\"https:\/\/cyclotourer.de\/wp-content\/uploads\/2024\/05\/IMG_1502-1024x768.jpeg 1024w, https:\/\/cyclotourer.de\/wp-content\/uploads\/2024\/05\/IMG_1502-300x225.jpeg 300w, https:\/\/cyclotourer.de\/wp-content\/uploads\/2024\/05\/IMG_1502-150x113.jpeg 150w, https:\/\/cyclotourer.de\/wp-content\/uploads\/2024\/05\/IMG_1502-768x576.jpeg 768w, https:\/\/cyclotourer.de\/wp-content\/uploads\/2024\/05\/IMG_1502-1536x1152.jpeg 1536w, https:\/\/cyclotourer.de\/wp-content\/uploads\/2024\/05\/IMG_1502.jpeg 1920w\" sizes=\"auto, (max-width: 1024px) 100vw, 1024px\" \/><\/figure>\n\n\n\n<figure class=\"wp-block-image size-large\"><img loading=\"lazy\" decoding=\"async\" width=\"1024\" height=\"768\" data-id=\"7227\" src=\"https:\/\/cyclotourer.de\/wp-content\/uploads\/2024\/05\/IMG_1503-1024x768.jpeg\" alt=\"\" class=\"wp-image-7227\" srcset=\"https:\/\/cyclotourer.de\/wp-content\/uploads\/2024\/05\/IMG_1503-1024x768.jpeg 1024w, https:\/\/cyclotourer.de\/wp-content\/uploads\/2024\/05\/IMG_1503-300x225.jpeg 300w, https:\/\/cyclotourer.de\/wp-content\/uploads\/2024\/05\/IMG_1503-150x113.jpeg 150w, https:\/\/cyclotourer.de\/wp-content\/uploads\/2024\/05\/IMG_1503-768x576.jpeg 768w, https:\/\/cyclotourer.de\/wp-content\/uploads\/2024\/05\/IMG_1503-1536x1152.jpeg 1536w, https:\/\/cyclotourer.de\/wp-content\/uploads\/2024\/05\/IMG_1503.jpeg 1920w\" sizes=\"auto, (max-width: 1024px) 100vw, 1024px\" \/><\/figure>\n<\/figure>\n\n\n\n<p>Die M\u00f6glichkeit kam! Auch wenn es gar nicht so einfach war mit Fahrrad \u00fcber das Treibgut zu steigen&#8230; Leider kostete die Aktion wertvolle Zeit. Aber, ich habe es geschafft und war trockenen Fu\u00dfes in R\u00fclfenrod angekommen.<\/p>\n\n\n\n<figure class=\"wp-block-image size-large\"><img loading=\"lazy\" decoding=\"async\" width=\"1024\" height=\"768\" src=\"https:\/\/cyclotourer.de\/wp-content\/uploads\/2024\/05\/IMG_1504-1024x768.jpeg\" alt=\"\" class=\"wp-image-7226\" srcset=\"https:\/\/cyclotourer.de\/wp-content\/uploads\/2024\/05\/IMG_1504-1024x768.jpeg 1024w, https:\/\/cyclotourer.de\/wp-content\/uploads\/2024\/05\/IMG_1504-300x225.jpeg 300w, https:\/\/cyclotourer.de\/wp-content\/uploads\/2024\/05\/IMG_1504-150x113.jpeg 150w, https:\/\/cyclotourer.de\/wp-content\/uploads\/2024\/05\/IMG_1504-768x576.jpeg 768w, https:\/\/cyclotourer.de\/wp-content\/uploads\/2024\/05\/IMG_1504-1536x1152.jpeg 1536w, https:\/\/cyclotourer.de\/wp-content\/uploads\/2024\/05\/IMG_1504.jpeg 1920w\" sizes=\"auto, (max-width: 1024px) 100vw, 1024px\" \/><\/figure>\n\n\n\n<p>Von dort aus erwarteten mich einige H\u00f6henmeter. Zun\u00e4chst musste aber das n\u00e4chste Hindernis \u00fcberwunden werden. Es war aber nicht wirklich ein Hindernis. Einmal klingeln und schon ging die Schranke auf. Mir war es nicht neu, diese Art von Bahn\u00fcberg\u00e4ngen sind nicht un\u00fcblich in Deutschland und ich bin bereits \u00f6fter an diesen vorbei gekommen.<\/p>\n\n\n\n<figure class=\"wp-block-gallery has-nested-images columns-default is-cropped wp-block-gallery-2 is-layout-flex wp-block-gallery-is-layout-flex\">\n<figure class=\"wp-block-image size-large\"><img loading=\"lazy\" decoding=\"async\" width=\"768\" height=\"1024\" data-id=\"7225\" src=\"https:\/\/cyclotourer.de\/wp-content\/uploads\/2024\/05\/IMG_1505-768x1024.jpeg\" alt=\"\" class=\"wp-image-7225\" srcset=\"https:\/\/cyclotourer.de\/wp-content\/uploads\/2024\/05\/IMG_1505-768x1024.jpeg 768w, https:\/\/cyclotourer.de\/wp-content\/uploads\/2024\/05\/IMG_1505-225x300.jpeg 225w, https:\/\/cyclotourer.de\/wp-content\/uploads\/2024\/05\/IMG_1505-113x150.jpeg 113w, https:\/\/cyclotourer.de\/wp-content\/uploads\/2024\/05\/IMG_1505-1152x1536.jpeg 1152w, https:\/\/cyclotourer.de\/wp-content\/uploads\/2024\/05\/IMG_1505.jpeg 1440w\" sizes=\"auto, (max-width: 768px) 100vw, 768px\" \/><\/figure>\n\n\n\n<figure class=\"wp-block-image size-large\"><img loading=\"lazy\" decoding=\"async\" width=\"1024\" height=\"768\" data-id=\"7223\" src=\"https:\/\/cyclotourer.de\/wp-content\/uploads\/2024\/05\/IMG_1507-1024x768.jpeg\" alt=\"\" class=\"wp-image-7223\" srcset=\"https:\/\/cyclotourer.de\/wp-content\/uploads\/2024\/05\/IMG_1507-1024x768.jpeg 1024w, https:\/\/cyclotourer.de\/wp-content\/uploads\/2024\/05\/IMG_1507-300x225.jpeg 300w, https:\/\/cyclotourer.de\/wp-content\/uploads\/2024\/05\/IMG_1507-150x113.jpeg 150w, https:\/\/cyclotourer.de\/wp-content\/uploads\/2024\/05\/IMG_1507-768x576.jpeg 768w, https:\/\/cyclotourer.de\/wp-content\/uploads\/2024\/05\/IMG_1507-1536x1152.jpeg 1536w, https:\/\/cyclotourer.de\/wp-content\/uploads\/2024\/05\/IMG_1507.jpeg 1920w\" sizes=\"auto, (max-width: 1024px) 100vw, 1024px\" \/><\/figure>\n<\/figure>\n\n\n\n<p>Nachfolgend die &#8222;Alte Schule&#8220; von Rommershausen aus dem Jahr 1864. Die Schule wurde im Jahr 2011 komplett saniert und kann sich heute wieder sehen lassen.<\/p>\n\n\n\n<figure class=\"wp-block-image size-large\"><img loading=\"lazy\" decoding=\"async\" width=\"768\" height=\"1024\" src=\"https:\/\/cyclotourer.de\/wp-content\/uploads\/2024\/05\/IMG_1509-768x1024.jpeg\" alt=\"\" class=\"wp-image-7221\" srcset=\"https:\/\/cyclotourer.de\/wp-content\/uploads\/2024\/05\/IMG_1509-768x1024.jpeg 768w, https:\/\/cyclotourer.de\/wp-content\/uploads\/2024\/05\/IMG_1509-225x300.jpeg 225w, https:\/\/cyclotourer.de\/wp-content\/uploads\/2024\/05\/IMG_1509-113x150.jpeg 113w, https:\/\/cyclotourer.de\/wp-content\/uploads\/2024\/05\/IMG_1509-1152x1536.jpeg 1152w, https:\/\/cyclotourer.de\/wp-content\/uploads\/2024\/05\/IMG_1509.jpeg 1440w\" sizes=\"auto, (max-width: 768px) 100vw, 768px\" \/><\/figure>\n\n\n\n<p>Die Renaturierung des Schwalmtals &#8230;<\/p>\n\n\n\n<div class=\"wp-block-columns is-layout-flex wp-container-core-columns-is-layout-9d6595d7 wp-block-columns-is-layout-flex\">\n<div class=\"wp-block-column is-layout-flow wp-block-column-is-layout-flow\" style=\"flex-basis:100%\">\n<div class=\"wp-block-group is-vertical is-layout-flex wp-container-core-group-is-layout-8cf370e7 wp-block-group-is-layout-flex\">\n<div class=\"wp-block-columns is-layout-flex wp-container-core-columns-is-layout-9d6595d7 wp-block-columns-is-layout-flex\">\n<div class=\"wp-block-column is-layout-flow wp-block-column-is-layout-flow\" style=\"flex-basis:100%\">\n<figure class=\"wp-block-gallery has-nested-images columns-default is-cropped wp-block-gallery-3 is-layout-flex wp-block-gallery-is-layout-flex\">\n<figure class=\"wp-block-image size-large\"><img loading=\"lazy\" decoding=\"async\" width=\"1024\" height=\"768\" data-id=\"7220\" src=\"https:\/\/cyclotourer.de\/wp-content\/uploads\/2024\/05\/IMG_1511-1024x768.jpeg\" alt=\"\" class=\"wp-image-7220\" srcset=\"https:\/\/cyclotourer.de\/wp-content\/uploads\/2024\/05\/IMG_1511-1024x768.jpeg 1024w, https:\/\/cyclotourer.de\/wp-content\/uploads\/2024\/05\/IMG_1511-300x225.jpeg 300w, https:\/\/cyclotourer.de\/wp-content\/uploads\/2024\/05\/IMG_1511-150x113.jpeg 150w, https:\/\/cyclotourer.de\/wp-content\/uploads\/2024\/05\/IMG_1511-768x576.jpeg 768w, https:\/\/cyclotourer.de\/wp-content\/uploads\/2024\/05\/IMG_1511-1536x1152.jpeg 1536w, https:\/\/cyclotourer.de\/wp-content\/uploads\/2024\/05\/IMG_1511.jpeg 1920w\" sizes=\"auto, (max-width: 1024px) 100vw, 1024px\" \/><\/figure>\n\n\n\n<figure class=\"wp-block-image size-large\"><img loading=\"lazy\" decoding=\"async\" width=\"1024\" height=\"768\" data-id=\"7219\" src=\"https:\/\/cyclotourer.de\/wp-content\/uploads\/2024\/05\/IMG_1510-1024x768.jpeg\" alt=\"\" class=\"wp-image-7219\" srcset=\"https:\/\/cyclotourer.de\/wp-content\/uploads\/2024\/05\/IMG_1510-1024x768.jpeg 1024w, https:\/\/cyclotourer.de\/wp-content\/uploads\/2024\/05\/IMG_1510-300x225.jpeg 300w, https:\/\/cyclotourer.de\/wp-content\/uploads\/2024\/05\/IMG_1510-150x113.jpeg 150w, https:\/\/cyclotourer.de\/wp-content\/uploads\/2024\/05\/IMG_1510-768x576.jpeg 768w, https:\/\/cyclotourer.de\/wp-content\/uploads\/2024\/05\/IMG_1510-1536x1152.jpeg 1536w, https:\/\/cyclotourer.de\/wp-content\/uploads\/2024\/05\/IMG_1510.jpeg 1920w\" sizes=\"auto, (max-width: 1024px) 100vw, 1024px\" \/><\/figure>\n<\/figure>\n<\/div>\n<\/div>\n<\/div>\n<\/div>\n<\/div>\n\n\n\n<figure class=\"wp-block-image size-large\"><img loading=\"lazy\" decoding=\"async\" width=\"1024\" height=\"768\" src=\"https:\/\/cyclotourer.de\/wp-content\/uploads\/2024\/05\/IMG_1515-1024x768.jpeg\" alt=\"\" class=\"wp-image-7216\" srcset=\"https:\/\/cyclotourer.de\/wp-content\/uploads\/2024\/05\/IMG_1515-1024x768.jpeg 1024w, https:\/\/cyclotourer.de\/wp-content\/uploads\/2024\/05\/IMG_1515-300x225.jpeg 300w, https:\/\/cyclotourer.de\/wp-content\/uploads\/2024\/05\/IMG_1515-150x113.jpeg 150w, https:\/\/cyclotourer.de\/wp-content\/uploads\/2024\/05\/IMG_1515-768x576.jpeg 768w, https:\/\/cyclotourer.de\/wp-content\/uploads\/2024\/05\/IMG_1515-1536x1152.jpeg 1536w, https:\/\/cyclotourer.de\/wp-content\/uploads\/2024\/05\/IMG_1515.jpeg 1920w\" sizes=\"auto, (max-width: 1024px) 100vw, 1024px\" \/><\/figure>\n\n\n\n<figure class=\"wp-block-gallery has-nested-images columns-default is-cropped wp-block-gallery-4 is-layout-flex wp-block-gallery-is-layout-flex\">\n<figure class=\"wp-block-image size-large\"><img loading=\"lazy\" decoding=\"async\" width=\"1024\" height=\"768\" data-id=\"7213\" src=\"https:\/\/cyclotourer.de\/wp-content\/uploads\/2024\/05\/IMG_1518-1024x768.jpeg\" alt=\"\" class=\"wp-image-7213\" srcset=\"https:\/\/cyclotourer.de\/wp-content\/uploads\/2024\/05\/IMG_1518-1024x768.jpeg 1024w, https:\/\/cyclotourer.de\/wp-content\/uploads\/2024\/05\/IMG_1518-300x225.jpeg 300w, https:\/\/cyclotourer.de\/wp-content\/uploads\/2024\/05\/IMG_1518-150x113.jpeg 150w, https:\/\/cyclotourer.de\/wp-content\/uploads\/2024\/05\/IMG_1518-768x576.jpeg 768w, https:\/\/cyclotourer.de\/wp-content\/uploads\/2024\/05\/IMG_1518-1536x1152.jpeg 1536w, https:\/\/cyclotourer.de\/wp-content\/uploads\/2024\/05\/IMG_1518.jpeg 1920w\" sizes=\"auto, (max-width: 1024px) 100vw, 1024px\" \/><\/figure>\n\n\n\n<figure class=\"wp-block-image size-large\"><img loading=\"lazy\" decoding=\"async\" width=\"768\" height=\"1024\" data-id=\"7214\" src=\"https:\/\/cyclotourer.de\/wp-content\/uploads\/2024\/05\/IMG_1517-768x1024.jpeg\" alt=\"\" class=\"wp-image-7214\" srcset=\"https:\/\/cyclotourer.de\/wp-content\/uploads\/2024\/05\/IMG_1517-768x1024.jpeg 768w, https:\/\/cyclotourer.de\/wp-content\/uploads\/2024\/05\/IMG_1517-225x300.jpeg 225w, https:\/\/cyclotourer.de\/wp-content\/uploads\/2024\/05\/IMG_1517-113x150.jpeg 113w, https:\/\/cyclotourer.de\/wp-content\/uploads\/2024\/05\/IMG_1517-1152x1536.jpeg 1152w, https:\/\/cyclotourer.de\/wp-content\/uploads\/2024\/05\/IMG_1517.jpeg 1440w\" sizes=\"auto, (max-width: 768px) 100vw, 768px\" \/><\/figure>\n<\/figure>\n\n\n\n<p>Die evangelische Kirche von Waltersbr\u00fcck. Das erste Mal erw\u00e4hnt wurde die Kirche in 1425. Im Drei\u00dfigj\u00e4hrigen Krieg zerst\u00f6rt, wurde sie in dieser Form in den Jahren 1735\/1736 wieder neu errichtet.<\/p>\n\n\n\n<figure class=\"wp-block-gallery has-nested-images columns-default is-cropped wp-block-gallery-5 is-layout-flex wp-block-gallery-is-layout-flex\">\n<figure class=\"wp-block-image size-large\"><img loading=\"lazy\" decoding=\"async\" width=\"1024\" height=\"768\" data-id=\"7211\" src=\"https:\/\/cyclotourer.de\/wp-content\/uploads\/2024\/05\/IMG_1520-1024x768.jpeg\" alt=\"\" class=\"wp-image-7211\" srcset=\"https:\/\/cyclotourer.de\/wp-content\/uploads\/2024\/05\/IMG_1520-1024x768.jpeg 1024w, https:\/\/cyclotourer.de\/wp-content\/uploads\/2024\/05\/IMG_1520-300x225.jpeg 300w, https:\/\/cyclotourer.de\/wp-content\/uploads\/2024\/05\/IMG_1520-150x113.jpeg 150w, https:\/\/cyclotourer.de\/wp-content\/uploads\/2024\/05\/IMG_1520-768x576.jpeg 768w, https:\/\/cyclotourer.de\/wp-content\/uploads\/2024\/05\/IMG_1520-1536x1152.jpeg 1536w, https:\/\/cyclotourer.de\/wp-content\/uploads\/2024\/05\/IMG_1520.jpeg 1920w\" sizes=\"auto, (max-width: 1024px) 100vw, 1024px\" \/><\/figure>\n\n\n\n<figure class=\"wp-block-image size-large\"><img loading=\"lazy\" decoding=\"async\" width=\"1024\" height=\"768\" data-id=\"7209\" src=\"https:\/\/cyclotourer.de\/wp-content\/uploads\/2024\/05\/IMG_1522-1024x768.jpeg\" alt=\"\" class=\"wp-image-7209\" srcset=\"https:\/\/cyclotourer.de\/wp-content\/uploads\/2024\/05\/IMG_1522-1024x768.jpeg 1024w, https:\/\/cyclotourer.de\/wp-content\/uploads\/2024\/05\/IMG_1522-300x225.jpeg 300w, https:\/\/cyclotourer.de\/wp-content\/uploads\/2024\/05\/IMG_1522-150x113.jpeg 150w, https:\/\/cyclotourer.de\/wp-content\/uploads\/2024\/05\/IMG_1522-768x576.jpeg 768w, https:\/\/cyclotourer.de\/wp-content\/uploads\/2024\/05\/IMG_1522-1536x1152.jpeg 1536w, https:\/\/cyclotourer.de\/wp-content\/uploads\/2024\/05\/IMG_1522.jpeg 1920w\" sizes=\"auto, (max-width: 1024px) 100vw, 1024px\" \/><\/figure>\n<\/figure>\n\n\n\n<p>Die\u00a0Saalkirche in Trockenfurth\u00a0wurde 1555 erbaut und 1677 erneuert. F\u00fcr mich sind Kirchen immer wieder bauliche Wunderwerke. Dabei sind es nicht nur die statischen Herausforderungen. Keine Kirche ist gleich und jede ein Kunstwerk f\u00fcr sich. Und dazu kommt nicht das innere der Kirche, welches sich nie gleicht aber trotzdem auf die gleiche Geschichte aufgebaut ist. <\/p>\n\n\n\n<p>Ich hatte jetzt rund 85 km in den Beinen. Trotzdem f\u00fchlte ich mich auch nach den ganzen Auf und Ab noch gut.<\/p>\n\n\n\n<figure class=\"wp-block-gallery has-nested-images columns-default is-cropped wp-block-gallery-6 is-layout-flex wp-block-gallery-is-layout-flex\">\n<figure class=\"wp-block-image size-large\"><img loading=\"lazy\" decoding=\"async\" width=\"768\" height=\"1024\" data-id=\"7208\" src=\"https:\/\/cyclotourer.de\/wp-content\/uploads\/2024\/05\/IMG_1523-768x1024.jpeg\" alt=\"\" class=\"wp-image-7208\" srcset=\"https:\/\/cyclotourer.de\/wp-content\/uploads\/2024\/05\/IMG_1523-768x1024.jpeg 768w, https:\/\/cyclotourer.de\/wp-content\/uploads\/2024\/05\/IMG_1523-225x300.jpeg 225w, https:\/\/cyclotourer.de\/wp-content\/uploads\/2024\/05\/IMG_1523-113x150.jpeg 113w, https:\/\/cyclotourer.de\/wp-content\/uploads\/2024\/05\/IMG_1523-1152x1536.jpeg 1152w, https:\/\/cyclotourer.de\/wp-content\/uploads\/2024\/05\/IMG_1523.jpeg 1440w\" sizes=\"auto, (max-width: 768px) 100vw, 768px\" \/><\/figure>\n<\/figure>\n\n\n\n<p>Fritzlar kam in greifbarer N\u00e4he.<\/p>\n\n\n\n<figure class=\"wp-block-gallery has-nested-images columns-default is-cropped wp-block-gallery-7 is-layout-flex wp-block-gallery-is-layout-flex\">\n<figure class=\"wp-block-image size-large\"><img loading=\"lazy\" decoding=\"async\" width=\"1024\" height=\"768\" data-id=\"7206\" src=\"https:\/\/cyclotourer.de\/wp-content\/uploads\/2024\/05\/IMG_1525-1024x768.jpeg\" alt=\"\" class=\"wp-image-7206\" srcset=\"https:\/\/cyclotourer.de\/wp-content\/uploads\/2024\/05\/IMG_1525-1024x768.jpeg 1024w, https:\/\/cyclotourer.de\/wp-content\/uploads\/2024\/05\/IMG_1525-300x225.jpeg 300w, https:\/\/cyclotourer.de\/wp-content\/uploads\/2024\/05\/IMG_1525-150x113.jpeg 150w, https:\/\/cyclotourer.de\/wp-content\/uploads\/2024\/05\/IMG_1525-768x576.jpeg 768w, https:\/\/cyclotourer.de\/wp-content\/uploads\/2024\/05\/IMG_1525-1536x1152.jpeg 1536w, https:\/\/cyclotourer.de\/wp-content\/uploads\/2024\/05\/IMG_1525.jpeg 1920w\" sizes=\"auto, (max-width: 1024px) 100vw, 1024px\" \/><\/figure>\n<\/figure>\n\n\n\n<p>Ich musste nur noch am Heeresflugplatz Fritzlar vorbei und mich hoch in die Altstadt k\u00e4mpfen. Aber wie man an den folgenden Bildern unschwer erkennt, hat sich die M\u00fche gelohnt.<\/p>\n\n\n\n<figure class=\"wp-block-gallery has-nested-images columns-default is-cropped wp-block-gallery-8 is-layout-flex wp-block-gallery-is-layout-flex\">\n<figure class=\"wp-block-image size-large\"><img loading=\"lazy\" decoding=\"async\" width=\"1024\" height=\"768\" data-id=\"7204\" src=\"https:\/\/cyclotourer.de\/wp-content\/uploads\/2024\/05\/IMG_1527-1024x768.jpeg\" alt=\"\" class=\"wp-image-7204\" srcset=\"https:\/\/cyclotourer.de\/wp-content\/uploads\/2024\/05\/IMG_1527-1024x768.jpeg 1024w, https:\/\/cyclotourer.de\/wp-content\/uploads\/2024\/05\/IMG_1527-300x225.jpeg 300w, https:\/\/cyclotourer.de\/wp-content\/uploads\/2024\/05\/IMG_1527-150x113.jpeg 150w, https:\/\/cyclotourer.de\/wp-content\/uploads\/2024\/05\/IMG_1527-768x576.jpeg 768w, https:\/\/cyclotourer.de\/wp-content\/uploads\/2024\/05\/IMG_1527-1536x1152.jpeg 1536w, https:\/\/cyclotourer.de\/wp-content\/uploads\/2024\/05\/IMG_1527.jpeg 1920w\" sizes=\"auto, (max-width: 1024px) 100vw, 1024px\" \/><\/figure>\n\n\n\n<figure class=\"wp-block-image size-full\"><img loading=\"lazy\" decoding=\"async\" width=\"1920\" height=\"1440\" data-id=\"7203\" src=\"https:\/\/cyclotourer.de\/wp-content\/uploads\/2024\/05\/IMG_1528.jpeg\" alt=\"\" class=\"wp-image-7203\" srcset=\"https:\/\/cyclotourer.de\/wp-content\/uploads\/2024\/05\/IMG_1528.jpeg 1920w, https:\/\/cyclotourer.de\/wp-content\/uploads\/2024\/05\/IMG_1528-300x225.jpeg 300w, https:\/\/cyclotourer.de\/wp-content\/uploads\/2024\/05\/IMG_1528-1024x768.jpeg 1024w, https:\/\/cyclotourer.de\/wp-content\/uploads\/2024\/05\/IMG_1528-150x113.jpeg 150w, https:\/\/cyclotourer.de\/wp-content\/uploads\/2024\/05\/IMG_1528-768x576.jpeg 768w, https:\/\/cyclotourer.de\/wp-content\/uploads\/2024\/05\/IMG_1528-1536x1152.jpeg 1536w\" sizes=\"auto, (max-width: 1920px) 100vw, 1920px\" \/><\/figure>\n\n\n\n<figure class=\"wp-block-image size-large\"><img loading=\"lazy\" decoding=\"async\" width=\"1024\" height=\"768\" data-id=\"7202\" src=\"https:\/\/cyclotourer.de\/wp-content\/uploads\/2024\/05\/IMG_1529-1024x768.jpeg\" alt=\"\" class=\"wp-image-7202\" srcset=\"https:\/\/cyclotourer.de\/wp-content\/uploads\/2024\/05\/IMG_1529-1024x768.jpeg 1024w, https:\/\/cyclotourer.de\/wp-content\/uploads\/2024\/05\/IMG_1529-300x225.jpeg 300w, https:\/\/cyclotourer.de\/wp-content\/uploads\/2024\/05\/IMG_1529-150x113.jpeg 150w, https:\/\/cyclotourer.de\/wp-content\/uploads\/2024\/05\/IMG_1529-768x576.jpeg 768w, https:\/\/cyclotourer.de\/wp-content\/uploads\/2024\/05\/IMG_1529-1536x1152.jpeg 1536w, https:\/\/cyclotourer.de\/wp-content\/uploads\/2024\/05\/IMG_1529.jpeg 1920w\" sizes=\"auto, (max-width: 1024px) 100vw, 1024px\" \/><\/figure>\n\n\n\n<figure class=\"wp-block-image size-large\"><img loading=\"lazy\" decoding=\"async\" width=\"768\" height=\"1024\" data-id=\"7201\" src=\"https:\/\/cyclotourer.de\/wp-content\/uploads\/2024\/05\/IMG_1530-768x1024.jpeg\" alt=\"\" class=\"wp-image-7201\" srcset=\"https:\/\/cyclotourer.de\/wp-content\/uploads\/2024\/05\/IMG_1530-768x1024.jpeg 768w, https:\/\/cyclotourer.de\/wp-content\/uploads\/2024\/05\/IMG_1530-225x300.jpeg 225w, https:\/\/cyclotourer.de\/wp-content\/uploads\/2024\/05\/IMG_1530-113x150.jpeg 113w, https:\/\/cyclotourer.de\/wp-content\/uploads\/2024\/05\/IMG_1530-1152x1536.jpeg 1152w, https:\/\/cyclotourer.de\/wp-content\/uploads\/2024\/05\/IMG_1530.jpeg 1440w\" sizes=\"auto, (max-width: 768px) 100vw, 768px\" \/><\/figure>\n\n\n\n<figure class=\"wp-block-image size-large\"><img loading=\"lazy\" decoding=\"async\" width=\"768\" height=\"1024\" data-id=\"7200\" src=\"https:\/\/cyclotourer.de\/wp-content\/uploads\/2024\/05\/IMG_1531-768x1024.jpeg\" alt=\"\" class=\"wp-image-7200\" srcset=\"https:\/\/cyclotourer.de\/wp-content\/uploads\/2024\/05\/IMG_1531-768x1024.jpeg 768w, https:\/\/cyclotourer.de\/wp-content\/uploads\/2024\/05\/IMG_1531-225x300.jpeg 225w, https:\/\/cyclotourer.de\/wp-content\/uploads\/2024\/05\/IMG_1531-113x150.jpeg 113w, https:\/\/cyclotourer.de\/wp-content\/uploads\/2024\/05\/IMG_1531-1152x1536.jpeg 1152w, https:\/\/cyclotourer.de\/wp-content\/uploads\/2024\/05\/IMG_1531.jpeg 1440w\" sizes=\"auto, (max-width: 768px) 100vw, 768px\" \/><\/figure>\n\n\n\n<figure class=\"wp-block-image size-large\"><img loading=\"lazy\" decoding=\"async\" width=\"768\" height=\"1024\" data-id=\"7199\" src=\"https:\/\/cyclotourer.de\/wp-content\/uploads\/2024\/05\/IMG_1532-768x1024.jpeg\" alt=\"\" class=\"wp-image-7199\" srcset=\"https:\/\/cyclotourer.de\/wp-content\/uploads\/2024\/05\/IMG_1532-768x1024.jpeg 768w, https:\/\/cyclotourer.de\/wp-content\/uploads\/2024\/05\/IMG_1532-225x300.jpeg 225w, https:\/\/cyclotourer.de\/wp-content\/uploads\/2024\/05\/IMG_1532-113x150.jpeg 113w, https:\/\/cyclotourer.de\/wp-content\/uploads\/2024\/05\/IMG_1532-1152x1536.jpeg 1152w, https:\/\/cyclotourer.de\/wp-content\/uploads\/2024\/05\/IMG_1532.jpeg 1440w\" sizes=\"auto, (max-width: 768px) 100vw, 768px\" \/><\/figure>\n\n\n\n<figure class=\"wp-block-image size-large\"><img loading=\"lazy\" decoding=\"async\" width=\"1024\" height=\"768\" data-id=\"7198\" src=\"https:\/\/cyclotourer.de\/wp-content\/uploads\/2024\/05\/IMG_1533-1024x768.jpeg\" alt=\"\" class=\"wp-image-7198\" srcset=\"https:\/\/cyclotourer.de\/wp-content\/uploads\/2024\/05\/IMG_1533-1024x768.jpeg 1024w, https:\/\/cyclotourer.de\/wp-content\/uploads\/2024\/05\/IMG_1533-300x225.jpeg 300w, https:\/\/cyclotourer.de\/wp-content\/uploads\/2024\/05\/IMG_1533-150x113.jpeg 150w, https:\/\/cyclotourer.de\/wp-content\/uploads\/2024\/05\/IMG_1533-768x576.jpeg 768w, https:\/\/cyclotourer.de\/wp-content\/uploads\/2024\/05\/IMG_1533-1536x1152.jpeg 1536w, https:\/\/cyclotourer.de\/wp-content\/uploads\/2024\/05\/IMG_1533.jpeg 1920w\" sizes=\"auto, (max-width: 1024px) 100vw, 1024px\" \/><\/figure>\n\n\n\n<figure class=\"wp-block-image size-large\"><img loading=\"lazy\" decoding=\"async\" width=\"768\" height=\"1024\" data-id=\"7197\" src=\"https:\/\/cyclotourer.de\/wp-content\/uploads\/2024\/05\/IMG_1534-768x1024.jpeg\" alt=\"\" class=\"wp-image-7197\" srcset=\"https:\/\/cyclotourer.de\/wp-content\/uploads\/2024\/05\/IMG_1534-768x1024.jpeg 768w, https:\/\/cyclotourer.de\/wp-content\/uploads\/2024\/05\/IMG_1534-225x300.jpeg 225w, https:\/\/cyclotourer.de\/wp-content\/uploads\/2024\/05\/IMG_1534-113x150.jpeg 113w, https:\/\/cyclotourer.de\/wp-content\/uploads\/2024\/05\/IMG_1534-1152x1536.jpeg 1152w, https:\/\/cyclotourer.de\/wp-content\/uploads\/2024\/05\/IMG_1534.jpeg 1440w\" sizes=\"auto, (max-width: 768px) 100vw, 768px\" \/><\/figure>\n<\/figure>\n\n\n\n<p>Da ich mit der Bahn zur\u00fcckfahren wollte aber in Fritzlar der Bahnhof nach der Modernisierung noch nicht fertig ist, musste ich noch die Strecke zum n\u00e4chstm\u00f6glichen Bahnhof zur\u00fccklegen. So kamen mit dem Weg nach Wabern nochmal knapp 8 km zu der eigentlichen Strecke dazu. Nun konnte ich zumindest die Aufzeichnung der Strecke beenden.<\/p>\n\n\n\n<figure class=\"wp-block-gallery has-nested-images columns-default is-cropped wp-block-gallery-9 is-layout-flex wp-block-gallery-is-layout-flex\">\n<figure class=\"wp-block-image size-large\"><img loading=\"lazy\" decoding=\"async\" width=\"768\" height=\"1024\" data-id=\"7196\" src=\"https:\/\/cyclotourer.de\/wp-content\/uploads\/2024\/05\/IMG_1536-768x1024.jpeg\" alt=\"\" class=\"wp-image-7196\" srcset=\"https:\/\/cyclotourer.de\/wp-content\/uploads\/2024\/05\/IMG_1536-768x1024.jpeg 768w, https:\/\/cyclotourer.de\/wp-content\/uploads\/2024\/05\/IMG_1536-225x300.jpeg 225w, https:\/\/cyclotourer.de\/wp-content\/uploads\/2024\/05\/IMG_1536-113x150.jpeg 113w, https:\/\/cyclotourer.de\/wp-content\/uploads\/2024\/05\/IMG_1536-1152x1536.jpeg 1152w, https:\/\/cyclotourer.de\/wp-content\/uploads\/2024\/05\/IMG_1536.jpeg 1440w\" sizes=\"auto, (max-width: 768px) 100vw, 768px\" \/><\/figure>\n\n\n\n<figure class=\"wp-block-image size-large\"><img loading=\"lazy\" decoding=\"async\" width=\"1024\" height=\"768\" data-id=\"7195\" src=\"https:\/\/cyclotourer.de\/wp-content\/uploads\/2024\/05\/IMG_1537-1024x768.jpeg\" alt=\"\" class=\"wp-image-7195\" srcset=\"https:\/\/cyclotourer.de\/wp-content\/uploads\/2024\/05\/IMG_1537-1024x768.jpeg 1024w, https:\/\/cyclotourer.de\/wp-content\/uploads\/2024\/05\/IMG_1537-300x225.jpeg 300w, https:\/\/cyclotourer.de\/wp-content\/uploads\/2024\/05\/IMG_1537-150x113.jpeg 150w, https:\/\/cyclotourer.de\/wp-content\/uploads\/2024\/05\/IMG_1537-768x576.jpeg 768w, https:\/\/cyclotourer.de\/wp-content\/uploads\/2024\/05\/IMG_1537-1536x1152.jpeg 1536w, https:\/\/cyclotourer.de\/wp-content\/uploads\/2024\/05\/IMG_1537.jpeg 1920w\" sizes=\"auto, (max-width: 1024px) 100vw, 1024px\" \/><\/figure>\n<\/figure>\n\n\n\n<figure class=\"wp-block-gallery has-nested-images columns-default is-cropped wp-block-gallery-10 is-layout-flex wp-block-gallery-is-layout-flex\">\n<figure class=\"wp-block-image size-large\"><img loading=\"lazy\" decoding=\"async\" width=\"1024\" height=\"768\" data-id=\"7194\" src=\"https:\/\/cyclotourer.de\/wp-content\/uploads\/2024\/05\/IMG_1538-1024x768.jpeg\" alt=\"\" class=\"wp-image-7194\" srcset=\"https:\/\/cyclotourer.de\/wp-content\/uploads\/2024\/05\/IMG_1538-1024x768.jpeg 1024w, https:\/\/cyclotourer.de\/wp-content\/uploads\/2024\/05\/IMG_1538-300x225.jpeg 300w, https:\/\/cyclotourer.de\/wp-content\/uploads\/2024\/05\/IMG_1538-150x113.jpeg 150w, https:\/\/cyclotourer.de\/wp-content\/uploads\/2024\/05\/IMG_1538-768x576.jpeg 768w, https:\/\/cyclotourer.de\/wp-content\/uploads\/2024\/05\/IMG_1538-1536x1152.jpeg 1536w, https:\/\/cyclotourer.de\/wp-content\/uploads\/2024\/05\/IMG_1538.jpeg 1920w\" sizes=\"auto, (max-width: 1024px) 100vw, 1024px\" \/><\/figure>\n\n\n\n<figure class=\"wp-block-image size-large\"><img loading=\"lazy\" decoding=\"async\" width=\"1024\" height=\"768\" data-id=\"7193\" src=\"https:\/\/cyclotourer.de\/wp-content\/uploads\/2024\/05\/IMG_1539-1024x768.jpeg\" alt=\"\" class=\"wp-image-7193\" srcset=\"https:\/\/cyclotourer.de\/wp-content\/uploads\/2024\/05\/IMG_1539-1024x768.jpeg 1024w, https:\/\/cyclotourer.de\/wp-content\/uploads\/2024\/05\/IMG_1539-300x225.jpeg 300w, https:\/\/cyclotourer.de\/wp-content\/uploads\/2024\/05\/IMG_1539-150x113.jpeg 150w, https:\/\/cyclotourer.de\/wp-content\/uploads\/2024\/05\/IMG_1539-768x576.jpeg 768w, https:\/\/cyclotourer.de\/wp-content\/uploads\/2024\/05\/IMG_1539-1536x1152.jpeg 1536w, https:\/\/cyclotourer.de\/wp-content\/uploads\/2024\/05\/IMG_1539.jpeg 1920w\" sizes=\"auto, (max-width: 1024px) 100vw, 1024px\" \/><\/figure>\n<\/figure>\n\n\n\n<p>Wenn die Br\u00fccke nicht gesperrt und ich die Kletteraktion \u00fcber das Treibgut nicht gehabt h\u00e4tte, w\u00e4re ich die Strecke bis nach Fritzlar tats\u00e4chlich unter 5 Stunden gefahren. Aber so war es noch Mal ein Abenteuer f\u00fcr sich&#8230;<\/p>\n\n\n\n<p><a href=\"https:\/\/www.komoot.com\/de-de\/tour\/1541380316?share_token=axRd0QqeACLo3UwdvB9vtMIZmXrCH8Qcmlji2D1TdEstOV1tAh&amp;ref=wtd\">Komoot<\/a><\/p>\n\n\n\n<p>Mit der Bahn kam ich bis Hungen. Nun lagen nochmals rund 10 km vor mir. Aber die sollten dann ja auch nicht mehr ins Gewicht fallen&#8230;<\/p>\n\n\n\n<figure class=\"wp-block-image size-large\"><img loading=\"lazy\" decoding=\"async\" width=\"1024\" height=\"1024\" src=\"https:\/\/cyclotourer.de\/wp-content\/uploads\/2024\/05\/IMG_1541-1024x1024.jpg\" alt=\"\" class=\"wp-image-7236\" srcset=\"https:\/\/cyclotourer.de\/wp-content\/uploads\/2024\/05\/IMG_1541-1024x1024.jpg 1024w, https:\/\/cyclotourer.de\/wp-content\/uploads\/2024\/05\/IMG_1541-300x300.jpg 300w, https:\/\/cyclotourer.de\/wp-content\/uploads\/2024\/05\/IMG_1541-150x150.jpg 150w, https:\/\/cyclotourer.de\/wp-content\/uploads\/2024\/05\/IMG_1541-768x768.jpg 768w, https:\/\/cyclotourer.de\/wp-content\/uploads\/2024\/05\/IMG_1541-1536x1536.jpg 1536w, https:\/\/cyclotourer.de\/wp-content\/uploads\/2024\/05\/IMG_1541.jpg 1920w\" sizes=\"auto, (max-width: 1024px) 100vw, 1024px\" \/><\/figure>\n","protected":false},"excerpt":{"rendered":"<p>Einer der ersten sonnigen Tage in diesem Jahr und ich hatte frei. Das musste einfach ausgenutzt werden! Also plante ich schnell eine Tour und machte [&#8230;]<\/p>\n","protected":false},"author":2,"featured_media":7235,"comment_status":"open","ping_status":"open","sticky":false,"template":"","format":"standard","meta":{"footnotes":""},"categories":[121],"tags":[],"class_list":["post-7237","post","type-post","status-publish","format-standard","has-post-thumbnail","hentry","category-touren"],"_links":{"self":[{"href":"https:\/\/cyclotourer.de\/index.php?rest_route=\/wp\/v2\/posts\/7237","targetHints":{"allow":["GET"]}}],"collection":[{"href":"https:\/\/cyclotourer.de\/index.php?rest_route=\/wp\/v2\/posts"}],"about":[{"href":"https:\/\/cyclotourer.de\/index.php?rest_route=\/wp\/v2\/types\/post"}],"author":[{"embeddable":true,"href":"https:\/\/cyclotourer.de\/index.php?rest_route=\/wp\/v2\/users\/2"}],"replies":[{"embeddable":true,"href":"https:\/\/cyclotourer.de\/index.php?rest_route=%2Fwp%2Fv2%2Fcomments&post=7237"}],"version-history":[{"count":11,"href":"https:\/\/cyclotourer.de\/index.php?rest_route=\/wp\/v2\/posts\/7237\/revisions"}],"predecessor-version":[{"id":7252,"href":"https:\/\/cyclotourer.de\/index.php?rest_route=\/wp\/v2\/posts\/7237\/revisions\/7252"}],"wp:featuredmedia":[{"embeddable":true,"href":"https:\/\/cyclotourer.de\/index.php?rest_route=\/wp\/v2\/media\/7235"}],"wp:attachment":[{"href":"https:\/\/cyclotourer.de\/index.php?rest_route=%2Fwp%2Fv2%2Fmedia&parent=7237"}],"wp:term":[{"taxonomy":"category","embeddable":true,"href":"https:\/\/cyclotourer.de\/index.php?rest_route=%2Fwp%2Fv2%2Fcategories&post=7237"},{"taxonomy":"post_tag","embeddable":true,"href":"https:\/\/cyclotourer.de\/index.php?rest_route=%2Fwp%2Fv2%2Ftags&post=7237"}],"curies":[{"name":"wp","href":"https:\/\/api.w.org\/{rel}","templated":true}]}}