{"id":6065,"date":"2023-05-07T12:43:00","date_gmt":"2023-05-07T12:43:00","guid":{"rendered":"https:\/\/cyclotourer.de\/?p=6065"},"modified":"2023-05-08T19:44:29","modified_gmt":"2023-05-08T19:44:29","slug":"gutenberg-marathon-mainz","status":"publish","type":"post","link":"https:\/\/cyclotourer.de\/?p=6065","title":{"rendered":"Gutenberg Marathon Mainz"},"content":{"rendered":"\n<p>Am 7.Mai 2023 war es endlich wieder so weit, der Gutenberg-Marathon in Mainz fand nach den Coronabedingten Absagen endlich wieder statt.<\/p>\n\n\n\n<p>Da meine Frau schon lange einen Marathon laufen wollte, schenkte ich ihr den Startplatz zur Motivation.<\/p>\n\n\n\n<p>Selber meldete ich mich f\u00fcr den Halbmarathon an. Da dies bereits vor einigen Monaten passierte und ich wieder mit einem eher schlechten Trainingsstand rechnetet, wollte ich mir den Druck mit einem ganzen Marathon nicht geben. <\/p>\n\n\n\n<p>So kam es auch. Mein Training war eher schlecht als recht und ich war froh, dass ich mich nur f\u00fcr den Halben angemeldet hatte. Umso motivierter und wesentlich besser trainiert war meine Frau.<\/p>\n\n\n<div class=\"wp-block-image\">\n<figure class=\"aligncenter size-large is-resized\"><img loading=\"lazy\" decoding=\"async\" src=\"https:\/\/cyclotourer.de\/wp-content\/uploads\/2023\/05\/IMG_9738-768x1024.jpeg\" alt=\"\" class=\"wp-image-6072\" width=\"384\" height=\"512\" srcset=\"https:\/\/cyclotourer.de\/wp-content\/uploads\/2023\/05\/IMG_9738-768x1024.jpeg 768w, https:\/\/cyclotourer.de\/wp-content\/uploads\/2023\/05\/IMG_9738-225x300.jpeg 225w, https:\/\/cyclotourer.de\/wp-content\/uploads\/2023\/05\/IMG_9738-113x150.jpeg 113w, https:\/\/cyclotourer.de\/wp-content\/uploads\/2023\/05\/IMG_9738-1152x1536.jpeg 1152w, https:\/\/cyclotourer.de\/wp-content\/uploads\/2023\/05\/IMG_9738.jpeg 1440w\" sizes=\"auto, (max-width: 384px) 100vw, 384px\" \/><\/figure>\n<\/div>\n\n\n<p>Da sich meine Schw\u00e4gerinnen und mein Schwager f\u00fcr einen Staffellauf motivieren lie\u00dfen, waren sie mit am Start.<\/p>\n\n\n\n<p>Bestens gelaunt fuhren wir morgens nach Mainz. Da die Startunterlagen bereits ein Tag zuvor abgeholt wurden, war der Start an dem sonnigen Tag entspannt und wir konnten uns mental gut vorbereiten.<\/p>\n\n\n<div class=\"wp-block-image\">\n<figure class=\"aligncenter size-large is-resized\"><img loading=\"lazy\" decoding=\"async\" src=\"https:\/\/cyclotourer.de\/wp-content\/uploads\/2023\/05\/IMG_4117-1024x768.jpeg\" alt=\"\" class=\"wp-image-6067\" width=\"512\" height=\"384\" srcset=\"https:\/\/cyclotourer.de\/wp-content\/uploads\/2023\/05\/IMG_4117-1024x768.jpeg 1024w, https:\/\/cyclotourer.de\/wp-content\/uploads\/2023\/05\/IMG_4117-300x225.jpeg 300w, https:\/\/cyclotourer.de\/wp-content\/uploads\/2023\/05\/IMG_4117-150x113.jpeg 150w, https:\/\/cyclotourer.de\/wp-content\/uploads\/2023\/05\/IMG_4117-768x576.jpeg 768w, https:\/\/cyclotourer.de\/wp-content\/uploads\/2023\/05\/IMG_4117-1536x1152.jpeg 1536w, https:\/\/cyclotourer.de\/wp-content\/uploads\/2023\/05\/IMG_4117.jpeg 1920w\" sizes=\"auto, (max-width: 512px) 100vw, 512px\" \/><\/figure>\n<\/div>\n\n\n<p>Trotz der langen Corona-Pause war der Gutenberg-Marathon wie in den Jahren zuvor bestens organisiert. Der Start lief nahezu reibungslos und trotz der Menschenmasse ging es z\u00fcgig voran. <\/p>\n\n\n<div class=\"wp-block-image\">\n<figure class=\"aligncenter size-large is-resized\"><img loading=\"lazy\" decoding=\"async\" src=\"https:\/\/cyclotourer.de\/wp-content\/uploads\/2023\/05\/IMG_4120-1024x768.jpeg\" alt=\"\" class=\"wp-image-6070\" width=\"512\" height=\"384\" srcset=\"https:\/\/cyclotourer.de\/wp-content\/uploads\/2023\/05\/IMG_4120-1024x768.jpeg 1024w, https:\/\/cyclotourer.de\/wp-content\/uploads\/2023\/05\/IMG_4120-300x225.jpeg 300w, https:\/\/cyclotourer.de\/wp-content\/uploads\/2023\/05\/IMG_4120-150x113.jpeg 150w, https:\/\/cyclotourer.de\/wp-content\/uploads\/2023\/05\/IMG_4120-768x576.jpeg 768w, https:\/\/cyclotourer.de\/wp-content\/uploads\/2023\/05\/IMG_4120-1536x1152.jpeg 1536w, https:\/\/cyclotourer.de\/wp-content\/uploads\/2023\/05\/IMG_4120.jpeg 1920w\" sizes=\"auto, (max-width: 512px) 100vw, 512px\" \/><\/figure>\n<\/div>\n\n\n<p>Mit dem Puls im Blick lief ich mein Tempo. Ich musste mich nicht mal gro\u00dfartig darauf konzentrieren, mich nicht von den gr\u00f6lenden Zuschauern und den lauten Musikgruppen am Streckenrand mitrei\u00dfen zu lassen. Die ersten Kilometer liefen sich gut. Die Strecke war zwar zum letzten Mal etwas ver\u00e4ndert, war aber fast genau so sch\u00f6n. <\/p>\n\n\n\n<p>Nach Kilometer f\u00fcnfzehn machte sich der Trainingstand bemerkbar. es zwickte hier und da und ich musste etwas Tempo raus nehmen. An den Versorgungsstationen lie\u00df ich mir aufgrund der pl\u00f6tzlich sommerlichen Temperaturen in diesem Jahr Zeit zum Trinken. Ich sprintete nicht gleich weiter, trank langsam uns bedacht denn schlie\u00dflich war ja doch das Durchkommen das Ziel. <\/p>\n\n\n\n<p>Das schaffte ich auch! Zwar nicht zu meiner gew\u00fcnschten Zeit um die 2 Std, aber die halbe Stunde l\u00e4nger waren mir dann ganz ehrlich auch egal, die Hauptsache ich hatte das Ziel erreicht.<\/p>\n\n\n<div class=\"wp-block-image\">\n<figure class=\"aligncenter size-large is-resized\"><img loading=\"lazy\" decoding=\"async\" src=\"https:\/\/cyclotourer.de\/wp-content\/uploads\/2023\/05\/IMG_4121-1024x768.jpeg\" alt=\"\" class=\"wp-image-6071\" width=\"512\" height=\"384\" srcset=\"https:\/\/cyclotourer.de\/wp-content\/uploads\/2023\/05\/IMG_4121-1024x768.jpeg 1024w, https:\/\/cyclotourer.de\/wp-content\/uploads\/2023\/05\/IMG_4121-300x225.jpeg 300w, https:\/\/cyclotourer.de\/wp-content\/uploads\/2023\/05\/IMG_4121-150x113.jpeg 150w, https:\/\/cyclotourer.de\/wp-content\/uploads\/2023\/05\/IMG_4121-768x576.jpeg 768w, https:\/\/cyclotourer.de\/wp-content\/uploads\/2023\/05\/IMG_4121-1536x1152.jpeg 1536w, https:\/\/cyclotourer.de\/wp-content\/uploads\/2023\/05\/IMG_4121.jpeg 1920w\" sizes=\"auto, (max-width: 512px) 100vw, 512px\" \/><\/figure>\n<\/div>\n\n\n<p>Nach 2:30h kam ich im Ziel an. Geschafft, 21 Kilometer waren hinter mir gelassen \ud83d\ude42<\/p>\n\n\n<div class=\"wp-block-image\">\n<figure class=\"aligncenter size-full is-resized\"><img loading=\"lazy\" decoding=\"async\" src=\"https:\/\/cyclotourer.de\/wp-content\/uploads\/2023\/05\/urkunde.jpg\" alt=\"\" class=\"wp-image-6073\" width=\"298\" height=\"421\" srcset=\"https:\/\/cyclotourer.de\/wp-content\/uploads\/2023\/05\/urkunde.jpg 595w, https:\/\/cyclotourer.de\/wp-content\/uploads\/2023\/05\/urkunde-212x300.jpg 212w, https:\/\/cyclotourer.de\/wp-content\/uploads\/2023\/05\/urkunde-106x150.jpg 106w\" sizes=\"auto, (max-width: 298px) 100vw, 298px\" \/><\/figure>\n<\/div>\n\n\n<p>Meine Frau finishte \u00fcbergl\u00fccklich ihren ersten Marathon! <\/p>\n\n\n\n<p>Mit einem leichten Sonnenbrand fuhren wir alle zufrieden wieder in Richtung Heimat. Es wartete zum Abschluss noch ein Treffen mit Freunden, dann konnten wir uns mit unserer Verabredung und dazu noch mit leckerem griechischem Essen selbst belohnen \ud83d\ude09<\/p>\n\n\n\n<figure class=\"wp-block-gallery has-nested-images columns-default is-cropped wp-block-gallery-1 is-layout-flex wp-block-gallery-is-layout-flex\">\n<figure class=\"wp-block-image size-large\"><img loading=\"lazy\" decoding=\"async\" width=\"1024\" height=\"768\" data-id=\"6077\" src=\"https:\/\/cyclotourer.de\/wp-content\/uploads\/2023\/05\/IMG_4117-1-1024x768.jpeg\" alt=\"\" class=\"wp-image-6077\" srcset=\"https:\/\/cyclotourer.de\/wp-content\/uploads\/2023\/05\/IMG_4117-1-1024x768.jpeg 1024w, https:\/\/cyclotourer.de\/wp-content\/uploads\/2023\/05\/IMG_4117-1-300x225.jpeg 300w, https:\/\/cyclotourer.de\/wp-content\/uploads\/2023\/05\/IMG_4117-1-150x113.jpeg 150w, https:\/\/cyclotourer.de\/wp-content\/uploads\/2023\/05\/IMG_4117-1-768x576.jpeg 768w, https:\/\/cyclotourer.de\/wp-content\/uploads\/2023\/05\/IMG_4117-1-1536x1152.jpeg 1536w, https:\/\/cyclotourer.de\/wp-content\/uploads\/2023\/05\/IMG_4117-1.jpeg 1920w\" sizes=\"auto, (max-width: 1024px) 100vw, 1024px\" \/><\/figure>\n\n\n\n<figure class=\"wp-block-image size-large\"><img loading=\"lazy\" decoding=\"async\" width=\"1024\" height=\"768\" data-id=\"6074\" src=\"https:\/\/cyclotourer.de\/wp-content\/uploads\/2023\/05\/IMG_4119-1-1024x768.jpeg\" alt=\"\" class=\"wp-image-6074\" srcset=\"https:\/\/cyclotourer.de\/wp-content\/uploads\/2023\/05\/IMG_4119-1-1024x768.jpeg 1024w, https:\/\/cyclotourer.de\/wp-content\/uploads\/2023\/05\/IMG_4119-1-300x225.jpeg 300w, https:\/\/cyclotourer.de\/wp-content\/uploads\/2023\/05\/IMG_4119-1-150x113.jpeg 150w, https:\/\/cyclotourer.de\/wp-content\/uploads\/2023\/05\/IMG_4119-1-768x576.jpeg 768w, https:\/\/cyclotourer.de\/wp-content\/uploads\/2023\/05\/IMG_4119-1-1536x1152.jpeg 1536w, https:\/\/cyclotourer.de\/wp-content\/uploads\/2023\/05\/IMG_4119-1.jpeg 1920w\" sizes=\"auto, (max-width: 1024px) 100vw, 1024px\" \/><\/figure>\n\n\n\n<figure class=\"wp-block-image size-large\"><img loading=\"lazy\" decoding=\"async\" width=\"1024\" height=\"768\" data-id=\"6078\" src=\"https:\/\/cyclotourer.de\/wp-content\/uploads\/2023\/05\/IMG_4120-1-1024x768.jpeg\" alt=\"\" class=\"wp-image-6078\" srcset=\"https:\/\/cyclotourer.de\/wp-content\/uploads\/2023\/05\/IMG_4120-1-1024x768.jpeg 1024w, https:\/\/cyclotourer.de\/wp-content\/uploads\/2023\/05\/IMG_4120-1-300x225.jpeg 300w, https:\/\/cyclotourer.de\/wp-content\/uploads\/2023\/05\/IMG_4120-1-150x113.jpeg 150w, https:\/\/cyclotourer.de\/wp-content\/uploads\/2023\/05\/IMG_4120-1-768x576.jpeg 768w, https:\/\/cyclotourer.de\/wp-content\/uploads\/2023\/05\/IMG_4120-1-1536x1152.jpeg 1536w, https:\/\/cyclotourer.de\/wp-content\/uploads\/2023\/05\/IMG_4120-1.jpeg 1920w\" sizes=\"auto, (max-width: 1024px) 100vw, 1024px\" \/><\/figure>\n\n\n\n<figure class=\"wp-block-image size-large\"><img loading=\"lazy\" decoding=\"async\" width=\"1024\" height=\"768\" data-id=\"6076\" src=\"https:\/\/cyclotourer.de\/wp-content\/uploads\/2023\/05\/IMG_4121-1-1024x768.jpeg\" alt=\"\" class=\"wp-image-6076\" srcset=\"https:\/\/cyclotourer.de\/wp-content\/uploads\/2023\/05\/IMG_4121-1-1024x768.jpeg 1024w, https:\/\/cyclotourer.de\/wp-content\/uploads\/2023\/05\/IMG_4121-1-300x225.jpeg 300w, https:\/\/cyclotourer.de\/wp-content\/uploads\/2023\/05\/IMG_4121-1-150x113.jpeg 150w, https:\/\/cyclotourer.de\/wp-content\/uploads\/2023\/05\/IMG_4121-1-768x576.jpeg 768w, https:\/\/cyclotourer.de\/wp-content\/uploads\/2023\/05\/IMG_4121-1-1536x1152.jpeg 1536w, https:\/\/cyclotourer.de\/wp-content\/uploads\/2023\/05\/IMG_4121-1.jpeg 1920w\" sizes=\"auto, (max-width: 1024px) 100vw, 1024px\" \/><\/figure>\n\n\n\n<figure class=\"wp-block-image size-large\"><img loading=\"lazy\" decoding=\"async\" width=\"1024\" height=\"768\" data-id=\"6079\" src=\"https:\/\/cyclotourer.de\/wp-content\/uploads\/2023\/05\/IMG_4123-1024x768.jpeg\" alt=\"\" class=\"wp-image-6079\" srcset=\"https:\/\/cyclotourer.de\/wp-content\/uploads\/2023\/05\/IMG_4123-1024x768.jpeg 1024w, https:\/\/cyclotourer.de\/wp-content\/uploads\/2023\/05\/IMG_4123-300x225.jpeg 300w, https:\/\/cyclotourer.de\/wp-content\/uploads\/2023\/05\/IMG_4123-150x113.jpeg 150w, https:\/\/cyclotourer.de\/wp-content\/uploads\/2023\/05\/IMG_4123-768x576.jpeg 768w, https:\/\/cyclotourer.de\/wp-content\/uploads\/2023\/05\/IMG_4123-1536x1152.jpeg 1536w, https:\/\/cyclotourer.de\/wp-content\/uploads\/2023\/05\/IMG_4123.jpeg 1920w\" sizes=\"auto, (max-width: 1024px) 100vw, 1024px\" \/><\/figure>\n\n\n\n<figure class=\"wp-block-image size-large\"><img loading=\"lazy\" decoding=\"async\" width=\"768\" height=\"1024\" data-id=\"6083\" src=\"https:\/\/cyclotourer.de\/wp-content\/uploads\/2023\/05\/IMG_4131-768x1024.jpeg\" alt=\"\" class=\"wp-image-6083\" srcset=\"https:\/\/cyclotourer.de\/wp-content\/uploads\/2023\/05\/IMG_4131-768x1024.jpeg 768w, https:\/\/cyclotourer.de\/wp-content\/uploads\/2023\/05\/IMG_4131-225x300.jpeg 225w, https:\/\/cyclotourer.de\/wp-content\/uploads\/2023\/05\/IMG_4131-113x150.jpeg 113w, https:\/\/cyclotourer.de\/wp-content\/uploads\/2023\/05\/IMG_4131-1152x1536.jpeg 1152w, https:\/\/cyclotourer.de\/wp-content\/uploads\/2023\/05\/IMG_4131.jpeg 1440w\" sizes=\"auto, (max-width: 768px) 100vw, 768px\" \/><\/figure>\n\n\n\n<figure class=\"wp-block-image size-large\"><img loading=\"lazy\" decoding=\"async\" width=\"768\" height=\"1024\" data-id=\"6082\" src=\"https:\/\/cyclotourer.de\/wp-content\/uploads\/2023\/05\/IMG_4137-768x1024.jpeg\" alt=\"\" class=\"wp-image-6082\" srcset=\"https:\/\/cyclotourer.de\/wp-content\/uploads\/2023\/05\/IMG_4137-768x1024.jpeg 768w, https:\/\/cyclotourer.de\/wp-content\/uploads\/2023\/05\/IMG_4137-225x300.jpeg 225w, https:\/\/cyclotourer.de\/wp-content\/uploads\/2023\/05\/IMG_4137-113x150.jpeg 113w, https:\/\/cyclotourer.de\/wp-content\/uploads\/2023\/05\/IMG_4137-1152x1536.jpeg 1152w, https:\/\/cyclotourer.de\/wp-content\/uploads\/2023\/05\/IMG_4137.jpeg 1440w\" sizes=\"auto, (max-width: 768px) 100vw, 768px\" \/><\/figure>\n\n\n\n<figure class=\"wp-block-image size-large\"><img loading=\"lazy\" decoding=\"async\" width=\"1024\" height=\"768\" data-id=\"6081\" src=\"https:\/\/cyclotourer.de\/wp-content\/uploads\/2023\/05\/IMG_4138-1-1024x768.jpeg\" alt=\"\" class=\"wp-image-6081\" srcset=\"https:\/\/cyclotourer.de\/wp-content\/uploads\/2023\/05\/IMG_4138-1-1024x768.jpeg 1024w, https:\/\/cyclotourer.de\/wp-content\/uploads\/2023\/05\/IMG_4138-1-300x225.jpeg 300w, https:\/\/cyclotourer.de\/wp-content\/uploads\/2023\/05\/IMG_4138-1-150x113.jpeg 150w, https:\/\/cyclotourer.de\/wp-content\/uploads\/2023\/05\/IMG_4138-1-768x576.jpeg 768w, https:\/\/cyclotourer.de\/wp-content\/uploads\/2023\/05\/IMG_4138-1-1536x1152.jpeg 1536w, https:\/\/cyclotourer.de\/wp-content\/uploads\/2023\/05\/IMG_4138-1.jpeg 1920w\" sizes=\"auto, (max-width: 1024px) 100vw, 1024px\" \/><\/figure>\n\n\n\n<figure class=\"wp-block-image size-large\"><img loading=\"lazy\" decoding=\"async\" width=\"768\" height=\"1024\" data-id=\"6080\" src=\"https:\/\/cyclotourer.de\/wp-content\/uploads\/2023\/05\/IMG_9738-1-768x1024.jpeg\" alt=\"\" class=\"wp-image-6080\" srcset=\"https:\/\/cyclotourer.de\/wp-content\/uploads\/2023\/05\/IMG_9738-1-768x1024.jpeg 768w, https:\/\/cyclotourer.de\/wp-content\/uploads\/2023\/05\/IMG_9738-1-225x300.jpeg 225w, https:\/\/cyclotourer.de\/wp-content\/uploads\/2023\/05\/IMG_9738-1-113x150.jpeg 113w, https:\/\/cyclotourer.de\/wp-content\/uploads\/2023\/05\/IMG_9738-1-1152x1536.jpeg 1152w, https:\/\/cyclotourer.de\/wp-content\/uploads\/2023\/05\/IMG_9738-1.jpeg 1440w\" sizes=\"auto, (max-width: 768px) 100vw, 768px\" \/><\/figure>\n<\/figure>\n","protected":false},"excerpt":{"rendered":"<p>Am 7.Mai 2023 war es endlich wieder so weit, der Gutenberg-Marathon in Mainz fand nach den Coronabedingten Absagen endlich wieder statt. Da meine Frau schon [&#8230;]<\/p>\n","protected":false},"author":2,"featured_media":6066,"comment_status":"open","ping_status":"open","sticky":false,"template":"","format":"standard","meta":{"footnotes":""},"categories":[164],"tags":[279,280,188],"class_list":["post-6065","post","type-post","status-publish","format-standard","has-post-thumbnail","hentry","category-marathon","tag-gutenberg-nmarathon","tag-halbmarathon","tag-mainz"],"_links":{"self":[{"href":"https:\/\/cyclotourer.de\/index.php?rest_route=\/wp\/v2\/posts\/6065","targetHints":{"allow":["GET"]}}],"collection":[{"href":"https:\/\/cyclotourer.de\/index.php?rest_route=\/wp\/v2\/posts"}],"about":[{"href":"https:\/\/cyclotourer.de\/index.php?rest_route=\/wp\/v2\/types\/post"}],"author":[{"embeddable":true,"href":"https:\/\/cyclotourer.de\/index.php?rest_route=\/wp\/v2\/users\/2"}],"replies":[{"embeddable":true,"href":"https:\/\/cyclotourer.de\/index.php?rest_route=%2Fwp%2Fv2%2Fcomments&post=6065"}],"version-history":[{"count":1,"href":"https:\/\/cyclotourer.de\/index.php?rest_route=\/wp\/v2\/posts\/6065\/revisions"}],"predecessor-version":[{"id":6086,"href":"https:\/\/cyclotourer.de\/index.php?rest_route=\/wp\/v2\/posts\/6065\/revisions\/6086"}],"wp:featuredmedia":[{"embeddable":true,"href":"https:\/\/cyclotourer.de\/index.php?rest_route=\/wp\/v2\/media\/6066"}],"wp:attachment":[{"href":"https:\/\/cyclotourer.de\/index.php?rest_route=%2Fwp%2Fv2%2Fmedia&parent=6065"}],"wp:term":[{"taxonomy":"category","embeddable":true,"href":"https:\/\/cyclotourer.de\/index.php?rest_route=%2Fwp%2Fv2%2Fcategories&post=6065"},{"taxonomy":"post_tag","embeddable":true,"href":"https:\/\/cyclotourer.de\/index.php?rest_route=%2Fwp%2Fv2%2Ftags&post=6065"}],"curies":[{"name":"wp","href":"https:\/\/api.w.org\/{rel}","templated":true}]}}