{"id":6011,"date":"2023-03-19T03:32:00","date_gmt":"2023-03-19T03:32:00","guid":{"rendered":"https:\/\/cyclotourer.de\/?p=6011"},"modified":"2023-04-01T09:35:42","modified_gmt":"2023-04-01T09:35:42","slug":"einzeltraining-pedelec","status":"publish","type":"post","link":"https:\/\/cyclotourer.de\/?p=6011","title":{"rendered":"Bike &#038; Pedelec Einzeltraining"},"content":{"rendered":"\n<figure class=\"wp-block-image size-full\"><img loading=\"lazy\" decoding=\"async\" width=\"636\" height=\"169\" src=\"https:\/\/cyclotourer.de\/wp-content\/uploads\/2023\/01\/50J-MSC.png\" alt=\"\" class=\"wp-image-5970\" srcset=\"https:\/\/cyclotourer.de\/wp-content\/uploads\/2023\/01\/50J-MSC.png 636w, https:\/\/cyclotourer.de\/wp-content\/uploads\/2023\/01\/50J-MSC-300x80.png 300w, https:\/\/cyclotourer.de\/wp-content\/uploads\/2023\/01\/50J-MSC-150x40.png 150w\" sizes=\"auto, (max-width: 636px) 100vw, 636px\" \/><\/figure>\n\n\n\n<p>Der Verkaufsboom der Pedelecs h\u00e4lt auch nach Corona weiterhin an. Dies wird sich allen Sch\u00e4tzungen nach wohl nicht \u00e4ndern. Die Fahrradhersteller haben sich entsprechend gut aufgestellt und die (Weiter-)Entwicklung geht weiter.<\/p>\n\n\n\n<p>Die Fahrt mit elektrischer Unterst\u00fctzung ist au\u00dferdem kein reines Freizeitvergn\u00fcgen mehr. Es ist eine echte Alternative, ein Pedelec f\u00fcr Arbeits- und Alltagswege bis 20km zu nutzen und das Auto stehen zu lassen.<\/p>\n\n\n\n<p>Mit den anhaltenden Verkaufszahlen steigen allerdings auch die Unfallzahlen. Der ADAC empfiehlt deswegen, den sicheren Umgang mit den deutlich schnelleren Fahrr\u00e4dern zu \u00fcben. Deshalb biete ich entsprechende Kurse an. <\/p>\n\n\n\n<p>Diese richten sich vor allem an Menschen, die sich gerade ein neues Pedelec zugelegt haben. An Wiedereinsteiger, die das Radfahren durch das Pedelec wieder entdeckt haben und an alle, dir durch das Training Routine gewinnen wollen. <\/p>\n\n\n\n<p><\/p>\n\n\n\n<h2 class=\"wp-block-heading\">Preise und Infos<\/h2>\n\n\n\n<p>Die jeweils dreist\u00fcndigen Kurse beim MSC-Horlofftal kosten&nbsp;<strong>35 Euro<\/strong>. <\/p>\n\n\n\n<p><strong>WICHTIG: Bitte eigenes Pedelec\/E-Bike sowie festes Schuhwerk und einen Helm mitbringen!<\/strong><\/p>\n\n\n\n<p><\/p>\n\n\n\n<h2 class=\"wp-block-heading\">Anmeldung<\/h2>\n\n\n\n<p>Interessierte&nbsp;k\u00f6nnen sich telefonisch unter&nbsp;0172-6707148&nbsp;oder per Mail an&nbsp;<a href=\"mailto:vku@nrh.adac.de\">verkersleiter@msc-horlfftal.de<\/a>&nbsp;anmelden. <\/p>\n\n\n\n<p><\/p>\n\n\n\n<h2 class=\"wp-block-heading\">Diese \u00dcbungen erwarten Sie beim ADAC Pedelec-Training<\/h2>\n\n\n\n<h3 class=\"wp-block-heading\">Mehr Sicherheit durch Technik-Check<\/h3>\n\n\n\n<p>Sattel- und Lenkereinstellung, richtiges Nutzen der Bremsen, Schalten und Motorunterst\u00fctzung in Einklang bringen.<\/p>\n\n\n\n<h3 class=\"wp-block-heading\">Stabilisieren <\/h3>\n\n\n\n<p>\u00dcberpr\u00fcfen der Sitzposition und trainieren der Lenkradhaltung. Slalom, Wenden, Spurgasse und Anfahren.<\/p>\n\n\n\n<h3 class=\"wp-block-heading\">Lenken, aber richtig<\/h3>\n\n\n\n<p>Beim Slalom erproben wir Blick- und Lenktechnik. \u00dcben das Lenken durch Gewichtsverlagerung. Setzen korrekte Lenkimpulse und f\u00fchren pl\u00f6tzliche Ausweichman\u00f6ver durch.<\/p>\n\n\n\n<h3 class=\"wp-block-heading\">Bremstechniken<\/h3>\n\n\n\n<p>Wir trainieren die&nbsp;Vorderrad- und Hinterradbremsung sowie die Gefahrenbremsung. Erfahren Sie mehr \u00fcber verschiedene Bremssysteme und finden Sie Ihren Bremspunkt.<\/p>\n\n\n\n<h3 class=\"wp-block-heading\">Kurven und Schr\u00e4gfahrt<\/h3>\n\n\n\n<p>Erproben und trainieren von verschiedenen Kurvenstile; Verbesserung der Sitz- und Kopfhaltung.<\/p>\n\n\n\n<h3 class=\"wp-block-heading\">Handlingparcours<\/h3>\n\n\n\n<p>Individuell errichten wir einen Spezialparcours mit Kurven und Hindernissen die es zu durchfahren gilt. Dabei ver\u00e4ndern wir die Geschwindigkeit und schauen wo die Grenzen liegen.<\/p>\n\n\n\n<h3 class=\"wp-block-heading\">Pedelec und Technik verstehen<\/h3>\n\n\n\n<p>In kurzen Gespr\u00e4chsrunden behandeln wir gemeinsam auch Themen der Fahrphysik, wie Kraft\u00fcbertragung und Bremsmethoden.<\/p>\n\n\n\n<figure class=\"wp-block-image size-large\"><img loading=\"lazy\" decoding=\"async\" width=\"1024\" height=\"279\" src=\"https:\/\/cyclotourer.de\/wp-content\/uploads\/2023\/03\/Fahrrad-Desch-Logo-1024x279.png\" alt=\"\" class=\"wp-image-6008\" srcset=\"https:\/\/cyclotourer.de\/wp-content\/uploads\/2023\/03\/Fahrrad-Desch-Logo-1024x279.png 1024w, https:\/\/cyclotourer.de\/wp-content\/uploads\/2023\/03\/Fahrrad-Desch-Logo-300x82.png 300w, https:\/\/cyclotourer.de\/wp-content\/uploads\/2023\/03\/Fahrrad-Desch-Logo-150x41.png 150w, https:\/\/cyclotourer.de\/wp-content\/uploads\/2023\/03\/Fahrrad-Desch-Logo-768x209.png 768w, https:\/\/cyclotourer.de\/wp-content\/uploads\/2023\/03\/Fahrrad-Desch-Logo.png 1067w\" sizes=\"auto, (max-width: 1024px) 100vw, 1024px\" \/><\/figure>\n","protected":false},"excerpt":{"rendered":"<p>Der Verkaufsboom der Pedelecs h\u00e4lt auch nach Corona weiterhin an. Dies wird sich allen Sch\u00e4tzungen nach wohl nicht \u00e4ndern. Die Fahrradhersteller haben sich entsprechend gut [&#8230;]<\/p>\n","protected":false},"author":2,"featured_media":0,"comment_status":"open","ping_status":"open","sticky":false,"template":"","format":"standard","meta":{"footnotes":""},"categories":[256],"tags":[251,268,266,253,263,267],"class_list":["post-6011","post","type-post","status-publish","format-standard","hentry","category-trainer-und-schulung","tag-e-bike","tag-e-mobilitaet","tag-einzeltraining","tag-msc-horlofftal","tag-pedelec","tag-technikkurse"],"_links":{"self":[{"href":"https:\/\/cyclotourer.de\/index.php?rest_route=\/wp\/v2\/posts\/6011","targetHints":{"allow":["GET"]}}],"collection":[{"href":"https:\/\/cyclotourer.de\/index.php?rest_route=\/wp\/v2\/posts"}],"about":[{"href":"https:\/\/cyclotourer.de\/index.php?rest_route=\/wp\/v2\/types\/post"}],"author":[{"embeddable":true,"href":"https:\/\/cyclotourer.de\/index.php?rest_route=\/wp\/v2\/users\/2"}],"replies":[{"embeddable":true,"href":"https:\/\/cyclotourer.de\/index.php?rest_route=%2Fwp%2Fv2%2Fcomments&post=6011"}],"version-history":[{"count":4,"href":"https:\/\/cyclotourer.de\/index.php?rest_route=\/wp\/v2\/posts\/6011\/revisions"}],"predecessor-version":[{"id":6039,"href":"https:\/\/cyclotourer.de\/index.php?rest_route=\/wp\/v2\/posts\/6011\/revisions\/6039"}],"wp:attachment":[{"href":"https:\/\/cyclotourer.de\/index.php?rest_route=%2Fwp%2Fv2%2Fmedia&parent=6011"}],"wp:term":[{"taxonomy":"category","embeddable":true,"href":"https:\/\/cyclotourer.de\/index.php?rest_route=%2Fwp%2Fv2%2Fcategories&post=6011"},{"taxonomy":"post_tag","embeddable":true,"href":"https:\/\/cyclotourer.de\/index.php?rest_route=%2Fwp%2Fv2%2Ftags&post=6011"}],"curies":[{"name":"wp","href":"https:\/\/api.w.org\/{rel}","templated":true}]}}