{"id":5140,"date":"2022-06-12T20:48:00","date_gmt":"2022-06-12T20:48:00","guid":{"rendered":"https:\/\/cyclotourer.de\/?p=5140"},"modified":"2022-09-03T08:02:21","modified_gmt":"2022-09-03T08:02:21","slug":"ruppertsburg-muenchen-410km","status":"publish","type":"post","link":"https:\/\/cyclotourer.de\/?p=5140","title":{"rendered":"Ruppertsburg &#8211; M\u00fcnchen 410km unter 24 Std"},"content":{"rendered":"\n<p>Heute war der Plan mit dem Rennrad so schnell wie m\u00f6glich nach M\u00fcnchen zu kommen.<\/p>\n\n\n\n<p>Da ich mittags in M\u00fcnchen sein wollte, musste ich bereits nachmittags los und durch die Nacht fahren.<\/p>\n\n\n\n<p>Gegen 15 Uhr startete ich und machte mich auf den Weg. Die Sonne lachte und trotzdem war es nicht zu hei\u00df. Es schien als k\u00f6nnte es der perfekte Tag werden!<\/p>\n\n\n<div class=\"wp-block-image\">\n<figure class=\"alignleft size-large is-resized\"><img loading=\"lazy\" decoding=\"async\" src=\"https:\/\/cyclotourer.de\/wp-content\/uploads\/2022\/08\/IMG_2897-768x1024.jpeg\" alt=\"\" class=\"wp-image-5145\" width=\"384\" height=\"512\" srcset=\"https:\/\/cyclotourer.de\/wp-content\/uploads\/2022\/08\/IMG_2897-768x1024.jpeg 768w, https:\/\/cyclotourer.de\/wp-content\/uploads\/2022\/08\/IMG_2897-225x300.jpeg 225w, https:\/\/cyclotourer.de\/wp-content\/uploads\/2022\/08\/IMG_2897-113x150.jpeg 113w, https:\/\/cyclotourer.de\/wp-content\/uploads\/2022\/08\/IMG_2897-1152x1536.jpeg 1152w, https:\/\/cyclotourer.de\/wp-content\/uploads\/2022\/08\/IMG_2897.jpeg 1440w\" sizes=\"auto, (max-width: 384px) 100vw, 384px\" \/><\/figure>\n<\/div>\n\n<div class=\"wp-block-image\">\n<figure class=\"alignright size-large is-resized\"><img loading=\"lazy\" decoding=\"async\" src=\"https:\/\/cyclotourer.de\/wp-content\/uploads\/2022\/08\/078AB4BE-7923-462C-89EE-414C6450F432-1-1024x768.jpg\" alt=\"\" class=\"wp-image-5146\" width=\"512\" height=\"384\" srcset=\"https:\/\/cyclotourer.de\/wp-content\/uploads\/2022\/08\/078AB4BE-7923-462C-89EE-414C6450F432-1-1024x768.jpg 1024w, https:\/\/cyclotourer.de\/wp-content\/uploads\/2022\/08\/078AB4BE-7923-462C-89EE-414C6450F432-1-300x225.jpg 300w, https:\/\/cyclotourer.de\/wp-content\/uploads\/2022\/08\/078AB4BE-7923-462C-89EE-414C6450F432-1-150x113.jpg 150w, https:\/\/cyclotourer.de\/wp-content\/uploads\/2022\/08\/078AB4BE-7923-462C-89EE-414C6450F432-1-768x576.jpg 768w, https:\/\/cyclotourer.de\/wp-content\/uploads\/2022\/08\/078AB4BE-7923-462C-89EE-414C6450F432-1-1536x1152.jpg 1536w, https:\/\/cyclotourer.de\/wp-content\/uploads\/2022\/08\/078AB4BE-7923-462C-89EE-414C6450F432-1.jpg 1920w\" sizes=\"auto, (max-width: 512px) 100vw, 512px\" \/><\/figure>\n<\/div>\n\n\n<figure class=\"wp-block-image size-large is-resized\"><img loading=\"lazy\" decoding=\"async\" src=\"https:\/\/cyclotourer.de\/wp-content\/uploads\/2022\/08\/IMG_8819-1024x768.jpeg\" alt=\"\" class=\"wp-image-5147\" width=\"512\" height=\"384\" srcset=\"https:\/\/cyclotourer.de\/wp-content\/uploads\/2022\/08\/IMG_8819-1024x768.jpeg 1024w, https:\/\/cyclotourer.de\/wp-content\/uploads\/2022\/08\/IMG_8819-300x225.jpeg 300w, https:\/\/cyclotourer.de\/wp-content\/uploads\/2022\/08\/IMG_8819-150x113.jpeg 150w, https:\/\/cyclotourer.de\/wp-content\/uploads\/2022\/08\/IMG_8819-768x576.jpeg 768w, https:\/\/cyclotourer.de\/wp-content\/uploads\/2022\/08\/IMG_8819-1536x1152.jpeg 1536w, https:\/\/cyclotourer.de\/wp-content\/uploads\/2022\/08\/IMG_8819.jpeg 1920w\" sizes=\"auto, (max-width: 512px) 100vw, 512px\" \/><\/figure>\n\n\n<div class=\"wp-block-image\">\n<figure class=\"alignright size-large is-resized\"><img loading=\"lazy\" decoding=\"async\" src=\"https:\/\/cyclotourer.de\/wp-content\/uploads\/2022\/08\/IMG_8822-768x1024.jpeg\" alt=\"\" class=\"wp-image-5143\" width=\"377\" height=\"504\" srcset=\"https:\/\/cyclotourer.de\/wp-content\/uploads\/2022\/08\/IMG_8822-768x1024.jpeg 768w, https:\/\/cyclotourer.de\/wp-content\/uploads\/2022\/08\/IMG_8822-225x300.jpeg 225w, https:\/\/cyclotourer.de\/wp-content\/uploads\/2022\/08\/IMG_8822-113x150.jpeg 113w, https:\/\/cyclotourer.de\/wp-content\/uploads\/2022\/08\/IMG_8822-1152x1536.jpeg 1152w, https:\/\/cyclotourer.de\/wp-content\/uploads\/2022\/08\/IMG_8822.jpeg 1440w\" sizes=\"auto, (max-width: 377px) 100vw, 377px\" \/><\/figure>\n<\/div>\n\n\n<p><\/p>\n\n\n\n<p><\/p>\n\n\n\n<p><\/p>\n\n\n\n<p><\/p>\n\n\n\n<p><\/p>\n\n\n\n<p><\/p>\n\n\n\n<p><\/p>\n\n\n\n<p><\/p>\n\n\n\n<p><\/p>\n\n\n\n<p><\/p>\n\n\n\n<p><\/p>\n\n\n\n<p><\/p>\n\n\n\n<p>In Hanau sollte es einen kleinen Ausrutscher geben.<\/p>\n\n\n\n<p>Auf einem Schachtdeckel auf einer Verkehrsinsel rutschte mir das Rad weg. Zu allem \u00dcbel lag noch Splitt am Stra\u00dfenrand und ich lag schneller als ich gucken konnte auf der Stra\u00dfe. Schnell stand ich wieder auf und pr\u00fcfte das Rad und meinen K\u00f6rper. Bis auf ein paar Abdr\u00fccke und ein leichten Schmerz im Handballen konnte ich nichts feststellen. Das Rad hatte zum Gl\u00fcck nur Kratzer und der Lenker war etwas schief. Den konnte ich schnell richten und weiterfahren.<\/p>\n\n\n\n<figure class=\"wp-block-gallery has-nested-images columns-default is-cropped wp-block-gallery-1 is-layout-flex wp-block-gallery-is-layout-flex\">\n<figure class=\"wp-block-image size-large\"><img loading=\"lazy\" decoding=\"async\" width=\"768\" height=\"1024\" data-id=\"5150\" src=\"https:\/\/cyclotourer.de\/wp-content\/uploads\/2022\/08\/IMG_8824-768x1024.jpeg\" alt=\"\" class=\"wp-image-5150\" srcset=\"https:\/\/cyclotourer.de\/wp-content\/uploads\/2022\/08\/IMG_8824-768x1024.jpeg 768w, https:\/\/cyclotourer.de\/wp-content\/uploads\/2022\/08\/IMG_8824-225x300.jpeg 225w, https:\/\/cyclotourer.de\/wp-content\/uploads\/2022\/08\/IMG_8824-113x150.jpeg 113w, https:\/\/cyclotourer.de\/wp-content\/uploads\/2022\/08\/IMG_8824-1152x1536.jpeg 1152w, https:\/\/cyclotourer.de\/wp-content\/uploads\/2022\/08\/IMG_8824.jpeg 1440w\" sizes=\"auto, (max-width: 768px) 100vw, 768px\" \/><\/figure>\n\n\n\n<figure class=\"wp-block-image size-large\"><img loading=\"lazy\" decoding=\"async\" width=\"768\" height=\"1024\" data-id=\"5149\" src=\"https:\/\/cyclotourer.de\/wp-content\/uploads\/2022\/08\/IMG_8823-768x1024.jpeg\" alt=\"\" class=\"wp-image-5149\" srcset=\"https:\/\/cyclotourer.de\/wp-content\/uploads\/2022\/08\/IMG_8823-768x1024.jpeg 768w, https:\/\/cyclotourer.de\/wp-content\/uploads\/2022\/08\/IMG_8823-225x300.jpeg 225w, https:\/\/cyclotourer.de\/wp-content\/uploads\/2022\/08\/IMG_8823-113x150.jpeg 113w, https:\/\/cyclotourer.de\/wp-content\/uploads\/2022\/08\/IMG_8823-1152x1536.jpeg 1152w, https:\/\/cyclotourer.de\/wp-content\/uploads\/2022\/08\/IMG_8823.jpeg 1440w\" sizes=\"auto, (max-width: 768px) 100vw, 768px\" \/><\/figure>\n\n\n\n<figure class=\"wp-block-image size-large\"><img loading=\"lazy\" decoding=\"async\" width=\"768\" height=\"1024\" data-id=\"5148\" src=\"https:\/\/cyclotourer.de\/wp-content\/uploads\/2022\/08\/IMG_8825-768x1024.jpeg\" alt=\"\" class=\"wp-image-5148\" srcset=\"https:\/\/cyclotourer.de\/wp-content\/uploads\/2022\/08\/IMG_8825-768x1024.jpeg 768w, https:\/\/cyclotourer.de\/wp-content\/uploads\/2022\/08\/IMG_8825-225x300.jpeg 225w, https:\/\/cyclotourer.de\/wp-content\/uploads\/2022\/08\/IMG_8825-113x150.jpeg 113w, https:\/\/cyclotourer.de\/wp-content\/uploads\/2022\/08\/IMG_8825-1152x1536.jpeg 1152w, https:\/\/cyclotourer.de\/wp-content\/uploads\/2022\/08\/IMG_8825.jpeg 1440w\" sizes=\"auto, (max-width: 768px) 100vw, 768px\" \/><\/figure>\n<\/figure>\n\n\n\n<p>Nat\u00fcrlich fuchst der Sturz einen selbst und man bekommt den Sturz nicht so schnell aus den Kopf. Es ging nun erst einmal durch das Maintal und mit nur wenigen H\u00f6henmetern weiter. <\/p>\n\n\n\n<p>Nach 100km hatte ich einen Tiefpunkt. In Miltenberg angekommen, \u00fcberlegte ich ernsthaft auszusteigen um etwa mit der Bahn zur\u00fcckzufahren oder mir ein Zimmer zu nehmen um dort zu \u00fcbernachten.<\/p>\n\n\n\n<figure class=\"wp-block-gallery has-nested-images columns-default is-cropped wp-block-gallery-2 is-layout-flex wp-block-gallery-is-layout-flex\">\n<figure class=\"wp-block-image size-medium\"><img loading=\"lazy\" decoding=\"async\" width=\"577\" height=\"1024\" data-id=\"5156\" src=\"https:\/\/cyclotourer.de\/wp-content\/uploads\/2022\/08\/40F0F2E5-185B-40D6-8038-93AB7CC3BF6F-2-577x1024.jpg\" alt=\"\" class=\"wp-image-5156\" srcset=\"https:\/\/cyclotourer.de\/wp-content\/uploads\/2022\/08\/40F0F2E5-185B-40D6-8038-93AB7CC3BF6F-2-577x1024.jpg 577w, https:\/\/cyclotourer.de\/wp-content\/uploads\/2022\/08\/40F0F2E5-185B-40D6-8038-93AB7CC3BF6F-2-169x300.jpg 169w, https:\/\/cyclotourer.de\/wp-content\/uploads\/2022\/08\/40F0F2E5-185B-40D6-8038-93AB7CC3BF6F-2-84x150.jpg 84w, https:\/\/cyclotourer.de\/wp-content\/uploads\/2022\/08\/40F0F2E5-185B-40D6-8038-93AB7CC3BF6F-2-768x1364.jpg 768w, https:\/\/cyclotourer.de\/wp-content\/uploads\/2022\/08\/40F0F2E5-185B-40D6-8038-93AB7CC3BF6F-2-865x1536.jpg 865w, https:\/\/cyclotourer.de\/wp-content\/uploads\/2022\/08\/40F0F2E5-185B-40D6-8038-93AB7CC3BF6F-2.jpg 1081w\" sizes=\"auto, (max-width: 577px) 100vw, 577px\" \/><\/figure>\n\n\n\n<figure class=\"wp-block-image size-large\"><img loading=\"lazy\" decoding=\"async\" width=\"1024\" height=\"956\" data-id=\"5157\" src=\"https:\/\/cyclotourer.de\/wp-content\/uploads\/2022\/08\/IMG_8829-1024x956.jpeg\" alt=\"\" class=\"wp-image-5157\" srcset=\"https:\/\/cyclotourer.de\/wp-content\/uploads\/2022\/08\/IMG_8829-1024x956.jpeg 1024w, https:\/\/cyclotourer.de\/wp-content\/uploads\/2022\/08\/IMG_8829-300x280.jpeg 300w, https:\/\/cyclotourer.de\/wp-content\/uploads\/2022\/08\/IMG_8829-150x140.jpeg 150w, https:\/\/cyclotourer.de\/wp-content\/uploads\/2022\/08\/IMG_8829-768x717.jpeg 768w, https:\/\/cyclotourer.de\/wp-content\/uploads\/2022\/08\/IMG_8829-1536x1434.jpeg 1536w, https:\/\/cyclotourer.de\/wp-content\/uploads\/2022\/08\/IMG_8829.jpeg 1920w\" sizes=\"auto, (max-width: 1024px) 100vw, 1024px\" \/><\/figure>\n<\/figure>\n\n\n\n<p> <\/p>\n\n\n\n<figure class=\"wp-block-image size-large\"><img loading=\"lazy\" decoding=\"async\" width=\"1024\" height=\"772\" src=\"https:\/\/cyclotourer.de\/wp-content\/uploads\/2022\/08\/2A736B1C-21EB-4250-8D36-46C3444EB0C3-1-1024x772.jpg\" alt=\"\" class=\"wp-image-5158\" srcset=\"https:\/\/cyclotourer.de\/wp-content\/uploads\/2022\/08\/2A736B1C-21EB-4250-8D36-46C3444EB0C3-1-1024x772.jpg 1024w, https:\/\/cyclotourer.de\/wp-content\/uploads\/2022\/08\/2A736B1C-21EB-4250-8D36-46C3444EB0C3-1-300x226.jpg 300w, https:\/\/cyclotourer.de\/wp-content\/uploads\/2022\/08\/2A736B1C-21EB-4250-8D36-46C3444EB0C3-1-150x113.jpg 150w, https:\/\/cyclotourer.de\/wp-content\/uploads\/2022\/08\/2A736B1C-21EB-4250-8D36-46C3444EB0C3-1-768x579.jpg 768w, https:\/\/cyclotourer.de\/wp-content\/uploads\/2022\/08\/2A736B1C-21EB-4250-8D36-46C3444EB0C3-1-1536x1158.jpg 1536w, https:\/\/cyclotourer.de\/wp-content\/uploads\/2022\/08\/2A736B1C-21EB-4250-8D36-46C3444EB0C3-1.jpg 1920w\" sizes=\"auto, (max-width: 1024px) 100vw, 1024px\" \/><\/figure>\n\n\n\n<p>Ich haderte und \u00fcberlegte noch ein St\u00fcck zu fahren und versuchte mich noch einmal zu motivieren.<\/p>\n\n\n\n<figure class=\"wp-block-gallery has-nested-images columns-default is-cropped wp-block-gallery-3 is-layout-flex wp-block-gallery-is-layout-flex\">\n<figure class=\"wp-block-image size-large\"><img loading=\"lazy\" decoding=\"async\" width=\"1024\" height=\"768\" data-id=\"5163\" src=\"https:\/\/cyclotourer.de\/wp-content\/uploads\/2022\/08\/IMG_8830-1-1024x768.jpeg\" alt=\"\" class=\"wp-image-5163\" srcset=\"https:\/\/cyclotourer.de\/wp-content\/uploads\/2022\/08\/IMG_8830-1-1024x768.jpeg 1024w, https:\/\/cyclotourer.de\/wp-content\/uploads\/2022\/08\/IMG_8830-1-300x225.jpeg 300w, https:\/\/cyclotourer.de\/wp-content\/uploads\/2022\/08\/IMG_8830-1-150x113.jpeg 150w, https:\/\/cyclotourer.de\/wp-content\/uploads\/2022\/08\/IMG_8830-1-768x576.jpeg 768w, https:\/\/cyclotourer.de\/wp-content\/uploads\/2022\/08\/IMG_8830-1-1536x1152.jpeg 1536w, https:\/\/cyclotourer.de\/wp-content\/uploads\/2022\/08\/IMG_8830-1.jpeg 1920w\" sizes=\"auto, (max-width: 1024px) 100vw, 1024px\" \/><\/figure>\n\n\n\n<figure class=\"wp-block-image size-large\"><img loading=\"lazy\" decoding=\"async\" width=\"768\" height=\"1024\" data-id=\"5162\" src=\"https:\/\/cyclotourer.de\/wp-content\/uploads\/2022\/08\/IMG_8832-768x1024.jpeg\" alt=\"\" class=\"wp-image-5162\" srcset=\"https:\/\/cyclotourer.de\/wp-content\/uploads\/2022\/08\/IMG_8832-768x1024.jpeg 768w, https:\/\/cyclotourer.de\/wp-content\/uploads\/2022\/08\/IMG_8832-225x300.jpeg 225w, https:\/\/cyclotourer.de\/wp-content\/uploads\/2022\/08\/IMG_8832-113x150.jpeg 113w, https:\/\/cyclotourer.de\/wp-content\/uploads\/2022\/08\/IMG_8832-1152x1536.jpeg 1152w, https:\/\/cyclotourer.de\/wp-content\/uploads\/2022\/08\/IMG_8832.jpeg 1440w\" sizes=\"auto, (max-width: 768px) 100vw, 768px\" \/><\/figure>\n\n\n\n<figure class=\"wp-block-image size-large\"><img loading=\"lazy\" decoding=\"async\" width=\"1024\" height=\"768\" data-id=\"5161\" src=\"https:\/\/cyclotourer.de\/wp-content\/uploads\/2022\/08\/IMG_8833-1024x768.jpeg\" alt=\"\" class=\"wp-image-5161\" srcset=\"https:\/\/cyclotourer.de\/wp-content\/uploads\/2022\/08\/IMG_8833-1024x768.jpeg 1024w, https:\/\/cyclotourer.de\/wp-content\/uploads\/2022\/08\/IMG_8833-300x225.jpeg 300w, https:\/\/cyclotourer.de\/wp-content\/uploads\/2022\/08\/IMG_8833-150x113.jpeg 150w, https:\/\/cyclotourer.de\/wp-content\/uploads\/2022\/08\/IMG_8833-768x576.jpeg 768w, https:\/\/cyclotourer.de\/wp-content\/uploads\/2022\/08\/IMG_8833-1536x1152.jpeg 1536w, https:\/\/cyclotourer.de\/wp-content\/uploads\/2022\/08\/IMG_8833.jpeg 1920w\" sizes=\"auto, (max-width: 1024px) 100vw, 1024px\" \/><\/figure>\n\n\n\n<figure class=\"wp-block-image size-large\"><img loading=\"lazy\" decoding=\"async\" width=\"768\" height=\"1024\" data-id=\"5160\" src=\"https:\/\/cyclotourer.de\/wp-content\/uploads\/2022\/08\/IMG_8836-768x1024.jpeg\" alt=\"\" class=\"wp-image-5160\" srcset=\"https:\/\/cyclotourer.de\/wp-content\/uploads\/2022\/08\/IMG_8836-768x1024.jpeg 768w, https:\/\/cyclotourer.de\/wp-content\/uploads\/2022\/08\/IMG_8836-225x300.jpeg 225w, https:\/\/cyclotourer.de\/wp-content\/uploads\/2022\/08\/IMG_8836-113x150.jpeg 113w, https:\/\/cyclotourer.de\/wp-content\/uploads\/2022\/08\/IMG_8836-1152x1536.jpeg 1152w, https:\/\/cyclotourer.de\/wp-content\/uploads\/2022\/08\/IMG_8836.jpeg 1440w\" sizes=\"auto, (max-width: 768px) 100vw, 768px\" \/><\/figure>\n<\/figure>\n\n\n\n<p>Ich telefonierte mit meiner Frau und schilderte ihr meine Gedanken. Sie fragte nur kurz was denn mit mir los w\u00e4re. Ich w\u00e4re noch nie r\u00fcckw\u00e4rts gegangen und ob ich heute damit anfangen wolle?<\/p>\n\n\n\n<p>Ich gab ihr recht, das bin ich wirklich noch nie! Und das gab mir zu denken. <\/p>\n\n\n\n<p>Also setzte ich meinen Weg erst einmal fort und wollte mir eigentlich keine Gedanken mehr \u00fcber das &#8222;Aufh\u00f6ren&#8220; machen.<\/p>\n\n\n\n<figure class=\"wp-block-gallery has-nested-images columns-default is-cropped wp-block-gallery-4 is-layout-flex wp-block-gallery-is-layout-flex\">\n<figure class=\"wp-block-image size-large\"><img loading=\"lazy\" decoding=\"async\" width=\"1024\" height=\"577\" data-id=\"5164\" src=\"https:\/\/cyclotourer.de\/wp-content\/uploads\/2022\/08\/B540C072-8AB3-47FE-828A-8FB5033155D2-1024x577.jpg\" alt=\"\" class=\"wp-image-5164\" srcset=\"https:\/\/cyclotourer.de\/wp-content\/uploads\/2022\/08\/B540C072-8AB3-47FE-828A-8FB5033155D2-1024x577.jpg 1024w, https:\/\/cyclotourer.de\/wp-content\/uploads\/2022\/08\/B540C072-8AB3-47FE-828A-8FB5033155D2-300x169.jpg 300w, https:\/\/cyclotourer.de\/wp-content\/uploads\/2022\/08\/B540C072-8AB3-47FE-828A-8FB5033155D2-150x84.jpg 150w, https:\/\/cyclotourer.de\/wp-content\/uploads\/2022\/08\/B540C072-8AB3-47FE-828A-8FB5033155D2-768x432.jpg 768w, https:\/\/cyclotourer.de\/wp-content\/uploads\/2022\/08\/B540C072-8AB3-47FE-828A-8FB5033155D2-1536x865.jpg 1536w, https:\/\/cyclotourer.de\/wp-content\/uploads\/2022\/08\/B540C072-8AB3-47FE-828A-8FB5033155D2.jpg 1920w\" sizes=\"auto, (max-width: 1024px) 100vw, 1024px\" \/><\/figure>\n\n\n\n<figure class=\"wp-block-image size-large\"><img loading=\"lazy\" decoding=\"async\" width=\"1024\" height=\"768\" data-id=\"5165\" src=\"https:\/\/cyclotourer.de\/wp-content\/uploads\/2022\/08\/IMG_8852-1024x768.jpeg\" alt=\"\" class=\"wp-image-5165\" srcset=\"https:\/\/cyclotourer.de\/wp-content\/uploads\/2022\/08\/IMG_8852-1024x768.jpeg 1024w, https:\/\/cyclotourer.de\/wp-content\/uploads\/2022\/08\/IMG_8852-300x225.jpeg 300w, https:\/\/cyclotourer.de\/wp-content\/uploads\/2022\/08\/IMG_8852-150x113.jpeg 150w, https:\/\/cyclotourer.de\/wp-content\/uploads\/2022\/08\/IMG_8852-768x576.jpeg 768w, https:\/\/cyclotourer.de\/wp-content\/uploads\/2022\/08\/IMG_8852-1536x1152.jpeg 1536w, https:\/\/cyclotourer.de\/wp-content\/uploads\/2022\/08\/IMG_8852.jpeg 1920w\" sizes=\"auto, (max-width: 1024px) 100vw, 1024px\" \/><\/figure>\n<\/figure>\n\n\n\n<p>Nun ging die Sonne langsam unter und die D\u00e4mmerung setzte ein. Meine zwei Wasserflaschen gingen langsam zu neige und ich hoffte auf ein Gesch\u00e4ft oder zumindest einer Tankstelle. Jedoch wurden die Ortschaften immer kleiner und es waren keine Gesch\u00e4fte zu finden.<\/p>\n\n\n\n<p>Vielleicht h\u00e4tte ich doch in Miltenberg noch Mal richtig Essen sollen?<\/p>\n\n\n\n<p>Ich fand eine Metzgerei die einen Raum mit Automaten hatten. Ich versorgte mich erst einmal mit 2 Dosen Spezi und kaufte mir ger\u00e4ucherte Bratwurst um mich zu st\u00e4rken. Ich f\u00fcllte, da es kein Wasser mehr gab mit einer weiteren Dose Spezi und setzte in der mittlerweile eingesetzten Dunkelheit meinen Weg fort.<\/p>\n\n\n\n<p>Auch dieses Getr\u00e4nk ging schnell zu neige. Umso mehr man sich Gedanken machte, umso mehr bekam man gef\u00fchlt Durst.<\/p>\n\n\n\n<p>In einem Ort namens Niederstetten kam ich an einem Bahnhof vorbei. mein Gedanke das es oft an Bahnh\u00f6fen weitere Automaten gibt best\u00e4tigte sich leider nicht. Da gerade ein bus anhielt, fragte ich ein junges M\u00e4del ob sie w\u00fcsste ob es im Ort eine Tankstelle oder \u00e4hnliches gibt. Da sie v\u00f6llig ver\u00e4ngstigt war, warum auch immer, entschuldigte ich mich und setzte meinen Weg fort. Nach kurzer Zeit kam ich an einer Pizzeria vorbei. Ich hatte Gl\u00fcck, sie waren gerade am Schlie\u00dfen. Der Wirt f\u00fcllte mir meine Flaschen und ich konnte nach einem kurzem Smalltalk ohne Durst und gef\u00fcllten Flaschen meine Tour fortsetzen. <\/p>\n\n\n\n<figure class=\"wp-block-gallery has-nested-images columns-default is-cropped wp-block-gallery-5 is-layout-flex wp-block-gallery-is-layout-flex\">\n<figure class=\"wp-block-image size-large\"><img loading=\"lazy\" decoding=\"async\" width=\"1024\" height=\"768\" data-id=\"5168\" src=\"https:\/\/cyclotourer.de\/wp-content\/uploads\/2022\/08\/IMG_8842-2-1024x768.jpeg\" alt=\"\" class=\"wp-image-5168\" srcset=\"https:\/\/cyclotourer.de\/wp-content\/uploads\/2022\/08\/IMG_8842-2-1024x768.jpeg 1024w, https:\/\/cyclotourer.de\/wp-content\/uploads\/2022\/08\/IMG_8842-2-300x225.jpeg 300w, https:\/\/cyclotourer.de\/wp-content\/uploads\/2022\/08\/IMG_8842-2-150x113.jpeg 150w, https:\/\/cyclotourer.de\/wp-content\/uploads\/2022\/08\/IMG_8842-2-768x576.jpeg 768w, https:\/\/cyclotourer.de\/wp-content\/uploads\/2022\/08\/IMG_8842-2-1536x1152.jpeg 1536w, https:\/\/cyclotourer.de\/wp-content\/uploads\/2022\/08\/IMG_8842-2.jpeg 1920w\" sizes=\"auto, (max-width: 1024px) 100vw, 1024px\" \/><\/figure>\n\n\n\n<figure class=\"wp-block-image size-large\"><img loading=\"lazy\" decoding=\"async\" width=\"768\" height=\"1024\" data-id=\"5167\" src=\"https:\/\/cyclotourer.de\/wp-content\/uploads\/2022\/08\/IMG_8844-2-768x1024.jpeg\" alt=\"\" class=\"wp-image-5167\" srcset=\"https:\/\/cyclotourer.de\/wp-content\/uploads\/2022\/08\/IMG_8844-2-768x1024.jpeg 768w, https:\/\/cyclotourer.de\/wp-content\/uploads\/2022\/08\/IMG_8844-2-225x300.jpeg 225w, https:\/\/cyclotourer.de\/wp-content\/uploads\/2022\/08\/IMG_8844-2-113x150.jpeg 113w, https:\/\/cyclotourer.de\/wp-content\/uploads\/2022\/08\/IMG_8844-2-1152x1536.jpeg 1152w, https:\/\/cyclotourer.de\/wp-content\/uploads\/2022\/08\/IMG_8844-2.jpeg 1440w\" sizes=\"auto, (max-width: 768px) 100vw, 768px\" \/><\/figure>\n<\/figure>\n\n\n\n<p>In Schrozberg waren gut 200 Kilometer waren geschafft. Aktuell wusste ich, mir blieb keine andere Wahl mehr als weiter zu fahren. Bahnh\u00f6fe waren keine in unmittelbarer N\u00e4he und s\u00e4mtliche Hotels an der Strecke waren aufgegeben.<\/p>\n\n\n\n<p>Es zog ein Gewitter auf und es schien, als w\u00fcrde es auch gleich Regen geben. Da dicke Wolken aufzogen beschloss ich, mir eine Pause zu g\u00f6nnen. Die Nacht zerrte und ich f\u00fchlte mich sehr m\u00fcde. Da es deutlich abgek\u00fchlt hatte setzte ich mich in eine warme Sparkasse und d\u00f6ste etwas vor mich hin. <\/p>\n\n\n\n<figure class=\"wp-block-gallery has-nested-images columns-default is-cropped wp-block-gallery-6 is-layout-flex wp-block-gallery-is-layout-flex\">\n<figure class=\"wp-block-image size-large\"><img loading=\"lazy\" decoding=\"async\" width=\"1003\" height=\"1024\" data-id=\"5170\" src=\"https:\/\/cyclotourer.de\/wp-content\/uploads\/2022\/08\/IMG_8846-2-1003x1024.jpeg\" alt=\"\" class=\"wp-image-5170\" srcset=\"https:\/\/cyclotourer.de\/wp-content\/uploads\/2022\/08\/IMG_8846-2-1003x1024.jpeg 1003w, https:\/\/cyclotourer.de\/wp-content\/uploads\/2022\/08\/IMG_8846-2-294x300.jpeg 294w, https:\/\/cyclotourer.de\/wp-content\/uploads\/2022\/08\/IMG_8846-2-147x150.jpeg 147w, https:\/\/cyclotourer.de\/wp-content\/uploads\/2022\/08\/IMG_8846-2-768x784.jpeg 768w, https:\/\/cyclotourer.de\/wp-content\/uploads\/2022\/08\/IMG_8846-2-1504x1536.jpeg 1504w, https:\/\/cyclotourer.de\/wp-content\/uploads\/2022\/08\/IMG_8846-2.jpeg 1880w\" sizes=\"auto, (max-width: 1003px) 100vw, 1003px\" \/><\/figure>\n\n\n\n<figure class=\"wp-block-image size-large\"><img loading=\"lazy\" decoding=\"async\" width=\"768\" height=\"1024\" data-id=\"5169\" src=\"https:\/\/cyclotourer.de\/wp-content\/uploads\/2022\/08\/IMG_8847-2-768x1024.jpeg\" alt=\"\" class=\"wp-image-5169\" srcset=\"https:\/\/cyclotourer.de\/wp-content\/uploads\/2022\/08\/IMG_8847-2-768x1024.jpeg 768w, https:\/\/cyclotourer.de\/wp-content\/uploads\/2022\/08\/IMG_8847-2-225x300.jpeg 225w, https:\/\/cyclotourer.de\/wp-content\/uploads\/2022\/08\/IMG_8847-2-113x150.jpeg 113w, https:\/\/cyclotourer.de\/wp-content\/uploads\/2022\/08\/IMG_8847-2-1152x1536.jpeg 1152w, https:\/\/cyclotourer.de\/wp-content\/uploads\/2022\/08\/IMG_8847-2.jpeg 1440w\" sizes=\"auto, (max-width: 768px) 100vw, 768px\" \/><\/figure>\n<\/figure>\n\n\n\n<p>Da aber kein Regen kam, wurde ich auch wieder ungeduldig. Aus der Bank raus fiel mir sofort ein weiterer Automat ins Auge. ich f\u00fcllte meine Flaschen mit Wasser und ein kleines P\u00e4ckchen Gummib\u00e4rchen waren auch sehr lecker.<\/p>\n\n\n\n<p>Das die Versorgung auf dieser Route so schwierig werden sollte, h\u00e4tte ich ja nicht gedacht. Zwischendurch spielte ich mit dem Gedanken mir Wasser auf einem Friedhof zu holen, aber das war mir dann doch auch nicht geheuer. Dazu kam, das alle Ortschaften ohne Strassenbeleuchtung waren. ich wollte nicht erwischt werden wenn ich nachts mit der Taschenlampe auf einem Friedhof umherschleiche.<\/p>\n\n\n\n<figure class=\"wp-block-image size-large\"><img loading=\"lazy\" decoding=\"async\" width=\"1024\" height=\"768\" src=\"https:\/\/cyclotourer.de\/wp-content\/uploads\/2022\/08\/IMG_8849-2-1024x768.jpeg\" alt=\"\" class=\"wp-image-5171\" srcset=\"https:\/\/cyclotourer.de\/wp-content\/uploads\/2022\/08\/IMG_8849-2-1024x768.jpeg 1024w, https:\/\/cyclotourer.de\/wp-content\/uploads\/2022\/08\/IMG_8849-2-300x225.jpeg 300w, https:\/\/cyclotourer.de\/wp-content\/uploads\/2022\/08\/IMG_8849-2-150x113.jpeg 150w, https:\/\/cyclotourer.de\/wp-content\/uploads\/2022\/08\/IMG_8849-2-768x576.jpeg 768w, https:\/\/cyclotourer.de\/wp-content\/uploads\/2022\/08\/IMG_8849-2-1536x1152.jpeg 1536w, https:\/\/cyclotourer.de\/wp-content\/uploads\/2022\/08\/IMG_8849-2.jpeg 1920w\" sizes=\"auto, (max-width: 1024px) 100vw, 1024px\" \/><\/figure>\n\n\n\n<p> Irgendwie lief es wieder gut. Wasser war weiterhin knapp, aber vom Gef\u00fchl her war ich mir ziemlich sicher das ich meinen Plan in M\u00fcnchen anzukommen umsetzen konnte.<\/p>\n\n\n\n<p>Gegen 5:30Uhr kam ich in Wilburgstetten an einer B\u00e4ckerei vorbei. ich konnte mich st\u00e4rken und mit allem versorgen was ich brauchte. Es kamen einige Handwerker und andere Leute die scheinbar auf dem Weg zur Arbeit sich mit fr\u00fchst\u00fcck versorgten. <\/p>\n\n\n\n<p>Sie schauten mich schr\u00e4g an, aber das konnte ich verstehen. <\/p>\n\n\n\n<figure class=\"wp-block-gallery has-nested-images columns-default is-cropped wp-block-gallery-7 is-layout-flex wp-block-gallery-is-layout-flex\">\n<figure class=\"wp-block-image size-large\"><img loading=\"lazy\" decoding=\"async\" width=\"1024\" height=\"768\" data-id=\"5173\" src=\"https:\/\/cyclotourer.de\/wp-content\/uploads\/2022\/08\/IMG_8851-2-1024x768.jpeg\" alt=\"\" class=\"wp-image-5173\" srcset=\"https:\/\/cyclotourer.de\/wp-content\/uploads\/2022\/08\/IMG_8851-2-1024x768.jpeg 1024w, https:\/\/cyclotourer.de\/wp-content\/uploads\/2022\/08\/IMG_8851-2-300x225.jpeg 300w, https:\/\/cyclotourer.de\/wp-content\/uploads\/2022\/08\/IMG_8851-2-150x113.jpeg 150w, https:\/\/cyclotourer.de\/wp-content\/uploads\/2022\/08\/IMG_8851-2-768x576.jpeg 768w, https:\/\/cyclotourer.de\/wp-content\/uploads\/2022\/08\/IMG_8851-2-1536x1152.jpeg 1536w, https:\/\/cyclotourer.de\/wp-content\/uploads\/2022\/08\/IMG_8851-2.jpeg 1920w\" sizes=\"auto, (max-width: 1024px) 100vw, 1024px\" \/><\/figure>\n\n\n\n<figure class=\"wp-block-image size-large\"><img loading=\"lazy\" decoding=\"async\" width=\"1024\" height=\"768\" data-id=\"5174\" src=\"https:\/\/cyclotourer.de\/wp-content\/uploads\/2022\/08\/IMG_8852-1-1024x768.jpeg\" alt=\"\" class=\"wp-image-5174\" srcset=\"https:\/\/cyclotourer.de\/wp-content\/uploads\/2022\/08\/IMG_8852-1-1024x768.jpeg 1024w, https:\/\/cyclotourer.de\/wp-content\/uploads\/2022\/08\/IMG_8852-1-300x225.jpeg 300w, https:\/\/cyclotourer.de\/wp-content\/uploads\/2022\/08\/IMG_8852-1-150x113.jpeg 150w, https:\/\/cyclotourer.de\/wp-content\/uploads\/2022\/08\/IMG_8852-1-768x576.jpeg 768w, https:\/\/cyclotourer.de\/wp-content\/uploads\/2022\/08\/IMG_8852-1-1536x1152.jpeg 1536w, https:\/\/cyclotourer.de\/wp-content\/uploads\/2022\/08\/IMG_8852-1.jpeg 1920w\" sizes=\"auto, (max-width: 1024px) 100vw, 1024px\" \/><\/figure>\n\n\n\n<figure class=\"wp-block-image size-large\"><img loading=\"lazy\" decoding=\"async\" width=\"1024\" height=\"768\" data-id=\"5172\" src=\"https:\/\/cyclotourer.de\/wp-content\/uploads\/2022\/08\/IMG_8853-1024x768.jpeg\" alt=\"\" class=\"wp-image-5172\" srcset=\"https:\/\/cyclotourer.de\/wp-content\/uploads\/2022\/08\/IMG_8853-1024x768.jpeg 1024w, https:\/\/cyclotourer.de\/wp-content\/uploads\/2022\/08\/IMG_8853-300x225.jpeg 300w, https:\/\/cyclotourer.de\/wp-content\/uploads\/2022\/08\/IMG_8853-150x113.jpeg 150w, https:\/\/cyclotourer.de\/wp-content\/uploads\/2022\/08\/IMG_8853-768x576.jpeg 768w, https:\/\/cyclotourer.de\/wp-content\/uploads\/2022\/08\/IMG_8853-1536x1152.jpeg 1536w, https:\/\/cyclotourer.de\/wp-content\/uploads\/2022\/08\/IMG_8853.jpeg 1920w\" sizes=\"auto, (max-width: 1024px) 100vw, 1024px\" \/><\/figure>\n<\/figure>\n\n\n\n<p>Bei sch\u00f6nsten Wetter ging mein Weg durch ein leicht h\u00fcgeliges Bayernl\u00e4ndle und ich war zufrieden mit meiner Leistung. Mit dem Durchh\u00e4nger in Miltenberg und ein oder zwei Tiefs in der Nacht, hatte ich mit diesem Elan nicht mehr gerechnet.<\/p>\n\n\n\n<p>Es ging durch Harburg (Schwaben in Richtung Donauw\u00f6rth&#8230;<\/p>\n\n\n\n<figure class=\"wp-block-gallery has-nested-images columns-default is-cropped wp-block-gallery-8 is-layout-flex wp-block-gallery-is-layout-flex\">\n<figure class=\"wp-block-image size-large\"><img loading=\"lazy\" decoding=\"async\" width=\"768\" height=\"1024\" data-id=\"5175\" src=\"https:\/\/cyclotourer.de\/wp-content\/uploads\/2022\/08\/IMG_8854-768x1024.jpeg\" alt=\"\" class=\"wp-image-5175\" srcset=\"https:\/\/cyclotourer.de\/wp-content\/uploads\/2022\/08\/IMG_8854-768x1024.jpeg 768w, https:\/\/cyclotourer.de\/wp-content\/uploads\/2022\/08\/IMG_8854-225x300.jpeg 225w, https:\/\/cyclotourer.de\/wp-content\/uploads\/2022\/08\/IMG_8854-113x150.jpeg 113w, https:\/\/cyclotourer.de\/wp-content\/uploads\/2022\/08\/IMG_8854-1152x1536.jpeg 1152w, https:\/\/cyclotourer.de\/wp-content\/uploads\/2022\/08\/IMG_8854.jpeg 1440w\" sizes=\"auto, (max-width: 768px) 100vw, 768px\" \/><\/figure>\n\n\n\n<figure class=\"wp-block-image size-large\"><img loading=\"lazy\" decoding=\"async\" width=\"1024\" height=\"768\" data-id=\"5176\" src=\"https:\/\/cyclotourer.de\/wp-content\/uploads\/2022\/08\/IMG_8856-2-1024x768.jpeg\" alt=\"\" class=\"wp-image-5176\" srcset=\"https:\/\/cyclotourer.de\/wp-content\/uploads\/2022\/08\/IMG_8856-2-1024x768.jpeg 1024w, https:\/\/cyclotourer.de\/wp-content\/uploads\/2022\/08\/IMG_8856-2-300x225.jpeg 300w, https:\/\/cyclotourer.de\/wp-content\/uploads\/2022\/08\/IMG_8856-2-150x113.jpeg 150w, https:\/\/cyclotourer.de\/wp-content\/uploads\/2022\/08\/IMG_8856-2-768x576.jpeg 768w, https:\/\/cyclotourer.de\/wp-content\/uploads\/2022\/08\/IMG_8856-2-1536x1152.jpeg 1536w, https:\/\/cyclotourer.de\/wp-content\/uploads\/2022\/08\/IMG_8856-2.jpeg 1920w\" sizes=\"auto, (max-width: 1024px) 100vw, 1024px\" \/><\/figure>\n<\/figure>\n\n\n\n<p>&#8230; immer weiter in Richtung Augsburg. Bis Augsburg sollte es jedoch nicht gehen. Kurz davor bog ich ab auf einem direktem Weg in Richtung M\u00fcnchen. Weit war es nicht mehr, aber es warteten immer und immer wieder knackige Anstiege. Zwar nicht kilometerlang aber immer steil genug das es sch\u00f6n die K\u00f6rner aus den K\u00f6rper zieht. <\/p>\n\n\n\n<figure class=\"wp-block-gallery has-nested-images columns-default is-cropped wp-block-gallery-9 is-layout-flex wp-block-gallery-is-layout-flex\">\n<figure class=\"wp-block-image size-large\"><img loading=\"lazy\" decoding=\"async\" width=\"768\" height=\"1024\" data-id=\"5178\" src=\"https:\/\/cyclotourer.de\/wp-content\/uploads\/2022\/08\/IMG_8857-1-768x1024.jpeg\" alt=\"\" class=\"wp-image-5178\" srcset=\"https:\/\/cyclotourer.de\/wp-content\/uploads\/2022\/08\/IMG_8857-1-768x1024.jpeg 768w, https:\/\/cyclotourer.de\/wp-content\/uploads\/2022\/08\/IMG_8857-1-225x300.jpeg 225w, https:\/\/cyclotourer.de\/wp-content\/uploads\/2022\/08\/IMG_8857-1-113x150.jpeg 113w, https:\/\/cyclotourer.de\/wp-content\/uploads\/2022\/08\/IMG_8857-1-1152x1536.jpeg 1152w, https:\/\/cyclotourer.de\/wp-content\/uploads\/2022\/08\/IMG_8857-1.jpeg 1440w\" sizes=\"auto, (max-width: 768px) 100vw, 768px\" \/><\/figure>\n\n\n\n<figure class=\"wp-block-image size-large\"><img loading=\"lazy\" decoding=\"async\" width=\"1024\" height=\"768\" data-id=\"5179\" src=\"https:\/\/cyclotourer.de\/wp-content\/uploads\/2022\/08\/IMG_8859-2-1024x768.jpeg\" alt=\"\" class=\"wp-image-5179\" srcset=\"https:\/\/cyclotourer.de\/wp-content\/uploads\/2022\/08\/IMG_8859-2-1024x768.jpeg 1024w, https:\/\/cyclotourer.de\/wp-content\/uploads\/2022\/08\/IMG_8859-2-300x225.jpeg 300w, https:\/\/cyclotourer.de\/wp-content\/uploads\/2022\/08\/IMG_8859-2-150x113.jpeg 150w, https:\/\/cyclotourer.de\/wp-content\/uploads\/2022\/08\/IMG_8859-2-768x576.jpeg 768w, https:\/\/cyclotourer.de\/wp-content\/uploads\/2022\/08\/IMG_8859-2-1536x1152.jpeg 1536w, https:\/\/cyclotourer.de\/wp-content\/uploads\/2022\/08\/IMG_8859-2.jpeg 1920w\" sizes=\"auto, (max-width: 1024px) 100vw, 1024px\" \/><\/figure>\n<\/figure>\n\n\n\n<p>Es machte sich zwischenzeitlich die M\u00fcdigkeit in mir breit. Aber das Ziel war bereits in greifbarer N\u00e4he!<\/p>\n\n\n\n<p>Nach knapp 410km konnte ich mit einer Zeit von 20:46h die Innenstadt von M\u00fcnchen erreichen!<\/p>\n\n\n\n<p>Zwischendurch habe ich selbst nicht daran geglaubt, aber ich habe die Strecke bew\u00e4ltigt! Ein hinreisendes Gef\u00fchl!<\/p>\n\n\n\n<p>Nach einer deftigen Mahlzeit in einem Restaurant gegen\u00fcber vom M\u00fcnchner Hofbr\u00e4uhaus, konnte ich mir meine Reserven wieder f\u00fcllen und mit dem ein oder anderen Weizenbier den Durst l\u00f6schen!<\/p>\n\n\n\n<p>Ich setzte mich im Anschluss in die Bahn um wieder nach Hause zu fahren, aber da nahm das Drama erst seinen Lauf. Gef\u00fchlt war ich mit dem Zug langsamer als mit dem Fahrrad selbst&#8230;<\/p>\n\n\n\n<figure class=\"wp-block-gallery has-nested-images columns-default is-cropped wp-block-gallery-10 is-layout-flex wp-block-gallery-is-layout-flex\">\n<figure class=\"wp-block-image size-large\"><img loading=\"lazy\" decoding=\"async\" width=\"1024\" height=\"768\" data-id=\"5181\" src=\"https:\/\/cyclotourer.de\/wp-content\/uploads\/2022\/08\/IMG_8860-2-1024x768.jpeg\" alt=\"\" class=\"wp-image-5181\" srcset=\"https:\/\/cyclotourer.de\/wp-content\/uploads\/2022\/08\/IMG_8860-2-1024x768.jpeg 1024w, https:\/\/cyclotourer.de\/wp-content\/uploads\/2022\/08\/IMG_8860-2-300x225.jpeg 300w, https:\/\/cyclotourer.de\/wp-content\/uploads\/2022\/08\/IMG_8860-2-150x113.jpeg 150w, https:\/\/cyclotourer.de\/wp-content\/uploads\/2022\/08\/IMG_8860-2-768x576.jpeg 768w, https:\/\/cyclotourer.de\/wp-content\/uploads\/2022\/08\/IMG_8860-2-1536x1152.jpeg 1536w, https:\/\/cyclotourer.de\/wp-content\/uploads\/2022\/08\/IMG_8860-2.jpeg 1920w\" sizes=\"auto, (max-width: 1024px) 100vw, 1024px\" \/><\/figure>\n\n\n\n<figure class=\"wp-block-image size-large\"><img loading=\"lazy\" decoding=\"async\" width=\"768\" height=\"1024\" data-id=\"5180\" src=\"https:\/\/cyclotourer.de\/wp-content\/uploads\/2022\/08\/IMG_8861-768x1024.jpeg\" alt=\"\" class=\"wp-image-5180\" srcset=\"https:\/\/cyclotourer.de\/wp-content\/uploads\/2022\/08\/IMG_8861-768x1024.jpeg 768w, https:\/\/cyclotourer.de\/wp-content\/uploads\/2022\/08\/IMG_8861-225x300.jpeg 225w, https:\/\/cyclotourer.de\/wp-content\/uploads\/2022\/08\/IMG_8861-113x150.jpeg 113w, https:\/\/cyclotourer.de\/wp-content\/uploads\/2022\/08\/IMG_8861-1152x1536.jpeg 1152w, https:\/\/cyclotourer.de\/wp-content\/uploads\/2022\/08\/IMG_8861.jpeg 1440w\" sizes=\"auto, (max-width: 768px) 100vw, 768px\" \/><\/figure>\n\n\n\n<figure class=\"wp-block-image size-large\"><img loading=\"lazy\" decoding=\"async\" width=\"1024\" height=\"768\" data-id=\"5182\" src=\"https:\/\/cyclotourer.de\/wp-content\/uploads\/2022\/08\/IMG_8863-1024x768.jpeg\" alt=\"\" class=\"wp-image-5182\" srcset=\"https:\/\/cyclotourer.de\/wp-content\/uploads\/2022\/08\/IMG_8863-1024x768.jpeg 1024w, https:\/\/cyclotourer.de\/wp-content\/uploads\/2022\/08\/IMG_8863-300x225.jpeg 300w, https:\/\/cyclotourer.de\/wp-content\/uploads\/2022\/08\/IMG_8863-150x113.jpeg 150w, https:\/\/cyclotourer.de\/wp-content\/uploads\/2022\/08\/IMG_8863-768x576.jpeg 768w, https:\/\/cyclotourer.de\/wp-content\/uploads\/2022\/08\/IMG_8863-1536x1152.jpeg 1536w, https:\/\/cyclotourer.de\/wp-content\/uploads\/2022\/08\/IMG_8863.jpeg 1920w\" sizes=\"auto, (max-width: 1024px) 100vw, 1024px\" \/><\/figure>\n\n\n\n<figure class=\"wp-block-image size-large\"><img loading=\"lazy\" decoding=\"async\" width=\"1024\" height=\"768\" data-id=\"5183\" src=\"https:\/\/cyclotourer.de\/wp-content\/uploads\/2022\/08\/IMG_8864-1024x768.jpeg\" alt=\"\" class=\"wp-image-5183\" srcset=\"https:\/\/cyclotourer.de\/wp-content\/uploads\/2022\/08\/IMG_8864-1024x768.jpeg 1024w, https:\/\/cyclotourer.de\/wp-content\/uploads\/2022\/08\/IMG_8864-300x225.jpeg 300w, https:\/\/cyclotourer.de\/wp-content\/uploads\/2022\/08\/IMG_8864-150x113.jpeg 150w, https:\/\/cyclotourer.de\/wp-content\/uploads\/2022\/08\/IMG_8864-768x576.jpeg 768w, https:\/\/cyclotourer.de\/wp-content\/uploads\/2022\/08\/IMG_8864-1536x1152.jpeg 1536w, https:\/\/cyclotourer.de\/wp-content\/uploads\/2022\/08\/IMG_8864.jpeg 1920w\" sizes=\"auto, (max-width: 1024px) 100vw, 1024px\" \/><\/figure>\n\n\n\n<figure class=\"wp-block-image size-large\"><img loading=\"lazy\" decoding=\"async\" width=\"1024\" height=\"768\" data-id=\"5184\" src=\"https:\/\/cyclotourer.de\/wp-content\/uploads\/2022\/08\/IMG_8875-1024x768.jpeg\" alt=\"\" class=\"wp-image-5184\" srcset=\"https:\/\/cyclotourer.de\/wp-content\/uploads\/2022\/08\/IMG_8875-1024x768.jpeg 1024w, https:\/\/cyclotourer.de\/wp-content\/uploads\/2022\/08\/IMG_8875-300x225.jpeg 300w, https:\/\/cyclotourer.de\/wp-content\/uploads\/2022\/08\/IMG_8875-150x113.jpeg 150w, https:\/\/cyclotourer.de\/wp-content\/uploads\/2022\/08\/IMG_8875-768x576.jpeg 768w, https:\/\/cyclotourer.de\/wp-content\/uploads\/2022\/08\/IMG_8875-1536x1152.jpeg 1536w, https:\/\/cyclotourer.de\/wp-content\/uploads\/2022\/08\/IMG_8875.jpeg 1920w\" sizes=\"auto, (max-width: 1024px) 100vw, 1024px\" \/><\/figure>\n\n\n\n<figure class=\"wp-block-image size-large\"><img loading=\"lazy\" decoding=\"async\" width=\"1024\" height=\"768\" data-id=\"5185\" src=\"https:\/\/cyclotourer.de\/wp-content\/uploads\/2022\/08\/IMG_8886-1024x768.jpeg\" alt=\"\" class=\"wp-image-5185\" srcset=\"https:\/\/cyclotourer.de\/wp-content\/uploads\/2022\/08\/IMG_8886-1024x768.jpeg 1024w, https:\/\/cyclotourer.de\/wp-content\/uploads\/2022\/08\/IMG_8886-300x225.jpeg 300w, https:\/\/cyclotourer.de\/wp-content\/uploads\/2022\/08\/IMG_8886-150x113.jpeg 150w, https:\/\/cyclotourer.de\/wp-content\/uploads\/2022\/08\/IMG_8886-768x576.jpeg 768w, https:\/\/cyclotourer.de\/wp-content\/uploads\/2022\/08\/IMG_8886-1536x1152.jpeg 1536w, https:\/\/cyclotourer.de\/wp-content\/uploads\/2022\/08\/IMG_8886.jpeg 1920w\" sizes=\"auto, (max-width: 1024px) 100vw, 1024px\" \/><\/figure>\n<\/figure>\n","protected":false},"excerpt":{"rendered":"<p>Heute war der Plan mit dem Rennrad so schnell wie m\u00f6glich nach M\u00fcnchen zu kommen. Da ich mittags in M\u00fcnchen sein wollte, musste ich bereits [&#8230;]<\/p>\n","protected":false},"author":2,"featured_media":5184,"comment_status":"open","ping_status":"open","sticky":false,"template":"","format":"standard","meta":{"footnotes":""},"categories":[121],"tags":[243,242,241,56,126],"class_list":["post-5140","post","type-post","status-publish","format-standard","has-post-thumbnail","hentry","category-touren","tag-24std","tag-an-einem-stueck","tag-bekloppt","tag-muenchen","tag-rr"],"_links":{"self":[{"href":"https:\/\/cyclotourer.de\/index.php?rest_route=\/wp\/v2\/posts\/5140","targetHints":{"allow":["GET"]}}],"collection":[{"href":"https:\/\/cyclotourer.de\/index.php?rest_route=\/wp\/v2\/posts"}],"about":[{"href":"https:\/\/cyclotourer.de\/index.php?rest_route=\/wp\/v2\/types\/post"}],"author":[{"embeddable":true,"href":"https:\/\/cyclotourer.de\/index.php?rest_route=\/wp\/v2\/users\/2"}],"replies":[{"embeddable":true,"href":"https:\/\/cyclotourer.de\/index.php?rest_route=%2Fwp%2Fv2%2Fcomments&post=5140"}],"version-history":[{"count":4,"href":"https:\/\/cyclotourer.de\/index.php?rest_route=\/wp\/v2\/posts\/5140\/revisions"}],"predecessor-version":[{"id":5411,"href":"https:\/\/cyclotourer.de\/index.php?rest_route=\/wp\/v2\/posts\/5140\/revisions\/5411"}],"wp:featuredmedia":[{"embeddable":true,"href":"https:\/\/cyclotourer.de\/index.php?rest_route=\/wp\/v2\/media\/5184"}],"wp:attachment":[{"href":"https:\/\/cyclotourer.de\/index.php?rest_route=%2Fwp%2Fv2%2Fmedia&parent=5140"}],"wp:term":[{"taxonomy":"category","embeddable":true,"href":"https:\/\/cyclotourer.de\/index.php?rest_route=%2Fwp%2Fv2%2Fcategories&post=5140"},{"taxonomy":"post_tag","embeddable":true,"href":"https:\/\/cyclotourer.de\/index.php?rest_route=%2Fwp%2Fv2%2Ftags&post=5140"}],"curies":[{"name":"wp","href":"https:\/\/api.w.org\/{rel}","templated":true}]}}