{"id":4814,"date":"2021-09-12T13:15:40","date_gmt":"2021-09-12T13:15:40","guid":{"rendered":"https:\/\/cyclotourer.de\/?p=4814"},"modified":"2021-09-12T17:16:56","modified_gmt":"2021-09-12T17:16:56","slug":"12-dm-mtb-meisterschaft-der-justiz","status":"publish","type":"post","link":"https:\/\/cyclotourer.de\/?p=4814","title":{"rendered":"12. DM MTB Meisterschaft der Justiz 2021"},"content":{"rendered":"\n<p>11.09.2021 Daun<\/p>\n\n\n\n<p>Endlich war es wieder soweit und es viel der Startschuss f\u00fcr die 12. DM MTB der Justiz!<\/p>\n\n\n\n<p>Nachdem Corona-Bedingt die Meisterschaft in 2020 ausfallen musste, organisierte Berry die MTB Meisterschaft der Justiz wieder in Rhens. Da Rhens auch in diesem Jahr abgesagt werden musste, wollte er wieder zu dem Event der SIG-Koblenz nach Nickenich holen. Aber auch hier konnte man sich mit den Beh\u00f6rden nicht abstimmen und auch dieses Rennen musste abgesagt werden. <\/p>\n\n\n\n<p>Doch Berry blieb unerm\u00fcdlich und schaffte es, uns bei der <a href=\"https:\/\/www.vulkan.bike\">Vulkan-Bike<\/a> in Daun mit unterzubringen. <\/p>\n\n\n\n<p class=\"has-medium-font-size\"><strong>An dieser Stelle ein riesiger Dank an Berry!!!<\/strong><\/p>\n\n\n\n<p>Da ich aus organisatorischen Gr\u00fcnden nicht einen Tag vorher anreisen konnte, musste ich die mit \u00fcber zweihundert Kilometer lange Anreise am Morgen auf mich nehmen. Da ich ein Kollege noch mit im Auto hatte, war die Zeit dann doch nicht zu lange und wir kamen trotz Umleitungen gut durch.<\/p>\n\n\n\n<p>Zwischendurch regnete es wie aus Eimern und wir bef\u00fcrchteten, dass dieses Rennen zwar nicht abgesagt aber daf\u00fcr ins Wasser fallen k\u00f6nnte. In Daun angekommen begr\u00fc\u00dften uns aber nicht nur die fr\u00f6hlichen Gesichter der Bruchsaler Kollegen, es strahlte auch die Sonne vom Himmel.<\/p>\n\n\n\n<figure class=\"wp-block-image size-large\"><img loading=\"lazy\" decoding=\"async\" width=\"1024\" height=\"498\" src=\"https:\/\/cyclotourer.de\/wp-content\/uploads\/2021\/09\/27eccc32-d19d-4256-8181-461194fcc285-1024x498.jpg\" alt=\"\" class=\"wp-image-4734\" srcset=\"https:\/\/cyclotourer.de\/wp-content\/uploads\/2021\/09\/27eccc32-d19d-4256-8181-461194fcc285-1024x498.jpg 1024w, https:\/\/cyclotourer.de\/wp-content\/uploads\/2021\/09\/27eccc32-d19d-4256-8181-461194fcc285-300x146.jpg 300w, https:\/\/cyclotourer.de\/wp-content\/uploads\/2021\/09\/27eccc32-d19d-4256-8181-461194fcc285-150x73.jpg 150w, https:\/\/cyclotourer.de\/wp-content\/uploads\/2021\/09\/27eccc32-d19d-4256-8181-461194fcc285-768x373.jpg 768w, https:\/\/cyclotourer.de\/wp-content\/uploads\/2021\/09\/27eccc32-d19d-4256-8181-461194fcc285.jpg 1280w\" sizes=\"auto, (max-width: 1024px) 100vw, 1024px\" \/><\/figure>\n\n\n\n<p>Nach frischen Kaffee von Heidi und leckeren Br\u00f6tchen von Allesandro konnten wir gest\u00e4rkt an den Start gehen. Man merkte schnell, dass es das Rennen schon lange gibt. Voll durchorganisiert wurde nichts dem Zufall \u00fcberlassen. Dem internationalen Publikum sah man f\u00f6rmlich die Lust aufs Rennen und Siegen an.<\/p>\n\n\n\n<p>Mir war klar das auch die Kollegen der Justiz durchweg hei\u00df waren und mir nichts schenken w\u00fcrden. <\/p>\n\n\n\n<div class=\"wp-block-image\"><figure class=\"alignleft size-large is-resized\"><img loading=\"lazy\" decoding=\"async\" src=\"https:\/\/cyclotourer.de\/wp-content\/uploads\/2021\/09\/81044282-4616-4dd9-ac33-de93c6166630-498x1024.jpg\" alt=\"\" class=\"wp-image-4740\" width=\"249\" height=\"512\" srcset=\"https:\/\/cyclotourer.de\/wp-content\/uploads\/2021\/09\/81044282-4616-4dd9-ac33-de93c6166630-498x1024.jpg 498w, https:\/\/cyclotourer.de\/wp-content\/uploads\/2021\/09\/81044282-4616-4dd9-ac33-de93c6166630-146x300.jpg 146w, https:\/\/cyclotourer.de\/wp-content\/uploads\/2021\/09\/81044282-4616-4dd9-ac33-de93c6166630-73x150.jpg 73w, https:\/\/cyclotourer.de\/wp-content\/uploads\/2021\/09\/81044282-4616-4dd9-ac33-de93c6166630.jpg 622w\" sizes=\"auto, (max-width: 249px) 100vw, 249px\" \/><\/figure><\/div>\n\n\n\n<p>Am vergangenen Mittwoch hatte ich einen Sport-Leistungstest in der Uni-Gie\u00dfen. Dieser Test war mir f\u00fcr die n\u00e4chsten Rennen, aber vor allem das 24Std-Rennen in Namibia wichtig. Zu lange hatte ich immer die vorangegangene Corona-Infektion im Hinterkopf und wagte mich nicht, an die Grenze der k\u00f6rperlichen M\u00f6glichkeiten zu gehen. Nach der Untersuchung hatte ich die Sicherheit das ich k\u00f6rperlich topfit bin. Entsprechend hatte ich meinen Kopf frei und ging mit viel mehr Sicherheit an den Start. <\/p>\n\n\n\n<p>Da ich noch vor dem Sport-Leistungstest in der Uni Gie\u00dfen mich anmelden musste, meldete ich mich f\u00fcr die kurze Version, dem Sport-Track mit 38km und 900 HM. Heute \u00e4rgerte ich mich fast, gab mich aber auch mit der kurzen Version der Justiz-Meisterschaft zufrieden.<\/p>\n\n\n\n<p>Nico, Hans-Peter und Alessandro wagten sich auf den 65km langen Halbmarathon und finishten durchweg mit guten Platzierungen!<\/p>\n\n\n\n<div class=\"wp-block-image\"><figure class=\"alignright size-large is-resized\"><img loading=\"lazy\" decoding=\"async\" src=\"https:\/\/cyclotourer.de\/wp-content\/uploads\/2021\/09\/156d7847-6409-481d-b7c0-c9a179e254f4-461x1024.jpg\" alt=\"\" class=\"wp-image-4809\" width=\"346\" height=\"768\" srcset=\"https:\/\/cyclotourer.de\/wp-content\/uploads\/2021\/09\/156d7847-6409-481d-b7c0-c9a179e254f4-461x1024.jpg 461w, https:\/\/cyclotourer.de\/wp-content\/uploads\/2021\/09\/156d7847-6409-481d-b7c0-c9a179e254f4-135x300.jpg 135w, https:\/\/cyclotourer.de\/wp-content\/uploads\/2021\/09\/156d7847-6409-481d-b7c0-c9a179e254f4-68x150.jpg 68w, https:\/\/cyclotourer.de\/wp-content\/uploads\/2021\/09\/156d7847-6409-481d-b7c0-c9a179e254f4.jpg 576w\" sizes=\"auto, (max-width: 346px) 100vw, 346px\" \/><\/figure><\/div>\n\n\n\n<p>Paul, ein Kollege aus Frankfurt nahm das erste Mal an der DM teil. Auch er war voll motiviert, musste jedoch bei seiner ersten Teilnahme an einem Rennen \u00fcberhaupt, etwas ausgebremst werden damit er nicht bereits zu Anfang alle K\u00f6rner verschie\u00dft.<\/p>\n\n\n\n<p> Der Start lief gut und ich kam gut im Mittelfeld weg. Die Strecke war von Anfang an gut zu fahren und es gab keine \u00dcberraschungen durch unerwartet steile Rampen. <\/p>\n\n\n\n<p>Bei einem Etappe war die oberste Schicht durch den regen am Vortag aufgeweicht und es war entsprechend glitschig. <\/p>\n\n\n\n<p>Mit H\u00f6chstgeschwindigkeiten \u00fcber 67,8 km\/h und einem extrem steilem St\u00fcck der Skipiste hoch und ausgezeichneten Trails hatte das Rennen alles, was eine ausgezeichnete Strecke zu bieten hat. <\/p>\n\n\n\n<p>Nach einer Zeit von 1:51h kam ich wieder im Ziel an. Optimistisch unter den ersten 5 Justizianer zu sein, wartete ich auf J\u00fcrgen und Paul. <\/p>\n\n\n\n<p>Fast in Echtzeit konnte man seine Ergebnisse aufrufen.<\/p>\n\n\n\n<p>Ich hatte zumindest mein Plan geschafft: Platz 5<\/p>\n\n\n\n<p>Noch erstaunter war ich bei der Sichtung der Gesamtwertung der Vulkan-Bike:<\/p>\n\n\n\n<p>Mit Platz 16 deutlich in den Top 20!<\/p>\n\n\n\n<p>Stolz kann Kollege Paul sicherlich sein, er finishte das Rennen noch vor J\u00fcrgen und konnte sich mit einem neunten beweisen!<\/p>\n\n\n\n<p>Fazit: Top organisiertes Rennen an dem ich auf jeden Fall nochmal (auch unabh\u00e4ngig der DM der Justiz) teilnehmen m\u00f6chte! Das Land, die Gegend, einfach einladend und werde das Rennen gerne mit einem Urlaub in der Eifel verbinden!<\/p>\n\n\n\n<p><\/p>\n\n\n\n<p>Rundum zufrieden mit dem Renntag, dem Treffen mit den zahlreichen Kollegen und der gefahrenen Leistung, konnten wir uns wieder auf den Heimweg machen. <\/p>\n\n\n\n<p>N\u00e4chstes Highlight wird der 24Std Megamarsch mit 100km, an dem zumindest J\u00fcrgen und Heide aus Bruchsal ebenfalls teilnehmen&#8230; Ich freu mich drauf!<\/p>\n\n\n\n<p><\/p>\n\n\n\n<p class=\"has-medium-font-size\">Statistik zum Rennen:<\/p>\n\n\n\n<p>Nr.3910\u00a0<\/p>\n\n\n\n<p>Name: Schindler, Marco<\/p>\n\n\n\n<p>Team \/ Verein: BSG \/ JVA Frankfurt I, HE, Fahrrad-Desch-Laubach\u00a0<\/p>\n\n\n\n<h3 class=\"wp-block-heading\">WERTUNG<\/h3>\n\n\n\n<p>Veranstaltung: VulkanBike Eifel-Marathon 2021 &#8211; Sport-Track &#8211; 38 km &#8211; 900 HM<\/p>\n\n\n\n<p>Teilnehmer im Ziel: 270<\/p>\n\n\n\n<p>Zeit: 01:51:21.1<\/p>\n\n\n\n<p>Platz Gesamt: 53<\/p>\n\n\n\n<p>Platz Geschlecht: 51Platz <\/p>\n\n\n\n<p>Altersklasse: 16 (SenIIm)\u00a0<\/p>\n\n\n\n<h3 class=\"wp-block-heading\">SONDERWERTUNGEN<\/h3>\n\n\n\n<p>Sonderwertung:<\/p>\n\n\n\n<p>DM der Justiz<\/p>\n\n\n\n<p>Platz Gesamt: 5Platz <\/p>\n\n\n\n<p>Geschlecht: 5<\/p>\n\n\n\n<p>Platz Altersklasse: 5 (M)\u00a0<\/p>\n\n\n\n<h3 class=\"wp-block-heading\">STATISTIK<\/h3>\n\n\n\n<p>Durchschnittliche Geschwindigkeit: 5.688 m\/s \u00a0 (20.48 km\/h) \u00a0<\/p>\n\n\n\n<p><\/p>\n\n\n\n<figure class=\"wp-block-gallery columns-2 is-cropped wp-block-gallery-1 is-layout-flex wp-block-gallery-is-layout-flex\"><ul class=\"blocks-gallery-grid\"><li class=\"blocks-gallery-item\"><figure><img loading=\"lazy\" decoding=\"async\" width=\"1024\" height=\"768\" src=\"https:\/\/cyclotourer.de\/wp-content\/uploads\/2021\/09\/IMG_2993-1024x768.jpeg\" alt=\"\" data-id=\"4748\" data-full-url=\"https:\/\/cyclotourer.de\/wp-content\/uploads\/2021\/09\/IMG_2993.jpeg\" data-link=\"https:\/\/cyclotourer.de\/?attachment_id=4748\" class=\"wp-image-4748\" srcset=\"https:\/\/cyclotourer.de\/wp-content\/uploads\/2021\/09\/IMG_2993-1024x768.jpeg 1024w, https:\/\/cyclotourer.de\/wp-content\/uploads\/2021\/09\/IMG_2993-300x225.jpeg 300w, https:\/\/cyclotourer.de\/wp-content\/uploads\/2021\/09\/IMG_2993-150x113.jpeg 150w, https:\/\/cyclotourer.de\/wp-content\/uploads\/2021\/09\/IMG_2993-768x576.jpeg 768w, https:\/\/cyclotourer.de\/wp-content\/uploads\/2021\/09\/IMG_2993.jpeg 1280w\" sizes=\"auto, (max-width: 1024px) 100vw, 1024px\" \/><\/figure><\/li><li class=\"blocks-gallery-item\"><figure><img loading=\"lazy\" decoding=\"async\" width=\"768\" height=\"1024\" src=\"https:\/\/cyclotourer.de\/wp-content\/uploads\/2021\/09\/IMG_3005-768x1024.jpeg\" alt=\"\" data-id=\"4753\" data-full-url=\"https:\/\/cyclotourer.de\/wp-content\/uploads\/2021\/09\/IMG_3005.jpeg\" data-link=\"https:\/\/cyclotourer.de\/?attachment_id=4753\" class=\"wp-image-4753\" srcset=\"https:\/\/cyclotourer.de\/wp-content\/uploads\/2021\/09\/IMG_3005-768x1024.jpeg 768w, https:\/\/cyclotourer.de\/wp-content\/uploads\/2021\/09\/IMG_3005-225x300.jpeg 225w, https:\/\/cyclotourer.de\/wp-content\/uploads\/2021\/09\/IMG_3005-113x150.jpeg 113w, https:\/\/cyclotourer.de\/wp-content\/uploads\/2021\/09\/IMG_3005.jpeg 960w\" sizes=\"auto, (max-width: 768px) 100vw, 768px\" \/><\/figure><\/li><li class=\"blocks-gallery-item\"><figure><img loading=\"lazy\" decoding=\"async\" width=\"1024\" height=\"768\" src=\"https:\/\/cyclotourer.de\/wp-content\/uploads\/2021\/09\/IMG_3004-1024x768.jpeg\" alt=\"\" data-id=\"4752\" data-full-url=\"https:\/\/cyclotourer.de\/wp-content\/uploads\/2021\/09\/IMG_3004.jpeg\" data-link=\"https:\/\/cyclotourer.de\/?attachment_id=4752\" class=\"wp-image-4752\" srcset=\"https:\/\/cyclotourer.de\/wp-content\/uploads\/2021\/09\/IMG_3004-1024x768.jpeg 1024w, https:\/\/cyclotourer.de\/wp-content\/uploads\/2021\/09\/IMG_3004-300x225.jpeg 300w, https:\/\/cyclotourer.de\/wp-content\/uploads\/2021\/09\/IMG_3004-150x113.jpeg 150w, https:\/\/cyclotourer.de\/wp-content\/uploads\/2021\/09\/IMG_3004-768x576.jpeg 768w, https:\/\/cyclotourer.de\/wp-content\/uploads\/2021\/09\/IMG_3004.jpeg 1280w\" sizes=\"auto, (max-width: 1024px) 100vw, 1024px\" \/><\/figure><\/li><li class=\"blocks-gallery-item\"><figure><img loading=\"lazy\" decoding=\"async\" width=\"1024\" height=\"498\" src=\"https:\/\/cyclotourer.de\/wp-content\/uploads\/2021\/09\/00614313-5262-416c-a27b-f3b71f0d4566-1024x498.jpg\" alt=\"\" data-id=\"4739\" data-full-url=\"https:\/\/cyclotourer.de\/wp-content\/uploads\/2021\/09\/00614313-5262-416c-a27b-f3b71f0d4566.jpg\" data-link=\"https:\/\/cyclotourer.de\/?attachment_id=4739\" class=\"wp-image-4739\" srcset=\"https:\/\/cyclotourer.de\/wp-content\/uploads\/2021\/09\/00614313-5262-416c-a27b-f3b71f0d4566-1024x498.jpg 1024w, https:\/\/cyclotourer.de\/wp-content\/uploads\/2021\/09\/00614313-5262-416c-a27b-f3b71f0d4566-300x146.jpg 300w, https:\/\/cyclotourer.de\/wp-content\/uploads\/2021\/09\/00614313-5262-416c-a27b-f3b71f0d4566-150x73.jpg 150w, https:\/\/cyclotourer.de\/wp-content\/uploads\/2021\/09\/00614313-5262-416c-a27b-f3b71f0d4566-768x373.jpg 768w, https:\/\/cyclotourer.de\/wp-content\/uploads\/2021\/09\/00614313-5262-416c-a27b-f3b71f0d4566.jpg 1280w\" sizes=\"auto, (max-width: 1024px) 100vw, 1024px\" \/><\/figure><\/li><li class=\"blocks-gallery-item\"><figure><img loading=\"lazy\" decoding=\"async\" width=\"1024\" height=\"768\" src=\"https:\/\/cyclotourer.de\/wp-content\/uploads\/2021\/09\/IMG_3006-1024x768.jpeg\" alt=\"\" data-id=\"4754\" data-full-url=\"https:\/\/cyclotourer.de\/wp-content\/uploads\/2021\/09\/IMG_3006.jpeg\" data-link=\"https:\/\/cyclotourer.de\/?attachment_id=4754\" class=\"wp-image-4754\" srcset=\"https:\/\/cyclotourer.de\/wp-content\/uploads\/2021\/09\/IMG_3006-1024x768.jpeg 1024w, https:\/\/cyclotourer.de\/wp-content\/uploads\/2021\/09\/IMG_3006-300x225.jpeg 300w, https:\/\/cyclotourer.de\/wp-content\/uploads\/2021\/09\/IMG_3006-150x113.jpeg 150w, https:\/\/cyclotourer.de\/wp-content\/uploads\/2021\/09\/IMG_3006-768x576.jpeg 768w, https:\/\/cyclotourer.de\/wp-content\/uploads\/2021\/09\/IMG_3006.jpeg 1280w\" sizes=\"auto, (max-width: 1024px) 100vw, 1024px\" \/><\/figure><\/li><li class=\"blocks-gallery-item\"><figure><img loading=\"lazy\" decoding=\"async\" width=\"1024\" height=\"498\" src=\"https:\/\/cyclotourer.de\/wp-content\/uploads\/2021\/09\/8c47400f-bd41-476f-9c59-f9469d43ef1d-1024x498.jpg\" alt=\"\" data-id=\"4733\" data-full-url=\"https:\/\/cyclotourer.de\/wp-content\/uploads\/2021\/09\/8c47400f-bd41-476f-9c59-f9469d43ef1d.jpg\" data-link=\"https:\/\/cyclotourer.de\/?attachment_id=4733\" class=\"wp-image-4733\" srcset=\"https:\/\/cyclotourer.de\/wp-content\/uploads\/2021\/09\/8c47400f-bd41-476f-9c59-f9469d43ef1d-1024x498.jpg 1024w, https:\/\/cyclotourer.de\/wp-content\/uploads\/2021\/09\/8c47400f-bd41-476f-9c59-f9469d43ef1d-300x146.jpg 300w, https:\/\/cyclotourer.de\/wp-content\/uploads\/2021\/09\/8c47400f-bd41-476f-9c59-f9469d43ef1d-150x73.jpg 150w, https:\/\/cyclotourer.de\/wp-content\/uploads\/2021\/09\/8c47400f-bd41-476f-9c59-f9469d43ef1d-768x373.jpg 768w, https:\/\/cyclotourer.de\/wp-content\/uploads\/2021\/09\/8c47400f-bd41-476f-9c59-f9469d43ef1d.jpg 1280w\" sizes=\"auto, (max-width: 1024px) 100vw, 1024px\" \/><\/figure><\/li><li class=\"blocks-gallery-item\"><figure><img loading=\"lazy\" decoding=\"async\" width=\"497\" height=\"1024\" src=\"https:\/\/cyclotourer.de\/wp-content\/uploads\/2021\/09\/7ef351f7-d916-4cf4-84bf-b9675c0af712-497x1024.jpg\" alt=\"\" data-id=\"4732\" data-full-url=\"https:\/\/cyclotourer.de\/wp-content\/uploads\/2021\/09\/7ef351f7-d916-4cf4-84bf-b9675c0af712.jpg\" data-link=\"https:\/\/cyclotourer.de\/?attachment_id=4732\" class=\"wp-image-4732\" srcset=\"https:\/\/cyclotourer.de\/wp-content\/uploads\/2021\/09\/7ef351f7-d916-4cf4-84bf-b9675c0af712-497x1024.jpg 497w, https:\/\/cyclotourer.de\/wp-content\/uploads\/2021\/09\/7ef351f7-d916-4cf4-84bf-b9675c0af712-146x300.jpg 146w, https:\/\/cyclotourer.de\/wp-content\/uploads\/2021\/09\/7ef351f7-d916-4cf4-84bf-b9675c0af712-73x150.jpg 73w, https:\/\/cyclotourer.de\/wp-content\/uploads\/2021\/09\/7ef351f7-d916-4cf4-84bf-b9675c0af712-768x1581.jpg 768w, https:\/\/cyclotourer.de\/wp-content\/uploads\/2021\/09\/7ef351f7-d916-4cf4-84bf-b9675c0af712-746x1536.jpg 746w, https:\/\/cyclotourer.de\/wp-content\/uploads\/2021\/09\/7ef351f7-d916-4cf4-84bf-b9675c0af712.jpg 777w\" sizes=\"auto, (max-width: 497px) 100vw, 497px\" \/><\/figure><\/li><li class=\"blocks-gallery-item\"><figure><img loading=\"lazy\" decoding=\"async\" width=\"768\" height=\"1024\" src=\"https:\/\/cyclotourer.de\/wp-content\/uploads\/2021\/09\/79f45669-48b0-46a9-a4ef-bbb35281da77-768x1024.jpg\" alt=\"\" data-id=\"4736\" data-full-url=\"https:\/\/cyclotourer.de\/wp-content\/uploads\/2021\/09\/79f45669-48b0-46a9-a4ef-bbb35281da77.jpg\" data-link=\"https:\/\/cyclotourer.de\/?attachment_id=4736\" class=\"wp-image-4736\" srcset=\"https:\/\/cyclotourer.de\/wp-content\/uploads\/2021\/09\/79f45669-48b0-46a9-a4ef-bbb35281da77-768x1024.jpg 768w, https:\/\/cyclotourer.de\/wp-content\/uploads\/2021\/09\/79f45669-48b0-46a9-a4ef-bbb35281da77-225x300.jpg 225w, https:\/\/cyclotourer.de\/wp-content\/uploads\/2021\/09\/79f45669-48b0-46a9-a4ef-bbb35281da77-113x150.jpg 113w, https:\/\/cyclotourer.de\/wp-content\/uploads\/2021\/09\/79f45669-48b0-46a9-a4ef-bbb35281da77.jpg 960w\" sizes=\"auto, (max-width: 768px) 100vw, 768px\" \/><\/figure><\/li><li class=\"blocks-gallery-item\"><figure><img loading=\"lazy\" decoding=\"async\" width=\"1024\" height=\"497\" src=\"https:\/\/cyclotourer.de\/wp-content\/uploads\/2021\/09\/f8ffa5ef-e372-43ea-8497-11851a088248-1024x497.jpg\" alt=\"\" data-id=\"4745\" data-full-url=\"https:\/\/cyclotourer.de\/wp-content\/uploads\/2021\/09\/f8ffa5ef-e372-43ea-8497-11851a088248.jpg\" data-link=\"https:\/\/cyclotourer.de\/?attachment_id=4745\" class=\"wp-image-4745\" srcset=\"https:\/\/cyclotourer.de\/wp-content\/uploads\/2021\/09\/f8ffa5ef-e372-43ea-8497-11851a088248-1024x497.jpg 1024w, https:\/\/cyclotourer.de\/wp-content\/uploads\/2021\/09\/f8ffa5ef-e372-43ea-8497-11851a088248-300x146.jpg 300w, https:\/\/cyclotourer.de\/wp-content\/uploads\/2021\/09\/f8ffa5ef-e372-43ea-8497-11851a088248-150x73.jpg 150w, https:\/\/cyclotourer.de\/wp-content\/uploads\/2021\/09\/f8ffa5ef-e372-43ea-8497-11851a088248-768x373.jpg 768w, https:\/\/cyclotourer.de\/wp-content\/uploads\/2021\/09\/f8ffa5ef-e372-43ea-8497-11851a088248-1536x746.jpg 1536w, https:\/\/cyclotourer.de\/wp-content\/uploads\/2021\/09\/f8ffa5ef-e372-43ea-8497-11851a088248.jpg 1600w\" sizes=\"auto, (max-width: 1024px) 100vw, 1024px\" \/><\/figure><\/li><li class=\"blocks-gallery-item\"><figure><img loading=\"lazy\" decoding=\"async\" width=\"1024\" height=\"768\" src=\"https:\/\/cyclotourer.de\/wp-content\/uploads\/2021\/09\/IMG_3007-1024x768.jpeg\" alt=\"\" data-id=\"4755\" data-full-url=\"https:\/\/cyclotourer.de\/wp-content\/uploads\/2021\/09\/IMG_3007-scaled.jpeg\" data-link=\"https:\/\/cyclotourer.de\/?attachment_id=4755\" class=\"wp-image-4755\" srcset=\"https:\/\/cyclotourer.de\/wp-content\/uploads\/2021\/09\/IMG_3007-1024x768.jpeg 1024w, https:\/\/cyclotourer.de\/wp-content\/uploads\/2021\/09\/IMG_3007-300x225.jpeg 300w, https:\/\/cyclotourer.de\/wp-content\/uploads\/2021\/09\/IMG_3007-150x113.jpeg 150w, https:\/\/cyclotourer.de\/wp-content\/uploads\/2021\/09\/IMG_3007-768x576.jpeg 768w, https:\/\/cyclotourer.de\/wp-content\/uploads\/2021\/09\/IMG_3007-1536x1152.jpeg 1536w, https:\/\/cyclotourer.de\/wp-content\/uploads\/2021\/09\/IMG_3007-2048x1536.jpeg 2048w\" sizes=\"auto, (max-width: 1024px) 100vw, 1024px\" \/><\/figure><\/li><li class=\"blocks-gallery-item\"><figure><img loading=\"lazy\" decoding=\"async\" width=\"1024\" height=\"768\" src=\"https:\/\/cyclotourer.de\/wp-content\/uploads\/2021\/09\/IMG_3009-1024x768.jpeg\" alt=\"\" data-id=\"4757\" data-full-url=\"https:\/\/cyclotourer.de\/wp-content\/uploads\/2021\/09\/IMG_3009-scaled.jpeg\" data-link=\"https:\/\/cyclotourer.de\/?attachment_id=4757\" class=\"wp-image-4757\" srcset=\"https:\/\/cyclotourer.de\/wp-content\/uploads\/2021\/09\/IMG_3009-1024x768.jpeg 1024w, https:\/\/cyclotourer.de\/wp-content\/uploads\/2021\/09\/IMG_3009-300x225.jpeg 300w, https:\/\/cyclotourer.de\/wp-content\/uploads\/2021\/09\/IMG_3009-150x113.jpeg 150w, https:\/\/cyclotourer.de\/wp-content\/uploads\/2021\/09\/IMG_3009-768x576.jpeg 768w, https:\/\/cyclotourer.de\/wp-content\/uploads\/2021\/09\/IMG_3009-1536x1152.jpeg 1536w, https:\/\/cyclotourer.de\/wp-content\/uploads\/2021\/09\/IMG_3009-2048x1536.jpeg 2048w\" sizes=\"auto, (max-width: 1024px) 100vw, 1024px\" \/><\/figure><\/li><li class=\"blocks-gallery-item\"><figure><img loading=\"lazy\" decoding=\"async\" width=\"768\" height=\"1024\" src=\"https:\/\/cyclotourer.de\/wp-content\/uploads\/2021\/09\/IMG_3012-768x1024.jpeg\" alt=\"\" data-id=\"4760\" data-full-url=\"https:\/\/cyclotourer.de\/wp-content\/uploads\/2021\/09\/IMG_3012-scaled.jpeg\" data-link=\"https:\/\/cyclotourer.de\/?attachment_id=4760\" class=\"wp-image-4760\" srcset=\"https:\/\/cyclotourer.de\/wp-content\/uploads\/2021\/09\/IMG_3012-768x1024.jpeg 768w, https:\/\/cyclotourer.de\/wp-content\/uploads\/2021\/09\/IMG_3012-225x300.jpeg 225w, https:\/\/cyclotourer.de\/wp-content\/uploads\/2021\/09\/IMG_3012-113x150.jpeg 113w, https:\/\/cyclotourer.de\/wp-content\/uploads\/2021\/09\/IMG_3012-1152x1536.jpeg 1152w, https:\/\/cyclotourer.de\/wp-content\/uploads\/2021\/09\/IMG_3012-1536x2048.jpeg 1536w, https:\/\/cyclotourer.de\/wp-content\/uploads\/2021\/09\/IMG_3012-scaled.jpeg 1920w\" sizes=\"auto, (max-width: 768px) 100vw, 768px\" \/><\/figure><\/li><li class=\"blocks-gallery-item\"><figure><img loading=\"lazy\" decoding=\"async\" width=\"768\" height=\"1024\" src=\"https:\/\/cyclotourer.de\/wp-content\/uploads\/2021\/09\/IMG_3014-768x1024.jpeg\" alt=\"\" data-id=\"4762\" data-full-url=\"https:\/\/cyclotourer.de\/wp-content\/uploads\/2021\/09\/IMG_3014.jpeg\" data-link=\"https:\/\/cyclotourer.de\/?attachment_id=4762\" class=\"wp-image-4762\" srcset=\"https:\/\/cyclotourer.de\/wp-content\/uploads\/2021\/09\/IMG_3014-768x1024.jpeg 768w, https:\/\/cyclotourer.de\/wp-content\/uploads\/2021\/09\/IMG_3014-225x300.jpeg 225w, https:\/\/cyclotourer.de\/wp-content\/uploads\/2021\/09\/IMG_3014-113x150.jpeg 113w, https:\/\/cyclotourer.de\/wp-content\/uploads\/2021\/09\/IMG_3014.jpeg 960w\" sizes=\"auto, (max-width: 768px) 100vw, 768px\" \/><\/figure><\/li><li class=\"blocks-gallery-item\"><figure><img loading=\"lazy\" decoding=\"async\" width=\"768\" height=\"1024\" src=\"https:\/\/cyclotourer.de\/wp-content\/uploads\/2021\/09\/IMG_3015-768x1024.jpeg\" alt=\"\" data-id=\"4763\" data-full-url=\"https:\/\/cyclotourer.de\/wp-content\/uploads\/2021\/09\/IMG_3015.jpeg\" data-link=\"https:\/\/cyclotourer.de\/?attachment_id=4763\" class=\"wp-image-4763\" srcset=\"https:\/\/cyclotourer.de\/wp-content\/uploads\/2021\/09\/IMG_3015-768x1024.jpeg 768w, https:\/\/cyclotourer.de\/wp-content\/uploads\/2021\/09\/IMG_3015-225x300.jpeg 225w, https:\/\/cyclotourer.de\/wp-content\/uploads\/2021\/09\/IMG_3015-113x150.jpeg 113w, https:\/\/cyclotourer.de\/wp-content\/uploads\/2021\/09\/IMG_3015.jpeg 960w\" sizes=\"auto, (max-width: 768px) 100vw, 768px\" \/><\/figure><\/li><li class=\"blocks-gallery-item\"><figure><img loading=\"lazy\" decoding=\"async\" width=\"768\" height=\"1024\" src=\"https:\/\/cyclotourer.de\/wp-content\/uploads\/2021\/09\/IMG_3021-768x1024.jpeg\" alt=\"\" data-id=\"4769\" data-full-url=\"https:\/\/cyclotourer.de\/wp-content\/uploads\/2021\/09\/IMG_3021.jpeg\" data-link=\"https:\/\/cyclotourer.de\/?attachment_id=4769\" class=\"wp-image-4769\" srcset=\"https:\/\/cyclotourer.de\/wp-content\/uploads\/2021\/09\/IMG_3021-768x1024.jpeg 768w, https:\/\/cyclotourer.de\/wp-content\/uploads\/2021\/09\/IMG_3021-225x300.jpeg 225w, https:\/\/cyclotourer.de\/wp-content\/uploads\/2021\/09\/IMG_3021-113x150.jpeg 113w, https:\/\/cyclotourer.de\/wp-content\/uploads\/2021\/09\/IMG_3021.jpeg 960w\" sizes=\"auto, (max-width: 768px) 100vw, 768px\" \/><\/figure><\/li><li class=\"blocks-gallery-item\"><figure><img loading=\"lazy\" decoding=\"async\" width=\"1024\" height=\"768\" src=\"https:\/\/cyclotourer.de\/wp-content\/uploads\/2021\/09\/IMG_3023-1024x768.jpeg\" alt=\"\" data-id=\"4771\" data-full-url=\"https:\/\/cyclotourer.de\/wp-content\/uploads\/2021\/09\/IMG_3023.jpeg\" data-link=\"https:\/\/cyclotourer.de\/?attachment_id=4771\" class=\"wp-image-4771\" srcset=\"https:\/\/cyclotourer.de\/wp-content\/uploads\/2021\/09\/IMG_3023-1024x768.jpeg 1024w, https:\/\/cyclotourer.de\/wp-content\/uploads\/2021\/09\/IMG_3023-300x225.jpeg 300w, https:\/\/cyclotourer.de\/wp-content\/uploads\/2021\/09\/IMG_3023-150x113.jpeg 150w, https:\/\/cyclotourer.de\/wp-content\/uploads\/2021\/09\/IMG_3023-768x576.jpeg 768w, https:\/\/cyclotourer.de\/wp-content\/uploads\/2021\/09\/IMG_3023.jpeg 1280w\" sizes=\"auto, (max-width: 1024px) 100vw, 1024px\" \/><\/figure><\/li><li class=\"blocks-gallery-item\"><figure><img loading=\"lazy\" decoding=\"async\" width=\"1024\" height=\"768\" src=\"https:\/\/cyclotourer.de\/wp-content\/uploads\/2021\/09\/IMG_3024-1024x768.jpeg\" alt=\"\" data-id=\"4772\" data-full-url=\"https:\/\/cyclotourer.de\/wp-content\/uploads\/2021\/09\/IMG_3024.jpeg\" data-link=\"https:\/\/cyclotourer.de\/?attachment_id=4772\" class=\"wp-image-4772\" srcset=\"https:\/\/cyclotourer.de\/wp-content\/uploads\/2021\/09\/IMG_3024-1024x768.jpeg 1024w, https:\/\/cyclotourer.de\/wp-content\/uploads\/2021\/09\/IMG_3024-300x225.jpeg 300w, https:\/\/cyclotourer.de\/wp-content\/uploads\/2021\/09\/IMG_3024-150x113.jpeg 150w, https:\/\/cyclotourer.de\/wp-content\/uploads\/2021\/09\/IMG_3024-768x576.jpeg 768w, https:\/\/cyclotourer.de\/wp-content\/uploads\/2021\/09\/IMG_3024.jpeg 1280w\" sizes=\"auto, (max-width: 1024px) 100vw, 1024px\" \/><\/figure><\/li><li class=\"blocks-gallery-item\"><figure><img loading=\"lazy\" decoding=\"async\" width=\"768\" height=\"1024\" src=\"https:\/\/cyclotourer.de\/wp-content\/uploads\/2021\/09\/IMG_3025-768x1024.jpeg\" alt=\"\" data-id=\"4773\" data-full-url=\"https:\/\/cyclotourer.de\/wp-content\/uploads\/2021\/09\/IMG_3025.jpeg\" data-link=\"https:\/\/cyclotourer.de\/?attachment_id=4773\" class=\"wp-image-4773\" srcset=\"https:\/\/cyclotourer.de\/wp-content\/uploads\/2021\/09\/IMG_3025-768x1024.jpeg 768w, https:\/\/cyclotourer.de\/wp-content\/uploads\/2021\/09\/IMG_3025-225x300.jpeg 225w, https:\/\/cyclotourer.de\/wp-content\/uploads\/2021\/09\/IMG_3025-113x150.jpeg 113w, https:\/\/cyclotourer.de\/wp-content\/uploads\/2021\/09\/IMG_3025.jpeg 960w\" sizes=\"auto, (max-width: 768px) 100vw, 768px\" \/><\/figure><\/li><li class=\"blocks-gallery-item\"><figure><img loading=\"lazy\" decoding=\"async\" width=\"1024\" height=\"768\" src=\"https:\/\/cyclotourer.de\/wp-content\/uploads\/2021\/09\/IMG_3026-1024x768.jpeg\" alt=\"\" data-id=\"4774\" data-full-url=\"https:\/\/cyclotourer.de\/wp-content\/uploads\/2021\/09\/IMG_3026.jpeg\" data-link=\"https:\/\/cyclotourer.de\/?attachment_id=4774\" class=\"wp-image-4774\" srcset=\"https:\/\/cyclotourer.de\/wp-content\/uploads\/2021\/09\/IMG_3026-1024x768.jpeg 1024w, https:\/\/cyclotourer.de\/wp-content\/uploads\/2021\/09\/IMG_3026-300x225.jpeg 300w, https:\/\/cyclotourer.de\/wp-content\/uploads\/2021\/09\/IMG_3026-150x113.jpeg 150w, https:\/\/cyclotourer.de\/wp-content\/uploads\/2021\/09\/IMG_3026-768x576.jpeg 768w, https:\/\/cyclotourer.de\/wp-content\/uploads\/2021\/09\/IMG_3026.jpeg 1280w\" sizes=\"auto, (max-width: 1024px) 100vw, 1024px\" \/><\/figure><\/li><li class=\"blocks-gallery-item\"><figure><img loading=\"lazy\" decoding=\"async\" width=\"1024\" height=\"768\" src=\"https:\/\/cyclotourer.de\/wp-content\/uploads\/2021\/09\/IMG_3027-1024x768.jpeg\" alt=\"\" data-id=\"4775\" data-full-url=\"https:\/\/cyclotourer.de\/wp-content\/uploads\/2021\/09\/IMG_3027.jpeg\" data-link=\"https:\/\/cyclotourer.de\/?attachment_id=4775\" class=\"wp-image-4775\" srcset=\"https:\/\/cyclotourer.de\/wp-content\/uploads\/2021\/09\/IMG_3027-1024x768.jpeg 1024w, https:\/\/cyclotourer.de\/wp-content\/uploads\/2021\/09\/IMG_3027-300x225.jpeg 300w, https:\/\/cyclotourer.de\/wp-content\/uploads\/2021\/09\/IMG_3027-150x113.jpeg 150w, https:\/\/cyclotourer.de\/wp-content\/uploads\/2021\/09\/IMG_3027-768x576.jpeg 768w, https:\/\/cyclotourer.de\/wp-content\/uploads\/2021\/09\/IMG_3027.jpeg 1280w\" sizes=\"auto, (max-width: 1024px) 100vw, 1024px\" \/><\/figure><\/li><li class=\"blocks-gallery-item\"><figure><img loading=\"lazy\" decoding=\"async\" width=\"473\" height=\"1024\" src=\"https:\/\/cyclotourer.de\/wp-content\/uploads\/2021\/09\/IMG_3029-473x1024.png\" alt=\"\" data-id=\"4776\" data-full-url=\"https:\/\/cyclotourer.de\/wp-content\/uploads\/2021\/09\/IMG_3029.png\" data-link=\"https:\/\/cyclotourer.de\/?attachment_id=4776\" class=\"wp-image-4776\" srcset=\"https:\/\/cyclotourer.de\/wp-content\/uploads\/2021\/09\/IMG_3029-473x1024.png 473w, https:\/\/cyclotourer.de\/wp-content\/uploads\/2021\/09\/IMG_3029-139x300.png 139w, https:\/\/cyclotourer.de\/wp-content\/uploads\/2021\/09\/IMG_3029-69x150.png 69w, https:\/\/cyclotourer.de\/wp-content\/uploads\/2021\/09\/IMG_3029.png 591w\" sizes=\"auto, (max-width: 473px) 100vw, 473px\" \/><\/figure><\/li><li class=\"blocks-gallery-item\"><figure><img loading=\"lazy\" decoding=\"async\" width=\"768\" height=\"1024\" src=\"https:\/\/cyclotourer.de\/wp-content\/uploads\/2021\/09\/9729a7ea-9d51-4d89-ad97-73a725d46741-768x1024.jpg\" alt=\"\" data-id=\"4738\" data-full-url=\"https:\/\/cyclotourer.de\/wp-content\/uploads\/2021\/09\/9729a7ea-9d51-4d89-ad97-73a725d46741.jpg\" data-link=\"https:\/\/cyclotourer.de\/?attachment_id=4738\" class=\"wp-image-4738\" srcset=\"https:\/\/cyclotourer.de\/wp-content\/uploads\/2021\/09\/9729a7ea-9d51-4d89-ad97-73a725d46741-768x1024.jpg 768w, https:\/\/cyclotourer.de\/wp-content\/uploads\/2021\/09\/9729a7ea-9d51-4d89-ad97-73a725d46741-225x300.jpg 225w, https:\/\/cyclotourer.de\/wp-content\/uploads\/2021\/09\/9729a7ea-9d51-4d89-ad97-73a725d46741-113x150.jpg 113w, https:\/\/cyclotourer.de\/wp-content\/uploads\/2021\/09\/9729a7ea-9d51-4d89-ad97-73a725d46741.jpg 960w\" sizes=\"auto, (max-width: 768px) 100vw, 768px\" \/><\/figure><\/li><li class=\"blocks-gallery-item\"><figure><img loading=\"lazy\" decoding=\"async\" width=\"1024\" height=\"768\" src=\"https:\/\/cyclotourer.de\/wp-content\/uploads\/2021\/09\/IMG_3048-1024x768.jpeg\" alt=\"\" data-id=\"4783\" data-full-url=\"https:\/\/cyclotourer.de\/wp-content\/uploads\/2021\/09\/IMG_3048-scaled.jpeg\" data-link=\"https:\/\/cyclotourer.de\/?attachment_id=4783\" class=\"wp-image-4783\" srcset=\"https:\/\/cyclotourer.de\/wp-content\/uploads\/2021\/09\/IMG_3048-1024x768.jpeg 1024w, https:\/\/cyclotourer.de\/wp-content\/uploads\/2021\/09\/IMG_3048-300x225.jpeg 300w, https:\/\/cyclotourer.de\/wp-content\/uploads\/2021\/09\/IMG_3048-150x113.jpeg 150w, https:\/\/cyclotourer.de\/wp-content\/uploads\/2021\/09\/IMG_3048-768x576.jpeg 768w, https:\/\/cyclotourer.de\/wp-content\/uploads\/2021\/09\/IMG_3048-1536x1152.jpeg 1536w, https:\/\/cyclotourer.de\/wp-content\/uploads\/2021\/09\/IMG_3048-2048x1536.jpeg 2048w\" sizes=\"auto, (max-width: 1024px) 100vw, 1024px\" \/><\/figure><\/li><li class=\"blocks-gallery-item\"><figure><img loading=\"lazy\" decoding=\"async\" width=\"1024\" height=\"768\" src=\"https:\/\/cyclotourer.de\/wp-content\/uploads\/2021\/09\/IMG_3062-1024x768.jpeg\" alt=\"\" data-id=\"4797\" data-full-url=\"https:\/\/cyclotourer.de\/wp-content\/uploads\/2021\/09\/IMG_3062.jpeg\" data-link=\"https:\/\/cyclotourer.de\/?attachment_id=4797\" class=\"wp-image-4797\" srcset=\"https:\/\/cyclotourer.de\/wp-content\/uploads\/2021\/09\/IMG_3062-1024x768.jpeg 1024w, https:\/\/cyclotourer.de\/wp-content\/uploads\/2021\/09\/IMG_3062-300x225.jpeg 300w, https:\/\/cyclotourer.de\/wp-content\/uploads\/2021\/09\/IMG_3062-150x113.jpeg 150w, https:\/\/cyclotourer.de\/wp-content\/uploads\/2021\/09\/IMG_3062-768x576.jpeg 768w, https:\/\/cyclotourer.de\/wp-content\/uploads\/2021\/09\/IMG_3062.jpeg 1280w\" sizes=\"auto, (max-width: 1024px) 100vw, 1024px\" \/><\/figure><\/li><li class=\"blocks-gallery-item\"><figure><img loading=\"lazy\" decoding=\"async\" width=\"1024\" height=\"768\" src=\"https:\/\/cyclotourer.de\/wp-content\/uploads\/2021\/09\/IMG_3064-1024x768.jpeg\" alt=\"\" data-id=\"4799\" data-full-url=\"https:\/\/cyclotourer.de\/wp-content\/uploads\/2021\/09\/IMG_3064-scaled.jpeg\" data-link=\"https:\/\/cyclotourer.de\/?attachment_id=4799\" class=\"wp-image-4799\" srcset=\"https:\/\/cyclotourer.de\/wp-content\/uploads\/2021\/09\/IMG_3064-1024x768.jpeg 1024w, https:\/\/cyclotourer.de\/wp-content\/uploads\/2021\/09\/IMG_3064-300x225.jpeg 300w, https:\/\/cyclotourer.de\/wp-content\/uploads\/2021\/09\/IMG_3064-150x113.jpeg 150w, https:\/\/cyclotourer.de\/wp-content\/uploads\/2021\/09\/IMG_3064-768x576.jpeg 768w, https:\/\/cyclotourer.de\/wp-content\/uploads\/2021\/09\/IMG_3064-1536x1152.jpeg 1536w, https:\/\/cyclotourer.de\/wp-content\/uploads\/2021\/09\/IMG_3064-2048x1536.jpeg 2048w\" sizes=\"auto, (max-width: 1024px) 100vw, 1024px\" \/><\/figure><\/li><\/ul><\/figure>\n","protected":false},"excerpt":{"rendered":"<p>11.09.2021 Daun Endlich war es wieder soweit und es viel der Startschuss f\u00fcr die 12. DM MTB der Justiz! Nachdem Corona-Bedingt die Meisterschaft in 2020 [&#8230;]<\/p>\n","protected":false},"author":2,"featured_media":3144,"comment_status":"open","ping_status":"open","sticky":false,"template":"","format":"standard","meta":{"footnotes":""},"categories":[119],"tags":[230,229,231,42,52],"class_list":["post-4814","post","type-post","status-publish","format-standard","has-post-thumbnail","hentry","category-rennen","tag-daun-vulkan-bike","tag-dm-justiz","tag-eifel","tag-justizmeisterschaft","tag-mtb"],"_links":{"self":[{"href":"https:\/\/cyclotourer.de\/index.php?rest_route=\/wp\/v2\/posts\/4814","targetHints":{"allow":["GET"]}}],"collection":[{"href":"https:\/\/cyclotourer.de\/index.php?rest_route=\/wp\/v2\/posts"}],"about":[{"href":"https:\/\/cyclotourer.de\/index.php?rest_route=\/wp\/v2\/types\/post"}],"author":[{"embeddable":true,"href":"https:\/\/cyclotourer.de\/index.php?rest_route=\/wp\/v2\/users\/2"}],"replies":[{"embeddable":true,"href":"https:\/\/cyclotourer.de\/index.php?rest_route=%2Fwp%2Fv2%2Fcomments&post=4814"}],"version-history":[{"count":7,"href":"https:\/\/cyclotourer.de\/index.php?rest_route=\/wp\/v2\/posts\/4814\/revisions"}],"predecessor-version":[{"id":4822,"href":"https:\/\/cyclotourer.de\/index.php?rest_route=\/wp\/v2\/posts\/4814\/revisions\/4822"}],"wp:featuredmedia":[{"embeddable":true,"href":"https:\/\/cyclotourer.de\/index.php?rest_route=\/wp\/v2\/media\/3144"}],"wp:attachment":[{"href":"https:\/\/cyclotourer.de\/index.php?rest_route=%2Fwp%2Fv2%2Fmedia&parent=4814"}],"wp:term":[{"taxonomy":"category","embeddable":true,"href":"https:\/\/cyclotourer.de\/index.php?rest_route=%2Fwp%2Fv2%2Fcategories&post=4814"},{"taxonomy":"post_tag","embeddable":true,"href":"https:\/\/cyclotourer.de\/index.php?rest_route=%2Fwp%2Fv2%2Ftags&post=4814"}],"curies":[{"name":"wp","href":"https:\/\/api.w.org\/{rel}","templated":true}]}}