{"id":4604,"date":"2021-08-07T19:10:44","date_gmt":"2021-08-07T19:10:44","guid":{"rendered":"https:\/\/cyclotourer.de\/?p=4604"},"modified":"2021-08-07T19:10:44","modified_gmt":"2021-08-07T19:10:44","slug":"mammut-ducan-high-gtx","status":"publish","type":"post","link":"https:\/\/cyclotourer.de\/?p=4604","title":{"rendered":"Mammut Ducan High GTX\u00ae"},"content":{"rendered":"\n<figure class=\"wp-block-image size-full\"><img loading=\"lazy\" decoding=\"async\" width=\"640\" height=\"480\" src=\"https:\/\/cyclotourer.de\/wp-content\/uploads\/2021\/08\/95373FDE-BA7D-43CF-8437-6B2C2595E079.jpeg\" alt=\"\" class=\"wp-image-4605\" srcset=\"https:\/\/cyclotourer.de\/wp-content\/uploads\/2021\/08\/95373FDE-BA7D-43CF-8437-6B2C2595E079.jpeg 640w, https:\/\/cyclotourer.de\/wp-content\/uploads\/2021\/08\/95373FDE-BA7D-43CF-8437-6B2C2595E079-300x225.jpeg 300w, https:\/\/cyclotourer.de\/wp-content\/uploads\/2021\/08\/95373FDE-BA7D-43CF-8437-6B2C2595E079-150x113.jpeg 150w\" sizes=\"auto, (max-width: 640px) 100vw, 640px\" \/><\/figure>\n\n\n\n<p>Super sportlicher und agiler Wanderschuh f\u00fcr Mehrtageswanderungen, Trekking-Ausfl\u00fcge oder schnelle Wanderungen in den Bergen, der von der Herstellung mittels neuster Produktionsverfahren profitiert. Kernst\u00fcck\u00a0des Ducan High GTX\u00ae Men ist die Mammut Flextron Technologie, die eine Federstahlsohle als Zwischensohle in den Schuh integriert. Diese verhindert ein Durchbiegen des Fusses und sorgt zugleich f\u00fcr einen aufrechten und besseren Stand. Die Folge: ein effizienterer Energieeinsatz beim Wandern und Bergsteigen. Die nat\u00fcrliche Bewegung deines Fusses wird durch Mammut Georganic 3D Technology gew\u00e4hrleistet. Dabei wird das geometrisch-dynamische Design mit organisch am Fuss abgeformten Schnitten verbunden. Zentrum ist der anatomische Leisten, der dem Schuh zusammen mit der asymmetrischen Schn\u00fcrung mit einseitigem Einstieg durch die Mono-Zunge eine sehr gute Passform verleiht. Mit der speziell designten vibram\u00ae Sohle hast du im Ducan High GTX\u00ae Men hervorragenden Grip auf den unebenen Untergr\u00fcnden, die dich in der Natur und in der Bergwelt erwarten.<\/p>\n\n\n\n<p><strong>Funktion und Design optimiert f\u00fcr<\/strong>: Wandern, Bergsteigen&nbsp;<\/p>\n\n\n\n<p><strong>Gewicht (UK&nbsp;<\/strong><strong>8<\/strong><strong>.5) (g):&nbsp;<\/strong>545<\/p>\n\n\n\n<p><strong>Schnittform:<\/strong>&nbsp;Basic&nbsp;<\/p>\n\n\n\n<p><strong>Merkmale<\/strong><\/p>\n\n\n\n<p>\u00b7&nbsp; &nbsp;&nbsp;Leisten Index: hiking<\/p>\n\n\n\n<p>\u00b7&nbsp; &nbsp;&nbsp;Flex Index: A6<\/p>\n\n\n\n<p>\u00b7&nbsp; &nbsp;&nbsp;Schn\u00fcrsystem: Asymetric<\/p>\n\n\n\n<p>\u00b7&nbsp; &nbsp;&nbsp;Mammut&nbsp;\u00ae&nbsp;Flextron Rechnology&nbsp;\u2122<\/p>\n\n\n\n<p>\u00b7&nbsp; &nbsp;&nbsp;MAMMUT Georganic 3D Technology<\/p>\n\n\n\n<p>\u00b7&nbsp; &nbsp;&nbsp;Engineered Mesh<\/p>\n\n\n\n<p>\u00b7&nbsp; &nbsp;&nbsp;Elastische GORE-TEX&nbsp;\u00ae-Zungenkonstruktion<\/p>\n\n\n\n<p>\u00b7\u00a0 \u00a0\u00a0Vibram\u00a0\u00ae\u00a0Flextron Outsole<\/p>\n\n\n\n<figure class=\"wp-block-gallery columns-2 is-cropped wp-block-gallery-1 is-layout-flex wp-block-gallery-is-layout-flex\"><ul class=\"blocks-gallery-grid\"><li class=\"blocks-gallery-item\"><figure><img loading=\"lazy\" decoding=\"async\" width=\"640\" height=\"480\" src=\"https:\/\/cyclotourer.de\/wp-content\/uploads\/2021\/08\/C3B254FD-BD22-41DA-B11A-FEC7C706F5C3.jpeg\" alt=\"\" data-id=\"4608\" data-full-url=\"https:\/\/cyclotourer.de\/wp-content\/uploads\/2021\/08\/C3B254FD-BD22-41DA-B11A-FEC7C706F5C3.jpeg\" data-link=\"https:\/\/cyclotourer.de\/?attachment_id=4608\" class=\"wp-image-4608\" srcset=\"https:\/\/cyclotourer.de\/wp-content\/uploads\/2021\/08\/C3B254FD-BD22-41DA-B11A-FEC7C706F5C3.jpeg 640w, https:\/\/cyclotourer.de\/wp-content\/uploads\/2021\/08\/C3B254FD-BD22-41DA-B11A-FEC7C706F5C3-300x225.jpeg 300w, https:\/\/cyclotourer.de\/wp-content\/uploads\/2021\/08\/C3B254FD-BD22-41DA-B11A-FEC7C706F5C3-150x113.jpeg 150w\" sizes=\"auto, (max-width: 640px) 100vw, 640px\" \/><\/figure><\/li><li class=\"blocks-gallery-item\"><figure><img loading=\"lazy\" decoding=\"async\" width=\"640\" height=\"480\" src=\"https:\/\/cyclotourer.de\/wp-content\/uploads\/2021\/08\/FF77169E-2F35-484A-A9D5-2278A96A5845.jpeg\" alt=\"\" data-id=\"4609\" data-full-url=\"https:\/\/cyclotourer.de\/wp-content\/uploads\/2021\/08\/FF77169E-2F35-484A-A9D5-2278A96A5845.jpeg\" data-link=\"https:\/\/cyclotourer.de\/?attachment_id=4609\" class=\"wp-image-4609\" srcset=\"https:\/\/cyclotourer.de\/wp-content\/uploads\/2021\/08\/FF77169E-2F35-484A-A9D5-2278A96A5845.jpeg 640w, https:\/\/cyclotourer.de\/wp-content\/uploads\/2021\/08\/FF77169E-2F35-484A-A9D5-2278A96A5845-300x225.jpeg 300w, https:\/\/cyclotourer.de\/wp-content\/uploads\/2021\/08\/FF77169E-2F35-484A-A9D5-2278A96A5845-150x113.jpeg 150w\" sizes=\"auto, (max-width: 640px) 100vw, 640px\" \/><\/figure><\/li><\/ul><\/figure>\n","protected":false},"excerpt":{"rendered":"<p>Super sportlicher und agiler Wanderschuh f\u00fcr Mehrtageswanderungen, Trekking-Ausfl\u00fcge oder schnelle Wanderungen in den Bergen, der von der Herstellung mittels neuster Produktionsverfahren profitiert. Kernst\u00fcck\u00a0des Ducan High [&#8230;]<\/p>\n","protected":false},"author":2,"featured_media":4608,"comment_status":"open","ping_status":"open","sticky":false,"template":"","format":"standard","meta":{"footnotes":""},"categories":[122],"tags":[98,225,226],"class_list":["post-4604","post","type-post","status-publish","format-standard","has-post-thumbnail","hentry","category-material","tag-wandern","tag-wanderschuhe","tag-zu-fuss"],"_links":{"self":[{"href":"https:\/\/cyclotourer.de\/index.php?rest_route=\/wp\/v2\/posts\/4604","targetHints":{"allow":["GET"]}}],"collection":[{"href":"https:\/\/cyclotourer.de\/index.php?rest_route=\/wp\/v2\/posts"}],"about":[{"href":"https:\/\/cyclotourer.de\/index.php?rest_route=\/wp\/v2\/types\/post"}],"author":[{"embeddable":true,"href":"https:\/\/cyclotourer.de\/index.php?rest_route=\/wp\/v2\/users\/2"}],"replies":[{"embeddable":true,"href":"https:\/\/cyclotourer.de\/index.php?rest_route=%2Fwp%2Fv2%2Fcomments&post=4604"}],"version-history":[{"count":1,"href":"https:\/\/cyclotourer.de\/index.php?rest_route=\/wp\/v2\/posts\/4604\/revisions"}],"predecessor-version":[{"id":4610,"href":"https:\/\/cyclotourer.de\/index.php?rest_route=\/wp\/v2\/posts\/4604\/revisions\/4610"}],"wp:featuredmedia":[{"embeddable":true,"href":"https:\/\/cyclotourer.de\/index.php?rest_route=\/wp\/v2\/media\/4608"}],"wp:attachment":[{"href":"https:\/\/cyclotourer.de\/index.php?rest_route=%2Fwp%2Fv2%2Fmedia&parent=4604"}],"wp:term":[{"taxonomy":"category","embeddable":true,"href":"https:\/\/cyclotourer.de\/index.php?rest_route=%2Fwp%2Fv2%2Fcategories&post=4604"},{"taxonomy":"post_tag","embeddable":true,"href":"https:\/\/cyclotourer.de\/index.php?rest_route=%2Fwp%2Fv2%2Ftags&post=4604"}],"curies":[{"name":"wp","href":"https:\/\/api.w.org\/{rel}","templated":true}]}}