{"id":3784,"date":"2020-11-26T23:03:17","date_gmt":"2020-11-26T23:03:17","guid":{"rendered":"https:\/\/cyclotourer.de\/?p=3784"},"modified":"2020-11-29T13:01:39","modified_gmt":"2020-11-29T13:01:39","slug":"buchbergturm-weinberge-michelbach-runde-nach-alzenau","status":"publish","type":"post","link":"https:\/\/cyclotourer.de\/?p=3784","title":{"rendered":"Buchbergturm &#8211; Weinberge Michelbach     Runde nach Alzenau"},"content":{"rendered":"\n<div class=\"wp-block-image is-style-default\"><figure class=\"alignleft size-medium\"><img loading=\"lazy\" decoding=\"async\" width=\"225\" height=\"300\" src=\"https:\/\/cyclotourer.de\/wp-content\/uploads\/2020\/11\/IMG_7314-225x300.jpeg\" alt=\"\" class=\"wp-image-3787\" srcset=\"https:\/\/cyclotourer.de\/wp-content\/uploads\/2020\/11\/IMG_7314-225x300.jpeg 225w, https:\/\/cyclotourer.de\/wp-content\/uploads\/2020\/11\/IMG_7314.jpeg 768w\" sizes=\"auto, (max-width: 225px) 100vw, 225px\" \/><\/figure><\/div>\n\n\n\n<p>Im Moment habe ich Komoot f\u00fcr mich entdeckt und versuche h\u00e4ufiger Touren nach zu fahren. Um meine Leser zu inspirieren, werde ich einige sehenswerte Touren hier ver\u00f6ffentlichen. <\/p>\n\n\n\n<p>Dieses Mal hatte ich zwei Touren zur Auswahl. Da mein Schwiegervater mit am Start war, suchte ich eine Runde in der N\u00e4he von Gr\u00fcndau \/ Hanau \/ Frankfurt. Da mir aber zur jetzigen Jahreszeit die Zeit eher gegen eine anstatt f\u00fcr einen l\u00e4uft, entschieden wir uns f\u00fcr die Runde mit nur einem kurzem Anfahrtsweg.<\/p>\n\n\n\n<p>Anders als bei<a href=\"https:\/\/www.komoot.de\/tour\/288949938?ref=wtd\"> Komoot<\/a> dargestellt, starteten wir die Runde am Buchberg, in der N\u00e4he von Langenselbold, anstatt in Alzenau.<\/p>\n\n\n\n<p>Die Runde mit rund 33km und 500 H\u00f6henmeter hatte die Eine und Andere Steigung, die es in sich hatte. Schlie\u00dflich hatte ich noch den Residenzring vom Vortag zu verdauen.<\/p>\n\n\n\n<p>An sich war es eine sch\u00f6ne und mittelschwere MTB-Tour mit einigem Trail-Anteil. \u00dcberwiegend verlief die Strecke \u00fcber Forstwege, ab und an \u00fcber Wiesenwege und etwas Asphalt. <\/p>\n\n\n\n<p>Ob ich die Runde empfehlen werde? Auf jeden Fall, es gibt sch\u00f6ne Aussichtspunkte, die Strecke ist abwechslungsreich und ist auch bei feuchten bis nassem Wetter gut fahrbar&#8230;<\/p>\n\n\n\n<p>Link zur Tour und den GPS-Daten: <a href=\"https:\/\/www.komoot.de\/tour\/288949938?ref=wtd\">https:\/\/www.komoot.de\/tour\/288949938?ref=wtd<\/a><\/p>\n\n\n\n<figure class=\"wp-block-gallery columns-3 is-cropped wp-block-gallery-1 is-layout-flex wp-block-gallery-is-layout-flex\"><ul class=\"blocks-gallery-grid\"><li class=\"blocks-gallery-item\"><figure><img loading=\"lazy\" decoding=\"async\" width=\"1024\" height=\"768\" src=\"https:\/\/cyclotourer.de\/wp-content\/uploads\/2020\/11\/IMG_7303.jpeg\" alt=\"\" data-id=\"3789\" data-full-url=\"https:\/\/cyclotourer.de\/wp-content\/uploads\/2020\/11\/IMG_7303.jpeg\" data-link=\"https:\/\/cyclotourer.de\/?attachment_id=3789\" class=\"wp-image-3789\" srcset=\"https:\/\/cyclotourer.de\/wp-content\/uploads\/2020\/11\/IMG_7303.jpeg 1024w, https:\/\/cyclotourer.de\/wp-content\/uploads\/2020\/11\/IMG_7303-300x225.jpeg 300w, https:\/\/cyclotourer.de\/wp-content\/uploads\/2020\/11\/IMG_7303-768x576.jpeg 768w\" sizes=\"auto, (max-width: 1024px) 100vw, 1024px\" \/><\/figure><\/li><li class=\"blocks-gallery-item\"><figure><img loading=\"lazy\" decoding=\"async\" width=\"768\" height=\"1024\" src=\"https:\/\/cyclotourer.de\/wp-content\/uploads\/2020\/11\/IMG_7304.jpeg\" alt=\"\" data-id=\"3790\" data-full-url=\"https:\/\/cyclotourer.de\/wp-content\/uploads\/2020\/11\/IMG_7304.jpeg\" data-link=\"https:\/\/cyclotourer.de\/?attachment_id=3790\" class=\"wp-image-3790\" srcset=\"https:\/\/cyclotourer.de\/wp-content\/uploads\/2020\/11\/IMG_7304.jpeg 768w, https:\/\/cyclotourer.de\/wp-content\/uploads\/2020\/11\/IMG_7304-225x300.jpeg 225w\" sizes=\"auto, (max-width: 768px) 100vw, 768px\" \/><\/figure><\/li><li class=\"blocks-gallery-item\"><figure><img loading=\"lazy\" decoding=\"async\" width=\"1024\" height=\"768\" src=\"https:\/\/cyclotourer.de\/wp-content\/uploads\/2020\/11\/IMG_7302.jpeg\" alt=\"\" data-id=\"3788\" data-full-url=\"https:\/\/cyclotourer.de\/wp-content\/uploads\/2020\/11\/IMG_7302.jpeg\" data-link=\"https:\/\/cyclotourer.de\/?attachment_id=3788\" class=\"wp-image-3788\" srcset=\"https:\/\/cyclotourer.de\/wp-content\/uploads\/2020\/11\/IMG_7302.jpeg 1024w, https:\/\/cyclotourer.de\/wp-content\/uploads\/2020\/11\/IMG_7302-300x225.jpeg 300w, https:\/\/cyclotourer.de\/wp-content\/uploads\/2020\/11\/IMG_7302-768x576.jpeg 768w\" sizes=\"auto, (max-width: 1024px) 100vw, 1024px\" \/><\/figure><\/li><li class=\"blocks-gallery-item\"><figure><img loading=\"lazy\" decoding=\"async\" width=\"768\" height=\"1024\" src=\"https:\/\/cyclotourer.de\/wp-content\/uploads\/2020\/11\/IMG_7306.jpeg\" alt=\"\" data-id=\"3791\" data-full-url=\"https:\/\/cyclotourer.de\/wp-content\/uploads\/2020\/11\/IMG_7306.jpeg\" data-link=\"https:\/\/cyclotourer.de\/?attachment_id=3791\" class=\"wp-image-3791\" srcset=\"https:\/\/cyclotourer.de\/wp-content\/uploads\/2020\/11\/IMG_7306.jpeg 768w, https:\/\/cyclotourer.de\/wp-content\/uploads\/2020\/11\/IMG_7306-225x300.jpeg 225w\" sizes=\"auto, (max-width: 768px) 100vw, 768px\" \/><\/figure><\/li><li class=\"blocks-gallery-item\"><figure><img loading=\"lazy\" decoding=\"async\" width=\"1024\" height=\"768\" src=\"https:\/\/cyclotourer.de\/wp-content\/uploads\/2020\/11\/IMG_7308.jpeg\" alt=\"\" data-id=\"3792\" data-full-url=\"https:\/\/cyclotourer.de\/wp-content\/uploads\/2020\/11\/IMG_7308.jpeg\" data-link=\"https:\/\/cyclotourer.de\/?attachment_id=3792\" class=\"wp-image-3792\" srcset=\"https:\/\/cyclotourer.de\/wp-content\/uploads\/2020\/11\/IMG_7308.jpeg 1024w, https:\/\/cyclotourer.de\/wp-content\/uploads\/2020\/11\/IMG_7308-300x225.jpeg 300w, https:\/\/cyclotourer.de\/wp-content\/uploads\/2020\/11\/IMG_7308-768x576.jpeg 768w\" sizes=\"auto, (max-width: 1024px) 100vw, 1024px\" \/><\/figure><\/li><li class=\"blocks-gallery-item\"><figure><img loading=\"lazy\" decoding=\"async\" width=\"1024\" height=\"465\" src=\"https:\/\/cyclotourer.de\/wp-content\/uploads\/2020\/11\/IMG_7310.jpeg\" alt=\"\" data-id=\"3793\" data-full-url=\"https:\/\/cyclotourer.de\/wp-content\/uploads\/2020\/11\/IMG_7310.jpeg\" data-link=\"https:\/\/cyclotourer.de\/?attachment_id=3793\" class=\"wp-image-3793\" srcset=\"https:\/\/cyclotourer.de\/wp-content\/uploads\/2020\/11\/IMG_7310.jpeg 1024w, https:\/\/cyclotourer.de\/wp-content\/uploads\/2020\/11\/IMG_7310-300x136.jpeg 300w, https:\/\/cyclotourer.de\/wp-content\/uploads\/2020\/11\/IMG_7310-768x349.jpeg 768w\" sizes=\"auto, (max-width: 1024px) 100vw, 1024px\" \/><\/figure><\/li><li class=\"blocks-gallery-item\"><figure><img loading=\"lazy\" decoding=\"async\" width=\"1024\" height=\"768\" src=\"https:\/\/cyclotourer.de\/wp-content\/uploads\/2020\/11\/IMG_7311.jpeg\" alt=\"\" data-id=\"3794\" data-full-url=\"https:\/\/cyclotourer.de\/wp-content\/uploads\/2020\/11\/IMG_7311.jpeg\" data-link=\"https:\/\/cyclotourer.de\/?attachment_id=3794\" class=\"wp-image-3794\" srcset=\"https:\/\/cyclotourer.de\/wp-content\/uploads\/2020\/11\/IMG_7311.jpeg 1024w, https:\/\/cyclotourer.de\/wp-content\/uploads\/2020\/11\/IMG_7311-300x225.jpeg 300w, https:\/\/cyclotourer.de\/wp-content\/uploads\/2020\/11\/IMG_7311-768x576.jpeg 768w\" sizes=\"auto, (max-width: 1024px) 100vw, 1024px\" \/><\/figure><\/li><li class=\"blocks-gallery-item\"><figure><img loading=\"lazy\" decoding=\"async\" width=\"1024\" height=\"768\" src=\"https:\/\/cyclotourer.de\/wp-content\/uploads\/2020\/11\/IMG_7313.jpeg\" alt=\"\" data-id=\"3795\" data-full-url=\"https:\/\/cyclotourer.de\/wp-content\/uploads\/2020\/11\/IMG_7313.jpeg\" data-link=\"https:\/\/cyclotourer.de\/?attachment_id=3795\" class=\"wp-image-3795\" srcset=\"https:\/\/cyclotourer.de\/wp-content\/uploads\/2020\/11\/IMG_7313.jpeg 1024w, https:\/\/cyclotourer.de\/wp-content\/uploads\/2020\/11\/IMG_7313-300x225.jpeg 300w, https:\/\/cyclotourer.de\/wp-content\/uploads\/2020\/11\/IMG_7313-768x576.jpeg 768w\" sizes=\"auto, (max-width: 1024px) 100vw, 1024px\" \/><\/figure><\/li><li class=\"blocks-gallery-item\"><figure><img loading=\"lazy\" decoding=\"async\" width=\"768\" height=\"1024\" src=\"https:\/\/cyclotourer.de\/wp-content\/uploads\/2020\/11\/IMG_7314-1.jpeg\" alt=\"\" data-id=\"3796\" data-full-url=\"https:\/\/cyclotourer.de\/wp-content\/uploads\/2020\/11\/IMG_7314-1.jpeg\" data-link=\"https:\/\/cyclotourer.de\/?attachment_id=3796\" class=\"wp-image-3796\" srcset=\"https:\/\/cyclotourer.de\/wp-content\/uploads\/2020\/11\/IMG_7314-1.jpeg 768w, https:\/\/cyclotourer.de\/wp-content\/uploads\/2020\/11\/IMG_7314-1-225x300.jpeg 225w\" sizes=\"auto, (max-width: 768px) 100vw, 768px\" \/><\/figure><\/li><\/ul><\/figure>\n\n\n\n<p>Quelle: <a href=\"https:\/\/www.komoot.de\/tour\/288949938?ref=wtd\">https:\/\/www.komoot.de\/tour\/288949938?ref=wtd<\/a><\/p>\n","protected":false},"excerpt":{"rendered":"<p>Im Moment habe ich Komoot f\u00fcr mich entdeckt und versuche h\u00e4ufiger Touren nach zu fahren. Um meine Leser zu inspirieren, werde ich einige sehenswerte Touren [&#8230;]<\/p>\n","protected":false},"author":2,"featured_media":3793,"comment_status":"open","ping_status":"open","sticky":false,"template":"","format":"standard","meta":{"footnotes":""},"categories":[121],"tags":[],"class_list":["post-3784","post","type-post","status-publish","format-standard","has-post-thumbnail","hentry","category-touren"],"_links":{"self":[{"href":"https:\/\/cyclotourer.de\/index.php?rest_route=\/wp\/v2\/posts\/3784","targetHints":{"allow":["GET"]}}],"collection":[{"href":"https:\/\/cyclotourer.de\/index.php?rest_route=\/wp\/v2\/posts"}],"about":[{"href":"https:\/\/cyclotourer.de\/index.php?rest_route=\/wp\/v2\/types\/post"}],"author":[{"embeddable":true,"href":"https:\/\/cyclotourer.de\/index.php?rest_route=\/wp\/v2\/users\/2"}],"replies":[{"embeddable":true,"href":"https:\/\/cyclotourer.de\/index.php?rest_route=%2Fwp%2Fv2%2Fcomments&post=3784"}],"version-history":[{"count":5,"href":"https:\/\/cyclotourer.de\/index.php?rest_route=\/wp\/v2\/posts\/3784\/revisions"}],"predecessor-version":[{"id":3800,"href":"https:\/\/cyclotourer.de\/index.php?rest_route=\/wp\/v2\/posts\/3784\/revisions\/3800"}],"wp:featuredmedia":[{"embeddable":true,"href":"https:\/\/cyclotourer.de\/index.php?rest_route=\/wp\/v2\/media\/3793"}],"wp:attachment":[{"href":"https:\/\/cyclotourer.de\/index.php?rest_route=%2Fwp%2Fv2%2Fmedia&parent=3784"}],"wp:term":[{"taxonomy":"category","embeddable":true,"href":"https:\/\/cyclotourer.de\/index.php?rest_route=%2Fwp%2Fv2%2Fcategories&post=3784"},{"taxonomy":"post_tag","embeddable":true,"href":"https:\/\/cyclotourer.de\/index.php?rest_route=%2Fwp%2Fv2%2Ftags&post=3784"}],"curies":[{"name":"wp","href":"https:\/\/api.w.org\/{rel}","templated":true}]}}