{"id":348,"date":"2014-06-15T22:01:00","date_gmt":"2014-06-15T22:01:00","guid":{"rendered":"http:\/\/cyclotourers.de\/?p=348"},"modified":"2020-03-12T11:04:09","modified_gmt":"2020-03-12T11:04:09","slug":"erste-rr-transalp","status":"publish","type":"post","link":"https:\/\/cyclotourer.de\/?p=348","title":{"rendered":"Erste RR Transalp"},"content":{"rendered":"<p>Copyright Marco Schindler<\/p>\n<p style=\"text-align: justify;\">Alias:<\/p>\n<p style=\"text-align: justify;\"><a href=\"http:\/\/www.cyclotourer.de\">www.cyclotourer.de<\/a><\/p>\n<h4 style=\"text-align: justify;\"><strong>Warum Trans Alp?<\/strong><\/h4>\n<p style=\"text-align: justify;\">Auch im Jahr 2014 wollte ich eine neue Tour starten und so war ich auf der Suche nach einer neuen Herausforderung. Schon lange reizten mich die Alpen. Und da ich mit meiner letzten Tour, der Winters-Hotel-Tour, einige H\u00f6henmeter hinter mir lassen konnte, wollte ich mich in diesem Jahr an eine neue Herausforderung wagen.<\/p>\n<p style=\"text-align: justify;\">Nat\u00fcrlich war es nichts Neues mehr die Alpen mit dem Fahrrad zu \u00fcberqueren. Nachdem Hans Ertl und Franz Schmid, und sie waren mit Sicherheit nicht die Ersten, im Jahre 1931 den Reschen Pass mit dem Fahrrad \u00fcberquerten, sind mittlerweile j\u00e4hrlich weit \u00fcber 10.000 Radfahrer in den Alpenregionen zu finden.<\/p>\n<p style=\"text-align: justify;\">F\u00fcr mich war es jedoch die erste Trans Alp. So musste ich mir zun\u00e4chst \u00fcberlegen mit welchem Fahrrad, mit meinem Mountainbike (Focus Redskin) oder meinem Cyclocross (<a href=\"http:\/\/www.focus-bikes.com\" target=\"_blank\" rel=\"noopener noreferrer\">Focus Mares CX2.0<\/a>), ich die Herausforderung angehen wollte.<\/p>\n<p style=\"text-align: justify;\">So durchforstete ich das Internet und suchte nach verschiedene \u201cWege\u201c und M\u00f6glichkeiten, um \u00fcber die Berge zu kommen. Hierbei war ich auf die Internetseite von <a href=\"http:\/\/www.transalp.info\" target=\"_blank\" rel=\"noopener noreferrer\">Andreas Albrecht<\/a> gesto\u00dfen.<\/p>\n<p style=\"text-align: justify;\">Umfangreiche und beeindruckende Berichte und Tipps rund um die Alpen\u00fcberquerungen, sind auf seiner Homepage zu finden. Seine beschriebene Rennradroute nahm mir dann jedoch schnell die Entscheidung ab. Ich entschied mich f\u00fcr mein <a href=\"http:\/\/www.focus-bikes.com\" target=\"_blank\" rel=\"noopener noreferrer\">Cyclocross Mares CX2.0<\/a> von Focus und somit f\u00fcr die befestigten Stra\u00dfen.<\/p>\n<p style=\"text-align: justify;\">Ich nahm mir vor, die von Andreas beschriebene Route nachzufahren. Der Reschenpass (H\u00f6he 1504m), das Stilfersjoch (2757m), sowie der Ofenpass (2149m), geh\u00f6rten hierbei zu drei von einigen Highlights und \u00fcber zweitausend Meter hohen Gipfeln. Bewegt sollte sich durch bzw. \u00fcber \u00d6sterreich, der Schweiz bis auf italienischen Boden.<\/p>\n<p style=\"text-align: justify;\">Mit ca. 500 Kilometer und \u00fcber 11.000 H\u00f6henmetern sollte meine erste Transalp eine besondere Herausforderung werden.<\/p>\n<p style=\"text-align: justify;\">Aber was reizte mich bisher immer so sehr, ausgerechnet die Alpen mit dem Fahrrad zu \u00fcberqueren?<\/p>\n<p style=\"text-align: justify;\">In Deutschland haben wir auch genug Berge, die bew\u00e4ltigt werden konnten. Sch\u00f6ne und landschaftlich reizvolle Mittelgebirge, die ebenso einige H\u00f6henmeter zu bieten hatten\u2026<\/p>\n<p style=\"text-align: justify;\">Klar war, es war wieder ein St\u00fcck die Sehnsucht \u201cunterwegs\u201c zu sein. Frei zu sein vom Alltag, abzuschalten vom Job und anderen Verpflichtungen. Vielleicht war es auch wieder die Suche nach dem besonderen Etwas? Eine scheinbare Barriere mit eigener Kraft zu \u00fcberwinden. Die Alpen sind sicherlich eine andere Hausnummer als eine Tour durch Deutschland. Hier sind einige Faktoren mehr zu planen und zu beachten, als bei den Routen quer durch die Bundesrepublik. Hier wird es mit Sicherheit auch Tage mit Tiefpunkten geben. Aber sicherlich werde ich auch nach dieser Tour voller Freude auf die Tage zur\u00fcckblicken.<\/p>\n<p style=\"text-align: justify;\">Was nat\u00fcrlich nicht neu ist und viele Leser meiner Tourenberichte immer wieder wundert ist, dass ich auch dieses Mal alleine starten werde. Immer wieder werde ich gefragt warum ich nicht ein paar Leute zusammen hole um in Gemeinschaft die Touren zu starten.<\/p>\n<p style=\"text-align: justify;\">Es ist ganz einfach. Ich m\u00f6chte mich nicht abstimmen m\u00fcssen. Ich m\u00f6chte mein Tempo fahren, meine Pausen einlegen, wie mein K\u00f6rper sie braucht. F\u00fcr einen Schnappschuss oder einem besonderen Moment einfach anhalten und den Moment genie\u00dfen. Im Berufsleben ist man durch Vorschriften und Bestimmungen auf strukturierte Abl\u00e4ufe angewiesen. So opfere ich meinen Urlaub f\u00fcr meine Touren um auch die freien Tage frei genie\u00dfen zu k\u00f6nnen. Ich m\u00f6chte mich nicht abstimmen, ob mein Partner ebenfalls Lust auf einen Kaffee hat, ob er sich den n\u00e4chsten Berg noch mit hoch qu\u00e4len will, oder was auch immer gerade in diesem Moment sein mag.<\/p>\n<p style=\"text-align: justify;\">Klar ist dabei auch, dass man langweilige Momente versp\u00fcrt. Ewige Aufstiege, verregnete Stunden oder gar Tage. \u00d6de Tage, wo es hier und da im K\u00f6rper zwickt oder die Oberschenkel brennen. Wo man sich fragt, warum man sich diesen Trip \u00fcberhaupt antut und sich w\u00fcnscht, man h\u00e4tte jemanden, der das Leid mit einem teilt. Solche Tage die einen mental auslutschen. Wo der Kopf sich mehr gegen den n\u00e4chsten Tritt in die Pedale wehrt, als der K\u00f6rper. Aber dann kommen wieder die Momente, wo man nach unz\u00e4hligen H\u00f6henmetern auf der Bergkuppe ankommt und ewig weit ins Land schauen kann\u2026<\/p>\n<p style=\"text-align: justify;\">Es mag sich f\u00fcr den einen oder anderen vielleicht etwas egoistisch anh\u00f6ren, aber das sind die Momente die mich dann wieder f\u00fcr die mentalen Tiefpunkte belohnen. Die Momente, die ich einfach f\u00fcr mich haben m\u00f6chte und nicht teilen mag. Und so kann ich nach jeder Tour erz\u00e4hlen, dass ich das Gef\u00fchl von Freiheit wieder \u00fcber mich kommen lassen konnte und, dass man sich trotz den k\u00f6rperlichen Strapazen mental erholen konnte.<\/p>\n<p style=\"text-align: justify;\">Eigentlich stehe ich noch ganz am Anfang meiner Planung, trotzdem konnte ich schon jetzt die ersten zwei Sponsoren gewinnen. <a href=\"http:\/\/www.bikemax.de\">BikeMax<\/a> sagte mir ja nach meiner letzten Winters-Hotel-Tour mehr oder weniger zu. Jetzt laufen explizite Verhandlungen. Wie es ausschaut, wird <a href=\"http:\/\/www.bikemax.de\">Bike Max<\/a> wieder mit agieren.<\/p>\n<p style=\"text-align: justify;\">Hoch erfreut war ich \u00fcber die E-Mail von Familie Bleicher von <a href=\"www.transalp-shuttle.com\">www.transalp-shuttle.com<\/a>, die nach kurzer Anfrage auf ein kosteng\u00fcnstiges Leihger\u00e4t ihrer angebotenen Outdoor-Navis, kurzerhand kostenlos eins zur Verf\u00fcgung stellten. <a href=\"www.transalp-shuttle.com\">www.transalp-shuttle.com<\/a> bieten Navis f\u00fcr s\u00e4mtliche Aktivit\u00e4ten in der Natur an. Ob Wander- oder Fahrradrouten, man bekommt ganz nach seinen Bed\u00fcrfnissen die Streckenf\u00fchrung auf das Navigationsger\u00e4t gezogen. Einschalten und starten sind die einzigen Dinge die man noch selber machen muss. Dazu wird ein Shuttle-Service angeboten. So wartet das eigenen Fahrzeug \/ PKW bereits am Zielort der Tour auf die Heimreise.<\/p>\n<p style=\"text-align: justify;\">Eine weitere Inspiration und gro\u00dfe Planungshilfe war mein Nikolausgeschenk von diesem Jahr. Nadine schenkte mir das Buch \u201cAlpencross\u201c Ostalpen von Achim Zahn. Ein dickes Buch mit s\u00e4mtlichen MTB-Routen \u00fcber die \u00f6stlichen Alpen, dazu Tipps zur Planung, Tourentaktik, Ausr\u00fcstung Wetterkunde usw. Also alles Wichtige was man f\u00fcr eine gute Tour brauchen konnte.<\/p>\n<p style=\"text-align: justify;\">Der Starttermin sollte voraussichtlich am 6.6.2014 sein. Mein Startpunkt war noch nicht ganz sicher. Entweder wollte ich mit einem Plus von hundert Kilometern in M\u00fcnchen starten, oder aber direkt in Garmisch-Partenkirchen. Ziel der Tour ist Torbole am Gardasee, das war fest geplant.<\/p>\n<p style=\"text-align: justify;\">Hier die wichtigsten Tourdaten:<\/p>\n<table width=\"650\">\n<tbody>\n<tr>\n<td colspan=\"7\" width=\"650\">Garmisch &#8211; Mittenwald &#8211; Seefeld &#8211; Telfs -Imst Bhf.- Pillerh\u00f6he &#8211; Pfunds Norbertsh\u00f6he &#8211; Reschenpass &#8211; Prad &#8211; Stilfser Joch &#8211; Pass Umbrail &#8211; M\u00fcnstertal &#8211; Ofenpass &#8211; Livigno &#8211; Passo del Foscagno &#8211; Bormio &#8211; Pass Foppa &#8211; Passo Tonale &#8211; Madonna di Campiclio &#8211; Pinzolo &#8211; Passo Daone Zuclo &#8211; Passo Duron &#8211; Passo Ballino &#8211; Gardasee<\/td>\n<\/tr>\n<tr>\n<td width=\"43\"><\/td>\n<td width=\"309\"><\/td>\n<td width=\"38\"><\/td>\n<td width=\"38\"><\/td>\n<td width=\"144\"><\/td>\n<td width=\"28\"><\/td>\n<td width=\"51\"><\/td>\n<\/tr>\n<tr>\n<td width=\"43\">Tag<\/td>\n<td width=\"309\">Strecke<\/td>\n<td width=\"38\"><\/td>\n<td width=\"38\"><\/td>\n<td width=\"144\"><\/td>\n<td width=\"28\">km<\/td>\n<td width=\"51\">HM<\/td>\n<\/tr>\n<tr>\n<td width=\"43\">1. Tag<\/td>\n<td colspan=\"4\" width=\"528\">M\u00fcnchen &#8211; Garmisch P. &#8211; Mittenwald &#8211; Leutasch &#8211; Seefeld<\/td>\n<td width=\"28\">140<\/td>\n<td width=\"51\">650<\/td>\n<\/tr>\n<tr>\n<td width=\"43\">2. Tag<\/td>\n<td colspan=\"4\" width=\"528\">Seefeld &#8211; M\u00f6sern &#8211; Telfs &#8211; Imst &#8211; Arzl &#8211; Wenns &#8211; Pillerh\u00f6he &#8211; Kauns &#8211; Prutz &#8211; Pfunds &#8211; Martina (CH) &#8211; Norbertsh\u00f6he &#8211; Nauders &#8211; Reschen &#8211; Mals &#8211; Prad &#8211; Trafoi<\/td>\n<td width=\"28\">157<\/td>\n<td width=\"51\">2750<\/td>\n<\/tr>\n<tr>\n<td width=\"43\">3. Tag<\/td>\n<td colspan=\"4\" width=\"528\">Trafoi &#8211; Stilfers Joch &#8211; Pass Umbrail &#8211; St. Maria im M\u00fcnstertal &#8211; Ofenpass &#8211; Punt la Drossa &#8211; Livigno &#8211; Passo d\u00b4Eira &#8211; Passo del Foscagno &#8211; Amoga &#8211; Bormio<\/td>\n<td width=\"28\">108<\/td>\n<td width=\"51\">2850<\/td>\n<\/tr>\n<tr>\n<td width=\"43\">4. Tag<\/td>\n<td colspan=\"4\" width=\"528\">Bormio &#8211; Le Prese &#8211; Passo Foppa &#8211; Monno &#8211; Passo Tonale &#8211; Mezzana &#8211; Dimaro &#8211; Madonna di Campiglio<\/td>\n<td width=\"28\">118<\/td>\n<td width=\"51\">3150<\/td>\n<\/tr>\n<tr>\n<td width=\"43\">5. Tag<\/td>\n<td colspan=\"4\" width=\"528\">Madonna di Campiglio &#8211; Pinzolo &#8211; Spiazza &#8211; Passo Daone &#8211; Preore &#8211; Zuclo &#8211; Passo Duron &#8211; Fiave &#8211; Passo Ballino &#8211; Riva &#8211; Torbole<\/td>\n<td width=\"28\">79<\/td>\n<td width=\"51\">1400<\/td>\n<\/tr>\n<tr>\n<td width=\"43\"><\/td>\n<td width=\"309\"><\/td>\n<td width=\"38\"><\/td>\n<td width=\"38\"><\/td>\n<td width=\"144\"><\/td>\n<td width=\"28\"><\/td>\n<td width=\"51\">260<\/td>\n<\/tr>\n<tr>\n<td width=\"43\">6. Tag<\/td>\n<td width=\"309\">Torbole &#8211; Nago &#8211; Mori &#8211; Rovereto Bhf &#8211; Brenner \u2013 Innsbruck<\/td>\n<td width=\"38\"><\/td>\n<td width=\"38\"><\/td>\n<td width=\"144\"><\/td>\n<td width=\"28\">56<\/td>\n<td width=\"51\"><\/td>\n<\/tr>\n<tr>\n<td width=\"43\"><\/td>\n<td width=\"309\"><strong>~ 600 km<\/strong><\/td>\n<td width=\"38\"><\/td>\n<td width=\"38\"><\/td>\n<td width=\"144\"><\/td>\n<td width=\"28\"><\/td>\n<td width=\"51\"><\/td>\n<\/tr>\n<tr>\n<td width=\"43\"><\/td>\n<td width=\"309\"><strong>~ 11.000 HM aufw\u00e4rts<\/strong><\/td>\n<td width=\"38\"><\/td>\n<td width=\"38\"><\/td>\n<td width=\"144\"><\/td>\n<td width=\"28\"><\/td>\n<td width=\"51\"><\/td>\n<\/tr>\n<\/tbody>\n<\/table>\n<p style=\"text-align: justify;\">Warum plant man denn die Tour denn schon \u00fcber 6 Monate im Voraus? Schlie\u00dflich wei\u00df jeder der meine Berichte und Aktivit\u00e4ten verfolgt, dass ich nie viel Zeit mit Planung und Organisation verbringe und mehr oder weniger drauf losfahre?<\/p>\n<p style=\"text-align: justify;\">Ganz einfach: die Alpen sind wie sich jeder denken kann, eine ganz besondere Hausnummer. Zu den unz\u00e4hligen H\u00f6henmetern kommen noch einige Faktoren, wie Wetter und die n\u00f6tige Bekleidung dazu. Auch Ersatzschl\u00e4uche und Verschlei\u00dfteile, wie Bremsbelege, bekommen bei diesem Trip eine ganz andere Bedeutung als bei meinen Deutschlandtouren.<\/p>\n<p style=\"text-align: justify;\">Dazu muss man auch mal mit Schnee und Schlechtwettereinbr\u00fcchen rechnen. Und erfrieren m\u00f6chte ich auf \u00fcber 2000 Meter H\u00f6he ja auch nicht. Deshalb werde ich dieses Mal nicht mein knapp 4kg (leichtes) Reisegep\u00e4ck halten k\u00f6nnen.<\/p>\n<p style=\"text-align: justify;\">Das einzige was ich hier nicht planen werde sind wie immer, die \u00dcbernachtungen. Die \u00dcbernachtungsm\u00f6glichkeiten werde ich auch bei dieser Tour dem Zufall \u00fcberlassen und behalte mir die Freiheit meinen Tag zu beenden, wann ich das mag. Klar muss man dann w\u00e4hrend der Tour genauer einsch\u00e4tzen was f\u00fcr Etappen man noch schafft, ob man kleinere Risiken eingeht und sich noch \u00fcber den n\u00e4chsten Pass qu\u00e4lt, ohne in der Finsternis zu enden. Oder ob man einen Tourentag einfach fr\u00fchzeitig beendet, um sich etwas anzusehen.<\/p>\n<p style=\"text-align: justify;\">Das bisschen Risiko lass ich mir nicht nehmen. Bisher habe ich immer ein warmes Bett gefunden. Warum sollte es auch dieses Mal nicht so sein!? Au\u00dferdem bekommt man als Einzelperson eher ein Zimmer, als wenn man mit einer Gruppe unterwegs ist.<\/p>\n<p style=\"text-align: justify;\">Auch k\u00f6rperlich muss ich mich wohl intensiver auf diese Tour vorbereiten. Spinning, Rudern und Schwimmen sollen in den Wochen zuvor meine Kondition wieder auf trapp bringen. Sobald die kalte Jahreszeit dem Ende zugeht, kommt das Radfahren in der Natur nat\u00fcrlich wieder dazu.<\/p>\n<p style=\"text-align: justify;\">So verzeichne ich von September 2013 bis zum Tourenstart einen Tachostand von rund 3000 Kilometer auf dem Cyclocross, plus weit \u00fcber 1500 Kilometer auf dem Mountainbike.<\/p>\n<h4 style=\"text-align: justify;\"><strong>Packliste:<\/strong><\/h4>\n<table width=\"468\">\n<tbody>\n<tr>\n<td><strong>Zum Radeln:<\/strong><\/td>\n<\/tr>\n<tr>\n<td colspan=\"3\">&#8211; 1x Satz Trikot\u00a0 (Hose+Shirt Biehler BikeWear Designdruck)<\/td>\n<\/tr>\n<tr>\n<td colspan=\"3\">&#8211; 1x Windweste (Biehler BikeWear Designdruck)<\/td>\n<\/tr>\n<tr>\n<td colspan=\"3\">&#8211; 1x Funktionsunterhemd (Gore Windstopper Membran)<\/td>\n<\/tr>\n<tr>\n<td colspan=\"2\">&#8211; 1x Armlinge \/ Beinlinge (Gonso)<\/td>\n<\/tr>\n<tr>\n<td colspan=\"3\">&#8211; 1 lange Radhose (GoreBikeWear Alp-X2.0 Gore-Tex AS<\/td>\n<\/tr>\n<tr>\n<td colspan=\"3\">&#8211; 1xSoftshell Jacke lang (GoreBikeWear Windstopper Membran)<\/td>\n<\/tr>\n<tr>\n<td colspan=\"3\">&#8211; 1P. Fahrrad\u00fcberschuhe\u00a0 (Mavic ergoaccess Warmshell ST)<\/td>\n<\/tr>\n<tr>\n<td colspan=\"2\">&#8211; 1P. Fahradschuhe (Shimano)<\/td>\n<\/tr>\n<tr>\n<td>&#8211; 2P. Funktionssocken<\/td>\n<\/tr>\n<tr>\n<td colspan=\"2\">&#8211; 1 Funktionsshirt (auch f\u00fcr abends)<\/td>\n<\/tr>\n<tr>\n<td>-1x Buff<\/td>\n<\/tr>\n<tr>\n<td>&#8211; 1x Handschuhe warm<\/td>\n<\/tr>\n<tr>\n<td>&#8211; 1x Handschuhe kurz<\/td>\n<\/tr>\n<tr>\n<td>&#8211; Radbrille<\/td>\n<\/tr>\n<tr>\n<td>&#8211; Radhelm<\/td>\n<\/tr>\n<tr>\n<td>&#8211; Radschuhe<\/td>\n<\/tr>\n<tr>\n<td><strong>F\u00fcr abends<\/strong><\/td>\n<\/tr>\n<tr>\n<td colspan=\"3\">&#8211; 1x TrikotShirt Biehler BikeWear (Design vom letztem Jahr)<\/td>\n<\/tr>\n<tr>\n<td>&#8211; 1 x kurze Hose<\/td>\n<\/tr>\n<tr>\n<td colspan=\"2\">&#8211; 1x Jacke (siehe oben Softshelljacke)<\/td>\n<\/tr>\n<tr>\n<td colspan=\"2\">&#8211; 1x lange Hose (siehe lange Radhose)<\/td>\n<\/tr>\n<tr>\n<td>&#8211; 2x U-Hosen<\/td>\n<\/tr>\n<tr>\n<td colspan=\"3\">&#8211; 2P Socken (Funktionssocken im Wechsel siehe oben)<\/td>\n<\/tr>\n<tr>\n<td>&#8211; 1 kl. Handtuch<\/td>\n<\/tr>\n<tr>\n<td><strong>Werkzeug:<\/strong><\/td>\n<\/tr>\n<tr>\n<td>&#8211; Multitool<\/td>\n<\/tr>\n<tr>\n<td>&#8211; 1x Ersatzschlauch<\/td>\n<\/tr>\n<tr>\n<td>&#8211; Reifenheber<\/td>\n<\/tr>\n<tr>\n<td>&#8211; 2x Kettenschl\u00f6sser<\/td>\n<\/tr>\n<tr>\n<td>&#8211; Panzertape<\/td>\n<\/tr>\n<tr>\n<td>&#8211; Kabelbinder<\/td>\n<\/tr>\n<tr>\n<td>&#8211; Flickzeug<\/td>\n<\/tr>\n<tr>\n<td>&#8211; 1 x Ketten\u00f6l<\/td>\n<\/tr>\n<tr>\n<td>&#8211; Luftpumpe<\/td>\n<\/tr>\n<tr>\n<td colspan=\"2\">&#8211; 1 Satz (4x) A35Ersatzbremsbel\u00e4ge<\/td>\n<\/tr>\n<tr>\n<td>&#8211; kleines Schloss<\/td>\n<\/tr>\n<tr>\n<td>F\u00fcr die Verpflegung:<\/td>\n<\/tr>\n<tr>\n<td colspan=\"2\">&#8211; Getr\u00e4nkepulver (Portionst\u00fctchen)<\/td>\n<\/tr>\n<tr>\n<td>&#8211; 10 Energie-Gel<\/td>\n<\/tr>\n<tr>\n<td>&#8211; 10 M\u00fcsliriegel<\/td>\n<\/tr>\n<tr>\n<td>&#8211; Magnesium<\/td>\n<\/tr>\n<tr>\n<td><\/td>\n<td><\/td>\n<td><\/td>\n<\/tr>\n<tr>\n<td><\/td>\n<td><\/td>\n<td><\/td>\n<\/tr>\n<tr>\n<td colspan=\"2\"><strong>Erste Hilfe \/ K\u00f6rperpflege:<\/strong><\/td>\n<\/tr>\n<tr>\n<td>&#8211; Rettungsdecke Alu<\/td>\n<\/tr>\n<tr>\n<td>&#8211; Voltaren<\/td>\n<\/tr>\n<tr>\n<td>&#8211; Zahnb\u00fcrste u. co<\/td>\n<\/tr>\n<tr>\n<td>&#8211; kl. Erstehilfe-KIT<\/td>\n<\/tr>\n<tr>\n<td>&#8211; Sonnenschutz<\/td>\n<\/tr>\n<tr>\n<td colspan=\"3\">&#8211; Duschgel (Probep\u00e4ckchen auch f\u00fcr Trikotw\u00e4sche)<\/td>\n<\/tr>\n<tr>\n<td>&#8211; Zahncreme\/-B\u00fcrste<\/td>\n<\/tr>\n<tr>\n<td>&#8211; 1x Handtuch klein<\/td>\n<\/tr>\n<tr>\n<td><strong>Technik:<\/strong><\/td>\n<\/tr>\n<tr>\n<td colspan=\"3\">&#8211; Batterien f\u00fcr Lampen und Navi (www.transalp-shuttle.com)<\/td>\n<\/tr>\n<tr>\n<td>&#8211; Ladeger\u00e4t Iphone<\/td>\n<\/tr>\n<tr>\n<td colspan=\"2\">&#8211; Ladeger\u00e4t f\u00fcr Schaltung Shimano Ultegra Di2<\/td>\n<\/tr>\n<tr>\n<td colspan=\"2\">&#8211; Foto (Sony Cybershot DSC W12) + Batterien<\/td>\n<\/tr>\n<tr>\n<td colspan=\"3\">&#8211; Kartenmaterial (Andreas Albrecht www.transalp.info)<\/td>\n<\/tr>\n<tr>\n<td colspan=\"3\">&#8211; 8x Dieselhandschuhe von Tankstelle (Tipp von Andreas Albrecht)<\/td>\n<\/tr>\n<tr>\n<td><strong>Gewicht:<\/strong><\/td>\n<\/tr>\n<tr>\n<td colspan=\"2\">Tasche mit Sattelstangenklemme (Vaude)<\/td>\n<td>ca. 4 kg incl. Tasche<\/td>\n<\/tr>\n<tr>\n<td colspan=\"2\">Rucksack (Deuter Compact EXP 12+2 Liter<\/td>\n<td>ca. 3 kg incl. Rucksack<\/td>\n<\/tr>\n<tr>\n<td>insgesamt:<\/td>\n<td>ca. 7 kg<\/td>\n<\/tr>\n<\/tbody>\n<\/table>\n<h4><\/h4>\n<h4 style=\"text-align: justify;\"><strong>Der Tourenstart<\/strong><\/h4>\n<p style=\"text-align: justify;\">Da ich einen Tag zuvor mit dem Zug nach M\u00fcnchen reiste, konnte ich ganz entspannt meinen ersten Tourentag angehen. Wie von den Winters Hotels gewohnt, war das Fr\u00fchst\u00fcck reichhaltig und ich konnte mit vollem Bauch den Tag beginnen.<\/p>\n<p style=\"text-align: justify;\">Herr Schwarz, der Direktor des Winters Hotel in M\u00fcnchen, verabschiedete mich und gab mir die besten W\u00fcnsche im Namen der Winters Hotel Company mit auf dem Weg.<\/p>\n<p><img loading=\"lazy\" decoding=\"async\" class=\"size-medium wp-image-2189 alignleft\" src=\"http:\/\/cyclotourers.de\/wp-content\/uploads\/2015\/06\/DSC01444-300x225.jpg\" alt=\"\" width=\"300\" height=\"225\" srcset=\"https:\/\/cyclotourer.de\/wp-content\/uploads\/2015\/06\/DSC01444-300x225.jpg 300w, https:\/\/cyclotourer.de\/wp-content\/uploads\/2015\/06\/DSC01444-768x576.jpg 768w, https:\/\/cyclotourer.de\/wp-content\/uploads\/2015\/06\/DSC01444.jpg 1024w\" sizes=\"auto, (max-width: 300px) 100vw, 300px\" \/><\/p>\n<p style=\"text-align: justify;\">Das bereits eingeschaltete Navi zeigte punktgenau meine Position an. Jetzt musste ich nur noch der markierten Linie folgen. Wie es mir Steffi und Bernd von <a href=\"http:\/\/www.transalp-shuttle.com\">www.transalp-shuttle.com<\/a> im Vorfeld versprachen, musste ich das Navi wirklich nur einschalten und losfahren.<\/p>\n<p style=\"text-align: justify;\">Zu ihrem ohnehin geleisteten Service und ihre M\u00fche war ich schon nach den ersten f\u00fcnf Metern begeistert wie einfach das System funktionierte.<\/p>\n<p style=\"text-align: justify;\">Doch meine Begeisterung verflog nach f\u00fcnf weiteren Metern, im wahrsten Sinne des Wortes, schlagartig! Irgendetwas schliff f\u00fcrchterlich an meinem Hinterrad. Ich dachte zun\u00e4chst an die Bremse.<\/p>\n<p style=\"text-align: justify;\">Wurde vergessen die Bremsbel\u00e4ge festzuziehen? Hing ein Bremsbelag an der Felge und gab dieses Ger\u00e4usch von sich? In dem Moment als ich stehen blieb um die Ursache festzustellen, fiel auch schon meine Klemmtasche, die eigentlich fest an der Sattelst\u00fctze hing, zu Boden. Schnell war klar, die Halterung war hin\u00fcber.<\/p>\n<p style=\"text-align: justify;\">Na Super, dachte ich. Das f\u00e4ngt ja schon mal gut an!<\/p>\n<p style=\"text-align: justify;\">Schnell stellte ich fest, dass die Kunstoffbuchse, in der der Schraubenkopf sa\u00df, ausgebrochen war. Ich spielte mit dem Gedanken, zum BikeMax in M\u00fcnchen zu fahren. Nur mit der Hoffnung, dass sie die Halterung \u00fcberhaupt einzeln auf Lager h\u00e4tten, h\u00e4tte ich jedoch in die entgegengesetzte Richtung gemusst.<\/p>\n<p style=\"text-align: justify;\">Um zu schauen was es noch f\u00fcr M\u00f6glichkeiten gab, schraubte ich die Halterung erst einmal ab. Die Schraube war zumindest schon mal lang genug um was zu basteln. Eine Unterlegscheibe k\u00f6nnte die L\u00f6sung sein. Und diese hatte eine Fiat-Werkstatt in der Schublade. Eine einfache Unterlegscheibe gab den n\u00f6tigen Halt und ich konnte mit etwas Verz\u00f6gerung meine Tour endg\u00fcltig starten.<\/p>\n<p style=\"text-align: justify;\">Das Navi machte es wirklich einfach und f\u00fchrte mich von Kreuzung zu Kreuzung aus M\u00fcnchen heraus.<\/p>\n<p style=\"text-align: justify;\">Endlich war ich die l\u00e4stigen Ampeln und den Stadtverkehr los. Nun konnte ich an Fahrt gewinnen und mein gewohntes Tourentempo aufnehmen.<\/p>\n<p><img loading=\"lazy\" decoding=\"async\" class=\"size-full wp-image-2191 alignleft\" src=\"http:\/\/cyclotourers.de\/wp-content\/uploads\/2015\/06\/560239_230073040445286_1134857405_n.jpg\" alt=\"\" width=\"180\" height=\"180\" srcset=\"https:\/\/cyclotourer.de\/wp-content\/uploads\/2015\/06\/560239_230073040445286_1134857405_n.jpg 180w, https:\/\/cyclotourer.de\/wp-content\/uploads\/2015\/06\/560239_230073040445286_1134857405_n-150x150.jpg 150w\" sizes=\"auto, (max-width: 180px) 100vw, 180px\" \/><\/p>\n<p style=\"text-align: left;\"><img loading=\"lazy\" decoding=\"async\" class=\"size-medium wp-image-2190 alignleft\" src=\"http:\/\/cyclotourers.de\/wp-content\/uploads\/2015\/06\/DSC01464-300x225.jpg\" alt=\"\" width=\"300\" height=\"225\" srcset=\"https:\/\/cyclotourer.de\/wp-content\/uploads\/2015\/06\/DSC01464-300x225.jpg 300w, https:\/\/cyclotourer.de\/wp-content\/uploads\/2015\/06\/DSC01464-768x576.jpg 768w, https:\/\/cyclotourer.de\/wp-content\/uploads\/2015\/06\/DSC01464.jpg 1024w\" sizes=\"auto, (max-width: 300px) 100vw, 300px\" \/>\u00a0 \u00a0 \u00a0 \u00a0Sanft h\u00fcgelig ging es durch das s\u00fcdbayrische Land. Ich wollte es noch gar nicht richtig glauben, dass jetzt die langersehnte Tour begonnen hatte. \u00dcber 6 Monate besch\u00e4ftigte ich mich mal mehr und mal weniger mit diesem einen Tag. Und nun konnte ich von den Anh\u00f6hen aus bereits die schneebedeckten Gipfel der Alpen sehen.<\/p>\n<p style=\"text-align: justify;\">Jetzt gab es aber auch kein Zur\u00fcck mehr! Jetzt war wohl der schlechteste Zeitpunkt den Hintern einzuziehen und einen R\u00fcckzieher zu machen. Aber was sollte schon schief gehen? Jede Tour verlief bisher ohne eine Panne oder irgendwelche Zwischenf\u00e4lle.<\/p>\n<p style=\"text-align: justify;\">Bereits nach 10km \u00fcberholte ich an einer leichten Steigung einen \u00e4lteren Rennradfahrer. Dieser klemmte sich in meinen Windschatten um etwas Erleichterung zu haben. Nachdem wir unser Weg auf einen flacheren Teil fortsetzten, stellte er sich als Xaver vor. Er befragte mich nach meinem Vorhaben und erz\u00e4hlte mir, dass er jeden Tag zwischen 50 und 150 km fahren w\u00fcrde. Da er einen Tag zuvor seine lange Tour hatte, w\u00fcrde es ihm heute etwas an Zug fehlen und w\u00e4re froh, dass ich ihn etwas mitziehen w\u00fcrde.<\/p>\n<p style=\"text-align: justify;\">So teilten wir uns fast die n\u00e4chsten zwanzig Kilometer. Einmal fuhr er voraus und erleichterte mir die Fahrt, dann \u00fcberholte ich wieder ihn, und zog ihn wieder einige Kilometer mit.<\/p>\n<p style=\"text-align: justify;\">Doch an einer Kreuzung gab es ein Missverst\u00e4ndnis. Aufgrund des Verkehrs wurden wir etwas getrennt, er fuhr an der Kreuzung, an der ich abbiegen sollte, vorbei. Lautes Rufen konnte er aufgrund der Entfernung nicht mehr h\u00f6ren. Scheinbar hatte er dann aber auch keine Lust mehr noch mal zur\u00fcckzukommen. Mit Winken verabschiedeten wir uns und jeder setzte seinen geplanten Weg weiter fort. Schade, er war ein netter Zeitgenosse und hatte einige Dinge \u00fcber die Region zu erz\u00e4hlen.<\/p>\n<p style=\"text-align: justify;\">Die Alpen kamen langsam n\u00e4her. Als ich das Ortsschild von Bichl passierte, hatte ich bereits fast 70km auf meinem Tacho stehen. Obwohl ich noch keinen gro\u00dfen Hunger hatte, wollte ich meinen Zuckerhaushalt schon mal auff\u00fcllen. Au\u00dferdem kam ich gerade an einer B\u00e4ckerei vorbei, die einen einladenden Eindruck machte. Ein weiterer Plan war, dass ich \u00f6fters kleinere Pausen mit Snacks einlegte, um somit das Mittagessen, welches zeitlich aufw\u00e4ndiger w\u00e4re, sparte.<\/p>\n<p><img loading=\"lazy\" decoding=\"async\" class=\"size-medium wp-image-2192 alignleft\" src=\"http:\/\/cyclotourers.de\/wp-content\/uploads\/2015\/06\/DSC01468-300x225.jpg\" alt=\"\" width=\"300\" height=\"225\" srcset=\"https:\/\/cyclotourer.de\/wp-content\/uploads\/2015\/06\/DSC01468-300x225.jpg 300w, https:\/\/cyclotourer.de\/wp-content\/uploads\/2015\/06\/DSC01468-768x576.jpg 768w, https:\/\/cyclotourer.de\/wp-content\/uploads\/2015\/06\/DSC01468.jpg 1024w\" sizes=\"auto, (max-width: 300px) 100vw, 300px\" \/><\/p>\n<p style=\"text-align: justify;\">So einladend wie die B\u00e4ckerei aussah, so lecker waren auch die s\u00fc\u00dfen Teilchen. Nach einer kurzen Pause schulterte ich wieder meinen Rucksack und trat kraftvoll in die Pedalen.<\/p>\n<p style=\"text-align: justify;\">Bis zum Kochelsee lief es mit kaum sp\u00fcrbaren Steigungen weiter. Zun\u00e4chst musste ich durch Kochel, bis ich an das Ufer des Sees gelangte. Ich blieb kurz stehen und genoss den Blick auf das glasklare Wasser. Ein einziger Schwan war auf dem Wasser zu sehen.<\/p>\n<p style=\"text-align: justify;\">Die ersten ernsten H\u00f6henmeter und damit l\u00e4ngeren Steigungen warteten jetzt auf mich. Da ich \u00fcberwiegend auf Fahrradwegen und kleinen Landstra\u00dfen unterwegs war, blieb ich bis jetzt vom Stra\u00dfenverkehr verschont. W\u00fcrde sich das jetzt \u00e4ndern?<\/p>\n<p><img loading=\"lazy\" decoding=\"async\" class=\"size-medium wp-image-2193 alignright\" src=\"http:\/\/cyclotourers.de\/wp-content\/uploads\/2015\/06\/DSC01472-300x225.jpg\" alt=\"\" width=\"300\" height=\"225\" srcset=\"https:\/\/cyclotourer.de\/wp-content\/uploads\/2015\/06\/DSC01472-300x225.jpg 300w, https:\/\/cyclotourer.de\/wp-content\/uploads\/2015\/06\/DSC01472-768x576.jpg 768w, https:\/\/cyclotourer.de\/wp-content\/uploads\/2015\/06\/DSC01472.jpg 1024w\" sizes=\"auto, (max-width: 300px) 100vw, 300px\" \/><\/p>\n<p style=\"text-align: justify;\">Ich schwang mich wieder auf mein Rad und setzte meine Tour weiter fort. Immer mit einem Auge auf das Navigationsger\u00e4t, damit ich meine Route nicht verlie\u00df. Aber dieses Ger\u00e4t macht es einem schon schwer, \u00fcberhaupt von der Route abzukommen.<\/p>\n<p style=\"text-align: justify;\">Nun ging es die ersten Serpentinen aufw\u00e4rts. Und auch das Gep\u00e4ck mit den rund 7kg machte sich nun bemerkbar. So ganz hatte ich mich auf den rund 80km noch nicht an die zus\u00e4tzliche Belastung gew\u00f6hnt. Der Rucksack von Deuter sa\u00df mit seinen ca. 3kg gut auf dem R\u00fccken. Die Tasche an der Sattelstange kannte ich ja schon von der Winters-Hotel-Tour. Musste mich nur wieder an das andere Fahrverhalten des Fahrrads gew\u00f6hnen. In den letzten Monaten gab es keinen Bedarf mit dieser Tasche durch die Gegend zu fahren. Wobei sich die Tasche nur im Wiegetritt richtig bemerkbar machte. Bei normalem Fahren in sitzender Position nahm man nur das zus\u00e4tzliche Gewicht wahr. Was die Tasche anging, war ohnehin das wichtigste, dass die Halterung die Tour durchhielt.<\/p>\n<p style=\"text-align: justify;\">Obwohl ich jetzt auf der Landstra\u00dfe unterwegs war, hielt es sich mit dem Stra\u00dfenverkehr auch in Grenzen. Einige Motorradfahrer \u00fcberholten mich und legten sich in die Kurven, als g\u00e4be es kein Morgen mehr. \u00a0Aber ansonsten war der erste Anstieg eher ruhig.<\/p>\n<p style=\"text-align: justify;\">Ein kleiner Parkplatz an der obersten und letzten Kurve des Anstiegs gab nochmal einen Blick weit \u00fcber den See hinaus.<\/p>\n<p><img loading=\"lazy\" decoding=\"async\" class=\"size-medium wp-image-2194 alignleft\" src=\"http:\/\/cyclotourers.de\/wp-content\/uploads\/2015\/06\/DSC01476-300x225.jpg\" alt=\"\" width=\"300\" height=\"225\" srcset=\"https:\/\/cyclotourer.de\/wp-content\/uploads\/2015\/06\/DSC01476-300x225.jpg 300w, https:\/\/cyclotourer.de\/wp-content\/uploads\/2015\/06\/DSC01476-768x576.jpg 768w, https:\/\/cyclotourer.de\/wp-content\/uploads\/2015\/06\/DSC01476.jpg 1024w\" sizes=\"auto, (max-width: 300px) 100vw, 300px\" \/><\/p>\n<p style=\"text-align: justify;\">Nachdem ich den h\u00f6chsten Punkt mit 859m.\u00fc.NN passierte ging es zun\u00e4chst wieder etwas bergab.<\/p>\n<p><img loading=\"lazy\" decoding=\"async\" class=\"size-medium wp-image-2195 alignright\" src=\"http:\/\/cyclotourers.de\/wp-content\/uploads\/2015\/06\/IMG_3368-300x224.jpg\" alt=\"\" width=\"300\" height=\"224\" srcset=\"https:\/\/cyclotourer.de\/wp-content\/uploads\/2015\/06\/IMG_3368-300x224.jpg 300w, https:\/\/cyclotourer.de\/wp-content\/uploads\/2015\/06\/IMG_3368-768x574.jpg 768w, https:\/\/cyclotourer.de\/wp-content\/uploads\/2015\/06\/IMG_3368.jpg 1024w\" sizes=\"auto, (max-width: 300px) 100vw, 300px\" \/><\/p>\n<p style=\"text-align: justify;\">Der n\u00e4chste See, der Walchensee, lie\u00df nicht lange auf sich warten. Bereits w\u00e4hrend der Abfahrt konnte ich auch ihn weit \u00fcberblicken.<\/p>\n<p><img loading=\"lazy\" decoding=\"async\" class=\"size-medium wp-image-2196 alignleft\" src=\"http:\/\/cyclotourers.de\/wp-content\/uploads\/2015\/06\/IMG_3369-300x224.jpg\" alt=\"\" width=\"300\" height=\"224\" srcset=\"https:\/\/cyclotourer.de\/wp-content\/uploads\/2015\/06\/IMG_3369-300x224.jpg 300w, https:\/\/cyclotourer.de\/wp-content\/uploads\/2015\/06\/IMG_3369-768x574.jpg 768w, https:\/\/cyclotourer.de\/wp-content\/uploads\/2015\/06\/IMG_3369.jpg 1024w\" sizes=\"auto, (max-width: 300px) 100vw, 300px\" \/><\/p>\n<p style=\"text-align: justify;\">An der Uferstra\u00dfe musste ich den See zur H\u00e4lfte umrunden. Das Navi zeigte mir eine gerade Linie \u00fcber den See an. Ich ging zun\u00e4chst davon aus, dass eine F\u00e4hre gemeint sein k\u00f6nnte. Aber eine F\u00e4hre war weit und breit nicht zu sehen. Also fuhr ich am Ufer durch kleine Tunnel und Galerien, bis ich am s\u00fcdlichen Ende, am Campingplatz ankam.<\/p>\n<p style=\"text-align: justify;\">Jetzt ging es etwas entgegengesetzt am Ufer entlang. Ein Postauto nervte mich ein wenig. Er \u00fcberholte mich schon seit einiger Zeit, um dann seine drei Briefe bei den einzelnen H\u00e4usern einzuwerfen. In der Zeit war ich nat\u00fcrlich wieder an dem Postboten vorbei. Er startete sein Wagen erneut und klebte mir wieder am Hinterrad. Ungeduldig trat er immer mal auf das Gaspedal um zu signalisieren, dass er wohl keine Zeit oder keine Geduld habe. Also lie\u00df ich ihn wieder auf dem schmalen Weg vorbei, um ihn am n\u00e4chsten Wohnhaus wieder einzuholen.<\/p>\n<p><img loading=\"lazy\" decoding=\"async\" class=\"size-medium wp-image-2197 alignleft\" src=\"http:\/\/cyclotourers.de\/wp-content\/uploads\/2015\/06\/IMG_3370-300x224.jpg\" alt=\"\" width=\"300\" height=\"224\" srcset=\"https:\/\/cyclotourer.de\/wp-content\/uploads\/2015\/06\/IMG_3370-300x224.jpg 300w, https:\/\/cyclotourer.de\/wp-content\/uploads\/2015\/06\/IMG_3370-768x574.jpg 768w, https:\/\/cyclotourer.de\/wp-content\/uploads\/2015\/06\/IMG_3370.jpg 1024w\" sizes=\"auto, (max-width: 300px) 100vw, 300px\" \/><\/p>\n<p style=\"text-align: justify;\">Mit dem kleinen \u00d6rtchen Einsiedl sollte ich den Walchensee verlassen und somit auch den Postboten los.<\/p>\n<p><img loading=\"lazy\" decoding=\"async\" class=\"size-medium wp-image-2198 alignright\" src=\"http:\/\/cyclotourers.de\/wp-content\/uploads\/2015\/06\/IMG_3371-300x224.jpg\" alt=\"\" width=\"300\" height=\"224\" srcset=\"https:\/\/cyclotourer.de\/wp-content\/uploads\/2015\/06\/IMG_3371-300x224.jpg 300w, https:\/\/cyclotourer.de\/wp-content\/uploads\/2015\/06\/IMG_3371-768x574.jpg 768w, https:\/\/cyclotourer.de\/wp-content\/uploads\/2015\/06\/IMG_3371.jpg 1024w\" sizes=\"auto, (max-width: 300px) 100vw, 300px\" \/><\/p>\n<p style=\"text-align: justify;\">Das Navi f\u00fchrte mich auf einem Fahrradweg parallel zur Walchensee-stra\u00dfe und sp\u00e4ter nach dem Ort Kr\u00fcn, parallel zur Karvendelstra\u00dfe weiter.<\/p>\n<p style=\"text-align: justify;\">Auf den Wiesen waren die Landwirte flei\u00dfig am Heu machen. Die Wetterprognose war ja f\u00fcr die n\u00e4chsten Tage ideal, die Heuernte einzufahren.<\/p>\n<p style=\"text-align: justify;\">An den steilen H\u00e4ngen wo keine Maschinen das Heu wenden und zusammen fahren konnten, waren meist die ganze Familie von klein bis gro\u00df, oder besser von jung bis alt mit ihren Rechen und schufteten in der Mittagshitze.<\/p>\n<p><img loading=\"lazy\" decoding=\"async\" class=\"size-medium wp-image-2199 alignright\" src=\"http:\/\/cyclotourers.de\/wp-content\/uploads\/2015\/06\/DSC01481-300x225.jpg\" alt=\"\" width=\"300\" height=\"225\" srcset=\"https:\/\/cyclotourer.de\/wp-content\/uploads\/2015\/06\/DSC01481-300x225.jpg 300w, https:\/\/cyclotourer.de\/wp-content\/uploads\/2015\/06\/DSC01481-768x576.jpg 768w, https:\/\/cyclotourer.de\/wp-content\/uploads\/2015\/06\/DSC01481.jpg 1024w\" sizes=\"auto, (max-width: 300px) 100vw, 300px\" \/><\/p>\n<p style=\"text-align: justify;\">Mit ganz moderaten Steigungen ging es weiter bis nach Mittenwald. Jetzt hatte ich etwa hundert Kilometer auf meinem Tacho und ich f\u00fchlte mich wohl. Ich war bereits jetzt von der Landschaft \u00fcberw\u00e4ltigt. Mit jedem Kilometer genoss ich die Natur. Ich f\u00fchlte mich bereits jetzt schon wie bei den anderen Touren, frei. Frei vom Alltag, vom Beruf und den sonstigen Verpflichtungen, die man \u00fcber das Jahr verteilt hat. Ich freute mich mit jedem Kilometer \u00fcber die Eindr\u00fccke und war gespannt auf das, was mich die n\u00e4chsten Tage erwarten w\u00fcrde.<\/p>\n<p>\u00a0<img loading=\"lazy\" decoding=\"async\" class=\"size-medium wp-image-2232 alignleft\" src=\"http:\/\/cyclotourers.de\/wp-content\/uploads\/2015\/06\/DSC01483-1-300x225.jpg\" alt=\"\" width=\"300\" height=\"225\" srcset=\"https:\/\/cyclotourer.de\/wp-content\/uploads\/2015\/06\/DSC01483-1-300x225.jpg 300w, https:\/\/cyclotourer.de\/wp-content\/uploads\/2015\/06\/DSC01483-1-768x576.jpg 768w, https:\/\/cyclotourer.de\/wp-content\/uploads\/2015\/06\/DSC01483-1.jpg 1024w\" sizes=\"auto, (max-width: 300px) 100vw, 300px\" \/>Die Temperatur stieg bis weit \u00fcber die drei\u00dfig Grad und meine Kehle f\u00fchlte sich trocken an. Da meine Wasserflaschen schon eine geraume Zeit leer waren und ich an keinem Brunnen oder Gesch\u00e4ft vorbei kam, fragte ich kurzerhand einen Anwohner, der gerade seinen Garten bew\u00e4sserte, ob er mir die Flaschen f\u00fcllen k\u00f6nnte. Das sollte nat\u00fcrlich kein Problem darstellen und nach kurzem Smalltalk setzte ich meine Tour mit gef\u00fcllten Flaschen fort.<\/p>\n<p style=\"text-align: justify;\"><img loading=\"lazy\" decoding=\"async\" class=\"alignnone size-medium wp-image-2076\" src=\"http:\/\/cyclotourers.de\/wp-content\/uploads\/2013\/09\/FOCUS_Logo-PANTONE_positiv-2-300x65.jpg\" alt=\"\" width=\"300\" height=\"65\" srcset=\"https:\/\/cyclotourer.de\/wp-content\/uploads\/2013\/09\/FOCUS_Logo-PANTONE_positiv-2-300x65.jpg 300w, https:\/\/cyclotourer.de\/wp-content\/uploads\/2013\/09\/FOCUS_Logo-PANTONE_positiv-2-768x167.jpg 768w, https:\/\/cyclotourer.de\/wp-content\/uploads\/2013\/09\/FOCUS_Logo-PANTONE_positiv-2-1024x223.jpg 1024w\" sizes=\"auto, (max-width: 300px) 100vw, 300px\" \/><\/p>\n<p style=\"text-align: justify;\"><img loading=\"lazy\" decoding=\"async\" class=\"size-medium wp-image-2200 alignright\" src=\"http:\/\/cyclotourers.de\/wp-content\/uploads\/2015\/06\/IMG_3373-300x224.jpg\" alt=\"\" width=\"300\" height=\"224\" srcset=\"https:\/\/cyclotourer.de\/wp-content\/uploads\/2015\/06\/IMG_3373-300x224.jpg 300w, https:\/\/cyclotourer.de\/wp-content\/uploads\/2015\/06\/IMG_3373-768x574.jpg 768w, https:\/\/cyclotourer.de\/wp-content\/uploads\/2015\/06\/IMG_3373.jpg 1024w\" sizes=\"auto, (max-width: 300px) 100vw, 300px\" \/>Mir fiel nun sogar selber auf, dass ich viel \u00f6fter stehen blieb um Bilder zu machen. Das ist dann auch der Grund, warum dieser Bericht auch aus viel mehr Bildern besteht, als gewohnt.<\/p>\n<p><img loading=\"lazy\" decoding=\"async\" class=\"size-medium wp-image-2201 alignleft\" src=\"http:\/\/cyclotourers.de\/wp-content\/uploads\/2015\/06\/IMG_3372-300x224.jpg\" alt=\"\" width=\"300\" height=\"224\" srcset=\"https:\/\/cyclotourer.de\/wp-content\/uploads\/2015\/06\/IMG_3372-300x224.jpg 300w, https:\/\/cyclotourer.de\/wp-content\/uploads\/2015\/06\/IMG_3372-768x574.jpg 768w, https:\/\/cyclotourer.de\/wp-content\/uploads\/2015\/06\/IMG_3372.jpg 1024w\" sizes=\"auto, (max-width: 300px) 100vw, 300px\" \/><\/p>\n<p style=\"text-align: justify;\">Ich fuhr durch Mittenwald und passierte die Grenze zu \u00d6sterreich.<\/p>\n<p style=\"text-align: justify;\">Danach folgte ein l\u00e4ngerer Anstieg zur Leutasch. Ich kam entlang des Wettersteingebirges durch mehrere kleine D\u00f6rfchen und Anwesen.<\/p>\n<p><img loading=\"lazy\" decoding=\"async\" class=\"size-medium wp-image-2233 alignright\" src=\"http:\/\/cyclotourers.de\/wp-content\/uploads\/2015\/06\/DSC01485-1-300x225.jpg\" alt=\"\" width=\"300\" height=\"225\" srcset=\"https:\/\/cyclotourer.de\/wp-content\/uploads\/2015\/06\/DSC01485-1-300x225.jpg 300w, https:\/\/cyclotourer.de\/wp-content\/uploads\/2015\/06\/DSC01485-1-768x576.jpg 768w, https:\/\/cyclotourer.de\/wp-content\/uploads\/2015\/06\/DSC01485-1.jpg 1024w\" sizes=\"auto, (max-width: 300px) 100vw, 300px\" \/><\/p>\n<p style=\"text-align: justify;\">An diesem hei\u00dfen Tag waren die Trinkflaschen nat\u00fcrlich schnell wieder gelehrt und ich freute mich in dem kleinem \u00d6rtchen Lehner umso mehr, dass ich an einem Brunnen mit k\u00fchlem Bergwasser vorbei kam.<\/p>\n<p><img loading=\"lazy\" decoding=\"async\" class=\"size-medium wp-image-2202 alignleft\" src=\"http:\/\/cyclotourers.de\/wp-content\/uploads\/2015\/06\/IMG_3374-300x224.jpg\" alt=\"\" width=\"300\" height=\"224\" srcset=\"https:\/\/cyclotourer.de\/wp-content\/uploads\/2015\/06\/IMG_3374-300x224.jpg 300w, https:\/\/cyclotourer.de\/wp-content\/uploads\/2015\/06\/IMG_3374-768x574.jpg 768w, https:\/\/cyclotourer.de\/wp-content\/uploads\/2015\/06\/IMG_3374.jpg 1024w\" sizes=\"auto, (max-width: 300px) 100vw, 300px\" \/><\/p>\n<p style=\"text-align: justify;\">Ich f\u00fcllte meine Trinkflaschen. In einer l\u00f6ste wie gehabt eine Brausetablette, um meinem K\u00f6rper die n\u00f6tigen Elektrolyte zur\u00fcckzugeben, und die andere mit reinem Quellwasser. Ich erfrischte mich selbst und legte nochmal Sonnenmilch nach. Nicht, dass die Tour wegen einem Sonnenbrand scheitern sollte.<\/p>\n<p><img loading=\"lazy\" decoding=\"async\" class=\"size-medium wp-image-2203 alignleft\" src=\"http:\/\/cyclotourers.de\/wp-content\/uploads\/2015\/06\/IMG_3375-224x300.jpg\" alt=\"\" width=\"224\" height=\"300\" srcset=\"https:\/\/cyclotourer.de\/wp-content\/uploads\/2015\/06\/IMG_3375-224x300.jpg 224w, https:\/\/cyclotourer.de\/wp-content\/uploads\/2015\/06\/IMG_3375.jpg 765w\" sizes=\"auto, (max-width: 224px) 100vw, 224px\" \/><\/p>\n<p style=\"text-align: justify;\">Nun kam ich durch ein gr\u00f6\u00dferes Dorf namens Weidach. Jetzt folgte nochmal ein kleiner Anstieg und ich w\u00fcrde mein gesetztes Tagesziel Seefeld erreichen. Oder sollte es f\u00fcr diesen Tag schon genug sein?<\/p>\n<p><img loading=\"lazy\" decoding=\"async\" class=\"size-medium wp-image-2235 alignright\" src=\"http:\/\/cyclotourers.de\/wp-content\/uploads\/2015\/06\/IMG_3376-1-224x300.jpg\" alt=\"\" width=\"224\" height=\"300\" srcset=\"https:\/\/cyclotourer.de\/wp-content\/uploads\/2015\/06\/IMG_3376-1-224x300.jpg 224w, https:\/\/cyclotourer.de\/wp-content\/uploads\/2015\/06\/IMG_3376-1.jpg 765w\" sizes=\"auto, (max-width: 224px) 100vw, 224px\" \/><\/p>\n<p style=\"text-align: justify;\">Laut Andreas Albrecht h\u00e4tte ich in Seefeld keine Probleme gehabt eine g\u00fcnstige Unterkunft zu finden. Ich wollte mich jedoch noch nicht zufrieden geben und meine Tour noch nicht beenden. Ich war zu neugierig auf das, was noch kam und es war meiner Meinung nach noch zu fr\u00fch, um den Tag zu beenden. Ich warf noch einmal ein Blick zur\u00fcck auf die Gipfel des Wettersteingebirges.<\/p>\n<p style=\"text-align: justify;\"><img loading=\"lazy\" decoding=\"async\" class=\"size-medium wp-image-2236 alignleft\" src=\"http:\/\/cyclotourers.de\/wp-content\/uploads\/2015\/06\/IMG_3377-1-300x224.jpg\" alt=\"\" width=\"300\" height=\"224\" srcset=\"https:\/\/cyclotourer.de\/wp-content\/uploads\/2015\/06\/IMG_3377-1-300x224.jpg 300w, https:\/\/cyclotourer.de\/wp-content\/uploads\/2015\/06\/IMG_3377-1-768x574.jpg 768w, https:\/\/cyclotourer.de\/wp-content\/uploads\/2015\/06\/IMG_3377-1.jpg 1024w\" sizes=\"auto, (max-width: 300px) 100vw, 300px\" \/><\/p>\n<p style=\"text-align: justify;\">Vorbei an den Seefelder Skisprungschanzen setzte ich meine Tour fort. Ich war gespannt, was ich heute noch schaffen w\u00fcrde. Nach ein paar lockeren Kilometern kam noch eine kleine Steigung hoch nach M\u00f6sern. Nun hatte man schon den Blick ins Inntal.<\/p>\n<p><img loading=\"lazy\" decoding=\"async\" class=\"size-medium wp-image-2237 alignright\" src=\"http:\/\/cyclotourers.de\/wp-content\/uploads\/2015\/06\/DSC01493-300x225.jpg\" alt=\"\" width=\"300\" height=\"225\" srcset=\"https:\/\/cyclotourer.de\/wp-content\/uploads\/2015\/06\/DSC01493-300x225.jpg 300w, https:\/\/cyclotourer.de\/wp-content\/uploads\/2015\/06\/DSC01493-768x576.jpg 768w, https:\/\/cyclotourer.de\/wp-content\/uploads\/2015\/06\/DSC01493.jpg 1024w\" sizes=\"auto, (max-width: 300px) 100vw, 300px\" \/><\/p>\n<p style=\"text-align: justify;\">Es ging nun rasant dem M\u00f6serer Berg hinunter. Auf den l\u00e4ngeren Geraden zwischen den Kurven bekam ich nur durch das Rollen bis zu 70km\/h drauf. Hier darf es an Vertrauen zu seinem Bike und Material nicht fehlen. Undenkbar, wenn hier die Bremsen oder das Carbon versagen w\u00fcrde. Aber ich f\u00fchlte mich wie gewohnt schon den ganzen Tag wohl auf meinem Focus Mares AX 2.0.<\/p>\n<p style=\"text-align: justify;\"><img loading=\"lazy\" decoding=\"async\" class=\"size-medium wp-image-2238 alignleft\" src=\"http:\/\/cyclotourers.de\/wp-content\/uploads\/2015\/06\/IMG_3379-2-300x224.jpg\" alt=\"\" width=\"300\" height=\"224\" srcset=\"https:\/\/cyclotourer.de\/wp-content\/uploads\/2015\/06\/IMG_3379-2-300x224.jpg 300w, https:\/\/cyclotourer.de\/wp-content\/uploads\/2015\/06\/IMG_3379-2-768x574.jpg 768w, https:\/\/cyclotourer.de\/wp-content\/uploads\/2015\/06\/IMG_3379-2.jpg 1024w\" sizes=\"auto, (max-width: 300px) 100vw, 300px\" \/>Lediglich der Rucksack machte sich nach den 145km bemerkbar. Klar, am ersten Tag gew\u00f6hnt man sich nicht komplett an die ungewohnte Belastung. Aber es war ja nicht so, dass der Rucksack jetzt zu einem unertr\u00e4glichen Leiden wurde.<\/p>\n<p style=\"text-align: justify;\">Ich schaute noch mal zur\u00fcck den M\u00f6serer Berg rauf. Die Abfahrten sind auch nicht unbedingt die Entspannung pur. Bei diesen Geschwindigkeiten muss man schon die Stra\u00dfe genau im Blick behalten. Das Gute war, dass die Stra\u00dfe in einem guten Zustand ist. Wenn man noch im Zickzackkurs Schlagl\u00f6cher ausweichen m\u00fcsste, w\u00e4re es weitaus anstrengender.<\/p>\n<p style=\"text-align: justify;\"><img loading=\"lazy\" decoding=\"async\" class=\"size-medium wp-image-2239 alignright\" src=\"http:\/\/cyclotourers.de\/wp-content\/uploads\/2015\/06\/IMG_3380-1-300x224.jpg\" alt=\"\" width=\"300\" height=\"224\" srcset=\"https:\/\/cyclotourer.de\/wp-content\/uploads\/2015\/06\/IMG_3380-1-300x224.jpg 300w, https:\/\/cyclotourer.de\/wp-content\/uploads\/2015\/06\/IMG_3380-1-768x574.jpg 768w, https:\/\/cyclotourer.de\/wp-content\/uploads\/2015\/06\/IMG_3380-1.jpg 1024w\" sizes=\"auto, (max-width: 300px) 100vw, 300px\" \/>Ich wechselte in Telfs die Uferseite des Inns. Nun ging es wieder flacher \u00fcber den Innradweg weiter. Laut Andreas Albrecht\u00b4s Beschreibung sollte ich den Inntalradweg jetzt bis fast nach Imst folgen. Doch ich merkte, dass mich die strahlende Sonne mit der Hitze, noch dazu die gefahrenen Kilometer mit den H\u00f6henmetern, ausgelaugt hatten. Au\u00dferdem gingen meine Wasservorr\u00e4te langsam zu neige.<\/p>\n<p style=\"text-align: justify;\">So beschloss ich nach weiteren 15km meinen Tag zu beenden. Ich traf wieder einen \u00e4lteren Herren, der auf einer Bank am Radweg verweilte. Ich fragte ihn nach eine Unterkunft. Er sagte, ich solle in den n\u00e4chsten Ort Stams fahren, da w\u00fcrde ich schon etwas Passendes finden.<\/p>\n<p style=\"text-align: justify;\">Er erz\u00e4hlte noch von seiner Radvergangenheit und dass er ja auch schon mit dem Rad bis an den Gardasee gefahren sei. Nun hielt er ein Asthma-Spray hoch und sagte lachend: \u201eDie Luft will jetzt nicht mehr, deshalb hab ich mir Unterst\u00fctzung geholt, um nicht ganz zu rosten.\u201c Dabei zeigte er auf den gro\u00dfen Akku auf seinem E-Montainbike.<\/p>\n<p style=\"text-align: justify;\">Wie empfohlen radelte ich nach Stams. In der N\u00e4he von der Skisprungschanze befand sich ein Campingplatz. Ein Zelt hatte ich ja nicht dabei, aber da sich auf den Wegweisern ein Bett befand, wollte ich mein Gl\u00fcck versuchen.<\/p>\n<p style=\"text-align: justify;\"><img loading=\"lazy\" decoding=\"async\" class=\"size-medium wp-image-2240 alignleft\" src=\"http:\/\/cyclotourers.de\/wp-content\/uploads\/2015\/06\/DSC01496-300x225.jpg\" alt=\"\" width=\"300\" height=\"225\" srcset=\"https:\/\/cyclotourer.de\/wp-content\/uploads\/2015\/06\/DSC01496-300x225.jpg 300w, https:\/\/cyclotourer.de\/wp-content\/uploads\/2015\/06\/DSC01496-768x576.jpg 768w, https:\/\/cyclotourer.de\/wp-content\/uploads\/2015\/06\/DSC01496.jpg 1024w\" sizes=\"auto, (max-width: 300px) 100vw, 300px\" \/>Dies Entwickelte sich auch als Gl\u00fccksgriff. Die Tochter des Betreibers vom Campingplatz bewirtete das <a href=\"http:\/\/www.gaestehaus-possard.de\" target=\"_blank\" rel=\"noopener noreferrer\">G\u00e4stehaus Possard<\/a>. Da alles neu und dazu noch g\u00fcnstig war, konnte mir gar nichts Besseres passieren.<\/p>\n<p style=\"text-align: justify;\">Dazu hatte ich noch einen hervorragenden Ausblick auf das Hochplattig, welches immerhin auch eine H\u00f6he 2768\u00a0m.\u00fc.A hat, und damit der h\u00f6chste Gipfel der\u00a0Mieminger Kette ist.<\/p>\n<p style=\"text-align: justify;\">Ohnehin hatte mich der ganze Tag schon fasziniert. Ich hatte ja schon des \u00d6fteren erw\u00e4hnt, dass das meine erste Alpine Erfahrung sein w\u00fcrde. Dass ich gerade auch im s\u00fcdlichen Bayern durch kleine D\u00f6rfer kommen sollte die aussehen, als w\u00e4ren sie mit ihrem urigem Flair aus einem Bilderbuch.<\/p>\n<p style=\"text-align: justify;\">Dazu bin ich trotz der \u00dcberquerung des Karvendels 25km \u00fcber mein eigentliches Ziel Seefeld hinaus gefahren. Ein wertvoller Vorsprung. Ob ich ihn halten konnte?<img loading=\"lazy\" decoding=\"async\" class=\"size-medium wp-image-2241 alignright\" src=\"http:\/\/cyclotourers.de\/wp-content\/uploads\/2015\/06\/IMG_3388-1-300x224.jpg\" alt=\"\" width=\"300\" height=\"224\" srcset=\"https:\/\/cyclotourer.de\/wp-content\/uploads\/2015\/06\/IMG_3388-1-300x224.jpg 300w, https:\/\/cyclotourer.de\/wp-content\/uploads\/2015\/06\/IMG_3388-1-768x574.jpg 768w, https:\/\/cyclotourer.de\/wp-content\/uploads\/2015\/06\/IMG_3388-1.jpg 1024w\" sizes=\"auto, (max-width: 300px) 100vw, 300px\" \/><\/p>\n<p style=\"text-align: justify;\">Fakt ist: an diesem Tag waren die H\u00f6henmeter nur eine Vorahnung, was noch kommen sollte.<\/p>\n<p style=\"text-align: justify;\">Der Umwerfer an meiner Schaltung warf ab und zu die Kette \u00fcber das gro\u00dfe Kettenblatt. Eigentlich war die elektronische Schaltung von Shimano optimal eingestellt. Vielleicht lag es einfach an der Hitze. Ich wollte es am n\u00e4chsten Tag nochmal beobachten. Da ich den Umwerfer nicht elektronisch nachjustieren konnte, musste ich vielleicht nur die Anschlagschrauben nachstellen. Aber ich wollte das noch mal am n\u00e4chsten Tag beobachten. Vielleicht war ich auch einfach zu ersch\u00f6pft um mich damit zu besch\u00e4ftigen.<strong>\u00a0 <img loading=\"lazy\" decoding=\"async\" class=\"size-medium wp-image-2320 alignright\" src=\"http:\/\/cyclotourers.de\/wp-content\/uploads\/2015\/06\/transalp_shuttle_logodesign_horizontal_by_zalanvoros_130509-300x69.png\" alt=\"\" width=\"300\" height=\"69\" srcset=\"https:\/\/cyclotourer.de\/wp-content\/uploads\/2015\/06\/transalp_shuttle_logodesign_horizontal_by_zalanvoros_130509-300x69.png 300w, https:\/\/cyclotourer.de\/wp-content\/uploads\/2015\/06\/transalp_shuttle_logodesign_horizontal_by_zalanvoros_130509-768x177.png 768w, https:\/\/cyclotourer.de\/wp-content\/uploads\/2015\/06\/transalp_shuttle_logodesign_horizontal_by_zalanvoros_130509-1024x236.png 1024w\" sizes=\"auto, (max-width: 300px) 100vw, 300px\" \/><\/strong><\/p>\n<p style=\"text-align: justify;\"><img loading=\"lazy\" decoding=\"async\" class=\" wp-image-2469 alignright\" src=\"http:\/\/cyclotourers.de\/wp-content\/uploads\/2015\/06\/1.1-300x142.png\" alt=\"\" width=\"486\" height=\"230\" srcset=\"https:\/\/cyclotourer.de\/wp-content\/uploads\/2015\/06\/1.1-300x142.png 300w, https:\/\/cyclotourer.de\/wp-content\/uploads\/2015\/06\/1.1.png 495w\" sizes=\"auto, (max-width: 486px) 100vw, 486px\" \/><\/p>\n<p style=\"text-align: justify;\"><strong>Daten:\u00a0<\/strong><\/p>\n<p style=\"text-align: justify;\">Distanz:\u00a0\u00a0\u00a0\u00a0\u00a0\u00a0\u00a0\u00a0\u00a0\u00a0\u00a0\u00a0\u00a0\u00a0 156,19<\/p>\n<p style=\"text-align: justify;\">Zeit: \u00a0\u00a0\u00a0\u00a0\u00a0\u00a0\u00a0\u00a0\u00a0\u00a0\u00a0\u00a0\u00a0\u00a0\u00a0\u00a0\u00a0\u00a0\u00a0\u00a0 7:26h<\/p>\n<p style=\"text-align: justify;\">H\u00f6henmeter \u00a0\u00a0\u00a0 + 1958<\/p>\n<p style=\"text-align: justify;\">H\u00f6henmeter \u00a0\u00a0\u00a0 &#8211; 1774<\/p>\n<p style=\"text-align: justify;\">Steig. Max. 10%<img loading=\"lazy\" decoding=\"async\" class=\" wp-image-2472 alignright\" src=\"http:\/\/cyclotourers.de\/wp-content\/uploads\/2015\/06\/1.2-300x279.png\" alt=\"\" width=\"429\" height=\"399\" srcset=\"https:\/\/cyclotourer.de\/wp-content\/uploads\/2015\/06\/1.2-300x279.png 300w, https:\/\/cyclotourer.de\/wp-content\/uploads\/2015\/06\/1.2.png 605w\" sizes=\"auto, (max-width: 429px) 100vw, 429px\" \/><\/p>\n<p style=\"text-align: justify;\">Steig Durchschn. 5 %<\/p>\n<p style=\"text-align: justify;\">Tempo max: \u00a0\u00a0\u00a0\u00a0 74,29 km\/h<\/p>\n<p style=\"text-align: justify;\">Tempo Durchschn.20,96 km\/h<\/p>\n<p style=\"text-align: justify;\">Temperatur\u00a0\u00a0\u00a0\u00a0\u00a0\u00a0 bis 32\u00b0C<\/p>\n<h4><\/h4>\n<h4><\/h4>\n<h4><\/h4>\n<h4><\/h4>\n<h4><\/h4>\n<h4 style=\"text-align: justify;\"><strong>Besuch bei Transalp-Shuttle<\/strong><\/h4>\n<p style=\"text-align: justify;\">Die erste Tourennacht war gut \u00fcberstanden. Ich hatte geschlafen wie ein Baby. Obwohl ich noch die Fahrradsocken trocken f\u00f6hnen musste, sa\u00df ich p\u00fcnktlich um 7:30Uhr am Fr\u00fchst\u00fcckstisch. Die restlichen Trikotteile waren nach dem Handtuchtrick, indem man die Trikotteile in einem Handtuch einrollt und das Wasser auswringt, am Morgen getrocknet.<\/p>\n<p style=\"text-align: justify;\">Mit im Fr\u00fchst\u00fccksraum sa\u00df ein \u00e4lteres P\u00e4rchen. Sie waren mit ihren Fahrr\u00e4dern am Inntalradweg unterwegs und hatten ebenfalls die Nacht in dem G\u00e4stehaus verbracht. Scheinbar hatten sie keine Lust auf gro\u00dfe Gespr\u00e4che und unterhielten sich leise.<\/p>\n<p style=\"text-align: justify;\">Wir w\u00fcnschten uns lediglich eine gute Fahrt und verabschiedeten uns kurz und knapp. Der Abschied von der Eignerin Manuela war da schon wesentlich freundlicher.<img loading=\"lazy\" decoding=\"async\" class=\"size-medium wp-image-2244 alignright\" src=\"http:\/\/cyclotourers.de\/wp-content\/uploads\/2015\/06\/DSC01499-300x225.jpg\" alt=\"\" width=\"300\" height=\"225\" srcset=\"https:\/\/cyclotourer.de\/wp-content\/uploads\/2015\/06\/DSC01499-300x225.jpg 300w, https:\/\/cyclotourer.de\/wp-content\/uploads\/2015\/06\/DSC01499-768x576.jpg 768w, https:\/\/cyclotourer.de\/wp-content\/uploads\/2015\/06\/DSC01499.jpg 1024w\" sizes=\"auto, (max-width: 300px) 100vw, 300px\" \/><\/p>\n<p style=\"text-align: justify;\">Ich rollte den kleinen Berg wieder hinab auf den Inntalradweg und schaute noch einmal zur\u00fcck auf das kleine D\u00f6rfchen mit dem schmucken Kloster \u201cStift Stams\u201c<\/p>\n<p style=\"text-align: justify;\">Mein erstes Ziel auf meiner zweiten Tagesetappe sollte das \u00d6rtchen Harming sein. Es war zwar unsicher, ob ich jemand erreichte, aber ich wollte mein Gl\u00fcck versuchen, mich wenigstens pers\u00f6nlich bei Steffi und Bernd f\u00fcr das zur Verf\u00fcgung gestellte Navi bedanken.<\/p>\n<p style=\"text-align: justify;\">Sie f\u00fchren die Firma www.Transalp-Shuttle.com und haben sich auf den Verleih von Navigationsger\u00e4ten f\u00fcr den Outdoor-Bereich spezialisiert. F\u00fcr wenig Geld bekommt man speziell f\u00fcr seine Bed\u00fcrfnisse und seine Wunschroute auf das Navigationsger\u00e4t gezogen und das ganze Ger\u00e4t p\u00fcnktlich vor der geplanten Tour zugeschickt. Au\u00dferdem kann man sich seine Fahrzeuge \/ Gep\u00e4ck an sein Wunschziel \u00fcberf\u00fchren lassen. Rund um kann ich sagen, dass ein zuverl\u00e4ssiger und gro\u00dfartiger Service geboten wird.<\/p>\n<p><img loading=\"lazy\" decoding=\"async\" class=\"size-medium wp-image-2246 alignleft\" src=\"http:\/\/cyclotourers.de\/wp-content\/uploads\/2015\/06\/DSC01500-300x225.jpg\" alt=\"\" width=\"300\" height=\"225\" srcset=\"https:\/\/cyclotourer.de\/wp-content\/uploads\/2015\/06\/DSC01500-300x225.jpg 300w, https:\/\/cyclotourer.de\/wp-content\/uploads\/2015\/06\/DSC01500-768x576.jpg 768w, https:\/\/cyclotourer.de\/wp-content\/uploads\/2015\/06\/DSC01500.jpg 1024w\" sizes=\"auto, (max-width: 300px) 100vw, 300px\" \/><\/p>\n<p><img loading=\"lazy\" decoding=\"async\" class=\"size-medium wp-image-1606 alignright\" src=\"http:\/\/cyclotourers.de\/wp-content\/uploads\/2016\/10\/transalp_shuttle_logodesign_horizontal_by_zalanvoros_130509-300x69.png\" alt=\"\" width=\"300\" height=\"69\" srcset=\"https:\/\/cyclotourer.de\/wp-content\/uploads\/2016\/10\/transalp_shuttle_logodesign_horizontal_by_zalanvoros_130509-300x69.png 300w, https:\/\/cyclotourer.de\/wp-content\/uploads\/2016\/10\/transalp_shuttle_logodesign_horizontal_by_zalanvoros_130509.png 391w\" sizes=\"auto, (max-width: 300px) 100vw, 300px\" \/><\/p>\n<p>Haiming war auf dem flachem Radweg schnell erreicht und die Adresse dank der Markierung im Navi schnell gefunden. Zwei Nachbarskinder sa\u00dfen auf der Bordsteinkante. Ich fragte sie, ob sie wissen w\u00fcrden, wo Steffi und Bernd zuhause w\u00e4ren. Stolz mir den Weg zeigen zu k\u00f6nnen, f\u00fchrten sie mir mich.<\/p>\n<p style=\"text-align: justify;\"><img loading=\"lazy\" decoding=\"async\" class=\"size-medium wp-image-2212 alignright\" src=\"http:\/\/cyclotourers.de\/wp-content\/uploads\/2015\/06\/DSC01502-300x225.jpg\" alt=\"\" width=\"300\" height=\"225\" srcset=\"https:\/\/cyclotourer.de\/wp-content\/uploads\/2015\/06\/DSC01502-300x225.jpg 300w, https:\/\/cyclotourer.de\/wp-content\/uploads\/2015\/06\/DSC01502-768x576.jpg 768w, https:\/\/cyclotourer.de\/wp-content\/uploads\/2015\/06\/DSC01502.jpg 1024w\" sizes=\"auto, (max-width: 300px) 100vw, 300px\" \/>Wie im Vorfeld angek\u00fcndigt, war Bernd f\u00fcr Kunden in den Alpen unterwegs. Aber so konnte ich mich wenigstens pers\u00f6nlich bei Steffi bedanken. Nach einem Kaffee und einem Erinnerungsfoto wollte ich mich aber auch nicht lange aufhalten. Schlie\u00dflich lagen auch noch ein paar Kilometer mit einigen H\u00f6henmeter vor mir.<\/p>\n<p style=\"text-align: justify;\">Ich verlies Haiming, \u00fcberquerte die Inn und folgte dem Inntalradweg, der nun parallel zur Inntalautobahn verlief. Laut rauschte die Inn unterhalb des Radweges.<\/p>\n<p><img loading=\"lazy\" decoding=\"async\" class=\"size-medium wp-image-2215 alignleft\" src=\"http:\/\/cyclotourers.de\/wp-content\/uploads\/2015\/06\/IMG_3391-300x224.jpg\" alt=\"\" width=\"300\" height=\"224\" srcset=\"https:\/\/cyclotourer.de\/wp-content\/uploads\/2015\/06\/IMG_3391-300x224.jpg 300w, https:\/\/cyclotourer.de\/wp-content\/uploads\/2015\/06\/IMG_3391-768x574.jpg 768w, https:\/\/cyclotourer.de\/wp-content\/uploads\/2015\/06\/IMG_3391.jpg 1024w\" sizes=\"auto, (max-width: 300px) 100vw, 300px\" \/><\/p>\n<p style=\"text-align: justify;\">Der Radweg verlief kurvig mit einem leichtem Auf und Ab und an Kuhweiden vorbei. Um die Gatter zu sparen, wurden einfach massive Gitter verbaut. Die Gitter konnte man mit dem Fahrrad befahren oder zu Fu\u00df begehen, aber f\u00fcr die K\u00fche war es eine un\u00fcberwindbare Barriere.<\/p>\n<p><img loading=\"lazy\" decoding=\"async\" class=\"size-medium wp-image-2216 alignright\" src=\"http:\/\/cyclotourers.de\/wp-content\/uploads\/2015\/06\/DSC01508-300x225.jpg\" alt=\"\" width=\"300\" height=\"225\" srcset=\"https:\/\/cyclotourer.de\/wp-content\/uploads\/2015\/06\/DSC01508-300x225.jpg 300w, https:\/\/cyclotourer.de\/wp-content\/uploads\/2015\/06\/DSC01508-768x576.jpg 768w, https:\/\/cyclotourer.de\/wp-content\/uploads\/2015\/06\/DSC01508.jpg 1024w\" sizes=\"auto, (max-width: 300px) 100vw, 300px\" \/><\/p>\n<p style=\"text-align: justify;\">Dieselben Gitter hatten die Farmen in Namibia an den Toren verbaut.<\/p>\n<p style=\"text-align: justify;\">Im kleinen Ort Robben sollte ich zum ersten Mal das erleben, was mir bis jetzt noch bei keiner Tour passierte. Mein Fahrrad lie\u00df sich pl\u00f6tzlich nicht mehr lenken. Da ich gerade eine kurze steile Rampe hinter dem Bahnhof runter fuhr, war es schwierig das Rad zum Stehen zu bringen. Der Reifen war platt! Zum Gl\u00fcck fuhr ich noch nicht auf der Felge, nicht dass ich noch einen gr\u00f6\u00dferen Schaden verursachte.<\/p>\n<p><img loading=\"lazy\" decoding=\"async\" class=\"size-medium wp-image-2218 alignleft\" src=\"http:\/\/cyclotourers.de\/wp-content\/uploads\/2015\/06\/IMG_3392-224x300.jpg\" alt=\"\" width=\"224\" height=\"300\" srcset=\"https:\/\/cyclotourer.de\/wp-content\/uploads\/2015\/06\/IMG_3392-224x300.jpg 224w, https:\/\/cyclotourer.de\/wp-content\/uploads\/2015\/06\/IMG_3392.jpg 765w\" sizes=\"auto, (max-width: 224px) 100vw, 224px\" \/><\/p>\n<p style=\"text-align: justify;\"><img loading=\"lazy\" decoding=\"async\" class=\"size-medium wp-image-2219 alignright\" src=\"http:\/\/cyclotourers.de\/wp-content\/uploads\/2015\/06\/DSC01511-225x300.jpg\" alt=\"\" width=\"225\" height=\"300\" srcset=\"https:\/\/cyclotourer.de\/wp-content\/uploads\/2015\/06\/DSC01511-225x300.jpg 225w, https:\/\/cyclotourer.de\/wp-content\/uploads\/2015\/06\/DSC01511.jpg 768w\" sizes=\"auto, (max-width: 225px) 100vw, 225px\" \/>\u00a0 \u00a0<img loading=\"lazy\" decoding=\"async\" class=\"size-medium wp-image-2221 alignright\" src=\"http:\/\/cyclotourers.de\/wp-content\/uploads\/2015\/06\/DSC01512-300x225.jpg\" alt=\"\" width=\"300\" height=\"225\" srcset=\"https:\/\/cyclotourer.de\/wp-content\/uploads\/2015\/06\/DSC01512-300x225.jpg 300w, https:\/\/cyclotourer.de\/wp-content\/uploads\/2015\/06\/DSC01512-768x576.jpg 768w, https:\/\/cyclotourer.de\/wp-content\/uploads\/2015\/06\/DSC01512.jpg 1024w\" sizes=\"auto, (max-width: 300px) 100vw, 300px\" \/>Ich baute mein Vorderrad aus, hing mein restliches Bike an den Fahrradst\u00e4nder vom Bahnhof und zog die Bereifung von der Felge.<\/p>\n<p style=\"text-align: justify;\">Nach der Ursache musste ich nicht lange suchen, ein sch\u00f6ner langer Stachel von einem Schwarzdorn, oder auch Schlehendorn genannt, hatte sich durch den Reifen in den Schlauch gebohrt. Gegen diese D\u00f6rner hat nun mal der beste Pannenschutz keine Chance.<\/p>\n<p style=\"text-align: justify;\"><img loading=\"lazy\" decoding=\"async\" class=\"size-medium wp-image-2222 alignleft\" src=\"http:\/\/cyclotourers.de\/wp-content\/uploads\/2015\/06\/IMG_3393-1-224x300.jpg\" alt=\"\" width=\"224\" height=\"300\" srcset=\"https:\/\/cyclotourer.de\/wp-content\/uploads\/2015\/06\/IMG_3393-1-224x300.jpg 224w, https:\/\/cyclotourer.de\/wp-content\/uploads\/2015\/06\/IMG_3393-1.jpg 765w\" sizes=\"auto, (max-width: 224px) 100vw, 224px\" \/>Anstatt nur den Schlauch zu wechseln, entschied ich mich den defekten Schlauch gleich zu flicken. Das geschah auch schnell, nur das Problem war den Dorn aus dem Reifen zu bekommen. Ich hatte eine kleine Zange dabei, aber diese hatte auch nicht viel genutzt. Denn der Dorn zerbr\u00f6selte und der dickere Teil blieb im Reifen stecken. Jetzt hatte ich nichts um den Rest aus herauszubekommen. Die Gefahr war gro\u00df, wenn ich das Rad so wieder zusammenbaute, nach kurzer Zeit den n\u00e4chsten Durchstich zu haben.<\/p>\n<p style=\"text-align: justify;\">Da ein Anwohner sein Auto auslud und immer mal zu mir r\u00fcber schaute, fragte ich ihn, ob er zuf\u00e4llig etwas Spitzes dabei h\u00e4tte einen kleinen Nagel oder dergleichen. Kurz drauf brachte er eine gro\u00dfe Pinzette. Ich dr\u00fcckte mit meinem kleinsten Inbusschl\u00fcssel vom Multitool auf den Einstich vom Dorn und konnte so den Rest etwas aus dem Reifen dr\u00fccken. Mit seiner Pinzette bekam mein Helfer den Dorn zu fassen und konnte ihn restlos entfernen.<\/p>\n<p style=\"text-align: justify;\">Ich bedankte mich herzlich f\u00fcr die Hilfe, montierte wieder mein Rad, \u00f6lte bei dieser Gelegenheit meine Kette nach, und machte mich wieder auf den Weg.<\/p>\n<p style=\"text-align: justify;\">Beim widerholten \u00fcberqueren der Inn kam das Boot im Wildwasser auf mich zu. Ich blieb auf der Br\u00fccke stehen und schaute dem Treiben zu, bis sie immer n\u00e4her waren. Als sie mich auf der Br\u00fccke stehen sahen, winkten und johlten sie mir laut und gut gelaunt zu. Ich winkte zur\u00fcck und w\u00fcnschte ihnen viel Spa\u00df.<img loading=\"lazy\" decoding=\"async\" class=\"size-medium wp-image-2223 alignright\" src=\"http:\/\/cyclotourers.de\/wp-content\/uploads\/2015\/06\/DSC01515-300x225.jpg\" alt=\"\" width=\"300\" height=\"225\" srcset=\"https:\/\/cyclotourer.de\/wp-content\/uploads\/2015\/06\/DSC01515-300x225.jpg 300w, https:\/\/cyclotourer.de\/wp-content\/uploads\/2015\/06\/DSC01515-768x576.jpg 768w, https:\/\/cyclotourer.de\/wp-content\/uploads\/2015\/06\/DSC01515.jpg 1024w\" sizes=\"auto, (max-width: 300px) 100vw, 300px\" \/><\/p>\n<p style=\"text-align: justify;\">\u00a0Der platten \u00e4rgerte mich. Es ist ja nichts au\u00dfergew\u00f6hnliches mal einen Reifen platt zu fahren, aber es dr\u00fcckte meine mentale Stimmung.<\/p>\n<p style=\"text-align: justify;\">Ich setzte meine Fahrt fort und erreichte nach etwa 25km Imst. Aber nun kam mir die eine Stunde vor, wie eine Ewigkeit.<\/p>\n<p style=\"text-align: justify;\"><img loading=\"lazy\" decoding=\"async\" class=\"size-medium wp-image-2249 alignleft\" src=\"http:\/\/cyclotourers.de\/wp-content\/uploads\/2015\/06\/DSC01516-300x225.jpg\" alt=\"\" width=\"300\" height=\"225\" srcset=\"https:\/\/cyclotourer.de\/wp-content\/uploads\/2015\/06\/DSC01516-300x225.jpg 300w, https:\/\/cyclotourer.de\/wp-content\/uploads\/2015\/06\/DSC01516-768x576.jpg 768w, https:\/\/cyclotourer.de\/wp-content\/uploads\/2015\/06\/DSC01516.jpg 1024w\" sizes=\"auto, (max-width: 300px) 100vw, 300px\" \/>Am Bahnhof von Imst \/ Pitztal musste ich den Inntalradweg verlassen und bog ins Pitzrtal in Richtung Arzl ab. Die Strecke verlief zun\u00e4chst auf der alten Landstra\u00dfe und stie\u00df in Arzl auf die neue Stra\u00dfe. Nun zog die Strecke ganz sch\u00f6n an. Irgendwie lief es nicht so rund an diesem Morgen. Was ein dummer Plattfu\u00df einen doch den Tag vermiesen kann.<\/p>\n<p><img loading=\"lazy\" decoding=\"async\" class=\"size-medium wp-image-2250 alignright\" src=\"http:\/\/cyclotourers.de\/wp-content\/uploads\/2015\/06\/DSC01518-225x300.jpg\" alt=\"\" width=\"225\" height=\"300\" srcset=\"https:\/\/cyclotourer.de\/wp-content\/uploads\/2015\/06\/DSC01518-225x300.jpg 225w, https:\/\/cyclotourer.de\/wp-content\/uploads\/2015\/06\/DSC01518.jpg 768w\" sizes=\"auto, (max-width: 225px) 100vw, 225px\" \/><\/p>\n<p style=\"text-align: justify;\">Umso mehr freute ich mich \u00fcber drei Rennradler, die mich an der Steigung nach Wenns \u00fcberholten. Ich klemmte mich dahinter.<\/p>\n<p style=\"text-align: justify;\">Das war jetzt das Beste was mir passieren konnte. Erst lie\u00df ich mich von dem M\u00e4del ein St\u00fcck mitziehen. Als sie aber immer mehr an Tempo verlor, setzte ich mich vor sie und zog sie ein ganzes St\u00fcck mit.<\/p>\n<p style=\"text-align: justify;\">Der Verkehr lies nicht zu, dass man nebeneinander fahren konnte. So kam auch kein Gespr\u00e4ch zustande. Aber ich denke an dieser Auffahrt verstand man sich wortlos und jeder war froh, ein St\u00fcck mitgezogen worden zu sein.<\/p>\n<p><img loading=\"lazy\" decoding=\"async\" class=\"size-medium wp-image-2251 alignleft\" src=\"http:\/\/cyclotourers.de\/wp-content\/uploads\/2015\/06\/IMG_3395-300x224.jpg\" alt=\"\" width=\"300\" height=\"224\" srcset=\"https:\/\/cyclotourer.de\/wp-content\/uploads\/2015\/06\/IMG_3395-300x224.jpg 300w, https:\/\/cyclotourer.de\/wp-content\/uploads\/2015\/06\/IMG_3395-768x574.jpg 768w, https:\/\/cyclotourer.de\/wp-content\/uploads\/2015\/06\/IMG_3395.jpg 1024w\" sizes=\"auto, (max-width: 300px) 100vw, 300px\" \/><\/p>\n<p><img loading=\"lazy\" decoding=\"async\" class=\"size-medium wp-image-2077 alignright\" src=\"http:\/\/cyclotourers.de\/wp-content\/uploads\/2013\/09\/Aufzeichnen-300x83.jpg\" alt=\"\" width=\"300\" height=\"83\" srcset=\"https:\/\/cyclotourer.de\/wp-content\/uploads\/2013\/09\/Aufzeichnen-300x83.jpg 300w, https:\/\/cyclotourer.de\/wp-content\/uploads\/2013\/09\/Aufzeichnen.jpg 413w\" sizes=\"auto, (max-width: 300px) 100vw, 300px\" \/><\/p>\n<p style=\"text-align: justify;\">Immer h\u00f6her zog sich die Stra\u00dfe in Richtung Piller. Die Temperatur stieg an diesem Tag auch wieder auf \u00fcber drei\u00dfig Grad. \u00dcber dem Asphalt war es mit Sicherheit noch hei\u00dfer.<\/p>\n<p><img loading=\"lazy\" decoding=\"async\" class=\"size-medium wp-image-2252 alignright\" src=\"http:\/\/cyclotourers.de\/wp-content\/uploads\/2015\/06\/DSC01521-300x225.jpg\" alt=\"\" width=\"300\" height=\"225\" srcset=\"https:\/\/cyclotourer.de\/wp-content\/uploads\/2015\/06\/DSC01521-300x225.jpg 300w, https:\/\/cyclotourer.de\/wp-content\/uploads\/2015\/06\/DSC01521-768x576.jpg 768w, https:\/\/cyclotourer.de\/wp-content\/uploads\/2015\/06\/DSC01521.jpg 1024w\" sizes=\"auto, (max-width: 300px) 100vw, 300px\" \/><\/p>\n<p style=\"text-align: justify;\">Auch hier lief die Heuernte auf Hochtouren. Ich plagte mich freiwillig an den Steigungen, aber die Bauern mussten bei der Hitze raus auf die Felder. Ob sie wollten oder nicht. Jetzt war das Wetter sch\u00f6n und jede Minute z\u00e4hlte, um das Gras zu trocknen und vor dem n\u00e4chsten Regen auf die Heub\u00f6den zu bekommen. Was mir schon seit dem ersten Tag aufgefallen war, ist, dass hier wirklich die Wiesen bis auf den letzten Grashalm abgerecht werden. Hier blieben absolut keine Reste liegen.<\/p>\n<p style=\"text-align: justify;\">Eigentlich ist es manchmal kaum zu glauben dass man sich seinen Urlaub spart, um sich an seinen freien Tagen irgendwelche P\u00e4sse hoch zu qu\u00e4len.<\/p>\n<p><img loading=\"lazy\" decoding=\"async\" class=\"size-medium wp-image-2253 alignleft\" src=\"http:\/\/cyclotourers.de\/wp-content\/uploads\/2015\/06\/DSC01522-300x225.jpg\" alt=\"\" width=\"300\" height=\"225\" srcset=\"https:\/\/cyclotourer.de\/wp-content\/uploads\/2015\/06\/DSC01522-300x225.jpg 300w, https:\/\/cyclotourer.de\/wp-content\/uploads\/2015\/06\/DSC01522-768x576.jpg 768w, https:\/\/cyclotourer.de\/wp-content\/uploads\/2015\/06\/DSC01522.jpg 1024w\" sizes=\"auto, (max-width: 300px) 100vw, 300px\" \/><\/p>\n<p style=\"text-align: justify;\">Die Stra\u00dfe zog weiter an bis zum Gacher Blick. So langsam konnte mich die Landschaft wieder aufbauen.<\/p>\n<p style=\"text-align: justify;\">Das Gep\u00e4ck machte sich bemerkbar. Kurz vor dem Start \u00fcberlegte ich noch, ob ich die Kassette wechsle. Ich entschied mich f\u00fcr die original Kassette mit dem gr\u00f6\u00dften Ritzel mit 27 Z\u00e4hnen drauf zu lassen. Ein 30er Ritzel h\u00e4tte mir jetzt bestimmt gut getan.<\/p>\n<p><img loading=\"lazy\" decoding=\"async\" class=\"size-medium wp-image-2255 alignright\" src=\"http:\/\/cyclotourers.de\/wp-content\/uploads\/2015\/06\/DSC01523-300x225.jpg\" alt=\"\" width=\"300\" height=\"225\" srcset=\"https:\/\/cyclotourer.de\/wp-content\/uploads\/2015\/06\/DSC01523-300x225.jpg 300w, https:\/\/cyclotourer.de\/wp-content\/uploads\/2015\/06\/DSC01523-768x576.jpg 768w, https:\/\/cyclotourer.de\/wp-content\/uploads\/2015\/06\/DSC01523.jpg 1024w\" sizes=\"auto, (max-width: 300px) 100vw, 300px\" \/><\/p>\n<p style=\"text-align: justify;\">Vom Gacher Blick hatte man einen atemberaubenden Ausblick ins Inntal.<\/p>\n<p><img loading=\"lazy\" decoding=\"async\" class=\"size-medium wp-image-2256 alignleft\" src=\"http:\/\/cyclotourers.de\/wp-content\/uploads\/2015\/06\/IMG_3400-224x300.jpg\" alt=\"\" width=\"224\" height=\"300\" srcset=\"https:\/\/cyclotourer.de\/wp-content\/uploads\/2015\/06\/IMG_3400-224x300.jpg 224w, https:\/\/cyclotourer.de\/wp-content\/uploads\/2015\/06\/IMG_3400.jpg 765w\" sizes=\"auto, (max-width: 224px) 100vw, 224px\" \/><\/p>\n<p style=\"text-align: justify;\">Kaum zu glauben, dass die Inn etwa 700 Meter tiefer im Tal lag.<\/p>\n<p style=\"text-align: justify;\">Nach jeder noch so langen Steigung kam nat\u00fcrlich auch die n\u00e4chste Abfahrt. Steil f\u00fchrte die Stra\u00dfe hinab ins Kaunertal. Ich passierte die Orte Kauns und Faggen.<\/p>\n<p><img loading=\"lazy\" decoding=\"async\" class=\"size-medium wp-image-2257 alignright\" src=\"http:\/\/cyclotourers.de\/wp-content\/uploads\/2015\/06\/IMG_3399-300x224.jpg\" alt=\"\" width=\"300\" height=\"224\" srcset=\"https:\/\/cyclotourer.de\/wp-content\/uploads\/2015\/06\/IMG_3399-300x224.jpg 300w, https:\/\/cyclotourer.de\/wp-content\/uploads\/2015\/06\/IMG_3399-768x574.jpg 768w, https:\/\/cyclotourer.de\/wp-content\/uploads\/2015\/06\/IMG_3399.jpg 1024w\" sizes=\"auto, (max-width: 300px) 100vw, 300px\" \/><\/p>\n<p style=\"text-align: justify;\">In Prutz kam ich gl\u00fccklicherweise wieder an einem Brunnen vorbei. Ich stillte meinen Durst und f\u00fcllte wieder meine Wasserflaschen. Mittlerweile hatte ich mir angew\u00f6hnt wirklich jede Quelle zu nutzen, um wieder meine Flaschen zu f\u00fcllen. Auch wenn ich gerade eine Flasche angebrochen hatte, nur diesmal waren wieder fast beide Flaschen aufgebraucht.<\/p>\n<p style=\"text-align: justify;\">Da sich aber auch der Hunger so langsam in mir breit machte, schaute ich auf meiner Weiterfahrt nach einer Gelegenheit, wo ich meinen K\u00f6rper ein paar Kalorien zur\u00fcck geben konnte.<\/p>\n<p style=\"text-align: justify;\"><img loading=\"lazy\" decoding=\"async\" class=\"size-medium wp-image-2258 alignleft\" src=\"http:\/\/cyclotourers.de\/wp-content\/uploads\/2015\/06\/IMG_3401-224x300.jpg\" alt=\"\" width=\"224\" height=\"300\" srcset=\"https:\/\/cyclotourer.de\/wp-content\/uploads\/2015\/06\/IMG_3401-224x300.jpg 224w, https:\/\/cyclotourer.de\/wp-content\/uploads\/2015\/06\/IMG_3401.jpg 765w\" sizes=\"auto, (max-width: 224px) 100vw, 224px\" \/><img loading=\"lazy\" decoding=\"async\" class=\"size-medium wp-image-2259 alignright\" src=\"http:\/\/cyclotourers.de\/wp-content\/uploads\/2015\/06\/IMG_3402-300x224.jpg\" alt=\"\" width=\"300\" height=\"224\" srcset=\"https:\/\/cyclotourer.de\/wp-content\/uploads\/2015\/06\/IMG_3402-300x224.jpg 300w, https:\/\/cyclotourer.de\/wp-content\/uploads\/2015\/06\/IMG_3402-768x574.jpg 768w, https:\/\/cyclotourer.de\/wp-content\/uploads\/2015\/06\/IMG_3402.jpg 1024w\" sizes=\"auto, (max-width: 300px) 100vw, 300px\" \/>Das Wanderhotel Riederhof warb auf einer Reklametafel mit einem kosteng\u00fcnstigen Mittagsmen\u00fc. Ich nutzte die Gelegenheit und kehrte hier ein. Ich nutzte die Pause, um mit meinem Zusatzakku mein IPhone zu laden. Mein Zusatzakku ist zwar nicht der leichteste, aber\u00a0 daf\u00fcr kann ich mein Smartphone bis zu sieben Mal aufladen.<\/p>\n<p style=\"text-align: justify;\">Gest\u00e4rkt machte ich mich nach einer eigentlich viel zu langen Pause wieder auf meinen Weg.<\/p>\n<p style=\"text-align: justify;\">Das Navi f\u00fchrte mich auch am zweiten Tag zuverl\u00e4ssig. Das eine Mal, wo ich in die falsche Stra\u00dfe abgebogen war, war wirklich meine Schuld.<\/p>\n<p style=\"text-align: justify;\">Der Weg f\u00fchrte wieder leicht h\u00fcgelig durch das Oberinntal. Meist waren die Ortschaften wieder klein und bestanden nur aus wenigen H\u00e4usern und H\u00f6fen.<\/p>\n<p><img loading=\"lazy\" decoding=\"async\" class=\"size-medium wp-image-2260 alignleft\" src=\"http:\/\/cyclotourers.de\/wp-content\/uploads\/2015\/06\/IMG_3403-300x224.jpg\" alt=\"\" width=\"300\" height=\"224\" srcset=\"https:\/\/cyclotourer.de\/wp-content\/uploads\/2015\/06\/IMG_3403-300x224.jpg 300w, https:\/\/cyclotourer.de\/wp-content\/uploads\/2015\/06\/IMG_3403-768x574.jpg 768w, https:\/\/cyclotourer.de\/wp-content\/uploads\/2015\/06\/IMG_3403.jpg 1024w\" sizes=\"auto, (max-width: 300px) 100vw, 300px\" \/><\/p>\n<p style=\"text-align: justify;\">Nach Sch\u00f6negg, Birkach und Pfunds gabelte sich die Strasse. Mich f\u00fchrte der Weg weiter in Richtung St. Moritz. Ich sollte aber nur f\u00fcr kurze Zeit die Grenze zur Schweiz \u00fcberfahren. Mich f\u00fchrte der Weg weiter an der Inn bis Martinsbruck.<\/p>\n<p><img loading=\"lazy\" decoding=\"async\" class=\"size-medium wp-image-2261 alignright\" src=\"http:\/\/cyclotourers.de\/wp-content\/uploads\/2015\/06\/IMG_3404-300x224.jpg\" alt=\"\" width=\"300\" height=\"224\" srcset=\"https:\/\/cyclotourer.de\/wp-content\/uploads\/2015\/06\/IMG_3404-300x224.jpg 300w, https:\/\/cyclotourer.de\/wp-content\/uploads\/2015\/06\/IMG_3404-768x574.jpg 768w, https:\/\/cyclotourer.de\/wp-content\/uploads\/2015\/06\/IMG_3404.jpg 1024w\" sizes=\"auto, (max-width: 300px) 100vw, 300px\" \/><\/p>\n<p style=\"text-align: justify;\">Direkt nach der Zollstation Martina bog die Stra\u00dfe nach links ab und ich \u00fcberquerte wieder die Grenze zur\u00fcck nach \u00d6sterreich. Jetzt warteten die n\u00e4chsten H\u00f6henmeter. Von der direkten Route nach Nauders riet Andreas Albrecht ab. Zu viel Verkehr und viel zu viele Tunnel w\u00fcrden die Tour eher vermiesen.<\/p>\n<p><img loading=\"lazy\" decoding=\"async\" class=\"size-medium wp-image-2263 alignleft\" src=\"http:\/\/cyclotourers.de\/wp-content\/uploads\/2015\/06\/DSC01537-300x225.jpg\" alt=\"\" width=\"300\" height=\"225\" srcset=\"https:\/\/cyclotourer.de\/wp-content\/uploads\/2015\/06\/DSC01537-300x225.jpg 300w, https:\/\/cyclotourer.de\/wp-content\/uploads\/2015\/06\/DSC01537-768x576.jpg 768w, https:\/\/cyclotourer.de\/wp-content\/uploads\/2015\/06\/DSC01537.jpg 1024w\" sizes=\"auto, (max-width: 300px) 100vw, 300px\" \/><\/p>\n<p style=\"text-align: justify;\">Diese Alternativroute war wirklich eine willkommene Abwechslung. Gerade Mal eine Hand voll Autos begegnete ich bei diesem Anstieg zur Norbertsh\u00f6he. An der Zollstation traf ich ein Tourenbiker. Gro\u00dfe Packtaschen hingen links und rechts von seinem Tourenrad. Er war sich nicht sicher, ob wir einfach so die Grenze passieren d\u00fcrften.<\/p>\n<p style=\"text-align: justify;\">Mit seiner Frage an den Zollbeamten, ob er denn etwas vorzeigen m\u00fcsse, fragte der Beamte zur\u00fcck, wo er denn hin wolle. \u201eNorbertsh\u00f6he!\u201c<\/p>\n<p style=\"text-align: justify;\">Der Beamte reagierte etwas unwirsch, da wir uns ja keine 50 Meter in der Schweiz befinden sollten.<\/p>\n<p><img loading=\"lazy\" decoding=\"async\" class=\"size-medium wp-image-2262 alignright\" src=\"http:\/\/cyclotourers.de\/wp-content\/uploads\/2015\/06\/IMG_3405-300x224.jpg\" alt=\"\" width=\"300\" height=\"224\" srcset=\"https:\/\/cyclotourer.de\/wp-content\/uploads\/2015\/06\/IMG_3405-300x224.jpg 300w, https:\/\/cyclotourer.de\/wp-content\/uploads\/2015\/06\/IMG_3405-768x574.jpg 768w, https:\/\/cyclotourer.de\/wp-content\/uploads\/2015\/06\/IMG_3405.jpg 1024w\" sizes=\"auto, (max-width: 300px) 100vw, 300px\" \/> <img loading=\"lazy\" decoding=\"async\" class=\"size-medium wp-image-2264 alignleft\" src=\"http:\/\/cyclotourers.de\/wp-content\/uploads\/2015\/06\/IMG_3406-300x224.jpg\" alt=\"\" width=\"300\" height=\"224\" srcset=\"https:\/\/cyclotourer.de\/wp-content\/uploads\/2015\/06\/IMG_3406-300x224.jpg 300w, https:\/\/cyclotourer.de\/wp-content\/uploads\/2015\/06\/IMG_3406-768x574.jpg 768w, https:\/\/cyclotourer.de\/wp-content\/uploads\/2015\/06\/IMG_3406.jpg 1024w\" sizes=\"auto, (max-width: 300px) 100vw, 300px\" \/><\/p>\n<p style=\"text-align: justify;\">Ich dachte zuerst ich k\u00f6nnte mit dem Tourer die Norbertsh\u00f6he erklimmen. Aber er schaltete bis auf seinen kleinsten Gang zur\u00fcck und kurbelte sich in Schrittgeschwindigkeit in die erste Steigung.<\/p>\n<p><img loading=\"lazy\" decoding=\"async\" class=\"size-medium wp-image-2265 alignleft\" src=\"http:\/\/cyclotourers.de\/wp-content\/uploads\/2015\/06\/DSC01539-300x225.jpg\" alt=\"\" width=\"300\" height=\"225\" srcset=\"https:\/\/cyclotourer.de\/wp-content\/uploads\/2015\/06\/DSC01539-300x225.jpg 300w, https:\/\/cyclotourer.de\/wp-content\/uploads\/2015\/06\/DSC01539-768x576.jpg 768w, https:\/\/cyclotourer.de\/wp-content\/uploads\/2015\/06\/DSC01539.jpg 1024w\" sizes=\"auto, (max-width: 300px) 100vw, 300px\" \/><\/p>\n<p style=\"text-align: justify;\">Ich setzte mich schnell ab. Schade, ein wenig Unterhaltung h\u00e4tte gut getan. An der achten Kehre traf ich eine Gruppe Radwanderer. Ich hielt auch kurz um zu verschnaufen und einen gro\u00dfen Schluck aus meiner Trinkflasche zu nehmen. Einen ganz so gl\u00fccklichen Eindruck machte die Truppe nicht mehr.<\/p>\n<p style=\"text-align: justify;\">Ich hielt mich nicht lange auf. W\u00fcnschte noch ein gutes Gelingen und kletterte weiter den Pass hinauf. Besonders lang war der Anstieg ja nicht, aber ich empfand ihn an diesen Tag als knackig. Die Kehre 4 war erreicht\u2026<\/p>\n<p><img loading=\"lazy\" decoding=\"async\" class=\"size-medium wp-image-2266 alignright\" src=\"http:\/\/cyclotourers.de\/wp-content\/uploads\/2015\/06\/DSC01543-300x225.jpg\" alt=\"\" width=\"300\" height=\"225\" srcset=\"https:\/\/cyclotourer.de\/wp-content\/uploads\/2015\/06\/DSC01543-300x225.jpg 300w, https:\/\/cyclotourer.de\/wp-content\/uploads\/2015\/06\/DSC01543-768x576.jpg 768w, https:\/\/cyclotourer.de\/wp-content\/uploads\/2015\/06\/DSC01543.jpg 1024w\" sizes=\"auto, (max-width: 300px) 100vw, 300px\" \/><\/p>\n<p style=\"text-align: justify;\">In meiner kleinsten \u00dcbersetzung kurbelte ich mich immer h\u00f6her. Mit einer Kompaktkurbel ist das nat\u00fcrlich kein Vergleich zu einer Standard Mountainbike-\u00dcbersetzung. Steigungen bis sieben Prozent waren mit meinem Gep\u00e4ck auch nicht unbedingt ein Problem. Ab acht Prozent wurde es anstrengend.<img loading=\"lazy\" decoding=\"async\" class=\"size-medium wp-image-2267 alignleft\" src=\"http:\/\/cyclotourers.de\/wp-content\/uploads\/2015\/06\/DSC01546-300x225.jpg\" alt=\"\" width=\"300\" height=\"225\" srcset=\"https:\/\/cyclotourer.de\/wp-content\/uploads\/2015\/06\/DSC01546-300x225.jpg 300w, https:\/\/cyclotourer.de\/wp-content\/uploads\/2015\/06\/DSC01546-768x576.jpg 768w, https:\/\/cyclotourer.de\/wp-content\/uploads\/2015\/06\/DSC01546.jpg 1024w\" sizes=\"auto, (max-width: 300px) 100vw, 300px\" \/><\/p>\n<p style=\"text-align: justify;\">Die Norbertsh\u00f6he war erreicht. Mit Erreichen des Schildes, zweimal tief durchatmen und einem Erinnerungsfoto, war der Anstieg gar nicht mehr so schlimm.<\/p>\n<p style=\"text-align: justify;\">Trotzdem lief es immer noch nicht so rund an diesem Tag. Irgendwie kam mir mein Tagesziel noch so unerreichbar fern vor.<\/p>\n<p style=\"text-align: justify;\"><img loading=\"lazy\" decoding=\"async\" class=\"size-medium wp-image-2268 alignright\" src=\"http:\/\/cyclotourers.de\/wp-content\/uploads\/2015\/06\/DSC01547-300x225.jpg\" alt=\"\" width=\"300\" height=\"225\" srcset=\"https:\/\/cyclotourer.de\/wp-content\/uploads\/2015\/06\/DSC01547-300x225.jpg 300w, https:\/\/cyclotourer.de\/wp-content\/uploads\/2015\/06\/DSC01547-768x576.jpg 768w, https:\/\/cyclotourer.de\/wp-content\/uploads\/2015\/06\/DSC01547.jpg 1024w\" sizes=\"auto, (max-width: 300px) 100vw, 300px\" \/>Nach der Norbertsh\u00f6he ging es erst mal wieder gut 100 Meter abw\u00e4rts bis Nauders. Jetzt zog sich wieder die Strecke hinauf auf den Reschenpass.<\/p>\n<p><img loading=\"lazy\" decoding=\"async\" class=\"size-medium wp-image-2269 alignleft\" src=\"http:\/\/cyclotourers.de\/wp-content\/uploads\/2015\/06\/DSC01548-300x225.jpg\" alt=\"\" width=\"300\" height=\"225\" srcset=\"https:\/\/cyclotourer.de\/wp-content\/uploads\/2015\/06\/DSC01548-300x225.jpg 300w, https:\/\/cyclotourer.de\/wp-content\/uploads\/2015\/06\/DSC01548-768x576.jpg 768w, https:\/\/cyclotourer.de\/wp-content\/uploads\/2015\/06\/DSC01548.jpg 1024w\" sizes=\"auto, (max-width: 300px) 100vw, 300px\" \/><\/p>\n<p style=\"text-align: justify;\">An der Imbissstube Daniel legte ich noch einmal eine kleine Pause ein.<\/p>\n<p><img loading=\"lazy\" decoding=\"async\" class=\"size-medium wp-image-2270 alignright\" src=\"http:\/\/cyclotourers.de\/wp-content\/uploads\/2015\/06\/DSC01549-300x225.jpg\" alt=\"\" width=\"300\" height=\"225\" srcset=\"https:\/\/cyclotourer.de\/wp-content\/uploads\/2015\/06\/DSC01549-300x225.jpg 300w, https:\/\/cyclotourer.de\/wp-content\/uploads\/2015\/06\/DSC01549-768x576.jpg 768w, https:\/\/cyclotourer.de\/wp-content\/uploads\/2015\/06\/DSC01549.jpg 1024w\" sizes=\"auto, (max-width: 300px) 100vw, 300px\" \/><\/p>\n<p style=\"text-align: justify;\">Mit dem Reschenpass \u00fcberquerte ich die Grenze von \u00d6sterreich in den Vinschgau \/ S\u00fcdtirol in Italien.<\/p>\n<p style=\"text-align: justify;\">Kurz darauf erreichte ich den Ort Reschen, oder in der Landessprache Resia. Nun kam ich auch an den Reschensee, dessen Wahrzeichen der einzelne Kirchturm von dem versunkenen Ort Alt-Graun.<\/p>\n<p><img loading=\"lazy\" decoding=\"async\" class=\"size-medium wp-image-2271 alignleft\" src=\"http:\/\/cyclotourers.de\/wp-content\/uploads\/2015\/06\/DSC01553-300x225.jpg\" alt=\"\" width=\"300\" height=\"225\" srcset=\"https:\/\/cyclotourer.de\/wp-content\/uploads\/2015\/06\/DSC01553-300x225.jpg 300w, https:\/\/cyclotourer.de\/wp-content\/uploads\/2015\/06\/DSC01553-768x576.jpg 768w, https:\/\/cyclotourer.de\/wp-content\/uploads\/2015\/06\/DSC01553.jpg 1024w\" sizes=\"auto, (max-width: 300px) 100vw, 300px\" \/><\/p>\n<p style=\"text-align: justify;\">Mit dem Reschenpass, erreichte ich auch die 100 Kilometer-Marke auf meinem Tacho. Nach dem Reschensee folgte der wesentlich kleinere Haidersee. Danach eine rasante weit \u00fcber 10km lange Abfahrt \u00fcber Glurns nach Prad am Stilfserjoch.<\/p>\n<p><img loading=\"lazy\" decoding=\"async\" class=\"size-medium wp-image-2272 alignright\" src=\"http:\/\/cyclotourers.de\/wp-content\/uploads\/2015\/06\/DSC01554-300x225.jpg\" alt=\"\" width=\"300\" height=\"225\" srcset=\"https:\/\/cyclotourer.de\/wp-content\/uploads\/2015\/06\/DSC01554-300x225.jpg 300w, https:\/\/cyclotourer.de\/wp-content\/uploads\/2015\/06\/DSC01554-768x576.jpg 768w, https:\/\/cyclotourer.de\/wp-content\/uploads\/2015\/06\/DSC01554.jpg 1024w\" sizes=\"auto, (max-width: 300px) 100vw, 300px\" \/><\/p>\n<p style=\"text-align: justify;\">Kehre f\u00fcr Kehre ging es immer weiter abw\u00e4rts. Auf den langen Geraden rollen lassen. Vor den Kehren das Tempo soweit runter bremsen, dass man locker und ohne Risiko um die Kurven kommt. Dann wieder rollen lassen. Auch an diesem Tag erreichte ich Spitzengeschwindigkeiten bis knapp 65km\/h.<\/p>\n<p><img loading=\"lazy\" decoding=\"async\" class=\"size-full wp-image-2191 alignleft\" src=\"http:\/\/cyclotourers.de\/wp-content\/uploads\/2015\/06\/560239_230073040445286_1134857405_n.jpg\" alt=\"\" width=\"180\" height=\"180\" srcset=\"https:\/\/cyclotourer.de\/wp-content\/uploads\/2015\/06\/560239_230073040445286_1134857405_n.jpg 180w, https:\/\/cyclotourer.de\/wp-content\/uploads\/2015\/06\/560239_230073040445286_1134857405_n-150x150.jpg 150w\" sizes=\"auto, (max-width: 180px) 100vw, 180px\" \/><\/p>\n<p style=\"text-align: justify;\">Ich war gespannt wie lange die, von B.O.C zur Verf\u00fcgung gestellten, Bremsbel\u00e4ge der Marke XLC diese Belastungen standhielten.<\/p>\n<p><img loading=\"lazy\" decoding=\"async\" class=\"size-medium wp-image-2273 alignright\" src=\"http:\/\/cyclotourers.de\/wp-content\/uploads\/2015\/06\/DSC01556-300x225.jpg\" alt=\"\" width=\"300\" height=\"225\" srcset=\"https:\/\/cyclotourer.de\/wp-content\/uploads\/2015\/06\/DSC01556-300x225.jpg 300w, https:\/\/cyclotourer.de\/wp-content\/uploads\/2015\/06\/DSC01556-768x576.jpg 768w, https:\/\/cyclotourer.de\/wp-content\/uploads\/2015\/06\/DSC01556.jpg 1024w\" sizes=\"auto, (max-width: 300px) 100vw, 300px\" \/><\/p>\n<p><img loading=\"lazy\" decoding=\"async\" class=\"alignnone size-medium wp-image-2274\" src=\"http:\/\/cyclotourers.de\/wp-content\/uploads\/2015\/06\/DSC01557-300x225.jpg\" alt=\"\" width=\"300\" height=\"225\" srcset=\"https:\/\/cyclotourer.de\/wp-content\/uploads\/2015\/06\/DSC01557-300x225.jpg 300w, https:\/\/cyclotourer.de\/wp-content\/uploads\/2015\/06\/DSC01557-768x576.jpg 768w, https:\/\/cyclotourer.de\/wp-content\/uploads\/2015\/06\/DSC01557.jpg 1024w\" sizes=\"auto, (max-width: 300px) 100vw, 300px\" \/><\/p>\n<p style=\"text-align: left;\"><img loading=\"lazy\" decoding=\"async\" class=\"size-medium wp-image-2275 alignleft\" src=\"http:\/\/cyclotourers.de\/wp-content\/uploads\/2015\/06\/DSC01558-300x225.jpg\" alt=\"\" width=\"300\" height=\"225\" srcset=\"https:\/\/cyclotourer.de\/wp-content\/uploads\/2015\/06\/DSC01558-300x225.jpg 300w, https:\/\/cyclotourer.de\/wp-content\/uploads\/2015\/06\/DSC01558-768x576.jpg 768w, https:\/\/cyclotourer.de\/wp-content\/uploads\/2015\/06\/DSC01558.jpg 1024w\" sizes=\"auto, (max-width: 300px) 100vw, 300px\" \/>\u00a0\u00a0<img loading=\"lazy\" decoding=\"async\" class=\"size-medium wp-image-2276 alignright\" src=\"http:\/\/cyclotourers.de\/wp-content\/uploads\/2015\/06\/IMG_3417-224x300.jpg\" alt=\"\" width=\"224\" height=\"300\" srcset=\"https:\/\/cyclotourer.de\/wp-content\/uploads\/2015\/06\/IMG_3417-224x300.jpg 224w, https:\/\/cyclotourer.de\/wp-content\/uploads\/2015\/06\/IMG_3417.jpg 765w\" sizes=\"auto, (max-width: 224px) 100vw, 224px\" \/>In Prad angekommen, bog die Stra\u00dfe Richtung Stilfserjoch ab. Andreas Albrecht beschrieb in seinem Bericht, dass von hier noch ein Anstieg von rund 600 H\u00f6henmeter bis nach Trafoi wartete. Dass es noch einmal hart werden w\u00fcrde, zum Tagesende, war mir schon klar. Aber diese 600 H\u00f6henmeter wollten sich noch einmal ins Unendliche ziehen.<\/p>\n<p style=\"text-align: justify;\">Etwa eine Stunde brauchte ich von Prad nach Trafoi. Eine Stunde, die mir wie eine halbe Ewigkeit vorkam. Aber es war geschafft. Ich hatte wieder mein Tagesziel erreicht. Ich war voll im Zeitplan. An diesem Tag war ich jedoch froh, dass ich am Vortag den kleinen Vorsprung rausgefahren hatte.<\/p>\n<p><img loading=\"lazy\" decoding=\"async\" class=\"size-medium wp-image-2277 alignleft\" src=\"http:\/\/cyclotourers.de\/wp-content\/uploads\/2015\/06\/DSC01559-300x225.jpg\" alt=\"\" width=\"300\" height=\"225\" srcset=\"https:\/\/cyclotourer.de\/wp-content\/uploads\/2015\/06\/DSC01559-300x225.jpg 300w, https:\/\/cyclotourer.de\/wp-content\/uploads\/2015\/06\/DSC01559-768x576.jpg 768w, https:\/\/cyclotourer.de\/wp-content\/uploads\/2015\/06\/DSC01559.jpg 1024w\" sizes=\"auto, (max-width: 300px) 100vw, 300px\" \/><\/p>\n<p style=\"text-align: justify;\">Ich war gerade im Schnitt 1 km\/h langsamer als am Vortag. Trotzdem spielte ein platter Reifen dem Gem\u00fct einen Streich. Obwohl man gut vorankam, t\u00e4uscht man sich und bildete sich ein, dass man nicht vom Fleck kommt.<\/p>\n<p style=\"text-align: justify;\">Nachdem ich das Ortsschild passierte, kam ich an dem Hotel Garni Dalliada \u2013 Hof vorbei. Eine \u00e4ltere Frau hielt mich an und fragte, ob ich etwas suchen w\u00fcrde. Da Andreas Albrecht das Hotel Bellavista lobte, wollte ich auch versuchen, dort ein Zimmer zu bekommen.<\/p>\n<p style=\"text-align: justify;\">Da das Pfingstwochenende begonnen hatte, war ich mir nicht sicher, ob man \u00fcberall ein Zimmer bekommen w\u00fcrde.<\/p>\n<p style=\"text-align: justify;\">Laut der \u00e4lteren Frau h\u00e4tte das Bellavista noch geschlossen und w\u00fcrde erst am n\u00e4chsten Tag \u00f6ffnen. In dem Moment glaubte ich ihr sogar. Da das Garni Dalliada ihrer Tochter geh\u00f6rte, war mir im Anschluss aber schnell klar, warum das Bellavista angeblich noch geschlossen hatte.<\/p>\n<p style=\"text-align: justify;\">Von au\u00dfen sah das Daslliada ja auch ganz einladend aus. Die Zimmer entwickelten sich jedoch steinzeitlich. Ein plus verbuchte ich jedoch wieder f\u00fcr das Essen. Eine riesen Portion Pasta mit einer leckeren So\u00dfe und dazu eine riesen Sch\u00fcssel Salat sorgten zu mindestens f\u00fcr die n\u00f6tige Bettschwere, so dass man selbst in dem alten Bett mit der genauso alten Matratze einen festen Schlaf fand.<\/p>\n<p style=\"text-align: justify;\"><img loading=\"lazy\" decoding=\"async\" class=\"size-medium wp-image-2278 alignleft\" src=\"http:\/\/cyclotourers.de\/wp-content\/uploads\/2015\/06\/IMG_3419-300x224.jpg\" alt=\"\" width=\"300\" height=\"224\" srcset=\"https:\/\/cyclotourer.de\/wp-content\/uploads\/2015\/06\/IMG_3419-300x224.jpg 300w, https:\/\/cyclotourer.de\/wp-content\/uploads\/2015\/06\/IMG_3419-768x574.jpg 768w, https:\/\/cyclotourer.de\/wp-content\/uploads\/2015\/06\/IMG_3419.jpg 1024w\" sizes=\"auto, (max-width: 300px) 100vw, 300px\" \/>Fasziniert bin ich immer wieder von der Landschaft. Von der eigenen Leistung, von dem Schwei\u00df den man an den langen Steigungen l\u00e4sst, und wie schnell ein m\u00fchseliger Anstieg mit Erreichen des Passes wieder vergessen war.\u00a0 Bereits nach dem zweiten Tag wusste ich, dass ich nicht das letzte Mal in den Alpen unterwegs sein w\u00fcrde.<\/p>\n<p style=\"text-align: justify;\">Und nun freute ich mich schon auf den n\u00e4chsten, den dritten Tourentag. Das Stilfserjoch, der K\u00f6nigpass unter den Radfahrern wartete auf meiner Strecke. Ich konnte meinen Zeitplan so weit einhalten, dass ich mir zu meinen Geburtstag den schwei\u00dftreibenden Pass schenken konnte.<\/p>\n<p style=\"text-align: justify;\"><strong>Daten:\u00a0<img loading=\"lazy\" decoding=\"async\" class=\" wp-image-2473 alignright\" src=\"http:\/\/cyclotourers.de\/wp-content\/uploads\/2015\/06\/2.1-300x143.png\" alt=\"\" width=\"420\" height=\"200\" srcset=\"https:\/\/cyclotourer.de\/wp-content\/uploads\/2015\/06\/2.1-300x143.png 300w, https:\/\/cyclotourer.de\/wp-content\/uploads\/2015\/06\/2.1.png 498w\" sizes=\"auto, (max-width: 420px) 100vw, 420px\" \/><\/strong><\/p>\n<p style=\"text-align: justify;\">Distanz:\u00a0\u00a0\u00a0\u00a0\u00a0\u00a0\u00a0\u00a0\u00a0\u00a0\u00a0\u00a0\u00a0\u00a0 \u00a0\u00a0\u00a0\u00a0\u00a0\u00a0\u00a0\u00a0\u00a0\u00a0\u00a0\u00a0\u00a0\u00a0\u00a0 140,91km<\/p>\n<p style=\"text-align: justify;\">Zeit: \u00a0\u00a0\u00a0\u00a0\u00a0\u00a0\u00a0\u00a0\u00a0\u00a0\u00a0\u00a0\u00a0\u00a0\u00a0\u00a0\u00a0\u00a0\u00a0\u00a0\u00a0\u00a0\u00a0\u00a0\u00a0\u00a0\u00a0\u00a0\u00a0\u00a0\u00a0\u00a0\u00a0\u00a0\u00a0\u00a0 7:21h<\/p>\n<p style=\"text-align: justify;\">H\u00f6henmeter \u00a0\u00a0\u00a0 \u00a0\u00a0\u00a0\u00a0\u00a0\u00a0\u00a0\u00a0\u00a0\u00a0\u00a0\u00a0\u00a0\u00a0\u00a0 + 2775<\/p>\n<p style=\"text-align: justify;\">H\u00f6henmeter \u00a0\u00a0\u00a0 \u00a0\u00a0\u00a0\u00a0\u00a0\u00a0\u00a0\u00a0\u00a0\u00a0\u00a0\u00a0\u00a0\u00a0\u00a0 &#8211; 1967<\/p>\n<p style=\"text-align: justify;\">Steig. Max.\u00a0\u00a0\u00a0\u00a0\u00a0\u00a0\u00a0\u00a0\u00a0\u00a0\u00a0\u00a0\u00a0\u00a0\u00a0\u00a0\u00a0\u00a0\u00a0\u00a0\u00a0\u00a0\u00a0 15%<img loading=\"lazy\" decoding=\"async\" class=\" wp-image-2476 alignright\" src=\"http:\/\/cyclotourers.de\/wp-content\/uploads\/2015\/06\/2.2-280x300.png\" alt=\"\" width=\"390\" height=\"418\" srcset=\"https:\/\/cyclotourer.de\/wp-content\/uploads\/2015\/06\/2.2-280x300.png 280w, https:\/\/cyclotourer.de\/wp-content\/uploads\/2015\/06\/2.2.png 451w\" sizes=\"auto, (max-width: 390px) 100vw, 390px\" \/><\/p>\n<p style=\"text-align: justify;\">Steig Durchschn. \u00a0\u00a0\u00a0\u00a0\u00a0\u00a0\u00a0\u00a0\u00a0\u00a0\u00a0 6 %<\/p>\n<p style=\"text-align: justify;\">Tempo max: \u00a0\u00a0\u00a0\u00a0 \u00a0\u00a0\u00a0\u00a0\u00a0\u00a0\u00a0\u00a0\u00a0\u00a0\u00a0\u00a0\u00a0\u00a0\u00a0 68,10 km\/h<\/p>\n<p style=\"text-align: justify;\">Tempo Durchschn.\u00a0\u00a0\u00a0\u00a0\u00a0\u00a0\u00a0\u00a0 19,63 km\/h<\/p>\n<p style=\"text-align: justify;\">Temperatur\u00a0\u00a0\u00a0\u00a0\u00a0\u00a0 \u00a0\u00a0\u00a0\u00a0\u00a0\u00a0\u00a0\u00a0\u00a0\u00a0\u00a0\u00a0\u00a0\u00a0\u00a0 bis 36\u00b0C<\/p>\n<h4><\/h4>\n<h4><\/h4>\n<h4><\/h4>\n<h4 style=\"text-align: justify;\"><strong>Geburtstag auf dem K\u00f6nigspass<\/strong><\/h4>\n<p style=\"text-align: justify;\">Bereits vor dem Wecker wurde ich wach. Ich stand auf, streckte meine m\u00fcden Glieder und packte meine 2 Taschen wieder zusammen. Langsam war es schon ein Automatismus und ich wusste genau wie ich meine sieben Sachen wieder platzsparend verpackt bekam.<\/p>\n<p style=\"text-align: justify;\">Das Fr\u00fchst\u00fcck war von der Auswahl nicht das \u00fcppigste, aber es sollte f\u00fcr die ersten Stunden den Magen f\u00fcllen. Ich nahm mal an, dass wenn ich das Stilfserjoch erklommen hatte, sowieso s\u00e4mtliche Reserven wieder gef\u00fcllt werden mussten.<\/p>\n<p style=\"text-align: justify;\">Aber war das Stilfserjoch so hart wie es immer beschrieben wurde?<\/p>\n<p><img loading=\"lazy\" decoding=\"async\" class=\"size-medium wp-image-2279 alignleft\" src=\"http:\/\/cyclotourers.de\/wp-content\/uploads\/2015\/06\/DSC01570-300x225.jpg\" alt=\"\" width=\"300\" height=\"225\" srcset=\"https:\/\/cyclotourer.de\/wp-content\/uploads\/2015\/06\/DSC01570-300x225.jpg 300w, https:\/\/cyclotourer.de\/wp-content\/uploads\/2015\/06\/DSC01570-768x576.jpg 768w, https:\/\/cyclotourer.de\/wp-content\/uploads\/2015\/06\/DSC01570.jpg 1024w\" sizes=\"auto, (max-width: 300px) 100vw, 300px\" \/><\/p>\n<p style=\"text-align: justify;\">Es war schon 8:20Uhr als ich meine Tour startete. Da ich in den meisten F\u00e4llen vor 7:30 Uhr kein Fr\u00fchst\u00fcck bekam, legte ich mir immer 8:30Uhr als Startzeit fest. Heute war es noch ein paar Minuten sp\u00e4ter geworden.<\/p>\n<p style=\"text-align: justify;\">Aber was soll\u00b4s. Da ich keine \u00dcbernachtungen vorgebucht hatte, war es schlie\u00dflich egal wenn ich einmal nicht mein Tagesziel erreichen w\u00fcrde. Schlie\u00dflich hatte ich gen\u00fcgend Urlaub und somit Luft nach hinten. Falls die Tour ein Tag l\u00e4nger dauern w\u00fcrde, dann w\u00e4re es auch nicht so wild.<img loading=\"lazy\" decoding=\"async\" class=\"size-medium wp-image-2280 alignright\" src=\"http:\/\/cyclotourers.de\/wp-content\/uploads\/2015\/06\/DSC01572-300x225.jpg\" alt=\"\" width=\"300\" height=\"225\" srcset=\"https:\/\/cyclotourer.de\/wp-content\/uploads\/2015\/06\/DSC01572-300x225.jpg 300w, https:\/\/cyclotourer.de\/wp-content\/uploads\/2015\/06\/DSC01572-768x576.jpg 768w, https:\/\/cyclotourer.de\/wp-content\/uploads\/2015\/06\/DSC01572.jpg 1024w\" sizes=\"auto, (max-width: 300px) 100vw, 300px\" \/><\/p>\n<p style=\"text-align: justify;\">Da ich mich ziemlich am Ortseingang befand, musste ich noch durch ganz Stelvio. Der Ort war zwar nicht gro\u00df, aber dadurch dass er am Berg lag, wurden die einzigen H\u00e4user mehr oder weniger links und rechts von der Passstra\u00dfe gebaut.<\/p>\n<p style=\"text-align: justify;\">Am Ortsausgang trieb gerade ein Landwirt seine K\u00fche auf die Weide. Interessant war, dass sein Hund die K\u00fche trieb und der Landwirt nur hinterher laufen musste.<\/p>\n<p><img loading=\"lazy\" decoding=\"async\" class=\"size-medium wp-image-2078 alignright\" src=\"http:\/\/cyclotourers.de\/wp-content\/uploads\/2013\/09\/00_company-300x60.jpg\" alt=\"\" width=\"300\" height=\"60\" srcset=\"https:\/\/cyclotourer.de\/wp-content\/uploads\/2013\/09\/00_company-300x60.jpg 300w, https:\/\/cyclotourer.de\/wp-content\/uploads\/2013\/09\/00_company-768x153.jpg 768w, https:\/\/cyclotourer.de\/wp-content\/uploads\/2013\/09\/00_company-1024x204.jpg 1024w, https:\/\/cyclotourer.de\/wp-content\/uploads\/2013\/09\/00_company.jpg 1594w\" sizes=\"auto, (max-width: 300px) 100vw, 300px\" \/><\/p>\n<p style=\"text-align: justify;\">Mit gerade mal 20\u00b0C hatte ich eine optimale Tourentemperatur. Ich hoffte ja schon, dass es, umso h\u00f6her ich kam, auch nicht wesentlich w\u00e4rmer werden sollte.<\/p>\n<p style=\"text-align: justify;\">Nun hie\u00df es 48 durchnummerierte Kehren abzufahren. Mit einem Auge auf dem Ortler gerichtet, kurbelte ich mich von Kehre zu Kehre immer h\u00f6her. Ich wusste nicht was besser war. Die Kehren mitzuz\u00e4hlen, oder sich f\u00fcnfer oder zehnerschritte kleine Ziele zu setzen.<\/p>\n<p style=\"text-align: justify;\">Der Wirt von dem Hotel erz\u00e4hlte mir am Morgen, dass normalerweise st\u00e4ndig kleine Lawinen vom Ortler st\u00fcrzen m\u00fcssten. Dieses Jahr w\u00fcrde der Schnee aber regelrecht am Gipfel kleben und es w\u00fcrde sich einfach nichts l\u00f6sen. So lange keine Gefahr f\u00fcr irgendjemand bestand, wollte ich diese Naturgewalt schon mal live sehen. Aber auch heute klebte der Schnee und es l\u00f6ste sich nichts ab.<\/p>\n<p><img loading=\"lazy\" decoding=\"async\" class=\"size-medium wp-image-2281 alignleft\" src=\"http:\/\/cyclotourers.de\/wp-content\/uploads\/2015\/06\/IMG_3424-224x300.jpg\" alt=\"\" width=\"224\" height=\"300\" srcset=\"https:\/\/cyclotourer.de\/wp-content\/uploads\/2015\/06\/IMG_3424-224x300.jpg 224w, https:\/\/cyclotourer.de\/wp-content\/uploads\/2015\/06\/IMG_3424.jpg 765w\" sizes=\"auto, (max-width: 224px) 100vw, 224px\" \/><\/p>\n<p style=\"text-align: justify;\">Die Kehre 40 war erreicht. Gerade Mal 8 hatte ich jetzt hinter mir. Die Temperatur stieg mit jeder Minute an. Wenigstens blieb der bef\u00fcrchtete Verkehr aus. Schlie\u00dflich hatte wir Pfingstwochenende und einige Bundesl\u00e4nder hatten Ferien.<\/p>\n<p><img loading=\"lazy\" decoding=\"async\" class=\"size-medium wp-image-2282 alignright\" src=\"http:\/\/cyclotourers.de\/wp-content\/uploads\/2015\/06\/IMG_3425-224x300.jpg\" alt=\"\" width=\"224\" height=\"300\" srcset=\"https:\/\/cyclotourer.de\/wp-content\/uploads\/2015\/06\/IMG_3425-224x300.jpg 224w, https:\/\/cyclotourer.de\/wp-content\/uploads\/2015\/06\/IMG_3425.jpg 765w\" sizes=\"auto, (max-width: 224px) 100vw, 224px\" \/><\/p>\n<p style=\"text-align: justify;\">Die n\u00e4chsten 11 Kehren waren geschafft. Die Sonne stieg noch h\u00f6her und mit der Sonne auch die Temperatur.<\/p>\n<p style=\"text-align: justify;\">Mit der 24 Kehre erreichte ich auch die H\u00f6he von dem Hotel Sottostelvio. Da ich aber nicht an eine Pause dachte, setzte ich meine Tour fort. Ich war echt froh, auch wenn ich jetzt schon eine zeitlang unterwegs war. Bis auf einige Motor\u00e4der blieb der bef\u00fcrchtete Verkehr aus. Zumindest empfand ich die Fahrzeuge die an mir vorbei kamen nicht nervend, da immer gen\u00fcgend Abstand gehalten wurde und niemand so in die Quere kam, wie man es von Deutschland gewohnt war.<\/p>\n<p><img loading=\"lazy\" decoding=\"async\" class=\"size-medium wp-image-2283 alignleft\" src=\"http:\/\/cyclotourers.de\/wp-content\/uploads\/2015\/06\/DSC01573-300x225.jpg\" alt=\"\" width=\"300\" height=\"225\" srcset=\"https:\/\/cyclotourer.de\/wp-content\/uploads\/2015\/06\/DSC01573-300x225.jpg 300w, https:\/\/cyclotourer.de\/wp-content\/uploads\/2015\/06\/DSC01573-768x576.jpg 768w, https:\/\/cyclotourer.de\/wp-content\/uploads\/2015\/06\/DSC01573.jpg 1024w\" sizes=\"auto, (max-width: 300px) 100vw, 300px\" \/><\/p>\n<p style=\"text-align: justify;\">Am Stra\u00dfenrand waren immer wieder die bekannten Erdm\u00e4nnchen zu sehen. Meistens standen sie mit angezogen Pfoten, streckten die Nase in die Luft und sp\u00e4hten was man auf der Passstra\u00dfe so trieb. Blieb ich jedoch stehen um ein Foto zu machen, verzogen sie sich schnell in ihre Bauten. Scheinbar hatten sie keine Lust Modell zu stehen.<img loading=\"lazy\" decoding=\"async\" class=\"size-medium wp-image-2285 alignright\" src=\"http:\/\/cyclotourers.de\/wp-content\/uploads\/2015\/06\/DSC01575-300x225.jpg\" alt=\"\" width=\"300\" height=\"225\" srcset=\"https:\/\/cyclotourer.de\/wp-content\/uploads\/2015\/06\/DSC01575-300x225.jpg 300w, https:\/\/cyclotourer.de\/wp-content\/uploads\/2015\/06\/DSC01575-768x576.jpg 768w, https:\/\/cyclotourer.de\/wp-content\/uploads\/2015\/06\/DSC01575.jpg 1024w\" sizes=\"auto, (max-width: 300px) 100vw, 300px\" \/><img loading=\"lazy\" decoding=\"async\" class=\"size-medium wp-image-2284 alignleft\" src=\"http:\/\/cyclotourers.de\/wp-content\/uploads\/2015\/06\/DSC01574-300x225.jpg\" alt=\"\" width=\"300\" height=\"225\" srcset=\"https:\/\/cyclotourer.de\/wp-content\/uploads\/2015\/06\/DSC01574-300x225.jpg 300w, https:\/\/cyclotourer.de\/wp-content\/uploads\/2015\/06\/DSC01574-768x576.jpg 768w, https:\/\/cyclotourer.de\/wp-content\/uploads\/2015\/06\/DSC01574.jpg 1024w\" sizes=\"auto, (max-width: 300px) 100vw, 300px\" \/><\/p>\n<p style=\"text-align: justify;\">Das Stilfserjoch wurde zwischen 1820 und 1826 erbaut. Wenn man \u00fcberlegt welche Leistung das mit den wenigen Mitteln zu dieser Zeit war. Vor allem wurde die Trassenf\u00fchrung bis heute nicht wesentlich ver\u00e4ndert.<\/p>\n<p><img loading=\"lazy\" decoding=\"async\" class=\"size-medium wp-image-2077 alignleft\" src=\"http:\/\/cyclotourers.de\/wp-content\/uploads\/2013\/09\/Aufzeichnen-300x83.jpg\" alt=\"\" width=\"300\" height=\"83\" srcset=\"https:\/\/cyclotourer.de\/wp-content\/uploads\/2013\/09\/Aufzeichnen-300x83.jpg 300w, https:\/\/cyclotourer.de\/wp-content\/uploads\/2013\/09\/Aufzeichnen.jpg 413w\" sizes=\"auto, (max-width: 300px) 100vw, 300px\" \/>Die Temperatur stieg immer weiter. Mein Tacho zeigte zeitweise 39\u00b0C an. Die Sonne knallte vom Himmel. Ohne Helm w\u00e4re es aber auch undenkbar gewesen. Der Sonnenstich w\u00e4re dann wohl vorprogrammiert. Die Temperaturen und bei Steigungen bis 14% der st\u00e4ndige Druck auf die Pedalen, ist diese Auffahrt schon eine enorme Belastung f\u00fcr Mensch und Material.<img loading=\"lazy\" decoding=\"async\" class=\"size-medium wp-image-2286 alignleft\" src=\"http:\/\/cyclotourers.de\/wp-content\/uploads\/2015\/06\/DSC01576-225x300.jpg\" alt=\"\" width=\"225\" height=\"300\" srcset=\"https:\/\/cyclotourer.de\/wp-content\/uploads\/2015\/06\/DSC01576-225x300.jpg 225w, https:\/\/cyclotourer.de\/wp-content\/uploads\/2015\/06\/DSC01576.jpg 768w\" sizes=\"auto, (max-width: 225px) 100vw, 225px\" \/><\/p>\n<p><img loading=\"lazy\" decoding=\"async\" class=\"size-medium wp-image-2288 alignright\" src=\"http:\/\/cyclotourers.de\/wp-content\/uploads\/2015\/06\/IMG_3428-300x224.jpg\" alt=\"\" width=\"300\" height=\"224\" srcset=\"https:\/\/cyclotourer.de\/wp-content\/uploads\/2015\/06\/IMG_3428-300x224.jpg 300w, https:\/\/cyclotourer.de\/wp-content\/uploads\/2015\/06\/IMG_3428-768x574.jpg 768w, https:\/\/cyclotourer.de\/wp-content\/uploads\/2015\/06\/IMG_3428.jpg 1024w\" sizes=\"auto, (max-width: 300px) 100vw, 300px\" \/><\/p>\n<p style=\"text-align: justify;\">Leider fand ich auf der gesamten Strecke keinen Radler mit dem ich das Leid h\u00e4tte teilen k\u00f6nnen. Entweder kamen Rennradfahrer ohne Gep\u00e4ck an mir vorbei, bei denen ich aber nicht h\u00e4tte mithalten k\u00f6nnen. Oder schwer bepackte Tourenbiker mit MTB\u00b4s, die auf ihren kleinen \u00dcbersetzungen den Berg hoch krochen. Da kam ich mir wenigstens nicht ganz so langsam vor, wie ich es ab und an empfand.<img loading=\"lazy\" decoding=\"async\" class=\"size-medium wp-image-2287 alignleft\" src=\"http:\/\/cyclotourers.de\/wp-content\/uploads\/2015\/06\/IMG_3429-300x224.jpg\" alt=\"\" width=\"300\" height=\"224\" srcset=\"https:\/\/cyclotourer.de\/wp-content\/uploads\/2015\/06\/IMG_3429-300x224.jpg 300w, https:\/\/cyclotourer.de\/wp-content\/uploads\/2015\/06\/IMG_3429-768x574.jpg 768w, https:\/\/cyclotourer.de\/wp-content\/uploads\/2015\/06\/IMG_3429.jpg 1024w\" sizes=\"auto, (max-width: 300px) 100vw, 300px\" \/><\/p>\n<p style=\"text-align: justify;\">Die letzte Kehre war erreicht, jetzt waren es nur noch wenige Meter bis auf den Pass.<\/p>\n<p style=\"text-align: justify;\">Mit einer Durchschnittsgeschwindigkeit von gerade mal 7,25 km\/h brauchte ich, mit einigen kleinen Pausen, 2:7h. Aber ich hatte es geschafft, den K\u00f6nigspass mit 2757 Meter \u00fcber Seeh\u00f6he hatte ich bezwungen. \u00dcber ein halbes Jahr habe ich von dem Moment getr\u00e4umt, an dem ich am Stilfserjoch ankomme.<\/p>\n<p><img loading=\"lazy\" decoding=\"async\" class=\"size-medium wp-image-2289 alignleft\" src=\"http:\/\/cyclotourers.de\/wp-content\/uploads\/2015\/06\/DSC01582-300x225.jpg\" alt=\"\" width=\"300\" height=\"225\" srcset=\"https:\/\/cyclotourer.de\/wp-content\/uploads\/2015\/06\/DSC01582-300x225.jpg 300w, https:\/\/cyclotourer.de\/wp-content\/uploads\/2015\/06\/DSC01582-768x576.jpg 768w, https:\/\/cyclotourer.de\/wp-content\/uploads\/2015\/06\/DSC01582.jpg 1024w\" sizes=\"auto, (max-width: 300px) 100vw, 300px\" \/><img loading=\"lazy\" decoding=\"async\" class=\"size-medium wp-image-2290 alignleft\" src=\"http:\/\/cyclotourers.de\/wp-content\/uploads\/2015\/06\/DSC01585-300x225.jpg\" alt=\"\" width=\"300\" height=\"225\" srcset=\"https:\/\/cyclotourer.de\/wp-content\/uploads\/2015\/06\/DSC01585-300x225.jpg 300w, https:\/\/cyclotourer.de\/wp-content\/uploads\/2015\/06\/DSC01585-768x576.jpg 768w, https:\/\/cyclotourer.de\/wp-content\/uploads\/2015\/06\/DSC01585.jpg 1024w\" sizes=\"auto, (max-width: 300px) 100vw, 300px\" \/><\/p>\n<p style=\"text-align: justify;\">Jetzt legte ich erst einmal eine Pause ein. Mit Cola und Bratwurst f\u00fcllte ich erst einmal Kalorien.<\/p>\n<p><img loading=\"lazy\" decoding=\"async\" class=\"size-medium wp-image-2291 alignleft\" src=\"http:\/\/cyclotourers.de\/wp-content\/uploads\/2015\/06\/IMG_3433-300x224.jpg\" alt=\"\" width=\"300\" height=\"224\" srcset=\"https:\/\/cyclotourer.de\/wp-content\/uploads\/2015\/06\/IMG_3433-300x224.jpg 300w, https:\/\/cyclotourer.de\/wp-content\/uploads\/2015\/06\/IMG_3433-768x574.jpg 768w, https:\/\/cyclotourer.de\/wp-content\/uploads\/2015\/06\/IMG_3433.jpg 1024w\" sizes=\"auto, (max-width: 300px) 100vw, 300px\" \/><\/p>\n<p style=\"text-align: justify;\">Ich beobachtete das rege Treiben auf der Passh\u00f6he. Autofahrer, Motorradfahrer und Radfahrer mussten sich teils einig werden, wer zuerst durch das Nadel\u00f6hr durfte. Manche vergessen selbst hier oben, dass sie nicht alleine durch ihre Anwesenheit auch die Berechtigung haben, \u00fcberall der Erste sein zu d\u00fcrfen. Wie manche gleich ausflippen wenn sie eine Minute warten m\u00fcssen, weil gerade einer sein Motorrad aus der Parkl\u00fccke schiebt.<\/p>\n<p style=\"text-align: justify;\">Der Deutsche Wahnsinn ist selbst auf dem Pass angekommen. Gute Nacht denke ich nur, diese sture Ignoranz wird irgendwann des Deutschen Untergang sein.<\/p>\n<p><img loading=\"lazy\" decoding=\"async\" class=\"size-medium wp-image-2292 alignleft\" src=\"http:\/\/cyclotourers.de\/wp-content\/uploads\/2015\/06\/DSC01587-300x225.jpg\" alt=\"\" width=\"300\" height=\"225\" srcset=\"https:\/\/cyclotourer.de\/wp-content\/uploads\/2015\/06\/DSC01587-300x225.jpg 300w, https:\/\/cyclotourer.de\/wp-content\/uploads\/2015\/06\/DSC01587-768x576.jpg 768w, https:\/\/cyclotourer.de\/wp-content\/uploads\/2015\/06\/DSC01587.jpg 1024w\" sizes=\"auto, (max-width: 300px) 100vw, 300px\" \/><\/p>\n<p style=\"text-align: justify;\">Ich hatte genug gesehen, hatte mein erreichtes Zwischenziel genossen und nun wurde es langsam wieder Zeit, weiter zu fahren. Schlie\u00dflich hatte ich ein Tagesziel und das hie\u00df Bormio. Aber nicht direkt nach Bormio, das w\u00e4re ja keine Herausforderung mehr f\u00fcr diesen Tag gewesen.<\/p>\n<p><img loading=\"lazy\" decoding=\"async\" class=\"size-medium wp-image-2293 alignright\" src=\"http:\/\/cyclotourers.de\/wp-content\/uploads\/2015\/06\/DSC01589-300x225.jpg\" alt=\"\" width=\"300\" height=\"225\" srcset=\"https:\/\/cyclotourer.de\/wp-content\/uploads\/2015\/06\/DSC01589-300x225.jpg 300w, https:\/\/cyclotourer.de\/wp-content\/uploads\/2015\/06\/DSC01589-768x576.jpg 768w, https:\/\/cyclotourer.de\/wp-content\/uploads\/2015\/06\/DSC01589.jpg 1024w\" sizes=\"auto, (max-width: 300px) 100vw, 300px\" \/><\/p>\n<p style=\"text-align: justify;\"><img loading=\"lazy\" decoding=\"async\" class=\"size-medium wp-image-2294 alignleft\" src=\"http:\/\/cyclotourers.de\/wp-content\/uploads\/2015\/06\/DSC01588-300x225.jpg\" alt=\"\" width=\"300\" height=\"225\" srcset=\"https:\/\/cyclotourer.de\/wp-content\/uploads\/2015\/06\/DSC01588-300x225.jpg 300w, https:\/\/cyclotourer.de\/wp-content\/uploads\/2015\/06\/DSC01588-768x576.jpg 768w, https:\/\/cyclotourer.de\/wp-content\/uploads\/2015\/06\/DSC01588.jpg 1024w\" sizes=\"auto, (max-width: 300px) 100vw, 300px\" \/><\/p>\n<p style=\"text-align: justify;\">Andreas Albrecht schickt mich mit seiner Route unter anderem noch \u00fcber den Pass Umbrail und dem Passo della Foppa.<\/p>\n<p><img loading=\"lazy\" decoding=\"async\" class=\"size-medium wp-image-2320 alignleft\" src=\"http:\/\/cyclotourers.de\/wp-content\/uploads\/2015\/06\/transalp_shuttle_logodesign_horizontal_by_zalanvoros_130509-300x69.png\" alt=\"\" width=\"300\" height=\"69\" srcset=\"https:\/\/cyclotourer.de\/wp-content\/uploads\/2015\/06\/transalp_shuttle_logodesign_horizontal_by_zalanvoros_130509-300x69.png 300w, https:\/\/cyclotourer.de\/wp-content\/uploads\/2015\/06\/transalp_shuttle_logodesign_horizontal_by_zalanvoros_130509-768x177.png 768w, https:\/\/cyclotourer.de\/wp-content\/uploads\/2015\/06\/transalp_shuttle_logodesign_horizontal_by_zalanvoros_130509-1024x236.png 1024w\" sizes=\"auto, (max-width: 300px) 100vw, 300px\" \/>Nun sollte es zwischen hohen Schneew\u00e4nden erst mal abw\u00e4rts gehen. Nach der ersten Kurve musste ich jedoch nochmal halt machen. Jetzt kam zum ersten Mal die warme Softshelljacke zum Einsatz. Ich dachte ich h\u00e4tte die warme Ausr\u00fcstung umsonst mitgeschleppt, aber die Abfahrt war eisig kalt und ohne Jacke h\u00e4tte ich mir mit Sicherheit eine dicke Erk\u00e4ltung eingefangen.<\/p>\n<p style=\"text-align: justify;\"><img loading=\"lazy\" decoding=\"async\" class=\"size-medium wp-image-2296 alignright\" src=\"http:\/\/cyclotourers.de\/wp-content\/uploads\/2015\/06\/DSC01590-300x225.jpg\" alt=\"\" width=\"300\" height=\"225\" srcset=\"https:\/\/cyclotourer.de\/wp-content\/uploads\/2015\/06\/DSC01590-300x225.jpg 300w, https:\/\/cyclotourer.de\/wp-content\/uploads\/2015\/06\/DSC01590-768x576.jpg 768w, https:\/\/cyclotourer.de\/wp-content\/uploads\/2015\/06\/DSC01590.jpg 1024w\" sizes=\"auto, (max-width: 300px) 100vw, 300px\" \/><\/p>\n<p style=\"text-align: justify;\">Der Umbrailpass war keine besondere Herausforderung. Danach konnte ich wieder kilometerlang rollen lassen bis nach St. Maria im M\u00fcnstertal. Hierbei rollte ich einen H\u00f6henunterschied von rund 1400 H\u00f6henmeter. Auf einem Abschnitt war eine Baustelle. Scheinbar wird jetzt das Teilst\u00fcck, welches noch nicht asphaltiert war, mit einer Deckschicht versehen. Bis auf ein kurzes St\u00fcck war es schon geschehen und ich musste nur ein kleines St\u00fcck \u00fcber Naturbelag rollen.<\/p>\n<p style=\"text-align: justify;\">Zwischendurch blickte ich noch einmal zur\u00fcck in Richtung Stilfserjoch. Ich war zufrieden mit mir und meiner Umwelt. Es war zwar hei\u00df, aber es h\u00e4tte auch bei weitem schlechter sein k\u00f6nnen.<\/p>\n<p style=\"text-align: justify;\">Nur mein Hintern, der war heute nicht so ganz zufrieden. Der meldete sich zwischendurch mit einem unbeschreiblichen Schmerz. Es war kein zwicken, kein brennen, es war irgendein komischer Schmerz.<\/p>\n<p><img loading=\"lazy\" decoding=\"async\" class=\"size-medium wp-image-2297 alignleft\" src=\"http:\/\/cyclotourers.de\/wp-content\/uploads\/2015\/06\/IMG_3436-300x224.jpg\" alt=\"\" width=\"300\" height=\"224\" srcset=\"https:\/\/cyclotourer.de\/wp-content\/uploads\/2015\/06\/IMG_3436-300x224.jpg 300w, https:\/\/cyclotourer.de\/wp-content\/uploads\/2015\/06\/IMG_3436-768x574.jpg 768w, https:\/\/cyclotourer.de\/wp-content\/uploads\/2015\/06\/IMG_3436.jpg 1024w\" sizes=\"auto, (max-width: 300px) 100vw, 300px\" \/><\/p>\n<p style=\"text-align: justify;\">Ich musste immer wieder mal stehen bleiben. Nicht wegen dem Hintern, nein nur um die Aussichten zu genie\u00dfen. Mittlerweile war ich wieder weit unter der Schneefallgrenze und alles leuchtete in einem frischen Gr\u00fcn.<\/p>\n<p><img loading=\"lazy\" decoding=\"async\" class=\"size-medium wp-image-2298 alignright\" src=\"http:\/\/cyclotourers.de\/wp-content\/uploads\/2015\/06\/IMG_3437-300x224.jpg\" alt=\"\" width=\"300\" height=\"224\" srcset=\"https:\/\/cyclotourer.de\/wp-content\/uploads\/2015\/06\/IMG_3437-300x224.jpg 300w, https:\/\/cyclotourer.de\/wp-content\/uploads\/2015\/06\/IMG_3437-768x574.jpg 768w, https:\/\/cyclotourer.de\/wp-content\/uploads\/2015\/06\/IMG_3437.jpg 1024w\" sizes=\"auto, (max-width: 300px) 100vw, 300px\" \/><\/p>\n<p style=\"text-align: justify;\">Nach unz\u00e4hligen engen Kurven erreichte ich schlie\u00dflich St. Maria. An einem Brunnen f\u00fcllte ich meine Trinkflaschen und bewunderte die malerischen H\u00e4user an der engen Gasse.<\/p>\n<p style=\"text-align: center;\">\u00a0<img loading=\"lazy\" decoding=\"async\" class=\"size-medium wp-image-2299 alignleft\" src=\"http:\/\/cyclotourers.de\/wp-content\/uploads\/2015\/06\/IMG_3438-224x300.jpg\" alt=\"\" width=\"224\" height=\"300\" srcset=\"https:\/\/cyclotourer.de\/wp-content\/uploads\/2015\/06\/IMG_3438-224x300.jpg 224w, https:\/\/cyclotourer.de\/wp-content\/uploads\/2015\/06\/IMG_3438.jpg 765w\" sizes=\"auto, (max-width: 224px) 100vw, 224px\" \/>\u00a0Lange wollte ich mich nicht aufhalten, denn der n\u00e4chste Pass, der Ofenpass, wartete schon. Nach St. Maria, ging es wieder aufw\u00e4rts. Es gab kaum einen Kilometer, wo man kein Druck auf der Pedale hatte.<img loading=\"lazy\" decoding=\"async\" class=\"size-full wp-image-2191 alignright\" src=\"http:\/\/cyclotourers.de\/wp-content\/uploads\/2015\/06\/560239_230073040445286_1134857405_n.jpg\" alt=\"\" width=\"180\" height=\"180\" srcset=\"https:\/\/cyclotourer.de\/wp-content\/uploads\/2015\/06\/560239_230073040445286_1134857405_n.jpg 180w, https:\/\/cyclotourer.de\/wp-content\/uploads\/2015\/06\/560239_230073040445286_1134857405_n-150x150.jpg 150w\" sizes=\"auto, (max-width: 180px) 100vw, 180px\" \/><\/p>\n<p style=\"text-align: center;\"><img loading=\"lazy\" decoding=\"async\" class=\"alignnone size-medium wp-image-2300\" src=\"http:\/\/cyclotourers.de\/wp-content\/uploads\/2015\/06\/DSC01592-300x225.jpg\" alt=\"\" width=\"300\" height=\"225\" srcset=\"https:\/\/cyclotourer.de\/wp-content\/uploads\/2015\/06\/DSC01592-300x225.jpg 300w, https:\/\/cyclotourer.de\/wp-content\/uploads\/2015\/06\/DSC01592-768x576.jpg 768w, https:\/\/cyclotourer.de\/wp-content\/uploads\/2015\/06\/DSC01592.jpg 1024w\" sizes=\"auto, (max-width: 300px) 100vw, 300px\" \/><img loading=\"lazy\" decoding=\"async\" class=\"size-medium wp-image-2301 alignleft\" src=\"http:\/\/cyclotourers.de\/wp-content\/uploads\/2015\/06\/DSC01593-300x225.jpg\" alt=\"\" width=\"300\" height=\"225\" srcset=\"https:\/\/cyclotourer.de\/wp-content\/uploads\/2015\/06\/DSC01593-300x225.jpg 300w, https:\/\/cyclotourer.de\/wp-content\/uploads\/2015\/06\/DSC01593-768x576.jpg 768w, https:\/\/cyclotourer.de\/wp-content\/uploads\/2015\/06\/DSC01593.jpg 1024w\" sizes=\"auto, (max-width: 300px) 100vw, 300px\" \/><\/p>\n<p style=\"text-align: center;\">Es ging wieder steil aufw\u00e4rts. Zwischendurch fragte ich mich mal wieder ob, ich nicht wirklich ein an der Waffel h\u00e4tte. Die Sonne brannte nahezu unertr\u00e4glich vom Zenit. Selbst die B\u00e4ume spendeten keinen Schatten. Weit und breit war kein Mensch zu sehen. Dass ich von einem Auto \u00fcberholt wurde, geh\u00f6rte eher zur Seltenheit. Erst oben am Pass traf ich auf ein junges P\u00e4rchen, die scheinbar kurz vor mir den Pass hoch geradelt waren. W\u00e4hrend das M\u00e4del noch Bilder vom hinter sich gelassenen Tal machte, schob der Partner sichtlich genervt sein Bike zu dem kleinem Imbiss auf der Passh\u00f6he.<\/p>\n<p style=\"text-align: left;\"><img loading=\"lazy\" decoding=\"async\" class=\"size-medium wp-image-2302 alignleft\" src=\"http:\/\/cyclotourers.de\/wp-content\/uploads\/2015\/06\/IMG_3441-224x300.jpg\" alt=\"\" width=\"224\" height=\"300\" srcset=\"https:\/\/cyclotourer.de\/wp-content\/uploads\/2015\/06\/IMG_3441-224x300.jpg 224w, https:\/\/cyclotourer.de\/wp-content\/uploads\/2015\/06\/IMG_3441.jpg 765w\" sizes=\"auto, (max-width: 224px) 100vw, 224px\" \/><img loading=\"lazy\" decoding=\"async\" class=\"size-medium wp-image-2303 alignleft\" src=\"http:\/\/cyclotourers.de\/wp-content\/uploads\/2015\/06\/IMG_3443-224x300.jpg\" alt=\"\" width=\"224\" height=\"300\" srcset=\"https:\/\/cyclotourer.de\/wp-content\/uploads\/2015\/06\/IMG_3443-224x300.jpg 224w, https:\/\/cyclotourer.de\/wp-content\/uploads\/2015\/06\/IMG_3443.jpg 765w\" sizes=\"auto, (max-width: 224px) 100vw, 224px\" \/>Von 2375 Meter \u00fcber Meeresspiegel in St. Maria musste ich wieder bis auf 2149 Meter \u00fcber Meeresspiegel auf dem Ofenpass (Pass dal Fuorn) klettern. Aber auch das konnte ich nach der einen oder anderen Pause hinter mich bringen.<\/p>\n<p><img loading=\"lazy\" decoding=\"async\" class=\"size-medium wp-image-2304 alignright\" src=\"http:\/\/cyclotourers.de\/wp-content\/uploads\/2015\/06\/IMG_3444-224x300.jpg\" alt=\"\" width=\"224\" height=\"300\" srcset=\"https:\/\/cyclotourer.de\/wp-content\/uploads\/2015\/06\/IMG_3444-224x300.jpg 224w, https:\/\/cyclotourer.de\/wp-content\/uploads\/2015\/06\/IMG_3444.jpg 765w\" sizes=\"auto, (max-width: 224px) 100vw, 224px\" \/><\/p>\n<p style=\"text-align: justify;\">Nur mein Hintern gefiel mir gar nicht. Ich ver\u00e4nderte zwischendurch sogar meine Sitzeinstellung. Irgendwie wollte sich mein Stei\u00df nicht mehr mit meinem Sattel vertragen. Aber nun kam ja erst einmal wieder eine erleichternde Abfahrt und ich konnte mein Ges\u00e4\u00df etwas entlasten.<\/p>\n<p style=\"text-align: justify;\">Da die Abfahrt nur leichte Kurven hatte und ich nicht mein Focus vor den Kurven runter bremsen musste, war die ganze Abfahrt eine willkommene Entspannung. Man konnte sogar zwischendurch in die Ferne blicken und seine Gedanken schweifen lassen. Hier war es nun mal nicht so wie in unseren Mittelgebirgen. Hier bedeutete eine Abfahrt mal \u00fcber zehn Kilometer rollen lassen, aber daf\u00fcr bedeuteten kleine Steigungen auch locker mal \u00fcber 10km Anstrengung.<\/p>\n<p><img loading=\"lazy\" decoding=\"async\" class=\"size-medium wp-image-2305 alignleft\" src=\"http:\/\/cyclotourers.de\/wp-content\/uploads\/2015\/06\/IMG_3445-300x224.jpg\" alt=\"\" width=\"300\" height=\"224\" srcset=\"https:\/\/cyclotourer.de\/wp-content\/uploads\/2015\/06\/IMG_3445-300x224.jpg 300w, https:\/\/cyclotourer.de\/wp-content\/uploads\/2015\/06\/IMG_3445-768x574.jpg 768w, https:\/\/cyclotourer.de\/wp-content\/uploads\/2015\/06\/IMG_3445.jpg 1024w\" sizes=\"auto, (max-width: 300px) 100vw, 300px\" \/><\/p>\n<p style=\"text-align: justify;\">Am Punt la Drossa findet die sch\u00f6ne Abfahrt ihr Ende. Ich stand vor einem Tunnel der f\u00fcr Radfahrer gesperrt war. Mir erz\u00e4hlten drei Mountainbiker, dass man mit einem Shuttle auf die andere Seite gebracht w\u00fcrde. Laut Plan mussten wir noch ungef\u00e4hr 20 Minuten warten. Ich nutzte den Brunnen neben der Tunneleinfahrt um meine Wasserflaschen wieder aufzuf\u00fcllen. Welch eine Wohltat eiskaltes Brunnenwasser doch sein kann! Angeblich war kurz vorher einer mit seinem Rennrad trotz dem Verbot durch den Tunnel. Da aber 500,-\u20ac Strafe drohten, wollte ich das nat\u00fcrlich nicht riskieren. Au\u00dferdem tut ein wenig Unterhaltung auch mal gut.<\/p>\n<p><img loading=\"lazy\" decoding=\"async\" class=\"size-medium wp-image-2078 alignleft\" src=\"http:\/\/cyclotourers.de\/wp-content\/uploads\/2013\/09\/00_company-300x60.jpg\" alt=\"\" width=\"300\" height=\"60\" srcset=\"https:\/\/cyclotourer.de\/wp-content\/uploads\/2013\/09\/00_company-300x60.jpg 300w, https:\/\/cyclotourer.de\/wp-content\/uploads\/2013\/09\/00_company-768x153.jpg 768w, https:\/\/cyclotourer.de\/wp-content\/uploads\/2013\/09\/00_company-1024x204.jpg 1024w, https:\/\/cyclotourer.de\/wp-content\/uploads\/2013\/09\/00_company.jpg 1594w\" sizes=\"auto, (max-width: 300px) 100vw, 300px\" \/><\/p>\n<p style=\"text-align: justify;\">F\u00fcr den 3,5km langen Grenztunnel wurden mal schnell 7,-\u20ac f\u00e4llig. Aber so wurde man noch bis \u00fcber die 130 Meter hohe Staumauer gebracht.<img loading=\"lazy\" decoding=\"async\" class=\"size-medium wp-image-2307 alignleft\" src=\"http:\/\/cyclotourers.de\/wp-content\/uploads\/2015\/06\/DSC01596-300x225.jpg\" alt=\"\" width=\"300\" height=\"225\" srcset=\"https:\/\/cyclotourer.de\/wp-content\/uploads\/2015\/06\/DSC01596-300x225.jpg 300w, https:\/\/cyclotourer.de\/wp-content\/uploads\/2015\/06\/DSC01596-768x576.jpg 768w, https:\/\/cyclotourer.de\/wp-content\/uploads\/2015\/06\/DSC01596.jpg 1024w\" sizes=\"auto, (max-width: 300px) 100vw, 300px\" \/><\/p>\n<p><img loading=\"lazy\" decoding=\"async\" class=\"size-medium wp-image-2306 alignright\" src=\"http:\/\/cyclotourers.de\/wp-content\/uploads\/2015\/06\/IMG_3446-224x300.jpg\" alt=\"\" width=\"224\" height=\"300\" srcset=\"https:\/\/cyclotourer.de\/wp-content\/uploads\/2015\/06\/IMG_3446-224x300.jpg 224w, https:\/\/cyclotourer.de\/wp-content\/uploads\/2015\/06\/IMG_3446.jpg 765w\" sizes=\"auto, (max-width: 224px) 100vw, 224px\" \/><\/p>\n<p style=\"text-align: justify;\">Die Uferstra\u00dfe f\u00fchrte nun durch zahlreiche Galerien bis nach Livigno.<\/p>\n<p style=\"text-align: justify;\">Es gibt nur drei M\u00f6glichkeiten den Luwinersee, wie der Lago di Livigno auf Deutsch hei\u00dft, und Livigno\u00a0 zu erreichen. Entweder \u00fcber die Alpenp\u00e4sse Forcola di Livigno mit 2315m H\u00f6he, dem Passo d\u00b4Eira mit 2208 und dem anschlie\u00dfendem Passo di Foscagno mit 2291m H\u00f6he. Oder eben durch den Muntla-Schera-Tunnel.<\/p>\n<p><img loading=\"lazy\" decoding=\"async\" class=\"size-medium wp-image-2310 alignleft\" src=\"http:\/\/cyclotourers.de\/wp-content\/uploads\/2015\/06\/IMG_3447-300x224.jpg\" alt=\"\" width=\"300\" height=\"224\" srcset=\"https:\/\/cyclotourer.de\/wp-content\/uploads\/2015\/06\/IMG_3447-300x224.jpg 300w, https:\/\/cyclotourer.de\/wp-content\/uploads\/2015\/06\/IMG_3447-768x574.jpg 768w, https:\/\/cyclotourer.de\/wp-content\/uploads\/2015\/06\/IMG_3447.jpg 1024w\" sizes=\"auto, (max-width: 300px) 100vw, 300px\" \/><\/p>\n<p style=\"text-align: justify;\">Nach Livigno f\u00fchrte mich meine Tour \u00fcber die besagten P\u00e4sse \u201cPasso d\u00b4Eira\u201c und dem Passo di Foscagno.<\/p>\n<p style=\"text-align: justify;\">Auf dem Weg zum Passo d\u00b4Eira blickte ich noch einmal auf Livigno zur\u00fcck. Ich war schon wieder einige Kilometer und H\u00f6henmeter geklettert. Mein Hintern\u2026 der machte mir Sorgen. Wenn man einmal richtig wund gefahren war, dann konnte man so eine Tour auch ganz schnell an den Haken h\u00e4ngen. Ich musste mir also etwas einfallen lassen, was mir etwas Erleichterung verschaffen konnte.<\/p>\n<p><img loading=\"lazy\" decoding=\"async\" class=\"size-medium wp-image-2308 alignleft\" src=\"http:\/\/cyclotourers.de\/wp-content\/uploads\/2015\/06\/IMG_3448-300x224.jpg\" alt=\"\" width=\"300\" height=\"224\" srcset=\"https:\/\/cyclotourer.de\/wp-content\/uploads\/2015\/06\/IMG_3448-300x224.jpg 300w, https:\/\/cyclotourer.de\/wp-content\/uploads\/2015\/06\/IMG_3448-768x574.jpg 768w, https:\/\/cyclotourer.de\/wp-content\/uploads\/2015\/06\/IMG_3448.jpg 1024w\" sizes=\"auto, (max-width: 300px) 100vw, 300px\" \/><\/p>\n<p style=\"text-align: justify;\">Ich kramte mein zweites Funktionsunterhemd aus der Tasche, legte es so zusammen, das es einigerma\u00dfen die Form von meinem Sattel hatte, und befestigte es mit etwas Panzertape. Die Konstruktion verschaffte etwas Erleichterung.<\/p>\n<p style=\"text-align: justify;\">So erreichte ich auch bald den ersten Pass.<\/p>\n<p><img loading=\"lazy\" decoding=\"async\" class=\"alignnone size-medium wp-image-2309\" src=\"http:\/\/cyclotourers.de\/wp-content\/uploads\/2015\/06\/IMG_3450-300x224.jpg\" alt=\"\" width=\"300\" height=\"224\" srcset=\"https:\/\/cyclotourer.de\/wp-content\/uploads\/2015\/06\/IMG_3450-300x224.jpg 300w, https:\/\/cyclotourer.de\/wp-content\/uploads\/2015\/06\/IMG_3450-768x574.jpg 768w, https:\/\/cyclotourer.de\/wp-content\/uploads\/2015\/06\/IMG_3450.jpg 1024w\" sizes=\"auto, (max-width: 300px) 100vw, 300px\" \/><\/p>\n<p style=\"text-align: justify;\">Nach einer kurzen Abfahrt wurde der n\u00e4chste nat\u00fcrlich gleich wieder angek\u00fcndigt. Jedoch sollte man sich bei dem strahlend blauem Himmel und den hochsommerlichen Temperaturen keine Gedanken \u00fcber Schneeketten machen m\u00fcssen.<\/p>\n<p><img loading=\"lazy\" decoding=\"async\" class=\"size-medium wp-image-2311 alignleft\" src=\"http:\/\/cyclotourers.de\/wp-content\/uploads\/2015\/06\/IMG_3451-224x300.jpg\" alt=\"\" width=\"224\" height=\"300\" srcset=\"https:\/\/cyclotourer.de\/wp-content\/uploads\/2015\/06\/IMG_3451-224x300.jpg 224w, https:\/\/cyclotourer.de\/wp-content\/uploads\/2015\/06\/IMG_3451.jpg 765w\" sizes=\"auto, (max-width: 224px) 100vw, 224px\" \/><\/p>\n<p style=\"text-align: justify;\">So langsam sollte es f\u00fcr diesen Tag reichen. Ich war froh als ich den Passo Foscagno ebenfalls bezwungen hatte.<img loading=\"lazy\" decoding=\"async\" class=\"size-medium wp-image-2312 alignright\" src=\"http:\/\/cyclotourers.de\/wp-content\/uploads\/2015\/06\/IMG_3452-300x224.jpg\" alt=\"\" width=\"300\" height=\"224\" srcset=\"https:\/\/cyclotourer.de\/wp-content\/uploads\/2015\/06\/IMG_3452-300x224.jpg 300w, https:\/\/cyclotourer.de\/wp-content\/uploads\/2015\/06\/IMG_3452-768x574.jpg 768w, https:\/\/cyclotourer.de\/wp-content\/uploads\/2015\/06\/IMG_3452.jpg 1024w\" sizes=\"auto, (max-width: 300px) 100vw, 300px\" \/><\/p>\n<p style=\"text-align: justify;\">Nun folgte wieder eine lange Abfahrt. Bis Bormio sollten keine nennenswerten Anstiege mehr folgen und ich konnte meinen Tourentag fast ausrollen lassen.<\/p>\n<p><img loading=\"lazy\" decoding=\"async\" class=\"size-medium wp-image-2314 alignright\" src=\"http:\/\/cyclotourers.de\/wp-content\/uploads\/2015\/06\/IMG_3453-1-300x224.jpg\" alt=\"\" width=\"300\" height=\"224\" srcset=\"https:\/\/cyclotourer.de\/wp-content\/uploads\/2015\/06\/IMG_3453-1-300x224.jpg 300w, https:\/\/cyclotourer.de\/wp-content\/uploads\/2015\/06\/IMG_3453-1-768x574.jpg 768w, https:\/\/cyclotourer.de\/wp-content\/uploads\/2015\/06\/IMG_3453-1.jpg 1024w\" sizes=\"auto, (max-width: 300px) 100vw, 300px\" \/><\/p>\n<p><img loading=\"lazy\" decoding=\"async\" class=\"size-medium wp-image-2076 alignleft\" style=\"text-align: justify;\" src=\"http:\/\/cyclotourers.de\/wp-content\/uploads\/2013\/09\/FOCUS_Logo-PANTONE_positiv-2-300x65.jpg\" alt=\"\" width=\"300\" height=\"65\" srcset=\"https:\/\/cyclotourer.de\/wp-content\/uploads\/2013\/09\/FOCUS_Logo-PANTONE_positiv-2-300x65.jpg 300w, https:\/\/cyclotourer.de\/wp-content\/uploads\/2013\/09\/FOCUS_Logo-PANTONE_positiv-2-768x167.jpg 768w, https:\/\/cyclotourer.de\/wp-content\/uploads\/2013\/09\/FOCUS_Logo-PANTONE_positiv-2-1024x223.jpg 1024w\" sizes=\"auto, (max-width: 300px) 100vw, 300px\" \/>Mit den Unterk\u00fcnften folgte ich auch den Ratschl\u00e4gen von Andreas Albrecht. Ich entschied mich im Hotel Funivia abzusteigen. Ich hatte auch Gl\u00fcck. Obwohl das Hotel ziemlich gut belegt war, war noch ein Einzelzimmer f\u00fcr mich frei. Die freundliche Dame am Empfang verkaufte mir ein Zimmer mit Halbpension, Waschservice der Trikots, Fahrradstellplatz in der Tiefgarage mit Werkstatt und Waschplatz f\u00fcr gerade mal 69,-\u20ac<\/p>\n<p><img loading=\"lazy\" decoding=\"async\" class=\"size-medium wp-image-2316 alignleft\" src=\"http:\/\/cyclotourers.de\/wp-content\/uploads\/2015\/06\/IMG_3454-300x224.jpg\" alt=\"\" width=\"300\" height=\"224\" srcset=\"https:\/\/cyclotourer.de\/wp-content\/uploads\/2015\/06\/IMG_3454-300x224.jpg 300w, https:\/\/cyclotourer.de\/wp-content\/uploads\/2015\/06\/IMG_3454-768x574.jpg 768w, https:\/\/cyclotourer.de\/wp-content\/uploads\/2015\/06\/IMG_3454.jpg 1024w\" sizes=\"auto, (max-width: 300px) 100vw, 300px\" \/><\/p>\n<p style=\"text-align: justify;\">Da mein Schaltungsproblem mit dem Umwerfer wieder ab und zu aufgetreten war, war das eine gute Gelegenheit mich der Sache, in einer Werkstatt mit vern\u00fcnftigen Werkzeug, mal anzunehmen. Das Problem war schnell gel\u00f6st. Ich entfernte wieder meine improvisierte Sattelkonstruktion. Ich hoffte, dass ich bis zum n\u00e4chsten Tag etwas Besserung sp\u00fcrte und wenn ich nochmals an der Sattelposition arbeitete dieses Problem ebenfalls los sein w\u00fcrde.<img loading=\"lazy\" decoding=\"async\" class=\"size-medium wp-image-2317 alignright\" src=\"http:\/\/cyclotourers.de\/wp-content\/uploads\/2015\/06\/DSC01600-300x225.jpg\" alt=\"\" width=\"300\" height=\"225\" srcset=\"https:\/\/cyclotourer.de\/wp-content\/uploads\/2015\/06\/DSC01600-300x225.jpg 300w, https:\/\/cyclotourer.de\/wp-content\/uploads\/2015\/06\/DSC01600-768x576.jpg 768w, https:\/\/cyclotourer.de\/wp-content\/uploads\/2015\/06\/DSC01600.jpg 1024w\" sizes=\"auto, (max-width: 300px) 100vw, 300px\" \/><\/p>\n<p style=\"text-align: justify;\">Es wunderte sowieso. Das Fahrrad ist ja nicht neu, an der Satteleinstellung hatte ich vor der Tour nichts ver\u00e4ndert. Bei der Winterstour im letzten Jahr hatte ich keinerlei Probleme. Sonst hatte mir auch der Sattel kein Stress gemacht. War es die Trikothose von Biehler? Konnte aber auch nicht sein. Die Hose hatte ich im letzten Jahr, das Sitzpolster war das gleiche. War es die zus\u00e4tzliche Belastung vom Rucksack? Es wird wohl f\u00fcr immer ein R\u00e4tsel bleiben\u2026<\/p>\n<p style=\"text-align: justify;\"><img loading=\"lazy\" decoding=\"async\" class=\"size-full wp-image-2318 alignleft\" src=\"http:\/\/cyclotourers.de\/wp-content\/uploads\/2015\/06\/logo.png\" alt=\"\" width=\"178\" height=\"101\" \/>Mit einer Durchschnittsgeschwindigkeit von \u00fcber 16 km\/h, diesen H\u00f6henmetern bei einer Entfernung von 106,63km konnte ich zum Tagesende doch ganz zufrieden sein. An manchen P\u00e4ssen verfluchte ich jeden H\u00f6henmeter. Aber die Landschaft, die Leute denen ich begegnete und naja, das ganze Flair, machte auch diesen Tag zu etwas Besonderem. Dazu war es noch mein Geburtstag. Da ich Geburtstage seit meinem Drei\u00dfigstem hasse, war das das sch\u00f6nste Geschenk was ich mir selber machen konnte. Auch wenn meine Liebsten zuhause auf der Strecke blieben.<\/p>\n<p style=\"text-align: justify;\"><strong>Daten:\u00a0<img loading=\"lazy\" decoding=\"async\" class=\" wp-image-2477 alignright\" src=\"http:\/\/cyclotourers.de\/wp-content\/uploads\/2015\/06\/3.1-300x140.png\" alt=\"\" width=\"414\" height=\"193\" srcset=\"https:\/\/cyclotourer.de\/wp-content\/uploads\/2015\/06\/3.1-300x140.png 300w, https:\/\/cyclotourer.de\/wp-content\/uploads\/2015\/06\/3.1.png 498w\" sizes=\"auto, (max-width: 414px) 100vw, 414px\" \/><\/strong><\/p>\n<p style=\"text-align: justify;\">Distanz:\u00a0\u00a0\u00a0\u00a0\u00a0\u00a0\u00a0\u00a0\u00a0\u00a0\u00a0\u00a0\u00a0\u00a0 \u00a0\u00a0\u00a0\u00a0\u00a0\u00a0\u00a0\u00a0\u00a0\u00a0\u00a0\u00a0\u00a0\u00a0\u00a0 111,07<\/p>\n<p style=\"text-align: justify;\">Zeit: \u00a0\u00a0\u00a0\u00a0 \u00a0\u00a0\u00a0\u00a0\u00a0\u00a0\u00a0\u00a0\u00a0\u00a0\u00a0\u00a0\u00a0\u00a0\u00a0\u00a0\u00a0\u00a0\u00a0\u00a0\u00a0\u00a0\u00a0\u00a0\u00a0\u00a0\u00a0\u00a0\u00a0\u00a0 6:22h<\/p>\n<p style=\"text-align: justify;\">H\u00f6henmeter \u00a0\u00a0\u00a0 \u00a0\u00a0\u00a0\u00a0\u00a0\u00a0\u00a0\u00a0\u00a0\u00a0\u00a0\u00a0\u00a0\u00a0\u00a0 + 2896<\/p>\n<p style=\"text-align: justify;\">H\u00f6henmeter \u00a0\u00a0\u00a0\u00a0\u00a0\u00a0\u00a0\u00a0\u00a0\u00a0\u00a0\u00a0\u00a0\u00a0\u00a0\u00a0\u00a0\u00a0\u00a0 &#8211; 3141<\/p>\n<p style=\"text-align: justify;\">Steig. Max. \u00a0\u00a0\u00a0\u00a0\u00a0\u00a0\u00a0\u00a0\u00a0\u00a0\u00a0\u00a0\u00a0\u00a0\u00a0\u00a0\u00a0\u00a0\u00a0\u00a0\u00a0\u00a0 14%<img loading=\"lazy\" decoding=\"async\" class=\" wp-image-2478 alignright\" src=\"http:\/\/cyclotourers.de\/wp-content\/uploads\/2015\/06\/3.2.png\" alt=\"\" width=\"388\" height=\"320\" \/><\/p>\n<p style=\"text-align: justify;\">Steig Durchschn.\u00a0\u00a0\u00a0\u00a0\u00a0\u00a0\u00a0\u00a0\u00a0\u00a0\u00a0\u00a0 4 %<\/p>\n<p style=\"text-align: justify;\">Tempo max: \u00a0\u00a0\u00a0\u00a0 \u00a0\u00a0\u00a0\u00a0\u00a0\u00a0\u00a0\u00a0\u00a0\u00a0\u00a0\u00a0\u00a0\u00a0\u00a0 64,96 km\/h<\/p>\n<p style=\"text-align: justify;\">Tempo Durchschn.\u00a0\u00a0\u00a0\u00a0\u00a0\u00a0\u00a0\u00a0 16,74 km\/h<\/p>\n<p style=\"text-align: justify;\">Temperatur\u00a0\u00a0\u00a0\u00a0\u00a0\u00a0 \u00a0\u00a0\u00a0\u00a0\u00a0\u00a0\u00a0\u00a0\u00a0\u00a0\u00a0\u00a0\u00a0\u00a0\u00a0 bis 39\u00b0C<\/p>\n<h4><\/h4>\n<h4 style=\"text-align: justify;\"><strong>H\u00f6henmeter<\/strong><\/h4>\n<p style=\"text-align: justify;\">Der vierte Tag begann nach einem ausgewogenen reichlichen Fr\u00fchst\u00fcck doch etwas aufregender als gedacht. Am Tag zuvor wurde mit der freundlichen Dame an der Rezeption einen Preis ausgemacht. N\u00e4mlich genau 69,-\u20ac!<\/p>\n<p style=\"text-align: justify;\">Sie zeigte mir, wie zum Teil schon erw\u00e4hnt, den Fahrradstellplatz mit der Werkstatt, den Waschplatz, den Korb f\u00fcr die schmutzigen Trikots, den Platz wo ich morgens um 8:00 Uhr die frische W\u00e4sche wieder finden w\u00fcrde, versprach mir Halbpension also incl. Abendmenu plus das Fr\u00fchst\u00fcck und, und, und\u2026<\/p>\n<p style=\"text-align: justify;\">Und was war nun? Jetzt war eine weitaus j\u00fcngere und gar nicht diskussionsfreudige Dame hinter dem Tresen. Als ich meine Schuld begleichen wollte, knallte sie mir die Rechnung in H\u00f6he von 96,-(!)\u20ac hin.<\/p>\n<p style=\"text-align: justify;\">Ich sagte ihr freundlich, dass diese Rechnung ein Irrtum sein musste, denn ich h\u00e4tte ja schlie\u00dflich einen geringeren Betrag genannt bekommen. Jetzt wurde die Dame ja schon etwas lauter und fragte mich was ich wolle, bei diesem Service den ich in Anspruch genommen h\u00e4tte.<\/p>\n<p style=\"text-align: justify;\">Ich erkl\u00e4rte ihr nochmals, was ich am Tag zuvor mit der Kollegin besprochen hatte, und welches Angebot, sprich Preis, sie mir genannt hatte. Jetzt drohte sie mir sofort mit der Polizei, nannte mir nochmals die Leistungen wie Werkstatt und Trikotw\u00e4sche, die m\u00fcsste bezahlt werden ansonsten kommt die Carabinieri.<\/p>\n<p style=\"text-align: justify;\">Ich hatte einfach keine Lust mehr mich da herumzustreiten, da schon die zweite Angestellte hinter dem Tresen auftauchte. Das Hotel war echt gut, der Service w\u00e4re super gewesen, aber so f\u00fchle ich mich echt \u00fcber den Tisch gezogen!<\/p>\n<p style=\"text-align: justify;\">Ich verlie\u00df auf meinen zwei schmalen Pneus Bormio und war wieder so \u00fcberw\u00e4ltigt von der Landschaft, dass ich mir gar keine Gedanken mehr \u00fcber das \u00c4rgernis machen wollte. Was ich bef\u00fcrchtete war, dass mir mein Hintern viel schlimmer den Tag vermiest.<\/p>\n<p style=\"text-align: justify;\">Ich hatte gerade Mal zehn Kilometer auf dem Tacho, als dieser komische unbeschreiblicher Schmerz zu sp\u00fcren war. Dabei war es gar kein richtiger Schmerz, auch kein Brennen. Aber ich hatte schon die Bef\u00fcrchtung, wenn ich jetzt nichts \u00e4ndern w\u00fcrde, dann k\u00f6nnte das echt in die Hose gehen.<\/p>\n<p style=\"text-align: justify;\">Ich blieb stehen und ver\u00e4nderte meine Sitzeinstellung. Ich wei\u00df bis heute nicht, was mir so Probleme machte. Schlie\u00dflich hatte ich mit dieser Position schon weit \u00fcber 2000km auf das Bike gefahren. Ohne, dass ich was hatte!<\/p>\n<p style=\"text-align: justify;\">War es die Hose? Das zus\u00e4tzliche Gewicht durch den Rucksack?<\/p>\n<p><img loading=\"lazy\" decoding=\"async\" class=\"size-medium wp-image-2322 alignleft\" src=\"http:\/\/cyclotourers.de\/wp-content\/uploads\/2015\/06\/IMG_3467-224x300.jpg\" alt=\"\" width=\"224\" height=\"300\" srcset=\"https:\/\/cyclotourer.de\/wp-content\/uploads\/2015\/06\/IMG_3467-224x300.jpg 224w, https:\/\/cyclotourer.de\/wp-content\/uploads\/2015\/06\/IMG_3467.jpg 765w\" sizes=\"auto, (max-width: 224px) 100vw, 224px\" \/>Ich senkte die Sattelspitze etwas ab. Es war etwas angenehmer. Was Wund war, w\u00fcrde tags\u00fcber eh nicht mehr heilen. Aber so sa\u00df der Druckpunkt an einer anderen Stelle.<img loading=\"lazy\" decoding=\"async\" class=\"size-medium wp-image-2320 alignright\" src=\"http:\/\/cyclotourers.de\/wp-content\/uploads\/2015\/06\/transalp_shuttle_logodesign_horizontal_by_zalanvoros_130509-300x69.png\" alt=\"\" width=\"300\" height=\"69\" srcset=\"https:\/\/cyclotourer.de\/wp-content\/uploads\/2015\/06\/transalp_shuttle_logodesign_horizontal_by_zalanvoros_130509-300x69.png 300w, https:\/\/cyclotourer.de\/wp-content\/uploads\/2015\/06\/transalp_shuttle_logodesign_horizontal_by_zalanvoros_130509-768x177.png 768w, https:\/\/cyclotourer.de\/wp-content\/uploads\/2015\/06\/transalp_shuttle_logodesign_horizontal_by_zalanvoros_130509-1024x236.png 1024w\" sizes=\"auto, (max-width: 300px) 100vw, 300px\" \/><\/p>\n<p style=\"text-align: justify;\">Das Navi von <a href=\"http:\/\/www.transalp-shuttle.com\">www.transalp-shuttle.com<\/a> f\u00fchrte mich jetzt schon den 4 Tag pr\u00e4zise und sicher durch die Alpen. Es begeisterte mich auch jeden Tag aufs Neue, wenn ich das Ger\u00e4t einschaltete, die Route aktivierte und einfach losrollen konnte. \u00a0So konnte ich nach Bormio auch wieder ganz gut an Tempo gewinnen.<\/p>\n<p style=\"text-align: justify;\"><img loading=\"lazy\" decoding=\"async\" class=\"size-medium wp-image-2324 alignright\" src=\"http:\/\/cyclotourers.de\/wp-content\/uploads\/2015\/06\/IMG_3468-224x300.jpg\" alt=\"\" width=\"224\" height=\"300\" srcset=\"https:\/\/cyclotourer.de\/wp-content\/uploads\/2015\/06\/IMG_3468-224x300.jpg 224w, https:\/\/cyclotourer.de\/wp-content\/uploads\/2015\/06\/IMG_3468.jpg 765w\" sizes=\"auto, (max-width: 224px) 100vw, 224px\" \/>Bis nach den ersten 25km ging es ohnehin eben bis leicht absch\u00fcssig voran. Mit einem erreichten Tourentempo von rund 30km\/h fungiert man auch mal als Fliegenf\u00e4nger. Zumindest war mein Arm voll von den kleinen angeprallten und auf dem Sonnenmilch\/Schwei\u00dfmix klebengebliebenen Fliegen.<img loading=\"lazy\" decoding=\"async\" class=\"size-medium wp-image-2323 alignleft\" src=\"http:\/\/cyclotourers.de\/wp-content\/uploads\/2015\/06\/IMG_3469-224x300.jpg\" alt=\"\" width=\"224\" height=\"300\" srcset=\"https:\/\/cyclotourer.de\/wp-content\/uploads\/2015\/06\/IMG_3469-224x300.jpg 224w, https:\/\/cyclotourer.de\/wp-content\/uploads\/2015\/06\/IMG_3469.jpg 765w\" sizes=\"auto, (max-width: 224px) 100vw, 224px\" \/><\/p>\n<p style=\"text-align: justify;\">Weil ich aber keine T\u00e4ler-Tour machte, lies der n\u00e4chste Pass nat\u00fcrlich nicht lange auf sich warten. Zwar schaute ich immer mal hoch auf die schneebedeckten Wipfel, dachte mir bis dahin auch immer, dass sich die n\u00e4chste Steigung ruhig noch ein wenig Zeit lassen k\u00f6nnte. Schlie\u00dflich kam ich ja auch super voran.<\/p>\n<p style=\"text-align: justify;\">Aber nach den 25km war nun Schluss. Ich war lange genug das Valtellina, auf deutsch Veltlintal, hinunter gerollt.Der n\u00e4chste Pass wollte bezwungen werden!<\/p>\n<p style=\"text-align: justify;\">Zwischen den Ortschaften Tiolo und Vernuga musste ich laut dem Navi nach links abbiegen. Fast unscheinbar f\u00fchrte die Stra\u00dfe zun\u00e4chst mit einer leichten Steigung in den Wald hinein. Zun\u00e4chst wollte man meinen, der Weg f\u00fchrte nur an dem Fu\u00dfe des Berges weiter. Bis die erste Kehre kam, dann nahm auch die Steigung eine andere Form an.<\/p>\n<p style=\"text-align: justify;\"><img loading=\"lazy\" decoding=\"async\" class=\"size-medium wp-image-2325 alignright\" src=\"http:\/\/cyclotourers.de\/wp-content\/uploads\/2015\/06\/IMG_3470-300x224.jpg\" alt=\"\" width=\"300\" height=\"224\" srcset=\"https:\/\/cyclotourer.de\/wp-content\/uploads\/2015\/06\/IMG_3470-300x224.jpg 300w, https:\/\/cyclotourer.de\/wp-content\/uploads\/2015\/06\/IMG_3470-768x574.jpg 768w, https:\/\/cyclotourer.de\/wp-content\/uploads\/2015\/06\/IMG_3470.jpg 1024w\" sizes=\"auto, (max-width: 300px) 100vw, 300px\" \/>Zwischen 8 und 10 Prozent Steigung wollten jetzt bek\u00e4mpft werden. Ich fand ein ganz gutes Tempo, so dass ich mit einem Versorgungsstopp und einer kleinen Pause (abgesehen von den kleinen Fotostopps) gut durchkam.<\/p>\n<p style=\"text-align: justify;\"><img loading=\"lazy\" decoding=\"async\" class=\"size-medium wp-image-2326 alignleft\" src=\"http:\/\/cyclotourers.de\/wp-content\/uploads\/2015\/06\/IMG_3472-300x224.jpg\" alt=\"\" width=\"300\" height=\"224\" srcset=\"https:\/\/cyclotourer.de\/wp-content\/uploads\/2015\/06\/IMG_3472-300x224.jpg 300w, https:\/\/cyclotourer.de\/wp-content\/uploads\/2015\/06\/IMG_3472-768x574.jpg 768w, https:\/\/cyclotourer.de\/wp-content\/uploads\/2015\/06\/IMG_3472.jpg 1024w\" sizes=\"auto, (max-width: 300px) 100vw, 300px\" \/>Mit jeder Kehre wurde die Aussicht wieder atemberaubender. Immer wieder kam man an einzelnen H\u00e4usern vorbei. Vor einem standen zwei K\u00fche, vor einem anderen waren ein paar Ziegen an der Kette. Aber bis auf einen kleinen Bauernhof, wo einige Leute am Eingang neue Fu\u00dfwegplatten legten, sah ich keine Menschenseele. Nicht <img loading=\"lazy\" decoding=\"async\" class=\"size-medium wp-image-2327 alignright\" src=\"http:\/\/cyclotourers.de\/wp-content\/uploads\/2015\/06\/IMG_3474-300x224.jpg\" alt=\"\" width=\"300\" height=\"224\" srcset=\"https:\/\/cyclotourer.de\/wp-content\/uploads\/2015\/06\/IMG_3474-300x224.jpg 300w, https:\/\/cyclotourer.de\/wp-content\/uploads\/2015\/06\/IMG_3474-768x574.jpg 768w, https:\/\/cyclotourer.de\/wp-content\/uploads\/2015\/06\/IMG_3474.jpg 1024w\" sizes=\"auto, (max-width: 300px) 100vw, 300px\" \/>einmal eine Handvoll Autos begegnete ich an dem ganzen Anstieg.<\/p>\n<p style=\"text-align: justify;\">Die Temperatur stieg auch an diesem Tag immer weiter. Es waren schon weit \u00fcber drei\u00dfig Grad. Ich bef\u00fcrchtete, dass das Thermometer an meinem Tacho mindestens die vierzig Grad erreichen sollte.<\/p>\n<p style=\"text-align: justify;\">Ich war \u00fcber jeden Baum, der wenigstens mal wenige Meter Schatten werfen sollte, froh. Meine Wasservorr\u00e4te verringerten sich schneller, als ich die Passh\u00f6he erreichen konnte. Ich wartete jedoch vergeblich auf eine weitere Quelle. Die wenigen Wasserl\u00e4ufe waren zwar klar, aber man musste immer mit einer Viehweide oben dr\u00fcber rechnen.<\/p>\n<p style=\"text-align: justify;\">Auf den letzten Metern trank ich sogar noch ein P\u00e4ckchen Dextrose. Zuckers\u00fc\u00df, aber es gab dem Mundraum etwas Feuchtigkeit zur\u00fcck.<img loading=\"lazy\" decoding=\"async\" class=\"size-medium wp-image-2328 alignleft\" src=\"http:\/\/cyclotourers.de\/wp-content\/uploads\/2015\/06\/IMG_3477-300x224.jpg\" alt=\"\" width=\"300\" height=\"224\" srcset=\"https:\/\/cyclotourer.de\/wp-content\/uploads\/2015\/06\/IMG_3477-300x224.jpg 300w, https:\/\/cyclotourer.de\/wp-content\/uploads\/2015\/06\/IMG_3477-768x574.jpg 768w, https:\/\/cyclotourer.de\/wp-content\/uploads\/2015\/06\/IMG_3477.jpg 1024w\" sizes=\"auto, (max-width: 300px) 100vw, 300px\" \/><\/p>\n<p style=\"text-align: justify;\">Nach etwa 1200 H\u00f6henmeter hatte ich es endlich geschafft! Zwischendurch dachte ich, ich w\u00fcrde es nicht bis oben schaffen und w\u00fcnschte, ich h\u00e4tte das 30er Ritzel montiert. Aber ich hatte immer wieder die Z\u00e4hne zusammengebissen und war nach 1:50h auf der Passh\u00f6he angekommen.<\/p>\n<p style=\"text-align: justify;\">Und nun war ich da, an dem Schild welches wie die Hinweisschilder am Fu\u00dfe des Berges f\u00fcr Verwirrung sorgten. Ist das jetzt der Passo della Foppa oder der Passo del Mortirolo?<\/p>\n<p><img loading=\"lazy\" decoding=\"async\" class=\"size-medium wp-image-2329 alignright\" src=\"http:\/\/cyclotourers.de\/wp-content\/uploads\/2015\/06\/IMG_3478-224x300.jpg\" alt=\"\" width=\"224\" height=\"300\" srcset=\"https:\/\/cyclotourer.de\/wp-content\/uploads\/2015\/06\/IMG_3478-224x300.jpg 224w, https:\/\/cyclotourer.de\/wp-content\/uploads\/2015\/06\/IMG_3478.jpg 765w\" sizes=\"auto, (max-width: 224px) 100vw, 224px\" \/><\/p>\n<p style=\"text-align: justify;\">Ich \u00fcbernehme jetzt Mal die Beschreibung von Andreas Albrecht:<\/p>\n<p style=\"text-align: justify;\"><em>Kurz vor Grosio kommt dann der Abzweig nach links zum Passo Mortirolo oder Foppa oder wie, was?! Der unterschiedliche Sprachgebrauch ist verwirrend. De facto gibt es sowohl den einen als den anderen. Der Passo del Mortirolo liegt jedoch etwas abseits der Hauptstra\u00dfe, wenn es nach dem Passo della Foppa hinunter nach Monno geht.<\/em><\/p>\n<p style=\"text-align: justify;\"><em>Der eigentliche Stra\u00dfenpass ist der Foppa. Der Hotelchef Jim Pini vom legend\u00e4ren\u00a0<\/em><a href=\"http:\/\/www.hotelsassella.it\/\"><em>&#8222;Albergo Sassella&#8220;<\/em><\/a><em>\u00a0in Grosio hat mir neulich die Zusammenh\u00e4nge erkl\u00e4rt. Foppa ist wie gesagt die alte, richtige Bezeichnung f\u00fcr den Stra\u00dfenpass. Als dann der Giro d&#8217;Italia einige Male \u00fcber diesen Pass f\u00fchrte, benutzte ein Reporter aus Unkenntnis den Namen des Passes Mortirolo, der Luftlinie keinen Kilometer entfernt liegt, aber nur auf Schotter zu erreichen ist. Das haben dann alle nachgeplappert und so b\u00fcrgerte sich im Laufe der Zeit der &#8222;falsche&#8220; Name f\u00fcr den &#8222;richtigen&#8220; Pass ein. Durch die offenkundig hochwirksame normative Kraft des Faktischen ist inzwischen auch der Name &#8222;Foppa&#8220; von den Wegweisern vor Ort verschwunden.\u00a0<\/em><\/p>\n<p style=\"text-align: justify;\">(Quelle: <a href=\"http:\/\/www.transalp.info\/rennrad\/index.php\">http:\/\/www.transalp.info\/rennrad\/index.php<\/a>)<\/p>\n<p style=\"text-align: justify;\">Nun folgte eine ebenso steile Abfahrt. Ich genoss es, wie der etwas k\u00fchlere Fahrtwind um den K\u00f6rper wehte und f\u00fcr etwas Abk\u00fchlung sorgte. Klar, musste man aufpassen, dass man sich durchgeschwitzt wie man war, nicht eine saftige Erk\u00e4ltung einfing. Aber in diesem Moment war es eine Wohltat.<\/p>\n<p><img loading=\"lazy\" decoding=\"async\" class=\"size-medium wp-image-2078 alignleft\" src=\"http:\/\/cyclotourers.de\/wp-content\/uploads\/2013\/09\/00_company-300x60.jpg\" alt=\"\" width=\"300\" height=\"60\" srcset=\"https:\/\/cyclotourer.de\/wp-content\/uploads\/2013\/09\/00_company-300x60.jpg 300w, https:\/\/cyclotourer.de\/wp-content\/uploads\/2013\/09\/00_company-768x153.jpg 768w, https:\/\/cyclotourer.de\/wp-content\/uploads\/2013\/09\/00_company-1024x204.jpg 1024w, https:\/\/cyclotourer.de\/wp-content\/uploads\/2013\/09\/00_company.jpg 1594w\" sizes=\"auto, (max-width: 300px) 100vw, 300px\" \/><\/p>\n<p style=\"text-align: justify;\">In Monno wurden neue Fangnetze an den Felsen montiert. Ich musste kurz an einer Ampel warten und nutze die Gelegenheit, um noch ein schnelles Foto zu schie\u00dfen.<\/p>\n<p><img loading=\"lazy\" decoding=\"async\" class=\"size-medium wp-image-2330 alignleft\" src=\"http:\/\/cyclotourers.de\/wp-content\/uploads\/2015\/06\/IMG_3479-300x224.jpg\" alt=\"\" width=\"300\" height=\"224\" srcset=\"https:\/\/cyclotourer.de\/wp-content\/uploads\/2015\/06\/IMG_3479-300x224.jpg 300w, https:\/\/cyclotourer.de\/wp-content\/uploads\/2015\/06\/IMG_3479-768x574.jpg 768w, https:\/\/cyclotourer.de\/wp-content\/uploads\/2015\/06\/IMG_3479.jpg 1024w\" sizes=\"auto, (max-width: 300px) 100vw, 300px\" \/><\/p>\n<p style=\"text-align: justify;\">Genauso wie man an den langen Steigungen denkt, dass es doch bald ein Ende haben muss, denkt man es ja schon fast auch an den Abfahrten. Au\u00dferdem ertappte ich mich immer mal dabei, wie mein Blick pr\u00fcfend \u00fcber die vorderen Bremsbacken schweifte. Hielt der Gummi noch bis unten? Da ich mit dem Wetter ja echt Gl\u00fcck hatte, hielten die Bremsbel\u00e4ge nat\u00fcrlich deutlich l\u00e4nger. Wenn ich immer im nassen bremsen m\u00fcsste, w\u00fcrden sie sich quasi abschmirgeln. So sah es jedoch aus, als sollte der montierte Satz ausreichen. Schlie\u00dflich hatte ich die von B.O.C. gelieferten Bel\u00e4ge erst vor dem Tourenstart ausgetauscht.<\/p>\n<p style=\"text-align: justify;\">Am Fiume (Fluss) Oglio ging es flussaufw\u00e4rts weiter in Richtung Ponte di Legno. Zuf\u00e4llig stie\u00df ich auf den neuen Radweg, der direkt nach Ponte di Legno f\u00fchrte. Nun wich ich zwar von meiner Route auf dem Navigationsger\u00e4t ab, aber der Radweg schien erst vor kurzem er\u00f6ffnet worden zu sein.<\/p>\n<p style=\"text-align: justify;\"><img loading=\"lazy\" decoding=\"async\" class=\"size-medium wp-image-2331 alignleft\" src=\"http:\/\/cyclotourers.de\/wp-content\/uploads\/2015\/06\/IMG_3480-224x300.jpg\" alt=\"\" width=\"224\" height=\"300\" srcset=\"https:\/\/cyclotourer.de\/wp-content\/uploads\/2015\/06\/IMG_3480-224x300.jpg 224w, https:\/\/cyclotourer.de\/wp-content\/uploads\/2015\/06\/IMG_3480.jpg 765w\" sizes=\"auto, (max-width: 224px) 100vw, 224px\" \/>\u00a0 \u00a0 \u00a0<img loading=\"lazy\" decoding=\"async\" class=\"size-medium wp-image-2077 alignleft\" src=\"http:\/\/cyclotourers.de\/wp-content\/uploads\/2013\/09\/Aufzeichnen-300x83.jpg\" alt=\"\" width=\"300\" height=\"83\" srcset=\"https:\/\/cyclotourer.de\/wp-content\/uploads\/2013\/09\/Aufzeichnen-300x83.jpg 300w, https:\/\/cyclotourer.de\/wp-content\/uploads\/2013\/09\/Aufzeichnen.jpg 413w\" sizes=\"auto, (max-width: 300px) 100vw, 300px\" \/><img loading=\"lazy\" decoding=\"async\" class=\"size-full wp-image-2191 alignright\" src=\"http:\/\/cyclotourers.de\/wp-content\/uploads\/2015\/06\/560239_230073040445286_1134857405_n.jpg\" alt=\"\" width=\"180\" height=\"180\" srcset=\"https:\/\/cyclotourer.de\/wp-content\/uploads\/2015\/06\/560239_230073040445286_1134857405_n.jpg 180w, https:\/\/cyclotourer.de\/wp-content\/uploads\/2015\/06\/560239_230073040445286_1134857405_n-150x150.jpg 150w\" sizes=\"auto, (max-width: 180px) 100vw, 180px\" \/><\/p>\n<p style=\"text-align: justify;\">Der Radweg lie\u00df sich trotz der Steigung sehr gut fahren und ich konnte wieder an Fahrt gewinnen. Pl\u00f6tzlich sah ich etwas L\u00e4ngliches auf dem Asphalt liegen. F\u00fcr ein heruntergefallener Ast war es zu gleichm\u00e4\u00dfig und zu gerade.<\/p>\n<p style=\"text-align: justify;\">Im letzten Moment sah ich, dass es eine Schlange war und wich gerade noch aus. Ich bremste und drehte, um mir das Tier anzusehen. Ich dachte es w\u00e4re eine Blindschleiche, evtl. eine Natter.<\/p>\n<p style=\"text-align: justify;\">Ich trat schon sehr nahe an das Tier heran, denn schlie\u00dflich war ich davon ausgegangen, dass wir nur harmlose Schlangenarten in unseren Gefilden finden w\u00fcrden. Aber nach einem Tipp von einem Freund, stie\u00df ich auf die Internetseite mit folgender Beschreibung: <a href=\"http:\/\/www.lexikon-schlangen.de\/schlangenarten\/aspisviper.shtml\">www.lexikon-schlangen.de\/schlangenarten\/aspisviper.shtml<img loading=\"lazy\" decoding=\"async\" class=\"size-medium wp-image-2332 alignright\" src=\"http:\/\/cyclotourers.de\/wp-content\/uploads\/2015\/06\/DSC01605-300x225.jpg\" alt=\"\" width=\"300\" height=\"225\" srcset=\"https:\/\/cyclotourer.de\/wp-content\/uploads\/2015\/06\/DSC01605-300x225.jpg 300w, https:\/\/cyclotourer.de\/wp-content\/uploads\/2015\/06\/DSC01605-768x576.jpg 768w, https:\/\/cyclotourer.de\/wp-content\/uploads\/2015\/06\/DSC01605.jpg 1024w\" sizes=\"auto, (max-width: 300px) 100vw, 300px\" \/><\/a><\/p>\n<p style=\"text-align: justify;\"><strong><em>Familie\u00a0\u00a0\u00a0\u00a0\u00a0\u00a0\u00a0\u00a0\u00a0\u00a0\u00a0\u00a0\u00a0\u00a0\u00a0 \/ Ordnung \/ Unterordnung: <\/em><\/strong><em>Vipern (Viperidae) \/ Schuppenkriechtiere (Squamata) \/ Schlangen (Serpentes)<\/em><\/p>\n<p style=\"text-align: justify;\"><strong><em>Lateinischer Name: <\/em><\/strong><em>Vipera aspis<\/em><\/p>\n<p style=\"text-align: justify;\"><strong><em>Beschreibung:<\/em><\/strong><\/p>\n<p style=\"text-align: justify;\"><em>Die Aspisviper wird bis zu 90 Zentimeter lang und geh\u00f6rt der Familie der Vipern an. M\u00e4nchen werden etwas gr\u00f6\u00dfer als die Weibchen. Sie ist eine Giftschlange mit kurzem und d\u00fcnnen Schwanz. Die Farben der Aspisviper reichen von Graut\u00f6nen \u00fcber rot und braun bis komplett schwarz. Der dreieckige Kopf ist etwas vom K\u00f6rper abgesetzt.<\/em><\/p>\n<p style=\"text-align: justify;\"><em>Man findet die Aspisviper in s\u00fcdlichen europ\u00e4ischen L\u00e4ndern, wie Italien, Spanien, Slowenien und Frankreich, aber auch in Teilen Deutschlands (Schwarzwald) und der Schweiz. Es handelt sich zudem um eine \u00fcberwiegend tagaktive Schlangenart, die h\u00f6here Gegenden wie z. B. die Alpen als Lebensraum bevorzugt.<\/em><\/p>\n<p style=\"text-align: justify;\"><em>Die Aspisviper paart sich in der\u00a0Zeit\u00a0von April bis Mai sowie September bis Oktober. Diesew Schlange ist ovovivipar, was soviel hei\u00dft, dass die Jungschlangen lebend zur Welt gebracht werden oder direkt nach der Geburt aus den Eiern schl\u00fcpfen, also nicht erst ausgebr\u00fctet werden m\u00fcssen. In der Regel kommen zwischen zwei bis 15 Jungschlangen zur Welt, die bis zu 14 cm messen k\u00f6nnen.<\/em><\/p>\n<p style=\"text-align: justify;\"><em>Die Aspisviper geh\u00f6rt nicht zu den gef\u00e4hrdeten Schlangenarten, da sie mit sehr unterschiedlichen Lebensr\u00e4umen sehr gut zu Recht kommt.<\/em><\/p>\n<p style=\"text-align: justify;\">Mir war es schon etwas mulmig, als die Schlange irgendwie zischend und raschelnd von dannen zog. Mir war nach meinen Erfahrungen in Afrika wohl bekannt, dass die Schlangen, wenn sie Menschen wittern, das Weite suchen und nur im \u00e4u\u00dfersten Notfall zubei\u00dfen. Aber so das Gesamtpaket\u2026 im Nachhinein!<\/p>\n<p style=\"text-align: justify;\">Ich setzte meine Tour noch f\u00fcr ein paar Kilometer fort. Langsam machte sich auch mein Magen bemerkbar und forderte laut brummelnd etwas feste Nahrung. Ich hatte zwar erst 60km auf dem Tacho, doch der Passo del Foppa zehrte ganz sch\u00f6n die Energie aus den K\u00f6rper.<\/p>\n<p style=\"text-align: justify;\">Der Radweg f\u00fchrte die meiste Zeit au\u00dferhalb der Ortschaften durch Waldst\u00fccke und \u00fcber Felder. Doch in Pontagna, f\u00fchrte er mich direkt an der kleinen Pizzeria La Fucina vorbei.<img loading=\"lazy\" decoding=\"async\" class=\"size-medium wp-image-2333 alignright\" src=\"http:\/\/cyclotourers.de\/wp-content\/uploads\/2015\/06\/DSC01606-300x225.jpg\" alt=\"\" width=\"300\" height=\"225\" srcset=\"https:\/\/cyclotourer.de\/wp-content\/uploads\/2015\/06\/DSC01606-300x225.jpg 300w, https:\/\/cyclotourer.de\/wp-content\/uploads\/2015\/06\/DSC01606-768x576.jpg 768w, https:\/\/cyclotourer.de\/wp-content\/uploads\/2015\/06\/DSC01606.jpg 1024w\" sizes=\"auto, (max-width: 300px) 100vw, 300px\" \/><\/p>\n<p style=\"text-align: justify;\">Das war meine Gelegenheit Kalorien einzufahren. Der Wirt war ein freundlicher Mann, der neben seinem Italienisch nur drei Worte Englisch sprach. Ich orderte mir das Tagesmen\u00fc. Ein gro\u00dfer Teller Pasta mit leckerer Bolognese und einem Berg Parmesan sollte mir wieder Kraft geben. Scheinbar sah ich ausgehungert aus, denn der Wirt stellte mir eine gro\u00dfe Sch\u00fcssel vor die Nase. Ich schaufelte die extra gro\u00dfe Portion in mich rein, sch\u00fcttete noch zwei Cola drauf und w\u00fcnschte zu zahlen.<\/p>\n<p style=\"text-align: justify;\">Der Wirt stammelte lachend die Worte: \u201eOh, big Apetitto, big Apetitto\u201c und rieb sich lachend den Bauch.<\/p>\n<p style=\"text-align: justify;\">Es war nicht nur der Hunger der mich trieb, ich wollte auch schnell weiter. Lange Pausen machen tr\u00e4ge und meistens findet man den runden Tritt nicht mehr. Ich hatte zwar das H\u00f6henprofil von diesem Tag nicht im Kopf, aber sch\u00e4tzungsweise hatte ich noch nicht einmal die H\u00e4lfte von den H\u00f6henmetern, die ich bis zu meinen Tagesziel abspulen wollte.<\/p>\n<p style=\"text-align: justify;\">Mit vollem Bauch setzte ich meine Tour fort. Der Radweg f\u00fchrte mich nun durch die schmalen Gassen der Vorstadt von Ponte di Legno und weiter auf die Staatsstra\u00dfe.<\/p>\n<p><img loading=\"lazy\" decoding=\"async\" class=\"size-medium wp-image-2334 alignleft\" src=\"http:\/\/cyclotourers.de\/wp-content\/uploads\/2015\/06\/IMG_3484-224x300.jpg\" alt=\"\" width=\"224\" height=\"300\" srcset=\"https:\/\/cyclotourer.de\/wp-content\/uploads\/2015\/06\/IMG_3484-224x300.jpg 224w, https:\/\/cyclotourer.de\/wp-content\/uploads\/2015\/06\/IMG_3484.jpg 765w\" sizes=\"auto, (max-width: 224px) 100vw, 224px\" \/><\/p>\n<p style=\"text-align: justify;\">Jetzt hie\u00df es wieder schuften, der n\u00e4chste Pass lag vor mir: der Passo del Tonale!<\/p>\n<p style=\"text-align: justify;\">Eigentlich war der Tonale Pass mit einer Steigung von 6-7% gar nicht so wild, aber Temperaturen bis zu 40\u00b0C raubten Kraft. Unterwegs traf ich einen lustigen Zeitgenossen aus Barcelona. Er w\u00e4re vor 15 Tagen in Barcelona gestartet, wollte \u00fcber die Alpen nach Italien und am Mittelmeer entlang zur\u00fcck nach Hause. Eine ordentliche Tour!<\/p>\n<p><img loading=\"lazy\" decoding=\"async\" class=\"size-medium wp-image-2335 alignright\" src=\"http:\/\/cyclotourers.de\/wp-content\/uploads\/2015\/06\/DSC01609-300x225.jpg\" alt=\"\" width=\"300\" height=\"225\" srcset=\"https:\/\/cyclotourer.de\/wp-content\/uploads\/2015\/06\/DSC01609-300x225.jpg 300w, https:\/\/cyclotourer.de\/wp-content\/uploads\/2015\/06\/DSC01609-768x576.jpg 768w, https:\/\/cyclotourer.de\/wp-content\/uploads\/2015\/06\/DSC01609.jpg 1024w\" sizes=\"auto, (max-width: 300px) 100vw, 300px\" \/><\/p>\n<p style=\"text-align: justify;\">Ich reduzierte mein Tempo und teilte einige Kilometer mit ihm. Zeitweise war durch die unterschiedliche \u00dcbersetzung mein Tritt einfach zu langsam, so langsam, dass ich in einen ganz lockeren Wiegetritt ging. Ich setzte mich vor ihn, um ihm das bisschen Windschatten zu geben.<\/p>\n<p style=\"text-align: justify;\">So verstrich die Zeit ganz gut. Wir kamen zusammen oben am Pass an. Schossen noch ein paar Bilder, tankten Fl\u00fcssigkeit und verabschiedeten uns mit den besten W\u00fcnschen.<\/p>\n<p><img loading=\"lazy\" decoding=\"async\" class=\"size-medium wp-image-2320 aligncenter\" src=\"http:\/\/cyclotourers.de\/wp-content\/uploads\/2015\/06\/transalp_shuttle_logodesign_horizontal_by_zalanvoros_130509-300x69.png\" alt=\"\" width=\"300\" height=\"69\" srcset=\"https:\/\/cyclotourer.de\/wp-content\/uploads\/2015\/06\/transalp_shuttle_logodesign_horizontal_by_zalanvoros_130509-300x69.png 300w, https:\/\/cyclotourer.de\/wp-content\/uploads\/2015\/06\/transalp_shuttle_logodesign_horizontal_by_zalanvoros_130509-768x177.png 768w, https:\/\/cyclotourer.de\/wp-content\/uploads\/2015\/06\/transalp_shuttle_logodesign_horizontal_by_zalanvoros_130509-1024x236.png 1024w\" sizes=\"auto, (max-width: 300px) 100vw, 300px\" \/><\/p>\n<p style=\"text-align: justify;\">Mittlerweile war der Himmel ziemlich zugezogen. Die Temperatur fiel bis auf 21\u00b0C, aber es blieb wie auf den letzten Metern am Anstieg schw\u00fcl.<\/p>\n<p style=\"text-align: center;\"><img loading=\"lazy\" decoding=\"async\" class=\"size-medium wp-image-2336 alignleft\" src=\"http:\/\/cyclotourers.de\/wp-content\/uploads\/2015\/06\/DSC01608-300x225.jpg\" alt=\"\" width=\"300\" height=\"225\" srcset=\"https:\/\/cyclotourer.de\/wp-content\/uploads\/2015\/06\/DSC01608-300x225.jpg 300w, https:\/\/cyclotourer.de\/wp-content\/uploads\/2015\/06\/DSC01608-768x576.jpg 768w, https:\/\/cyclotourer.de\/wp-content\/uploads\/2015\/06\/DSC01608.jpg 1024w\" sizes=\"auto, (max-width: 300px) 100vw, 300px\" \/><img loading=\"lazy\" decoding=\"async\" class=\"size-medium wp-image-2337 alignleft\" src=\"http:\/\/cyclotourers.de\/wp-content\/uploads\/2015\/06\/DSC01610-300x225.jpg\" alt=\"\" width=\"300\" height=\"225\" srcset=\"https:\/\/cyclotourer.de\/wp-content\/uploads\/2015\/06\/DSC01610-300x225.jpg 300w, https:\/\/cyclotourer.de\/wp-content\/uploads\/2015\/06\/DSC01610-768x576.jpg 768w, https:\/\/cyclotourer.de\/wp-content\/uploads\/2015\/06\/DSC01610.jpg 1024w\" sizes=\"auto, (max-width: 300px) 100vw, 300px\" \/><\/p>\n<p style=\"text-align: justify;\">Vorbei am Denkmal an den ersten Weltkrieg und zwischen den wenigen H\u00e4usern hindurch folgte nun wieder eine sch\u00f6ne und kurvige Abfahrt.<\/p>\n<p><img loading=\"lazy\" decoding=\"async\" class=\"size-medium wp-image-2338 alignleft\" src=\"http:\/\/cyclotourers.de\/wp-content\/uploads\/2015\/06\/DSC01612-300x225.jpg\" alt=\"\" width=\"300\" height=\"225\" srcset=\"https:\/\/cyclotourer.de\/wp-content\/uploads\/2015\/06\/DSC01612-300x225.jpg 300w, https:\/\/cyclotourer.de\/wp-content\/uploads\/2015\/06\/DSC01612-768x576.jpg 768w, https:\/\/cyclotourer.de\/wp-content\/uploads\/2015\/06\/DSC01612.jpg 1024w\" sizes=\"auto, (max-width: 300px) 100vw, 300px\" \/><\/p>\n<p style=\"text-align: justify;\">Die Passstra\u00dfe schl\u00e4ngelte sich am Berghang weit in die Schluchten hinein. Hinter den Leitplanken fiel das Gel\u00e4nde tief ab. Undenkbar, wenn man hier die Kurve nicht bekommen sollte und die Leitplanke durchbrechen w\u00fcrde.<\/p>\n<p style=\"text-align: justify;\">Aber so bekam man wieder fast unendliche Aussichten geboten.<\/p>\n<p><img loading=\"lazy\" decoding=\"async\" class=\"size-medium wp-image-2339 alignright\" src=\"http:\/\/cyclotourers.de\/wp-content\/uploads\/2015\/06\/IMG_3488-224x300.jpg\" alt=\"\" width=\"224\" height=\"300\" srcset=\"https:\/\/cyclotourer.de\/wp-content\/uploads\/2015\/06\/IMG_3488-224x300.jpg 224w, https:\/\/cyclotourer.de\/wp-content\/uploads\/2015\/06\/IMG_3488.jpg 765w\" sizes=\"auto, (max-width: 224px) 100vw, 224px\" \/><\/p>\n<p style=\"text-align: justify;\">Es ging vorbei an einem alten Sperrfort, das Forte Strino. Dieses Sperrfort war eins der ersten dieser Art und wurde zwischen 1860 und 1864 von den \u00d6sterreichern erbaut.<\/p>\n<p><img loading=\"lazy\" decoding=\"async\" class=\"alignnone size-full wp-image-2191\" src=\"http:\/\/cyclotourers.de\/wp-content\/uploads\/2015\/06\/560239_230073040445286_1134857405_n.jpg\" alt=\"\" width=\"180\" height=\"180\" srcset=\"https:\/\/cyclotourer.de\/wp-content\/uploads\/2015\/06\/560239_230073040445286_1134857405_n.jpg 180w, https:\/\/cyclotourer.de\/wp-content\/uploads\/2015\/06\/560239_230073040445286_1134857405_n-150x150.jpg 150w\" sizes=\"auto, (max-width: 180px) 100vw, 180px\" \/><\/p>\n<p><img loading=\"lazy\" decoding=\"async\" class=\"size-medium wp-image-2340 alignleft\" src=\"http:\/\/cyclotourers.de\/wp-content\/uploads\/2015\/06\/IMG_3489-300x224.jpg\" alt=\"\" width=\"300\" height=\"224\" srcset=\"https:\/\/cyclotourer.de\/wp-content\/uploads\/2015\/06\/IMG_3489-300x224.jpg 300w, https:\/\/cyclotourer.de\/wp-content\/uploads\/2015\/06\/IMG_3489-768x574.jpg 768w, https:\/\/cyclotourer.de\/wp-content\/uploads\/2015\/06\/IMG_3489.jpg 1024w\" sizes=\"auto, (max-width: 300px) 100vw, 300px\" \/><\/p>\n<p style=\"text-align: justify;\">Ab hier sollte aber noch fast 20 km(!) Abfahrt folgen. Auf Dauer wird diese andauernde Konzentration auch anstrengend. Bremse l\u00f6sen, rollen lassen, vor den Kurven wieder abbremsen\u2026 Mit Spitzengeschwindigkeiten weit \u00fcber 60km\/h rollte ich bis ins Tal nach Mezzana. Hier f\u00fchrte mich das Navi auf den Radweg bis nach Dimaro.<\/p>\n<p><img loading=\"lazy\" decoding=\"async\" class=\"size-medium wp-image-2341 alignright\" src=\"http:\/\/cyclotourers.de\/wp-content\/uploads\/2015\/06\/DSC01614-300x225.jpg\" alt=\"\" width=\"300\" height=\"225\" srcset=\"https:\/\/cyclotourer.de\/wp-content\/uploads\/2015\/06\/DSC01614-300x225.jpg 300w, https:\/\/cyclotourer.de\/wp-content\/uploads\/2015\/06\/DSC01614-768x576.jpg 768w, https:\/\/cyclotourer.de\/wp-content\/uploads\/2015\/06\/DSC01614.jpg 1024w\" sizes=\"auto, (max-width: 300px) 100vw, 300px\" \/><\/p>\n<p style=\"text-align: justify;\">In Mastellina wollte ich einmal schlauer sein als das Navi von <a href=\"http:\/\/www.transalp-shuttle.com\">www.transalp-shuttle.com<\/a>. Aber manchmal wei\u00df die Technik nun mal am besten Bescheid wo es lang geht und ich endete in einer Sackgasse. Zum Gl\u00fcck war ich nicht besonders weit gekommen und ich musste nur wenige hundert Meter sinnlosen Weg in Kauf nehmen.<\/p>\n<p style=\"text-align: justify;\">Aber so traf ich meinen Leidensgenossen vom Anstieg des Tonale Pass noch einmal. Ich \u00fcberholte ihn noch ein letztes Mal. Wir w\u00fcnschten uns am vorbei fahren nochmals viel Gl\u00fcck und ich zog mit meinem schnellerem Bike auf der ebnen Strecke davon.<\/p>\n<p style=\"text-align: justify;\">Kurz darauf erreichte ich auch schon Dimaro, jetzt sollte mein letzter langer Anstieg f\u00fcr diesen Tag folgen. In Madonna di Campiglio sollte dann Schluss sein, dann war ich voll in meinem Zeitplan.<\/p>\n<p><img loading=\"lazy\" decoding=\"async\" class=\"size-medium wp-image-2342 alignleft\" src=\"http:\/\/cyclotourers.de\/wp-content\/uploads\/2015\/06\/IMG_3491-300x224.jpg\" alt=\"\" width=\"300\" height=\"224\" srcset=\"https:\/\/cyclotourer.de\/wp-content\/uploads\/2015\/06\/IMG_3491-300x224.jpg 300w, https:\/\/cyclotourer.de\/wp-content\/uploads\/2015\/06\/IMG_3491-768x574.jpg 768w, https:\/\/cyclotourer.de\/wp-content\/uploads\/2015\/06\/IMG_3491.jpg 1024w\" sizes=\"auto, (max-width: 300px) 100vw, 300px\" \/><\/p>\n<p style=\"text-align: justify;\">Es folgte zwar einr moderate Auffahrt, aber die wollte nach diesem Tag noch bew\u00e4ltigt werden. Das die Tagesetappe \u00fcber 3000 H\u00f6henmeter haben sollte, war mir im Vorfeld schon bewusst. Aber nachdem Stilfserjoch rechnete ich nicht mehr mit einem so harten Tag wie der zuvor.<\/p>\n<p style=\"text-align: justify;\">Es folgten zun\u00e4chst 8 Kehren. In meinem leichtesten Gang strampelte ich immer weiter. Ab und an schaltete ich in den 2 Gang, aber kurz darauf wieder zur\u00fcck und kurbelte in einer h\u00f6heren Trittfrquenz.<\/p>\n<p style=\"text-align: justify;\">Zwischendurch tr\u00f6tete mein Smartphone, so wusste ich wieder, dass es noch Menschen gab, die mich live verfolgten und mich \u00fcber die Runtastic-App motivieren wollten. Das gab einem nat\u00fcrlich noch einmal mentale Kraft.<\/p>\n<p><img loading=\"lazy\" decoding=\"async\" class=\"size-medium wp-image-2343 alignright\" src=\"http:\/\/cyclotourers.de\/wp-content\/uploads\/2015\/06\/IMG_3492-224x300.jpg\" alt=\"\" width=\"224\" height=\"300\" srcset=\"https:\/\/cyclotourer.de\/wp-content\/uploads\/2015\/06\/IMG_3492-224x300.jpg 224w, https:\/\/cyclotourer.de\/wp-content\/uploads\/2015\/06\/IMG_3492.jpg 765w\" sizes=\"auto, (max-width: 224px) 100vw, 224px\" \/><\/p>\n<p style=\"text-align: justify;\">Nach etwa f\u00fcnf Kilometern erreichte ich Folgarida. Wie gro\u00df der Ort eigentlich war, bekam ich gar nicht mit. Ich streifte nur ein paar Hotels und dachte das w\u00e4re es auch schon im Gro\u00dfen und Ganzen gewesen. Das der Ort viel gr\u00f6\u00dfer war, bekam ich erst im Nachhinein mit.<\/p>\n<p style=\"text-align: justify;\">In diesem Moment war es aber auch egal, denn ich hatte ja mein Ziel. 900H\u00f6henmeter waren zu bew\u00e4ltigen, das wusste ich noch aus dem Tourenbericht von Andreas Albrecht.<\/p>\n<p><img loading=\"lazy\" decoding=\"async\" class=\"size-medium wp-image-2344 alignleft\" src=\"http:\/\/cyclotourers.de\/wp-content\/uploads\/2015\/06\/IMG_3493-300x224.jpg\" alt=\"\" width=\"300\" height=\"224\" srcset=\"https:\/\/cyclotourer.de\/wp-content\/uploads\/2015\/06\/IMG_3493-300x224.jpg 300w, https:\/\/cyclotourer.de\/wp-content\/uploads\/2015\/06\/IMG_3493-768x574.jpg 768w, https:\/\/cyclotourer.de\/wp-content\/uploads\/2015\/06\/IMG_3493.jpg 1024w\" sizes=\"auto, (max-width: 300px) 100vw, 300px\" \/><\/p>\n<p style=\"text-align: justify;\">Jetzt verstand ich aber auch, warum Andreas seine Lust an dieser Steigung so schnell verschwand. Der Pass wollte einfach nicht enden.<\/p>\n<p style=\"text-align: justify;\">Die n\u00e4chsten f\u00fcnf Kilometer waren geschafft, aber es war immer noch kein Ende in Sicht. Die H\u00f6henmeter von diesem Tag machten sich langsam bemerkbar. Die Idee, evtuell doch noch etwas weiter zu fahren, wurde verworfen. Nein, heute werde ich auch nicht weiter fahren als vorgenommen. Wasser hatte ich noch genug, aber mein Magen begann so langsam nach festen Nahrungsmittel zu knurren.<\/p>\n<p style=\"text-align: justify;\">So langsam kam ich auch wieder auf eine H\u00f6he, wo noch Schneereste lagen.<\/p>\n<p style=\"text-align: justify;\"><img loading=\"lazy\" decoding=\"async\" class=\"size-medium wp-image-2345 alignright\" src=\"http:\/\/cyclotourers.de\/wp-content\/uploads\/2015\/06\/IMG_3495-225x300.jpg\" alt=\"\" width=\"225\" height=\"300\" srcset=\"https:\/\/cyclotourer.de\/wp-content\/uploads\/2015\/06\/IMG_3495-225x300.jpg 225w, https:\/\/cyclotourer.de\/wp-content\/uploads\/2015\/06\/IMG_3495.jpg 480w\" sizes=\"auto, (max-width: 225px) 100vw, 225px\" \/>Es war zwar dicht bew\u00f6lkt, aber es blieb trocken. Die Temperatur war auch nicht weiter als die 21\u00b0C gestiegen. So lange es aufw\u00e4rts ging, war es auch nicht weiter schlimm. Im Gegenteil, es war f\u00fcr eine lange Auffahrt die optimale Temperatur. Froh war ich, dass bei dieser Tour der zerm\u00fcrbende Gegenwind ausblieb.<\/p>\n<p style=\"text-align: justify;\">Nach etwa 15 km und den bereits erw\u00e4hnten 900 H\u00f6henmeter, war ich auf 1682 Meter \u00fcber dem Meeresspiegel, auf der Passh\u00f6he angekommen.<\/p>\n<p style=\"text-align: justify;\">Ich sp\u00fcrte, dass meine Beine langsam weich wurden. Und was sich auch wieder zur\u00fcck meldete, war mein Hintern. Jetzt brannte er noch einiges mehr, als an den letzten Tagen.<\/p>\n<p style=\"text-align: justify;\">Jetzt folgte noch eine 3 Kilometer lange Abfahrt. Der Fahrtwind k\u00fchlte mich sofort aus. Umso gl\u00fccklicher war ich, als ich an dem Hotel Arnica ankam. Auch hier verlie\u00df mich nicht mein Gl\u00fcck. Ich bekam ein Zimmer. Zum Essen bekam ich die Pizzeria Le Roi empfohlen.<\/p>\n<p style=\"text-align: justify;\">Nachdem ich meine allt\u00e4gliche Prozedur mit Trikotwaschen und auswringen hinter mir hatte, duschte ich auch noch schnell und sprang fast aus der Dusche, als das Duschgel \u00fcber mein wundes Sitzfleisch floss. Konnte ich in diesem Zustand am n\u00e4chsten Tag \u00fcberhaupt weiter fahren? Musste ich hier Zwangspausieren?<img loading=\"lazy\" decoding=\"async\" class=\"size-medium wp-image-2346 alignleft\" src=\"http:\/\/cyclotourers.de\/wp-content\/uploads\/2015\/06\/IMG_3497-300x224.jpg\" alt=\"\" width=\"300\" height=\"224\" srcset=\"https:\/\/cyclotourer.de\/wp-content\/uploads\/2015\/06\/IMG_3497-300x224.jpg 300w, https:\/\/cyclotourer.de\/wp-content\/uploads\/2015\/06\/IMG_3497-768x574.jpg 768w, https:\/\/cyclotourer.de\/wp-content\/uploads\/2015\/06\/IMG_3497.jpg 1024w\" sizes=\"auto, (max-width: 300px) 100vw, 300px\" \/><\/p>\n<p><img loading=\"lazy\" decoding=\"async\" class=\"size-medium wp-image-2347 alignright\" src=\"http:\/\/cyclotourers.de\/wp-content\/uploads\/2015\/06\/IMG_3498-224x300.jpg\" alt=\"\" width=\"224\" height=\"300\" srcset=\"https:\/\/cyclotourer.de\/wp-content\/uploads\/2015\/06\/IMG_3498-224x300.jpg 224w, https:\/\/cyclotourer.de\/wp-content\/uploads\/2015\/06\/IMG_3498.jpg 765w\" sizes=\"auto, (max-width: 224px) 100vw, 224px\" \/><\/p>\n<p style=\"text-align: justify;\">Da mein Hunger riesig war, bestellte ich mir eine gro\u00dfe Pizza. Die war mit Weizenbier jedoch schnell weggesp\u00fclt. Mein Magen knurrte nach mehr. Scheinbar war er der Meinung ein Aperitif w\u00e4re angesp\u00fclt worden.<\/p>\n<p><img loading=\"lazy\" decoding=\"async\" class=\"size-medium wp-image-2348 alignleft\" src=\"http:\/\/cyclotourers.de\/wp-content\/uploads\/2015\/06\/IMG_3499-300x224.jpg\" alt=\"\" width=\"300\" height=\"224\" srcset=\"https:\/\/cyclotourer.de\/wp-content\/uploads\/2015\/06\/IMG_3499-300x224.jpg 300w, https:\/\/cyclotourer.de\/wp-content\/uploads\/2015\/06\/IMG_3499-768x574.jpg 768w, https:\/\/cyclotourer.de\/wp-content\/uploads\/2015\/06\/IMG_3499.jpg 1024w\" sizes=\"auto, (max-width: 300px) 100vw, 300px\" \/><\/p>\n<p style=\"text-align: justify;\">Als Tagesmenu gab es Rippchen. Eigentlich Spare-Rips, nur nicht gegrillt sondern ge-kocht. Dazu ged\u00fcnstete kleine\u00a0 Zwiebeln und an-gebratene Kartoffeln und noch weiteres Weizenbier. Auch dieser Teller war in k\u00fcrzester Zeit weggeputzt. Selbst der Koch kam aus der K\u00fcche und schaute grinsend in meine Richtung. Scheinbar hatte das Personal \u00fcber meinen Hunger gesprochen. Jedenfalls schauten sie \u00fcber mein Essverhalten verwundert.<\/p>\n<p style=\"text-align: justify;\">Ich musste meine Sitzposition immer wieder ver\u00e4ndern und von eine Pobacke auf die andere wechseln. Fies, dass man diese Art von Wunden immer erst sp\u00fcrt, wenn es schon fast zu sp\u00e4t ist.<\/p>\n<p style=\"text-align: justify;\">Ich eierte zur\u00fcck ins Hotel, legte mich ins Bett und schaltete den Fernseher an. Jedoch bekam ich nicht mal mehr das erste Bild mit, denn ich war bereits eingeschlafen.<\/p>\n<p style=\"text-align: justify;\"><strong>\u00a0<\/strong><\/p>\n<p style=\"text-align: justify;\"><strong>Daten:\u00a0<img loading=\"lazy\" decoding=\"async\" class=\" wp-image-2479 alignright\" src=\"http:\/\/cyclotourers.de\/wp-content\/uploads\/2015\/06\/4.1-300x144.png\" alt=\"\" width=\"450\" height=\"216\" srcset=\"https:\/\/cyclotourer.de\/wp-content\/uploads\/2015\/06\/4.1-300x144.png 300w, https:\/\/cyclotourer.de\/wp-content\/uploads\/2015\/06\/4.1.png 501w\" sizes=\"auto, (max-width: 450px) 100vw, 450px\" \/><\/strong><\/p>\n<p style=\"text-align: justify;\">Distanz:\u00a0\u00a0\u00a0\u00a0\u00a0\u00a0\u00a0\u00a0\u00a0\u00a0\u00a0\u00a0\u00a0\u00a0 \u00a0\u00a0\u00a0\u00a0\u00a0\u00a0\u00a0\u00a0\u00a0\u00a0\u00a0\u00a0\u00a0\u00a0\u00a0 121,01<\/p>\n<p style=\"text-align: justify;\">Zeit: \u00a0\u00a0\u00a0\u00a0 \u00a0\u00a0\u00a0\u00a0\u00a0\u00a0\u00a0\u00a0\u00a0\u00a0\u00a0\u00a0\u00a0\u00a0\u00a0\u00a0\u00a0\u00a0\u00a0\u00a0\u00a0\u00a0\u00a0\u00a0\u00a0\u00a0\u00a0\u00a0\u00a0\u00a0 7:08h<\/p>\n<p style=\"text-align: justify;\">H\u00f6henmeter \u00a0\u00a0\u00a0 \u00a0\u00a0\u00a0\u00a0\u00a0\u00a0\u00a0\u00a0\u00a0\u00a0\u00a0\u00a0\u00a0\u00a0\u00a0 + 3070<\/p>\n<p style=\"text-align: justify;\">H\u00f6henmeter \u00a0\u00a0\u00a0 \u00a0\u00a0\u00a0\u00a0\u00a0\u00a0\u00a0\u00a0\u00a0\u00a0\u00a0\u00a0\u00a0\u00a0\u00a0 &#8211; 2719<\/p>\n<p style=\"text-align: justify;\">Steig Durchschn. \u00a0\u00a0\u00a0\u00a0\u00a0\u00a0\u00a0\u00a0\u00a0\u00a0\u00a0 5 %<img loading=\"lazy\" decoding=\"async\" class=\" wp-image-2480 alignright\" src=\"http:\/\/cyclotourers.de\/wp-content\/uploads\/2015\/06\/4.2-300x193.png\" alt=\"\" width=\"431\" height=\"277\" srcset=\"https:\/\/cyclotourer.de\/wp-content\/uploads\/2015\/06\/4.2-300x193.png 300w, https:\/\/cyclotourer.de\/wp-content\/uploads\/2015\/06\/4.2.png 549w\" sizes=\"auto, (max-width: 431px) 100vw, 431px\" \/><\/p>\n<p style=\"text-align: justify;\">Steig. Max. \u00a0\u00a0\u00a0\u00a0\u00a0\u00a0\u00a0\u00a0\u00a0\u00a0\u00a0\u00a0\u00a0\u00a0\u00a0\u00a0\u00a0\u00a0\u00a0\u00a0\u00a0\u00a0 15%<\/p>\n<p style=\"text-align: justify;\">Tempo max: \u00a0\u00a0\u00a0\u00a0 \u00a0\u00a0\u00a0\u00a0\u00a0\u00a0\u00a0\u00a0\u00a0\u00a0\u00a0\u00a0\u00a0\u00a0\u00a0 66,90 km\/h<\/p>\n<p style=\"text-align: justify;\">Tempo Durchschn.\u00a0\u00a0\u00a0\u00a0\u00a0\u00a0\u00a0\u00a0 16,95 km\/h<\/p>\n<p style=\"text-align: justify;\">Temperatur\u00a0\u00a0\u00a0\u00a0\u00a0\u00a0 \u00a0\u00a0\u00a0\u00a0\u00a0\u00a0\u00a0\u00a0\u00a0\u00a0\u00a0\u00a0\u00a0\u00a0\u00a0 bis 39\/40\u00b0C<\/p>\n<p style=\"text-align: justify;\"><strong>\u00a0<\/strong><\/p>\n<p><img loading=\"lazy\" decoding=\"async\" class=\"size-medium wp-image-2078 aligncenter\" src=\"http:\/\/cyclotourers.de\/wp-content\/uploads\/2013\/09\/00_company-300x60.jpg\" alt=\"\" width=\"300\" height=\"60\" srcset=\"https:\/\/cyclotourer.de\/wp-content\/uploads\/2013\/09\/00_company-300x60.jpg 300w, https:\/\/cyclotourer.de\/wp-content\/uploads\/2013\/09\/00_company-768x153.jpg 768w, https:\/\/cyclotourer.de\/wp-content\/uploads\/2013\/09\/00_company-1024x204.jpg 1024w, https:\/\/cyclotourer.de\/wp-content\/uploads\/2013\/09\/00_company.jpg 1594w\" sizes=\"auto, (max-width: 300px) 100vw, 300px\" \/><\/p>\n<h4 style=\"text-align: justify;\"><strong>\u00a0<\/strong><strong>Finale<\/strong><\/h4>\n<p style=\"text-align: justify;\">Wieder war ich vor dem Wecker wach. Ich konnte mich im Tiefschlaf ganz gut erholen. Selbst mein Hintern brannte nicht mehr so derbe, wie noch wenige Stunden zuvor.<\/p>\n<p style=\"text-align: justify;\">Das Fr\u00fchst\u00fcck fiel nicht ganz so \u00fcppig aus. Ich vermisse ja schon das morgendliche R\u00fchrei. Seit M\u00fcnchen gab es h\u00f6chstens mal ein gekochtes Ei, wenn \u00fcberhaupt.<\/p>\n<p style=\"text-align: justify;\">Bei strahlend blauem Himmel startete ich in die letzte Etappe. Sollte es wirklich die letzte sein?<\/p>\n<p><img loading=\"lazy\" decoding=\"async\" class=\"size-medium wp-image-2349 alignleft\" src=\"http:\/\/cyclotourers.de\/wp-content\/uploads\/2015\/06\/IMG_3500-224x300.jpg\" alt=\"\" width=\"224\" height=\"300\" srcset=\"https:\/\/cyclotourer.de\/wp-content\/uploads\/2015\/06\/IMG_3500-224x300.jpg 224w, https:\/\/cyclotourer.de\/wp-content\/uploads\/2015\/06\/IMG_3500.jpg 765w\" sizes=\"auto, (max-width: 224px) 100vw, 224px\" \/>Wenn alles gut gehen w\u00fcrde, sollte ich nach etwa 80km an meinem Tourenziel Torbole ankommen.<\/p>\n<p style=\"text-align: justify;\">Zun\u00e4chst konnte ich meine Etappe ohne gro\u00dfe Anstrengung beginnen. Da mein Trikot morgens noch nicht durchgeschwitzt war, reichte die Windweste aus, um den k\u00fchleren Fahrtwind abzuhalten.<\/p>\n<p style=\"text-align: justify;\">Der azurblaue Himmel, den Blick auf die schneebedeckten Gipfel und das Wissen, dass ich heute mein Tourenziel erreichen sollte, stimmten mich fr\u00f6hlich.<\/p>\n<p style=\"text-align: justify;\">2 P\u00e4sse warteten heute noch auf mich. Diese sollten aber nicht mehr ganz so hart ausfallen. Wenn ich auf die letzten Tage zur\u00fcck blicke kann ich sagen, dass ich mich sch\u00f6n an die P\u00e4sse gew\u00f6hnt hatte. Ich denke, ich habe f\u00fcr mich pers\u00f6nlich ein ganz gutes Tempo gefunden, um auch die ewigen P\u00e4sse mit wenig Pausen zu erklimmen.<\/p>\n<p style=\"text-align: justify;\">Aber noch ging es bergab. Kilometer f\u00fcr Kilometer rollte ich immer weiter nach Spiazzo. Nun bog ich aus dem Tal ab und fuhr auf den ersten Pass des Tages.<\/p>\n<p><img loading=\"lazy\" decoding=\"async\" class=\"size-medium wp-image-2351 alignright\" src=\"http:\/\/cyclotourers.de\/wp-content\/uploads\/2015\/06\/IMG_3506-300x224.jpg\" alt=\"\" width=\"300\" height=\"224\" srcset=\"https:\/\/cyclotourer.de\/wp-content\/uploads\/2015\/06\/IMG_3506-300x224.jpg 300w, https:\/\/cyclotourer.de\/wp-content\/uploads\/2015\/06\/IMG_3506-768x574.jpg 768w, https:\/\/cyclotourer.de\/wp-content\/uploads\/2015\/06\/IMG_3506.jpg 1024w\" sizes=\"auto, (max-width: 300px) 100vw, 300px\" \/><\/p>\n<p style=\"text-align: justify;\">Zeitweise mit knackigen Rampen war der mit etwa 8km lange Pass nicht ganz so anstrengend wie zuvor gedacht. Ich fand aber auch gut in den Tag und hatte mich l\u00e4ngst an lange Auffahrten gew\u00f6hnt. Ich f\u00fchlte mich blendend und war voller Vorfreude auf den Gardasee.<\/p>\n<p><img loading=\"lazy\" decoding=\"async\" class=\"size-medium wp-image-2352 alignleft\" src=\"http:\/\/cyclotourers.de\/wp-content\/uploads\/2015\/06\/IMG_3507-300x224.jpg\" alt=\"\" width=\"300\" height=\"224\" srcset=\"https:\/\/cyclotourer.de\/wp-content\/uploads\/2015\/06\/IMG_3507-300x224.jpg 300w, https:\/\/cyclotourer.de\/wp-content\/uploads\/2015\/06\/IMG_3507-768x574.jpg 768w, https:\/\/cyclotourer.de\/wp-content\/uploads\/2015\/06\/IMG_3507.jpg 1024w\" sizes=\"auto, (max-width: 300px) 100vw, 300px\" \/><\/p>\n<p><img loading=\"lazy\" decoding=\"async\" class=\"size-medium wp-image-2353 alignright\" src=\"http:\/\/cyclotourers.de\/wp-content\/uploads\/2015\/06\/IMG_3508-300x225.jpg\" alt=\"\" width=\"300\" height=\"225\" srcset=\"https:\/\/cyclotourer.de\/wp-content\/uploads\/2015\/06\/IMG_3508-300x225.jpg 300w, https:\/\/cyclotourer.de\/wp-content\/uploads\/2015\/06\/IMG_3508.jpg 640w\" sizes=\"auto, (max-width: 300px) 100vw, 300px\" \/><\/p>\n<p style=\"text-align: justify;\">Bei der folgenden steilen Abfahrt wurde ich von wildem Hundegebell aus meinen Gedanken gerissen. Ich bremste vorsorglich mein Tempo runter. Dann sah ich zwei Hunde auf der Passstra\u00dfe hin und her laufen. Warum war auch schnell klar, H\u00fctehunde! Ein Sch\u00e4fer war mit seiner Herde unterwegs, welche die steilen H\u00e4nge entlang der Stra\u00dfe frei fra\u00dfen.<\/p>\n<p><img loading=\"lazy\" decoding=\"async\" class=\"size-medium wp-image-2354 alignleft\" src=\"http:\/\/cyclotourers.de\/wp-content\/uploads\/2015\/06\/IMG_3509-300x224.jpg\" alt=\"\" width=\"300\" height=\"224\" srcset=\"https:\/\/cyclotourer.de\/wp-content\/uploads\/2015\/06\/IMG_3509-300x224.jpg 300w, https:\/\/cyclotourer.de\/wp-content\/uploads\/2015\/06\/IMG_3509-768x574.jpg 768w, https:\/\/cyclotourer.de\/wp-content\/uploads\/2015\/06\/IMG_3509.jpg 1024w\" sizes=\"auto, (max-width: 300px) 100vw, 300px\" \/><\/p>\n<p style=\"text-align: justify;\">Nach der n\u00e4chsten Kehre stand ein Pickup mit einem Wohnwagen der Marke \u201cEigenbau\u201c. Der Wohnwagen war zweist\u00f6ckig. Unten die Hundest\u00e4lle, oben dr\u00fcber der Schlafplatz vom Sch\u00e4fer. Doch war das Gespann nicht sauber am Stra\u00dfenrand geparkt. Der Pickup stand direkt nach einer Kehre ziemlich schr\u00e4g, und der Wohnwagen weit auf der Stra\u00dfe.<\/p>\n<p style=\"text-align: justify;\">Es ging weiter steil bergab. Immer mit den H\u00e4nden an der Bremse, wieder volle Konzentration. Dazu kam diesmal, dass die Stra\u00dfe mit teils frischem Schafskot \u00fcbers\u00e4ht war. Und darauf auszurutschen, w\u00e4re eine ziemlich besch\u2026 Angelegenheit geworden.<\/p>\n<p style=\"text-align: justify;\"><img loading=\"lazy\" decoding=\"async\" class=\"size-medium wp-image-2373 alignright\" src=\"http:\/\/cyclotourers.de\/wp-content\/uploads\/2015\/06\/DSC01616-300x225.jpg\" alt=\"\" width=\"300\" height=\"225\" srcset=\"https:\/\/cyclotourer.de\/wp-content\/uploads\/2015\/06\/DSC01616-300x225.jpg 300w, https:\/\/cyclotourer.de\/wp-content\/uploads\/2015\/06\/DSC01616-768x576.jpg 768w, https:\/\/cyclotourer.de\/wp-content\/uploads\/2015\/06\/DSC01616.jpg 1024w\" sizes=\"auto, (max-width: 300px) 100vw, 300px\" \/><\/p>\n<p style=\"text-align: justify;\">Im Tal angekommen, ging es \u00fcber das kleine idyllische \u00d6rtchen Zuclo auf den n\u00e4chsten Pass.<\/p>\n<p style=\"text-align: justify;\"><img loading=\"lazy\" decoding=\"async\" class=\"size-medium wp-image-2359 alignleft\" src=\"http:\/\/cyclotourers.de\/wp-content\/uploads\/2015\/06\/IMG_3510-1-300x224.jpg\" alt=\"\" width=\"300\" height=\"224\" srcset=\"https:\/\/cyclotourer.de\/wp-content\/uploads\/2015\/06\/IMG_3510-1-300x224.jpg 300w, https:\/\/cyclotourer.de\/wp-content\/uploads\/2015\/06\/IMG_3510-1-768x574.jpg 768w, https:\/\/cyclotourer.de\/wp-content\/uploads\/2015\/06\/IMG_3510-1.jpg 1024w\" sizes=\"auto, (max-width: 300px) 100vw, 300px\" \/><\/p>\n<p style=\"text-align: justify;\">Aber jetzt war ich erst einmal von dem kleinen Ort begeistert.<\/p>\n<p style=\"text-align: justify;\">Die Stra\u00dfe f\u00fchrte mitten \u00fcber den alten Bauernhof, eng zwischen den Geb\u00e4uden hindurch.<\/p>\n<p><img loading=\"lazy\" decoding=\"async\" class=\"size-medium wp-image-2360 alignleft\" src=\"http:\/\/cyclotourers.de\/wp-content\/uploads\/2015\/06\/IMG_3511-300x224.jpg\" alt=\"\" width=\"300\" height=\"224\" srcset=\"https:\/\/cyclotourer.de\/wp-content\/uploads\/2015\/06\/IMG_3511-300x224.jpg 300w, https:\/\/cyclotourer.de\/wp-content\/uploads\/2015\/06\/IMG_3511-768x574.jpg 768w, https:\/\/cyclotourer.de\/wp-content\/uploads\/2015\/06\/IMG_3511.jpg 1024w\" sizes=\"auto, (max-width: 300px) 100vw, 300px\" \/><\/p>\n<p style=\"text-align: justify;\">Nun war schon Riva del Garda ausgeschildert, was nat\u00fcrlich meine Freude noch steigerte. Ich f\u00fcllte noch mal meine Trinkflaschen und machte mich ohne gro\u00df aufzuhalten weiter auf den Weg.<\/p>\n<p><img loading=\"lazy\" decoding=\"async\" class=\"size-medium wp-image-2361 alignright\" src=\"http:\/\/cyclotourers.de\/wp-content\/uploads\/2015\/06\/IMG_3512-300x224.jpg\" alt=\"\" width=\"300\" height=\"224\" srcset=\"https:\/\/cyclotourer.de\/wp-content\/uploads\/2015\/06\/IMG_3512-300x224.jpg 300w, https:\/\/cyclotourer.de\/wp-content\/uploads\/2015\/06\/IMG_3512-768x574.jpg 768w, https:\/\/cyclotourer.de\/wp-content\/uploads\/2015\/06\/IMG_3512.jpg 1024w\" sizes=\"auto, (max-width: 300px) 100vw, 300px\" \/><\/p>\n<p style=\"text-align: justify;\">Das Navi von <a href=\"http:\/\/www.transalp-shuttle.com\">www.transalp-shuttle.com<\/a> leistete nach wie vor treue Dienste und f\u00fchrte mich Tag f\u00fcr Tag \u00fcber meine Routen. Und nun war es fast geschafft, noch diesen und ein weiteren kleinen Pass, dann sollte ich so langsam in Richtung Gardasee rollen.<\/p>\n<p style=\"text-align: justify;\">Nun wartete erst einmal eine steile Rampe. Als die bezwungen war, f\u00fchrte die Passstra\u00dfe moderat auf 1000Meter \u00fcbern Meeresspiegel weiter.<\/p>\n<p style=\"text-align: justify;\">Hier war die Heuernte schon lange abgeschlossen. Nur noch auf einer kleinen Wiese lagen wenige Heuschwaden die darauf warteten, zu Ballen gepresst zu werden.<img loading=\"lazy\" decoding=\"async\" class=\"size-medium wp-image-2362 alignright\" src=\"http:\/\/cyclotourers.de\/wp-content\/uploads\/2015\/06\/IMG_3513-300x224.jpg\" alt=\"\" width=\"300\" height=\"224\" srcset=\"https:\/\/cyclotourer.de\/wp-content\/uploads\/2015\/06\/IMG_3513-300x224.jpg 300w, https:\/\/cyclotourer.de\/wp-content\/uploads\/2015\/06\/IMG_3513-768x574.jpg 768w, https:\/\/cyclotourer.de\/wp-content\/uploads\/2015\/06\/IMG_3513.jpg 1024w\" sizes=\"auto, (max-width: 300px) 100vw, 300px\" \/><\/p>\n<p style=\"text-align: justify;\">Es folgte eine Abfahrt auf das 400 H\u00f6henmeter tiefer gelegene Fiave. Mir fiel auf, dass mir heute nicht mal eine Hand voll Fahrzeuge entgegenkamen. Radfahrer hatte ich an diesem Tag noch nicht einen getroffen.<\/p>\n<p style=\"text-align: justify;\">\u00a0\u00a0<img loading=\"lazy\" decoding=\"async\" class=\"size-medium wp-image-2364 alignleft\" src=\"http:\/\/cyclotourers.de\/wp-content\/uploads\/2015\/06\/IMG_3515-224x300.jpg\" alt=\"\" width=\"224\" height=\"300\" srcset=\"https:\/\/cyclotourer.de\/wp-content\/uploads\/2015\/06\/IMG_3515-224x300.jpg 224w, https:\/\/cyclotourer.de\/wp-content\/uploads\/2015\/06\/IMG_3515.jpg 765w\" sizes=\"auto, (max-width: 224px) 100vw, 224px\" \/><\/p>\n<p style=\"text-align: justify;\"><img loading=\"lazy\" decoding=\"async\" class=\"size-medium wp-image-2320 alignright\" src=\"http:\/\/cyclotourers.de\/wp-content\/uploads\/2015\/06\/transalp_shuttle_logodesign_horizontal_by_zalanvoros_130509-300x69.png\" alt=\"\" width=\"300\" height=\"69\" srcset=\"https:\/\/cyclotourer.de\/wp-content\/uploads\/2015\/06\/transalp_shuttle_logodesign_horizontal_by_zalanvoros_130509-300x69.png 300w, https:\/\/cyclotourer.de\/wp-content\/uploads\/2015\/06\/transalp_shuttle_logodesign_horizontal_by_zalanvoros_130509-768x177.png 768w, https:\/\/cyclotourer.de\/wp-content\/uploads\/2015\/06\/transalp_shuttle_logodesign_horizontal_by_zalanvoros_130509-1024x236.png 1024w\" sizes=\"auto, (max-width: 300px) 100vw, 300px\" \/><\/p>\n<p style=\"text-align: justify;\">Der Passo Duron und der Passo del Ballino lagen gerade mal 12 km auseinander. Nach den 400 negativen H\u00f6henmetern, mussten wieder 100 geklettert werden. Also verh\u00e4ltnism\u00e4\u00dfig leicht kam ich auf dem Ballino an.<\/p>\n<p><img loading=\"lazy\" decoding=\"async\" class=\"size-medium wp-image-2367 alignright\" src=\"http:\/\/cyclotourers.de\/wp-content\/uploads\/2015\/06\/IMG_3518-224x300.jpg\" alt=\"\" width=\"224\" height=\"300\" srcset=\"https:\/\/cyclotourer.de\/wp-content\/uploads\/2015\/06\/IMG_3518-224x300.jpg 224w, https:\/\/cyclotourer.de\/wp-content\/uploads\/2015\/06\/IMG_3518.jpg 765w\" sizes=\"auto, (max-width: 224px) 100vw, 224px\" \/><\/p>\n<p style=\"text-align: justify;\">Jetzt wartete meine letzte Abfahrt mit einem H\u00f6henunterschied von fast 700 H\u00f6henmeter. Mit \u00a0diesem H\u00f6henunterschied auf gerade mal 15km, kann man sich ja leicht ausmalen, dass es entsprechend rasant in <img loading=\"lazy\" decoding=\"async\" class=\"alignnone size-medium wp-image-2369\" src=\"http:\/\/cyclotourers.de\/wp-content\/uploads\/2015\/06\/IMG_3520-300x224.jpg\" alt=\"\" width=\"300\" height=\"224\" srcset=\"https:\/\/cyclotourer.de\/wp-content\/uploads\/2015\/06\/IMG_3520-300x224.jpg 300w, https:\/\/cyclotourer.de\/wp-content\/uploads\/2015\/06\/IMG_3520-768x574.jpg 768w, https:\/\/cyclotourer.de\/wp-content\/uploads\/2015\/06\/IMG_3520.jpg 1024w\" sizes=\"auto, (max-width: 300px) 100vw, 300px\" \/>Richtung Tourenziel ging.<\/p>\n<p><img loading=\"lazy\" decoding=\"async\" class=\"size-medium wp-image-2368 alignright\" src=\"http:\/\/cyclotourers.de\/wp-content\/uploads\/2015\/06\/IMG_3519-300x224.jpg\" alt=\"\" width=\"300\" height=\"224\" srcset=\"https:\/\/cyclotourer.de\/wp-content\/uploads\/2015\/06\/IMG_3519-300x224.jpg 300w, https:\/\/cyclotourer.de\/wp-content\/uploads\/2015\/06\/IMG_3519-768x574.jpg 768w, https:\/\/cyclotourer.de\/wp-content\/uploads\/2015\/06\/IMG_3519.jpg 1024w\" sizes=\"auto, (max-width: 300px) 100vw, 300px\" \/><\/p>\n<p style=\"text-align: justify;\">Am Tennosee vorbei, fiel die Stra\u00dfe noch weiter ab. Mit Spitzengeschwindigkeiten bis zu 63km\/h raste ich zum Lago di Garda. Ich war \u00fcberw\u00e4ltigt. Ich hatte mein Ziel bis auf wenige Kilometer erreicht. Ich hatte mein Zeitplan halten k\u00f6nnen!<\/p>\n<p style=\"text-align: justify;\">Nun konnte ich schon einen ersten Blick auf das Wasser werfen Die Freude in mir machte sich nat\u00fcrlich immer breiter. Nur noch ein paar Kilometer trennten mich vom Wasser.<\/p>\n<p><img loading=\"lazy\" decoding=\"async\" class=\"size-medium wp-image-2370 alignleft\" src=\"http:\/\/cyclotourers.de\/wp-content\/uploads\/2015\/06\/IMG_3521-300x224.jpg\" alt=\"\" width=\"300\" height=\"224\" srcset=\"https:\/\/cyclotourer.de\/wp-content\/uploads\/2015\/06\/IMG_3521-300x224.jpg 300w, https:\/\/cyclotourer.de\/wp-content\/uploads\/2015\/06\/IMG_3521-768x574.jpg 768w, https:\/\/cyclotourer.de\/wp-content\/uploads\/2015\/06\/IMG_3521.jpg 1024w\" sizes=\"auto, (max-width: 300px) 100vw, 300px\" \/><\/p>\n<p style=\"text-align: justify;\">Riva war erreicht, jetzt musste ich nur noch durch den Torbogen. Die enge Fu\u00dfg\u00e4ngerzone runter zum Wasser\u2026<img loading=\"lazy\" decoding=\"async\" class=\"size-medium wp-image-2371 alignright\" src=\"http:\/\/cyclotourers.de\/wp-content\/uploads\/2015\/06\/IMG_3522-224x300.jpg\" alt=\"\" width=\"224\" height=\"300\" srcset=\"https:\/\/cyclotourer.de\/wp-content\/uploads\/2015\/06\/IMG_3522-224x300.jpg 224w, https:\/\/cyclotourer.de\/wp-content\/uploads\/2015\/06\/IMG_3522.jpg 765w\" sizes=\"auto, (max-width: 224px) 100vw, 224px\" \/><\/p>\n<p style=\"text-align: justify;\">Ich war am Gardasee!<\/p>\n<p><img loading=\"lazy\" decoding=\"async\" class=\"size-medium wp-image-2378 alignleft\" src=\"http:\/\/cyclotourers.de\/wp-content\/uploads\/2015\/06\/IMG_3524-300x224.jpg\" alt=\"\" width=\"300\" height=\"224\" srcset=\"https:\/\/cyclotourer.de\/wp-content\/uploads\/2015\/06\/IMG_3524-300x224.jpg 300w, https:\/\/cyclotourer.de\/wp-content\/uploads\/2015\/06\/IMG_3524-768x574.jpg 768w, https:\/\/cyclotourer.de\/wp-content\/uploads\/2015\/06\/IMG_3524.jpg 1024w\" sizes=\"auto, (max-width: 300px) 100vw, 300px\" \/><\/p>\n<p style=\"text-align: justify;\">Jetzt musste ich nur noch r\u00fcber nach Torbole. Was nat\u00fcrlich jetzt schnell passiert war.<\/p>\n<p style=\"text-align: justify;\">Und ich hatte es erreicht, mein Tourenziel: <strong>Torbole sul Gard<\/strong>a!<\/p>\n<p><img loading=\"lazy\" decoding=\"async\" class=\" wp-image-2381 aligncenter\" src=\"http:\/\/cyclotourers.de\/wp-content\/uploads\/2015\/06\/IMG_3526-1-300x224.jpg\" alt=\"\" width=\"469\" height=\"350\" srcset=\"https:\/\/cyclotourer.de\/wp-content\/uploads\/2015\/06\/IMG_3526-1-300x224.jpg 300w, https:\/\/cyclotourer.de\/wp-content\/uploads\/2015\/06\/IMG_3526-1-768x574.jpg 768w, https:\/\/cyclotourer.de\/wp-content\/uploads\/2015\/06\/IMG_3526-1-1024x765.jpg 1024w\" sizes=\"auto, (max-width: 469px) 100vw, 469px\" \/><\/p>\n<p style=\"text-align: justify;\"><img loading=\"lazy\" decoding=\"async\" class=\" wp-image-2320 alignleft\" src=\"http:\/\/cyclotourers.de\/wp-content\/uploads\/2015\/06\/transalp_shuttle_logodesign_horizontal_by_zalanvoros_130509-300x69.png\" alt=\"\" width=\"335\" height=\"77\" srcset=\"https:\/\/cyclotourer.de\/wp-content\/uploads\/2015\/06\/transalp_shuttle_logodesign_horizontal_by_zalanvoros_130509-300x69.png 300w, https:\/\/cyclotourer.de\/wp-content\/uploads\/2015\/06\/transalp_shuttle_logodesign_horizontal_by_zalanvoros_130509-768x177.png 768w, https:\/\/cyclotourer.de\/wp-content\/uploads\/2015\/06\/transalp_shuttle_logodesign_horizontal_by_zalanvoros_130509-1024x236.png 1024w\" sizes=\"auto, (max-width: 335px) 100vw, 335px\" \/><img loading=\"lazy\" decoding=\"async\" class=\" wp-image-2078 alignleft\" src=\"http:\/\/cyclotourers.de\/wp-content\/uploads\/2013\/09\/00_company-300x60.jpg\" alt=\"\" width=\"370\" height=\"74\" srcset=\"https:\/\/cyclotourer.de\/wp-content\/uploads\/2013\/09\/00_company-300x60.jpg 300w, https:\/\/cyclotourer.de\/wp-content\/uploads\/2013\/09\/00_company-768x153.jpg 768w, https:\/\/cyclotourer.de\/wp-content\/uploads\/2013\/09\/00_company-1024x204.jpg 1024w, https:\/\/cyclotourer.de\/wp-content\/uploads\/2013\/09\/00_company.jpg 1594w\" sizes=\"auto, (max-width: 370px) 100vw, 370px\" \/><img loading=\"lazy\" decoding=\"async\" class=\"size-medium wp-image-2077 alignnone\" src=\"http:\/\/cyclotourers.de\/wp-content\/uploads\/2013\/09\/Aufzeichnen-300x83.jpg\" alt=\"\" width=\"300\" height=\"83\" srcset=\"https:\/\/cyclotourer.de\/wp-content\/uploads\/2013\/09\/Aufzeichnen-300x83.jpg 300w, https:\/\/cyclotourer.de\/wp-content\/uploads\/2013\/09\/Aufzeichnen.jpg 413w\" sizes=\"auto, (max-width: 300px) 100vw, 300px\" \/><img loading=\"lazy\" decoding=\"async\" class=\"size-medium wp-image-2076 alignleft\" src=\"http:\/\/cyclotourers.de\/wp-content\/uploads\/2013\/09\/FOCUS_Logo-PANTONE_positiv-2-300x65.jpg\" alt=\"\" width=\"300\" height=\"65\" srcset=\"https:\/\/cyclotourer.de\/wp-content\/uploads\/2013\/09\/FOCUS_Logo-PANTONE_positiv-2-300x65.jpg 300w, https:\/\/cyclotourer.de\/wp-content\/uploads\/2013\/09\/FOCUS_Logo-PANTONE_positiv-2-768x167.jpg 768w, https:\/\/cyclotourer.de\/wp-content\/uploads\/2013\/09\/FOCUS_Logo-PANTONE_positiv-2-1024x223.jpg 1024w\" sizes=\"auto, (max-width: 300px) 100vw, 300px\" \/><img loading=\"lazy\" decoding=\"async\" class=\"size-full wp-image-2191 alignright\" src=\"http:\/\/cyclotourers.de\/wp-content\/uploads\/2015\/06\/560239_230073040445286_1134857405_n.jpg\" alt=\"\" width=\"180\" height=\"180\" srcset=\"https:\/\/cyclotourer.de\/wp-content\/uploads\/2015\/06\/560239_230073040445286_1134857405_n.jpg 180w, https:\/\/cyclotourer.de\/wp-content\/uploads\/2015\/06\/560239_230073040445286_1134857405_n-150x150.jpg 150w\" sizes=\"auto, (max-width: 180px) 100vw, 180px\" \/><\/p>\n<p style=\"text-align: justify;\">\u00dcbergl\u00fccklich bin ich mit meinem Focus Mares CX2.0 und mittlerweile nur noch 6kg Gep\u00e4ck im Zeitplan angekommen. Unbeschreiblich ist dieses Gef\u00fchl, es geschafft zu haben.<\/p>\n<p style=\"text-align: justify;\">Dieses Gef\u00fchl, welches sich nach jeder Tour in dir breit macht und auf einen Schlag jeden Schmerz vergessen l\u00e4sst!<\/p>\n<p style=\"text-align: justify;\"><strong>Daten:\u00a0<img loading=\"lazy\" decoding=\"async\" class=\" wp-image-2481 alignright\" src=\"http:\/\/cyclotourers.de\/wp-content\/uploads\/2015\/06\/5.1-300x138.png\" alt=\"\" width=\"435\" height=\"200\" srcset=\"https:\/\/cyclotourer.de\/wp-content\/uploads\/2015\/06\/5.1-300x138.png 300w, https:\/\/cyclotourer.de\/wp-content\/uploads\/2015\/06\/5.1.png 505w\" sizes=\"auto, (max-width: 435px) 100vw, 435px\" \/><\/strong><\/p>\n<p style=\"text-align: justify;\">Distanz:\u00a0\u00a0\u00a0\u00a0\u00a0\u00a0\u00a0\u00a0\u00a0\u00a0\u00a0\u00a0\u00a0\u00a0 \u00a0\u00a0\u00a0\u00a0\u00a0\u00a0\u00a0\u00a0\u00a0\u00a0\u00a0\u00a0\u00a0\u00a0\u00a0 77,46 km<\/p>\n<p style=\"text-align: justify;\">Zeit: \u00a0\u00a0\u00a0\u00a0 \u00a0\u00a0\u00a0\u00a0\u00a0\u00a0\u00a0\u00a0\u00a0\u00a0\u00a0\u00a0\u00a0\u00a0\u00a0\u00a0\u00a0\u00a0\u00a0\u00a0\u00a0\u00a0\u00a0\u00a0\u00a0\u00a0\u00a0\u00a0\u00a0\u00a0 4:36 h<\/p>\n<p style=\"text-align: justify;\">H\u00f6henmeter \u00a0\u00a0\u00a0 \u00a0\u00a0\u00a0\u00a0\u00a0\u00a0\u00a0\u00a0\u00a0\u00a0\u00a0\u00a0\u00a0\u00a0\u00a0 + 1403<\/p>\n<p style=\"text-align: justify;\">H\u00f6henmeter \u00a0\u00a0\u00a0\u00a0\u00a0\u00a0\u00a0\u00a0\u00a0\u00a0\u00a0\u00a0\u00a0\u00a0\u00a0\u00a0\u00a0\u00a0\u00a0 &#8211; 2804<\/p>\n<p style=\"text-align: justify;\">Steig. Max. \u00a0\u00a0\u00a0\u00a0\u00a0\u00a0\u00a0\u00a0\u00a0\u00a0\u00a0\u00a0\u00a0\u00a0\u00a0\u00a0\u00a0\u00a0\u00a0\u00a0\u00a0\u00a0 15%<img loading=\"lazy\" decoding=\"async\" class=\" wp-image-2482 alignright\" src=\"http:\/\/cyclotourers.de\/wp-content\/uploads\/2015\/06\/5.2.png\" alt=\"\" width=\"403\" height=\"339\" \/><\/p>\n<p style=\"text-align: justify;\">Steig Durchschn. \u00a0\u00a0\u00a0\u00a0\u00a0\u00a0\u00a0\u00a0\u00a0\u00a0\u00a0 5 %<\/p>\n<p style=\"text-align: justify;\">Tempo max: \u00a0\u00a0\u00a0\u00a0 \u00a0\u00a0\u00a0\u00a0\u00a0\u00a0\u00a0\u00a0\u00a0\u00a0\u00a0\u00a0\u00a0\u00a0\u00a0 62,51 km\/h<\/p>\n<p style=\"text-align: justify;\">Tempo Durchschn.\u00a0\u00a0\u00a0\u00a0\u00a0\u00a0\u00a0\u00a0 17,24 km\/h<\/p>\n<p style=\"text-align: justify;\">Temperatur\u00a0\u00a0\u00a0\u00a0\u00a0\u00a0 \u00a0\u00a0\u00a0\u00a0\u00a0\u00a0\u00a0\u00a0\u00a0\u00a0\u00a0\u00a0\u00a0\u00a0\u00a0 bis 42\u00b0C<\/p>\n<p style=\"text-align: justify;\"><strong>\u00a0<\/strong><\/p>\n<p style=\"text-align: justify;\"><strong>Torbole<\/strong><\/p>\n<p style=\"text-align: justify;\">Nach meiner Ankunft in Torbole setzte ich mich zun\u00e4chst in das Strand Caf\u00e9 und trank einen leckeren Eiskaffee. Von der Terrasse aus blickte ich raus auf den See, beobachtete die zahlreichen Surfer und dem Treiben am Strand. Das Wasser war mit knapp 19\u00b0C schon ziemlich k\u00fchl zum Baden. Laut kreischend sprangen einige Jugendliche ins Wasser, um es sofort wieder zu verlassen.<\/p>\n<p style=\"text-align: justify;\">Ich verbrachte etwa eine Stunde am See, aber ich musste ja noch eine Unterkunft suchen. Deshalb machte ich mich auf den Weg. Ich fragte bei zwei H\u00e4usern die G\u00e4stezimmer vermieten an, jedoch ohne Erfolg.<\/p>\n<p style=\"text-align: justify;\">Da ich immer wieder an Schilder vorbei kam, die auf die Villa Emma hinwiesen, folgte ich dem Richtungsweiser und versuchte dort mein Gl\u00fcck.<\/p>\n<p style=\"text-align: justify;\">Mein Gl\u00fcck sollte mich auch nicht verlassen. Und ich konnte ein Zimmer f\u00fcr mich ergattern. Die Zimmer waren nicht auf dem neuesten Stand, einen TV und Badezimmer hatten sie auch nicht. Aber mal zwei Tage, sollte man auch mit einer Etagen-Dusche\/WC auskommen. Zumindest war es relativ g\u00fcnstig und das war ja auch viel wert.<img loading=\"lazy\" decoding=\"async\" class=\"size-medium wp-image-2383 alignright\" src=\"http:\/\/cyclotourers.de\/wp-content\/uploads\/2015\/06\/IMG_3532-Kopie-224x300.jpg\" alt=\"\" width=\"224\" height=\"300\" srcset=\"https:\/\/cyclotourer.de\/wp-content\/uploads\/2015\/06\/IMG_3532-Kopie-224x300.jpg 224w, https:\/\/cyclotourer.de\/wp-content\/uploads\/2015\/06\/IMG_3532-Kopie.jpg 765w\" sizes=\"auto, (max-width: 224px) 100vw, 224px\" \/><\/p>\n<p style=\"text-align: justify;\">Nachdem ich mein Rad sicher eingeschlossen und geduscht hatte, machte ich mich in ein nahegelegenes Waschcenter. F\u00fcr ein paar Euros konnte man die Trikots in einer Maschine waschen. So wurden die Klamotten doch wenigstens mal wieder richtig durchgewaschen. Zumindest intensiver als die abendliche Handw\u00e4sche.<\/p>\n<p style=\"text-align: justify;\">Nach einem Spaziergang am See, lie\u00df ich den Abend in der hauseigenen Pizzeria in der Villa Emma ausklingen.<\/p>\n<p><img loading=\"lazy\" decoding=\"async\" class=\"size-medium wp-image-2394 alignleft\" src=\"http:\/\/cyclotourers.de\/wp-content\/uploads\/2015\/06\/IMG_3586-Kopie-300x224.jpg\" alt=\"\" width=\"300\" height=\"224\" srcset=\"https:\/\/cyclotourer.de\/wp-content\/uploads\/2015\/06\/IMG_3586-Kopie-300x224.jpg 300w, https:\/\/cyclotourer.de\/wp-content\/uploads\/2015\/06\/IMG_3586-Kopie-768x574.jpg 768w, https:\/\/cyclotourer.de\/wp-content\/uploads\/2015\/06\/IMG_3586-Kopie.jpg 1024w\" sizes=\"auto, (max-width: 300px) 100vw, 300px\" \/><\/p>\n<p style=\"text-align: justify;\">Am n\u00e4chsten Morgen machte ich mich nach dem Fr\u00fchst\u00fcck auf zum See. Nach einem Spaziergang durch die Altstadt von Torbole setzte ich mich an das Wasser. So langsam musste ich mir Gedanken machen, wie ich \u00fcberhaupt zur\u00fcck nach M\u00fcnchen kommen sollte.<\/p>\n<p style=\"text-align: justify;\">Die Wetterprognose war f\u00fcr die n\u00e4chsten Tage eigentlich nicht die Beste. Gewitter und Regenf\u00e4lle waren angek\u00fcndigt. Doch ich hatte schon w\u00e4hrend der Fahrt l\u00e4ngst entschieden, dass ich nicht die Option mit dem Zug auf den Brenner zu fahren in Anspruch nehmen w\u00fcrde.<\/p>\n<p style=\"text-align: justify;\">Da ich die R\u00fcckfahrt im Vorfeld auch nicht plante, hatte ich jetzt auch leider das Navi nicht als Unterst\u00fctzung. Ich konnte nur die Karte als Orientierungshilfe nutzen. Also entschloss ich mich den Spezialisten zu fragen. Ich schrieb Andreas Albrecht eine kurze Nachricht um ihn zu fragen, welche Route er empfehlen k\u00f6nnte. Das h\u00f6rte sich doch schon mal gut an. Dann war ja meine Tour bis Innsbruck gesichert. Wenn ich noch Kraft h\u00e4tte, wollte ich von Innsbruck in Richtung Seefeld und auf demselben Weg wie ich gekommen war zur\u00fcck nach M\u00fcnchen.<\/p>\n<p style=\"text-align: justify;\">Der Plan stand fest, jetzt ging es nur noch um die Zeitfrage. 2 oder 3 Tage?<\/p>\n<p style=\"text-align: justify;\">Aber niemand wollte mir so recht Auskunft geben, in welchem Zeitraum die Strecke zu bewerkstelligen sein k\u00f6nnte.<\/p>\n<p style=\"text-align: justify;\">Die Planung war nach altbew\u00e4hrter Art und Weise abgeschlossen. Anhand der fotografierten Karte suchte ich mir den empfohlenen Weg nach Rovererto. Von dort musste ich ja dann nur noch der Beschilderung des Radwegs folgen.<\/p>\n<p style=\"text-align: justify;\">Ich machte mir noch ein ruhigen Tag in Torbole, lie\u00df die Zeit an mir vor\u00fcber streichen und streckte die Glieder aus, und genoss die Aussicht am See\u2026<\/p>\n<p><img loading=\"lazy\" decoding=\"async\" class=\"size-medium wp-image-2422 alignleft\" src=\"http:\/\/cyclotourers.de\/wp-content\/uploads\/2015\/06\/IMG_3525-1-300x224.jpg\" alt=\"\" width=\"300\" height=\"224\" srcset=\"https:\/\/cyclotourer.de\/wp-content\/uploads\/2015\/06\/IMG_3525-1-300x224.jpg 300w, https:\/\/cyclotourer.de\/wp-content\/uploads\/2015\/06\/IMG_3525-1-768x574.jpg 768w, https:\/\/cyclotourer.de\/wp-content\/uploads\/2015\/06\/IMG_3525-1.jpg 1024w\" sizes=\"auto, (max-width: 300px) 100vw, 300px\" \/><\/p>\n<p style=\"text-align: justify;\">\u2026 spazierte im engen Ortskern umher\u2026<\/p>\n<p><img loading=\"lazy\" decoding=\"async\" class=\"size-medium wp-image-2395 alignright\" src=\"http:\/\/cyclotourers.de\/wp-content\/uploads\/2015\/06\/IMG_3587-Kopie-300x224.jpg\" alt=\"\" width=\"300\" height=\"224\" srcset=\"https:\/\/cyclotourer.de\/wp-content\/uploads\/2015\/06\/IMG_3587-Kopie-300x224.jpg 300w, https:\/\/cyclotourer.de\/wp-content\/uploads\/2015\/06\/IMG_3587-Kopie-768x574.jpg 768w, https:\/\/cyclotourer.de\/wp-content\/uploads\/2015\/06\/IMG_3587-Kopie.jpg 1024w\" sizes=\"auto, (max-width: 300px) 100vw, 300px\" \/><\/p>\n<p style=\"text-align: justify;\"><img loading=\"lazy\" decoding=\"async\" class=\"size-medium wp-image-2393 alignleft\" src=\"http:\/\/cyclotourers.de\/wp-content\/uploads\/2015\/06\/IMG_3579-Kopie-300x224.jpg\" alt=\"\" width=\"300\" height=\"224\" srcset=\"https:\/\/cyclotourer.de\/wp-content\/uploads\/2015\/06\/IMG_3579-Kopie-300x224.jpg 300w, https:\/\/cyclotourer.de\/wp-content\/uploads\/2015\/06\/IMG_3579-Kopie-768x574.jpg 768w, https:\/\/cyclotourer.de\/wp-content\/uploads\/2015\/06\/IMG_3579-Kopie.jpg 1024w\" sizes=\"auto, (max-width: 300px) 100vw, 300px\" \/><\/p>\n<p style=\"text-align: justify;\">\u2026 bis es dunkel wurde.<\/p>\n<p style=\"text-align: justify;\"><strong>Transalp die Zweite\u2026<\/strong><\/p>\n<p style=\"text-align: justify;\">Nach einem mittelm\u00e4\u00dfigen Fr\u00fchst\u00fcck packte ich nach altbew\u00e4hrter Wei\u00dfe meine wenigen Klamotten zusammen. Da ich an beiden Abenden in der hoteleigenen Pizzeria speiste und dazu noch am ersten Abend ein Antennenkabel vom Fernsehger\u00e4t (zum Fu\u00dfball schauen) reparierte, bekam ich 10,-\u20ac auf mein Zimmerpreis erlassen. Das freute mich nat\u00fcrlich.<\/p>\n<p style=\"text-align: justify;\">Nachdem meine Runtastic-App gestartet, das Navi aktiviert und an den Lenkerhalter gesteckt wurde, rollte ich langsam die Stra\u00dfe runter. Mit ein wenig Wehmut steuerte ich nochmals an den Gardasee. Mit dem Wissen, das ich nicht das letzte Mal mit dem Fahrrad hier sein sollte, warf ich ein letzten Blick auf das Wasser und sagte vor mich hin: \u201eBis zum n\u00e4chsten Mal\u2026!\u201c<\/p>\n<p style=\"text-align: justify;\">Die Halterung an der Sattelstange hatte durchgehalten. Da die Packtasche etwas leichter war als am Tourenstart, war ich optimistisch, dass sie auch auf der R\u00fcckfahrt halten w\u00fcrde. Ich r\u00fcckte den Rucksack auf bequeme Position und zurrte die Tr\u00e4ger an.<img loading=\"lazy\" decoding=\"async\" class=\"size-medium wp-image-2396 alignleft\" src=\"http:\/\/cyclotourers.de\/wp-content\/uploads\/2015\/06\/IMG_3588-Kopie-300x224.jpg\" alt=\"\" width=\"300\" height=\"224\" srcset=\"https:\/\/cyclotourer.de\/wp-content\/uploads\/2015\/06\/IMG_3588-Kopie-300x224.jpg 300w, https:\/\/cyclotourer.de\/wp-content\/uploads\/2015\/06\/IMG_3588-Kopie-768x574.jpg 768w, https:\/\/cyclotourer.de\/wp-content\/uploads\/2015\/06\/IMG_3588-Kopie.jpg 1024w\" sizes=\"auto, (max-width: 300px) 100vw, 300px\" \/><\/p>\n<p style=\"text-align: justify;\">Ich trat in die Pedalen. Die zweite Transalp war gestartet und f\u00fcr mich gab es nun kein Zur\u00fcck mehr.<\/p>\n<p style=\"text-align: justify;\">Ich fuhr ein letztes Mal durch den engen Ortskern von Torbole und auf die alte und steile Landstra\u00dfe nach Nago. An der steilen Rampe warf ich nochmals ein Blick zur\u00fcck. Eine atemberaubende Transalp lag hinter mir, und nun war ich bereits schon mitten in der Zweiten\u2026<\/p>\n<p style=\"text-align: justify;\">Der strahlend blaue Himmel lies nat\u00fcrlich meine Laune noch h\u00f6her steigen. Der erste Anstieg ging mir leicht, in diesem Fall, von den F\u00fc\u00dfen. So erreichte ich schneller als erwartet Nago. Nicht mehr ganz so steil ging es bereits hier auf einem Radweg weiter \u00fcber den Passo S. Giovanni. Weiter am Lago di Loppio vorbei nach Mori.<\/p>\n<p style=\"text-align: justify;\">Die ersten achtzehn Kilometer waren nach fast einer Stunde geschafft. Ich rollte nach Rovererto. Das war jetzt meine erste M\u00f6glichkeit, wie im Vorfeld geplant, auf den Zug umzusteigen. Aber daf\u00fcr war ich viel zu entschlossen M\u00fcnchen mit dem Fahrrad zu erreichen.<\/p>\n<p style=\"text-align: justify;\">Der von Andreas Albrecht empfohlene Etschradweg war schnell gefunden, und ich nahm wieder Fahrt auf. Der Vorteil an den Fl\u00fcssen ist nun mal, dass man keine Steigungen hat. Und wenn man au\u00dferhalb der Ortschaften ist, kann mit einem sehr akzeptablem Tempo vorankommen.<\/p>\n<p style=\"text-align: justify;\">So sollte es auch an diesem Tag sein. Und da ich nach der zweiten Stunde bereits 45km verbuchen konnte, legte ich meine erste kurze Pause in Trient ein.<img loading=\"lazy\" decoding=\"async\" class=\"size-medium wp-image-2397 alignright\" src=\"http:\/\/cyclotourers.de\/wp-content\/uploads\/2015\/06\/IMG_3589-Kopie-300x224.jpg\" alt=\"\" width=\"300\" height=\"224\" srcset=\"https:\/\/cyclotourer.de\/wp-content\/uploads\/2015\/06\/IMG_3589-Kopie-300x224.jpg 300w, https:\/\/cyclotourer.de\/wp-content\/uploads\/2015\/06\/IMG_3589-Kopie-768x574.jpg 768w, https:\/\/cyclotourer.de\/wp-content\/uploads\/2015\/06\/IMG_3589-Kopie.jpg 1024w\" sizes=\"auto, (max-width: 300px) 100vw, 300px\" \/><\/p>\n<p style=\"text-align: justify;\">Eigentlich ging es mir nur um die Trinkflaschen. Da die Sonne wieder vom Himmel brannte, waren die ersten zwei schnell geleert. Und Quellen waren bis hier rar.<\/p>\n<p style=\"text-align: justify;\">Nach Trient wechselte ich irrt\u00fcmlicher Weise die Flussseite. Zun\u00e4chst f\u00fchrte mich mein Weg auf einer kleinen ruhigen Landstra\u00dfe. Der Beschilderung nach, f\u00fchrte sie zu ein Industriegebiet. Deshalb rechnete ich ja umso weniger damit, dass die Landstra\u00dfe mit einer mittelst\u00e4ndigen Firma endete und als schmaler asphaltierter Weg weiter f\u00fchrte. Aber auch hier ahnte ich noch nicht, dass der Asphalt bald enden w\u00fcrde.<\/p>\n<p style=\"text-align: justify;\">Aber so sollte es kommen. Der Weg wechselte die Oberfl\u00e4che von Asphalt auf Splitt. Wenig Sp\u00e4ter auf Naturboden. Da der Weg als Wanderweg deklariert war, wollte ich auch nicht mehr zur\u00fcck fahren. Die unn\u00f6tigen Kilometer h\u00e4tten mich dann doch massiv ge\u00e4rgert.<img loading=\"lazy\" decoding=\"async\" class=\"size-medium wp-image-2398 alignleft\" src=\"http:\/\/cyclotourers.de\/wp-content\/uploads\/2015\/06\/IMG_3590-Kopie-300x224.jpg\" alt=\"\" width=\"300\" height=\"224\" srcset=\"https:\/\/cyclotourer.de\/wp-content\/uploads\/2015\/06\/IMG_3590-Kopie-300x224.jpg 300w, https:\/\/cyclotourer.de\/wp-content\/uploads\/2015\/06\/IMG_3590-Kopie-768x574.jpg 768w, https:\/\/cyclotourer.de\/wp-content\/uploads\/2015\/06\/IMG_3590-Kopie.jpg 1024w\" sizes=\"auto, (max-width: 300px) 100vw, 300px\" \/><\/p>\n<p style=\"text-align: justify;\">Teils war der Weg wegen Steinschlag nicht mehr fahrbar. Zu gro\u00dfe Steine lagen auf dem Weg. So folgte eine Schiebepassage. Links vom Weg ging es steil aufw\u00e4rts, rechts floss die Etsch. Was soillte ich tun?<\/p>\n<p style=\"text-align: justify;\">Ich war optimistisch, dass es irgendwie weiter gehen sollte. Zwar fing ich zwischendurch an zu zweifeln, aber der Weg konnte doch nicht ins Nichts f\u00fchren. Und pl\u00f6tzlich wurde die nat\u00fcrliche Ruhe von einem Klappern gest\u00f6rt. Ich blickte auf und sah, dass mir ein \u00e4lterer Herr mit einem fast genauso altem klapprigem Fahrrad entgegen kam. Wir gr\u00fc\u00dften uns freundlichen und das Klappern verschwand hinter der letzten Kurve.<\/p>\n<p style=\"text-align: justify;\">Na dann musst es ja irgendwie weiter gehen.<img loading=\"lazy\" decoding=\"async\" class=\"size-medium wp-image-2399 alignright\" src=\"http:\/\/cyclotourers.de\/wp-content\/uploads\/2015\/06\/IMG_3591-Kopie-300x224.jpg\" alt=\"\" width=\"300\" height=\"224\" srcset=\"https:\/\/cyclotourer.de\/wp-content\/uploads\/2015\/06\/IMG_3591-Kopie-300x224.jpg 300w, https:\/\/cyclotourer.de\/wp-content\/uploads\/2015\/06\/IMG_3591-Kopie-768x574.jpg 768w, https:\/\/cyclotourer.de\/wp-content\/uploads\/2015\/06\/IMG_3591-Kopie.jpg 1024w\" sizes=\"auto, (max-width: 300px) 100vw, 300px\" \/><\/p>\n<p style=\"text-align: justify;\">Und das tat es auch. Pl\u00f6tzlich war der Naturweg wieder asphaltiert und als Radweg gekennzeichnet. Ich verlor dadurch zwar einige Zeit, aber es \u00e4rgerte mich irgendwie nicht sonderbar.<img loading=\"lazy\" decoding=\"async\" class=\"size-medium wp-image-2401 alignleft\" src=\"http:\/\/cyclotourers.de\/wp-content\/uploads\/2015\/06\/IMG_3593-Kopie-300x224.jpg\" alt=\"\" width=\"300\" height=\"224\" srcset=\"https:\/\/cyclotourer.de\/wp-content\/uploads\/2015\/06\/IMG_3593-Kopie-300x224.jpg 300w, https:\/\/cyclotourer.de\/wp-content\/uploads\/2015\/06\/IMG_3593-Kopie-768x574.jpg 768w, https:\/\/cyclotourer.de\/wp-content\/uploads\/2015\/06\/IMG_3593-Kopie.jpg 1024w\" sizes=\"auto, (max-width: 300px) 100vw, 300px\" \/><\/p>\n<p style=\"text-align: justify;\">Nun fand ich auch wieder den urspr\u00fcnglich gew\u00e4hlten Radweg. Ich konnte wieder kr\u00e4ftig in die Pedalen treten. Immer wieder kamen mir Tourenbiker mit dicken Sattel- und Packtaschen entgegen. Man was war ich froh, dass ich nicht die Kilos mitschleppen musste. Ich empfand schon die anfangs sieben Kilogramm als l\u00e4stig. Nun hatte ich mich schon lange daran gew\u00f6hnt, aber mit mehr Gep\u00e4ck wollte ich auf keinen Fall reisen.<img loading=\"lazy\" decoding=\"async\" class=\"size-medium wp-image-2402 alignright\" src=\"http:\/\/cyclotourers.de\/wp-content\/uploads\/2015\/06\/IMG_3594-Kopie-300x224.jpg\" alt=\"\" width=\"300\" height=\"224\" srcset=\"https:\/\/cyclotourer.de\/wp-content\/uploads\/2015\/06\/IMG_3594-Kopie-300x224.jpg 300w, https:\/\/cyclotourer.de\/wp-content\/uploads\/2015\/06\/IMG_3594-Kopie-768x574.jpg 768w, https:\/\/cyclotourer.de\/wp-content\/uploads\/2015\/06\/IMG_3594-Kopie.jpg 1024w\" sizes=\"auto, (max-width: 300px) 100vw, 300px\" \/><\/p>\n<p style=\"text-align: justify;\">Meine Trinkflaschen waren schon l\u00e4ngere Zeit aufgebraucht. Seit ich nicht mehr in den Bergen unterwegs war, ist es mit erfrischenden Quellen rar geworden. Klar k\u00f6nnte ich vom Radweg abbiegen und einen kleinen Umweg in ein nahegelegen Ort in Kauf nehmen. Aber noch hatte ich keine Lust dies zu tun.<\/p>\n<p style=\"text-align: justify;\">Ich hoffte auf mein Gl\u00fcck und es sollte mich nicht verlassen.<\/p>\n<p style=\"text-align: justify;\">In der N\u00e4he vom Lago de Fortezza fand ich ein kleines Restaurant. Da es sich direkt am Radweg befand, war es nat\u00fcrlich ideal und ich nutzte die einmalige Chance, um eine Pause einzulegen.<\/p>\n<p><img loading=\"lazy\" decoding=\"async\" class=\"size-medium wp-image-2403 alignleft\" src=\"http:\/\/cyclotourers.de\/wp-content\/uploads\/2015\/06\/IMG_3595-Kopie-300x224.jpg\" alt=\"\" width=\"300\" height=\"224\" srcset=\"https:\/\/cyclotourer.de\/wp-content\/uploads\/2015\/06\/IMG_3595-Kopie-300x224.jpg 300w, https:\/\/cyclotourer.de\/wp-content\/uploads\/2015\/06\/IMG_3595-Kopie-768x574.jpg 768w, https:\/\/cyclotourer.de\/wp-content\/uploads\/2015\/06\/IMG_3595-Kopie.jpg 1024w\" sizes=\"auto, (max-width: 300px) 100vw, 300px\" \/><\/p>\n<p style=\"text-align: justify;\">Mit Pasta und Cola und obendrauf einen doppelten Espresso, sammelte ich f\u00fcr den restlichen Tag Energie.<\/p>\n<p style=\"text-align: justify;\">Bis nach Bozen konnte ich in dem flachem Flusstal der Etsch lang brausen. So konnte ich nat\u00fcrlich einiges an Zeit gut machen. Kilometer f\u00fcr Kilometer an mir vorbei ziehen lassen. Ich fragte mich, wie lange ich tats\u00e4chlich bis nach M\u00fcnchen brauchen w\u00fcrde.<\/p>\n<p style=\"text-align: justify;\">In Bozen folgte ich nun einem weiteren Radweg, dem Eissackradweg. Dieser f\u00fchrte mich \u00fcber Brixon in Richtung \u00a0Brennerpass.<\/p>\n<p style=\"text-align: justify;\">Auch dieser Radweg lie\u00df sich sehr gut radeln. F\u00fcr eine willkommene Abwechslung sorgten zahlreiche Tunnel, die durchfahren werden sollten. In den Tunnel hatte ich den Vorteil, dass ich meistens einen sch\u00f6nen Luftzug im R\u00fccken hatte, der mich quasi durch die Tunnel schob. Trotz alledem war nicht zu untersch\u00e4tzen, dass ich seit Bozen stetig Steigung hatte. Mit ein bis zwei Prozent war es zwar nicht steil, aber dieser st\u00e4ndige Druck auf dem Pedal l\u00e4sst auf Dauer auch die Muskeln weich werden.<\/p>\n<p><img loading=\"lazy\" decoding=\"async\" class=\"size-medium wp-image-2405 alignleft\" src=\"http:\/\/cyclotourers.de\/wp-content\/uploads\/2015\/06\/IMG_3597-Kopie-224x300.jpg\" alt=\"\" width=\"224\" height=\"300\" srcset=\"https:\/\/cyclotourer.de\/wp-content\/uploads\/2015\/06\/IMG_3597-Kopie-224x300.jpg 224w, https:\/\/cyclotourer.de\/wp-content\/uploads\/2015\/06\/IMG_3597-Kopie.jpg 765w\" sizes=\"auto, (max-width: 224px) 100vw, 224px\" \/><\/p>\n<p style=\"text-align: justify;\"><img loading=\"lazy\" decoding=\"async\" class=\"size-full wp-image-2191 alignright\" src=\"http:\/\/cyclotourers.de\/wp-content\/uploads\/2015\/06\/560239_230073040445286_1134857405_n.jpg\" alt=\"\" width=\"180\" height=\"180\" srcset=\"https:\/\/cyclotourer.de\/wp-content\/uploads\/2015\/06\/560239_230073040445286_1134857405_n.jpg 180w, https:\/\/cyclotourer.de\/wp-content\/uploads\/2015\/06\/560239_230073040445286_1134857405_n-150x150.jpg 150w\" sizes=\"auto, (max-width: 180px) 100vw, 180px\" \/>Nur der Blick Richtung Brenner, der gefiel mir gar nicht mehr. Schwarze dicke Wolken hingen \u00fcber dem Gipfel fest. Grelle Blitze erleuchteteten den bedeckten Himmel. Ob ich heute das Gl\u00fcck haben w\u00fcrde, dass der Himmel sich nochmals aufklaren w\u00fcrde?<\/p>\n<p style=\"text-align: justify;\">Als ich den Himmel \u00fcber mir betrachtete, verflog ziemlich schnell meine Hoffnung. Auch hier bedeckte sich der Himmel und vereinzelte, dicke Wolken zogen auf.<\/p>\n<p style=\"text-align: justify;\">In Colma war es dann soweit. Die Wolken \u00f6ffneten sich und es gab einen kurzen Regenschauer. An einem Spielplatz fand ich eine H\u00fctte, wo ich unter einem Vordach Schutz suchen konnte. Hier traf ich eine Mutter mit ihrer kleinen Tochter, die ebenfalls den Schutz gesucht hatten.<\/p>\n<p style=\"text-align: justify;\"><img loading=\"lazy\" decoding=\"async\" class=\"size-medium wp-image-2406 alignleft\" src=\"http:\/\/cyclotourers.de\/wp-content\/uploads\/2015\/06\/IMG_3598-Kopie-224x300.jpg\" alt=\"\" width=\"224\" height=\"300\" srcset=\"https:\/\/cyclotourer.de\/wp-content\/uploads\/2015\/06\/IMG_3598-Kopie-224x300.jpg 224w, https:\/\/cyclotourer.de\/wp-content\/uploads\/2015\/06\/IMG_3598-Kopie.jpg 765w\" sizes=\"auto, (max-width: 224px) 100vw, 224px\" \/>Als es aufh\u00f6rte, setzte ich meine Tour fort. Kam jedoch nur zwei Stra\u00dfen weiter und es begann der n\u00e4chste Schauer. Nun fl\u00fcchtete ich in ein betoniertes Carport direkt an der Hauptstra\u00dfe. Das einzige Gute war hier, mein Ausblick war weitl\u00e4ufiger. Da es immer noch blaue L\u00fccken zwischen den grauen Regenwolken gab, wollte ich die Hoffnung nicht aufgeben, dass ich \u00a0mein Tag wegen dem Wetter beenden m\u00fcsste.<\/p>\n<p style=\"text-align: justify;\">Mein Gl\u00fcck verlie\u00df mich auch heute nicht. Zumindest noch nicht.<img loading=\"lazy\" decoding=\"async\" class=\"size-medium wp-image-2407 alignright\" src=\"http:\/\/cyclotourers.de\/wp-content\/uploads\/2015\/06\/IMG_3599-Kopie-300x224.jpg\" alt=\"\" width=\"300\" height=\"224\" srcset=\"https:\/\/cyclotourer.de\/wp-content\/uploads\/2015\/06\/IMG_3599-Kopie-300x224.jpg 300w, https:\/\/cyclotourer.de\/wp-content\/uploads\/2015\/06\/IMG_3599-Kopie-768x574.jpg 768w, https:\/\/cyclotourer.de\/wp-content\/uploads\/2015\/06\/IMG_3599-Kopie.jpg 1024w\" sizes=\"auto, (max-width: 300px) 100vw, 300px\" \/><\/p>\n<p style=\"text-align: justify;\">Der Himmel klarte auf und ich konnte bei sch\u00f6nstem Sonnenschein meine Tour fortsetzen. Das war also eine der Situationen, \u00fcber die Andreas Albrecht \u00fcber das Wetter schrieb. Das Wetter kann sich von einer Minute auf die andere \u00e4ndern. Aber Regen sollte man lieber aussitzen\u2026 Wenn ich auf den Brenner schaute, hingen dort die dicken schwarzen Wolken fest.<\/p>\n<p style=\"text-align: justify;\">So lange \u00fcber mir die Sonne schien, wollte ich nat\u00fcrlich sehen, dass ich noch so weit wie nur m\u00f6glich kam.<img loading=\"lazy\" decoding=\"async\" class=\"size-medium wp-image-2409 alignleft\" src=\"http:\/\/cyclotourers.de\/wp-content\/uploads\/2015\/06\/IMG_3601-Kopie-300x224.jpg\" alt=\"\" width=\"300\" height=\"224\" srcset=\"https:\/\/cyclotourer.de\/wp-content\/uploads\/2015\/06\/IMG_3601-Kopie-300x224.jpg 300w, https:\/\/cyclotourer.de\/wp-content\/uploads\/2015\/06\/IMG_3601-Kopie-768x574.jpg 768w, https:\/\/cyclotourer.de\/wp-content\/uploads\/2015\/06\/IMG_3601-Kopie.jpg 1024w\" sizes=\"auto, (max-width: 300px) 100vw, 300px\" \/><\/p>\n<p style=\"text-align: justify;\">Und das Wetter zeigte sich wieder von der besten Seite. Gut gelaunt setzte ich meinen Weg fort. Kam durch die idyllischsten Ortschaften. Faszinierend fand ich die Wandmalereien an den H\u00e4usern. Regelrechte Kunstwerke schm\u00fcckten die Fassaden.<\/p>\n<p style=\"text-align: justify;\">Vor dem Lago Fortezza kam ich wieder einmal an einer der alten Bunkeranlagen vorbei. Was es geschichtlich auf sich hat, wei\u00df ich nicht genau. Zu gerne h\u00e4tte ich mal die Chance genutzt, um mir solch ein Bauwerk von nahem anzusehen und mehr \u00fcber die Geschichte zu erfahren. Aber wie sollte ich denn nun \u00fcber die Brennerautobahn kommen. So setzte ich meinen Weg weiter fort.<\/p>\n<p style=\"text-align: justify;\"><img loading=\"lazy\" decoding=\"async\" class=\"size-medium wp-image-2412 alignright\" src=\"http:\/\/cyclotourers.de\/wp-content\/uploads\/2015\/06\/IMG_3604-Kopie-300x224.jpg\" alt=\"\" width=\"300\" height=\"224\" srcset=\"https:\/\/cyclotourer.de\/wp-content\/uploads\/2015\/06\/IMG_3604-Kopie-300x224.jpg 300w, https:\/\/cyclotourer.de\/wp-content\/uploads\/2015\/06\/IMG_3604-Kopie-768x574.jpg 768w, https:\/\/cyclotourer.de\/wp-content\/uploads\/2015\/06\/IMG_3604-Kopie.jpg 1024w\" sizes=\"auto, (max-width: 300px) 100vw, 300px\" \/>Wieder einmal waren meine Wasserreserven am Ende. Ich sp\u00fcrte wie mein K\u00f6rper f\u00f6rmlich nach Wasser schrie. Aber auch hier im bergigen Gel\u00e4nde waren die Quellen rar. Nur zwei Mal fand ich an diesem Tag M\u00f6glichkeiten, am Radweg die Trinkflaschen aufzuf\u00fcllen. Das war einmal vor Bozen, wo ein Brunnen direkt an dem Radweg lag. Dort traf ich ein \u00e4lteres P\u00e4rchen aus Holland, mit denen ich mich kurz unterhalten hatte. Sie machten mit ihren rund 70 Jahren Camping- und Wanderurlaub. \u201eF\u00fcr lange Radtouren sind wir langsam zu alt\u2026\u201c sagten sie lachend. \u201eMan muss halt immer das Beste draus machen.\u201c<\/p>\n<p style=\"text-align: justify;\">Mit dem Rat alles mitzunehmen, worauf man gerade Lust habe und solange man es noch k\u00f6nnte, verabschiedeten sie sich von mir. Sie waren schon s\u00fc\u00df, die Zwei. Ich w\u00fcnsche, sie haben noch lange die Kraft f\u00fcr ihre Unternehmungen.<\/p>\n<p style=\"text-align: justify;\">Eine andere Quelle fand ich kurz nach der Mittagspause. Ein einsamer Baum mit einem Wasserhahn. Mitten im Etschtal direkt am Radweg. Ein junges P\u00e4rchen mit bestimmt weit \u00fcber 30kg Gep\u00e4ck und mit einem Hund, der einen eigenen Fahrradanh\u00e4nger hatte, sa\u00dfen im Schatten und pausierten. Wir kamen nicht ins Gespr\u00e4ch, aber ein freundliches \u201eHallo\u201c und \u201eAuf Wiedersehen\u201c mit einem freundlichen anerkennenden Zunicken sagten, in diesem Moment viel mehr aus.<img loading=\"lazy\" decoding=\"async\" class=\"size-medium wp-image-2413 alignleft\" src=\"http:\/\/cyclotourers.de\/wp-content\/uploads\/2015\/06\/IMG_3605-Kopie-300x224.jpg\" alt=\"\" width=\"300\" height=\"224\" srcset=\"https:\/\/cyclotourer.de\/wp-content\/uploads\/2015\/06\/IMG_3605-Kopie-300x224.jpg 300w, https:\/\/cyclotourer.de\/wp-content\/uploads\/2015\/06\/IMG_3605-Kopie-768x574.jpg 768w, https:\/\/cyclotourer.de\/wp-content\/uploads\/2015\/06\/IMG_3605-Kopie.jpg 1024w\" sizes=\"auto, (max-width: 300px) 100vw, 300px\" \/><\/p>\n<p style=\"text-align: justify;\">Offensichtlich waren sie schon l\u00e4ngere Tage unterwegs. Irgendwie beneidete ich die Beiden. Diese Art Radreisen sollte ich mir vielleicht doch einmal durch den Kopf gehen lassen. Zumindest sollte ich es einmal versuchen mir viel Zeit f\u00fcr eine Tour zu nehmen.<\/p>\n<p style=\"text-align: justify;\">Aber in diesem Moment war ich wieder abgebrannt. Kein Tropfen Wasser gaben meine Wasserflaschen mehr her und die Sonne brannte hei\u00df vom Himmel. Viel Zeit wollte ich nicht vergeuden. Deshalb bestellte ich mir eine Cola, ein doppelten Espresso und lie\u00df mir die Trinkflaschen mit Wasser f\u00fcllen. Ich zahlte meine Zeche, verabschiedete mich freundlich und verlie\u00df die Gastst\u00e4tte. Die erstaunten Blicke stachen mir regelrecht in den R\u00fccken. Schlie\u00dflich dauerte der Aufenthalt nicht l\u00e4nger als zwei bis drei Minuten.<img loading=\"lazy\" decoding=\"async\" class=\"size-medium wp-image-2414 alignright\" src=\"http:\/\/cyclotourers.de\/wp-content\/uploads\/2015\/06\/IMG_3606-Kopie-224x300.jpg\" alt=\"\" width=\"224\" height=\"300\" srcset=\"https:\/\/cyclotourer.de\/wp-content\/uploads\/2015\/06\/IMG_3606-Kopie-224x300.jpg 224w, https:\/\/cyclotourer.de\/wp-content\/uploads\/2015\/06\/IMG_3606-Kopie.jpg 765w\" sizes=\"auto, (max-width: 224px) 100vw, 224px\" \/><\/p>\n<p style=\"text-align: justify;\">Nun ging es Schlag auf Schlag. Dicke schwarze Wolken zogen \u00fcber den St. Leonard. Oben auf dem Brenner war ohnehin noch alles Schwarz und die Blitze zuckten durch die Wolken. Wind kam auf und die Temperatur fiel, so dass ich schon eine G\u00e4nsehaut bekam. Ich rechnete damit, dass es ohnehin das Ende von diesem Tourentag sein w\u00fcrde und entschloss mich eine Unterkunft zu suchen.<\/p>\n<p style=\"text-align: justify;\">Jetzt wo klar war, dass der Tag gelaufen war, mir immer k\u00e4lter wurde und ich wusste, dass ich nicht mein erhofftes Ziel erreichen sollte, verlor ich nat\u00fcrlich meine Motivation und wollte gar nicht mehr weiter fahren. Ich kam an ein paar einzelnen H\u00e4usern und kleinen Bauernh\u00f6fen vorbei.<\/p>\n<p style=\"text-align: justify;\">Da an einem Haus eine Gro\u00dfmutter ihr Enkel vor dem drohenden Unwetter ins Haus holen wollte, fragte ich nach einer Unterkunft. Ihre Tochter w\u00fcrde Zimmer vermieten, sie gehe schnell fragen und verschwand im Haus.<\/p>\n<p style=\"text-align: justify;\">In der Zeit k\u00e4mpfte ich mit dem n\u00e4chsten Unheil, mit meinem Schuh. Irgendwo hatte ich eine Schraube von der Halteplatte an meinem Schuh verloren. Da sich diese nun drehte, kam ich nicht mehr aus der Pedale raus.<\/p>\n<p style=\"text-align: justify;\">Dennoch bemerkte ich den pr\u00fcfenden Blick der \u201cTochter\u201c, wie sie kurz die Gardine wegzog und durch den Spalt sp\u00e4hte. Scheinbar war ich als Gast aber nicht gut genug. Die Gro\u00dfmutter kam kurz darauf wieder raus und versagte mir eine Unterkunft. Urlaub und G\u00e4ste, irgendwas stammelte sie vor sich hin und lie\u00df mich im aufziehendem Regen und starkem Wind stehen.<\/p>\n<p><img loading=\"lazy\" decoding=\"async\" class=\"size-medium wp-image-2416 alignleft\" src=\"http:\/\/cyclotourers.de\/wp-content\/uploads\/2015\/06\/IMG_3608-Kopie-300x224.jpg\" alt=\"\" width=\"300\" height=\"224\" srcset=\"https:\/\/cyclotourer.de\/wp-content\/uploads\/2015\/06\/IMG_3608-Kopie-300x224.jpg 300w, https:\/\/cyclotourer.de\/wp-content\/uploads\/2015\/06\/IMG_3608-Kopie-768x574.jpg 768w, https:\/\/cyclotourer.de\/wp-content\/uploads\/2015\/06\/IMG_3608-Kopie.jpg 1024w\" sizes=\"auto, (max-width: 300px) 100vw, 300px\" \/><\/p>\n<p style=\"text-align: justify;\">Ich setzte meinen Weg fort in den n\u00e4chsten Ort. Ein Schild zeigte zu einer Pension. Also wollte ich dort mein Gl\u00fcck versuchen. Ich klingelte bei dem Hinweisschild auf die Rezeption, kurz darauf kam eine Dame aus der T\u00fcr und erkl\u00e4rte mir, dass es G\u00e4stezimmer gibt, aber sie auch nur Gast w\u00e4re. Sie ging aber zur\u00fcck ins Haus und holte den Besitzer.<\/p>\n<p style=\"text-align: justify;\">Aber auch er wies mich gleich mit den Worten \u201eWir haben nur G\u00e4ste-Apartments f\u00fcr Ferieng\u00e4ste\u201c ab und lies mich f\u00f6rmlich im Regen stehen, indem er seine Frau und sein Kind ins Auto lud und davon fuhr.<\/p>\n<p style=\"text-align: justify;\">Das habe ich ja noch nie erlebt und fragte mich, ob ich irgendein Ausschlag im Gesicht h\u00e4tte, welcher auf einen schlimmen Virus hindeuten k\u00f6nnte!?<\/p>\n<p style=\"text-align: justify;\">Ich setzte wieder meinen Weg fort. Irgendwann w\u00fcrde ja noch etwas kommen. Nur das Wetter machte mir gar keinen Spa\u00df mehr. Es gab zwar noch keinen richtigen Regenschauer, aber das konnte sich jederzeit \u00e4ndern.<\/p>\n<p style=\"text-align: justify;\">Nun kam ich an dem Hotel Wieser vorbei. Von au\u00dfen sah es schon Mal einladend aus. Also wollte es hier erneut versuchen. Genauso freundlich wie das Hotel von au\u00dfen aussah, wurde ich auch innen von der Wirtin empfangen. Der angepriesene Ruhetag z\u00e4hlte nur f\u00fcr externe G\u00e4ste, die Hotelg\u00e4ste sollten nat\u00fcrlich versorgt werden. Das war schon mal gut, weil es in dem kleinem Ort nix weiter gab, wo man sich h\u00e4tte versorgen k\u00f6nnen.<\/p>\n<p style=\"text-align: justify;\">Grillen w\u00e4re angesagt gewesen, aber das Wetter w\u00fcrde wohl eher einen Strich durch die Rechnung machen\u2026<\/p>\n<p style=\"text-align: justify;\">Bei einem k\u00fchlen gro\u00dfen Bier r\u00e4tselten wir \u00fcber das Wetter. Aber die Wirtin und ihr Mann machten mir keine Hoffnung mehr, dass es sich heute auch noch mal \u00e4ndern k\u00f6nnte.<img loading=\"lazy\" decoding=\"async\" class=\"size-medium wp-image-2417 alignleft\" src=\"http:\/\/cyclotourers.de\/wp-content\/uploads\/2015\/06\/IMG_3610-Kopie-224x300.jpg\" alt=\"\" width=\"224\" height=\"300\" srcset=\"https:\/\/cyclotourer.de\/wp-content\/uploads\/2015\/06\/IMG_3610-Kopie-224x300.jpg 224w, https:\/\/cyclotourer.de\/wp-content\/uploads\/2015\/06\/IMG_3610-Kopie.jpg 765w\" sizes=\"auto, (max-width: 224px) 100vw, 224px\" \/><\/p>\n<p style=\"text-align: justify;\">Also buchte ich mir ein Zimmer, verstaute mein Fahrrad in der Scheune und brachte mein bisschen Gep\u00e4ck auf das Zimmer. Nachdem ich ausgepackt hatte, blickte ich auf einen strahlend blauen Himmel \u00fcber dem Brenner. Nur noch wenige dunkle Wolkenfetzen hingen in der Luft.<img loading=\"lazy\" decoding=\"async\" class=\"size-medium wp-image-2242 alignright\" src=\"http:\/\/cyclotourers.de\/wp-content\/uploads\/2015\/06\/transalp_shuttle_logodesign__blacknwhite_by_zalanvoros_130509-1-300x218.png\" alt=\"\" width=\"300\" height=\"218\" srcset=\"https:\/\/cyclotourer.de\/wp-content\/uploads\/2015\/06\/transalp_shuttle_logodesign__blacknwhite_by_zalanvoros_130509-1-300x218.png 300w, https:\/\/cyclotourer.de\/wp-content\/uploads\/2015\/06\/transalp_shuttle_logodesign__blacknwhite_by_zalanvoros_130509-1-768x559.png 768w, https:\/\/cyclotourer.de\/wp-content\/uploads\/2015\/06\/transalp_shuttle_logodesign__blacknwhite_by_zalanvoros_130509-1-1024x745.png 1024w\" sizes=\"auto, (max-width: 300px) 100vw, 300px\" \/><\/p>\n<p style=\"text-align: justify;\">Jetzt war es mir auch egal. Ich hatte mein Zimmer und was sollte ich jetzt noch Mal von vorne anfangen. Es sollte hier das Ende sein, vielleicht war es Schicksal, vielleicht sollte es einfach so sein\u2026 man wei\u00df es nicht.<\/p>\n<p style=\"text-align: justify;\"><img loading=\"lazy\" decoding=\"async\" class=\"size-medium wp-image-2418 alignleft\" src=\"http:\/\/cyclotourers.de\/wp-content\/uploads\/2015\/06\/IMG_3611-Kopie-300x224.jpg\" alt=\"\" width=\"300\" height=\"224\" srcset=\"https:\/\/cyclotourer.de\/wp-content\/uploads\/2015\/06\/IMG_3611-Kopie-300x224.jpg 300w, https:\/\/cyclotourer.de\/wp-content\/uploads\/2015\/06\/IMG_3611-Kopie-768x574.jpg 768w, https:\/\/cyclotourer.de\/wp-content\/uploads\/2015\/06\/IMG_3611-Kopie.jpg 1024w\" sizes=\"auto, (max-width: 300px) 100vw, 300px\" \/>Da das Wetter umschlug, hatte ich nat\u00fcrlich Essenstechnisch Gl\u00fcck. Es gab frisch gegrilltes Fleisch!<\/p>\n<p style=\"text-align: justify;\">Leider hatte ich meine App nach einer Pause nicht wieder aktiviert. So fehlten mir ein paar Kilometer. Aber das Navi und mein Tacho spuckten die Wahrheit schon aus.<\/p>\n<p style=\"text-align: justify;\"><strong>Daten:\u00a0 \u00a0\u00a0<img loading=\"lazy\" decoding=\"async\" class=\" wp-image-2470 alignright\" src=\"http:\/\/cyclotourers.de\/wp-content\/uploads\/2015\/06\/1.2.1-300x140.png\" alt=\"\" width=\"439\" height=\"205\" srcset=\"https:\/\/cyclotourer.de\/wp-content\/uploads\/2015\/06\/1.2.1-300x140.png 300w, https:\/\/cyclotourer.de\/wp-content\/uploads\/2015\/06\/1.2.1.png 500w\" sizes=\"auto, (max-width: 439px) 100vw, 439px\" \/>\u00a0\u00a0\u00a0\u00a0\u00a0\u00a0\u00a0\u00a0\u00a0\u00a0\u00a0\u00a0\u00a0\u00a0\u00a0\u00a0\u00a0\u00a0\u00a0\u00a0\u00a0\u00a0\u00a0\u00a0\u00a0\u00a0\u00a0\u00a0\u00a0\u00a0\u00a0\u00a0\u00a0\u00a0\u00a0\u00a0\u00a0\u00a0\u00a0\u00a0\u00a0\u00a0\u00a0\u00a0\u00a0\u00a0\u00a0\u00a0\u00a0\u00a0\u00a0\u00a0\u00a0\u00a0\u00a0\u00a0\u00a0\u00a0\u00a0\u00a0\u00a0\u00a0\u00a0\u00a0\u00a0\u00a0\u00a0\u00a0\u00a0\u00a0\u00a0\u00a0\u00a0\u00a0\u00a0<\/strong><\/p>\n<p style=\"text-align: justify;\">Distanz:\u00a0\u00a0\u00a0\u00a0\u00a0\u00a0\u00a0\u00a0\u00a0\u00a0\u00a0\u00a0\u00a0\u00a0 \u00a0\u00a0\u00a0\u00a0\u00a0\u00a0\u00a0\u00a0\u00a0\u00a0\u00a0\u00a0\u00a0\u00a0\u00a0 176,00km<\/p>\n<p style=\"text-align: justify;\">Zeit: \u00a0\u00a0\u00a0\u00a0 \u00a0\u00a0\u00a0\u00a0\u00a0\u00a0\u00a0\u00a0\u00a0\u00a0\u00a0\u00a0\u00a0\u00a0\u00a0\u00a0\u00a0\u00a0\u00a0\u00a0\u00a0\u00a0\u00a0\u00a0\u00a0\u00a0\u00a0\u00a0\u00a0\u00a0 7:27h<\/p>\n<p style=\"text-align: justify;\">H\u00f6henmeter \u00a0\u00a0\u00a0 \u00a0\u00a0\u00a0\u00a0\u00a0\u00a0\u00a0\u00a0\u00a0\u00a0\u00a0\u00a0\u00a0\u00a0\u00a0 + 1542<\/p>\n<p style=\"text-align: justify;\">H\u00f6henmeter \u00a0\u00a0\u00a0 \u00a0\u00a0\u00a0\u00a0\u00a0\u00a0\u00a0\u00a0\u00a0\u00a0\u00a0\u00a0\u00a0\u00a0\u00a0 &#8211; 690<\/p>\n<p style=\"text-align: justify;\">Steig Durchschn. \u00a0\u00a0\u00a0\u00a0\u00a0\u00a0\u00a0\u00a0\u00a0\u00a0\u00a0 4 %<img loading=\"lazy\" decoding=\"async\" class=\" wp-image-2471 alignright\" src=\"http:\/\/cyclotourers.de\/wp-content\/uploads\/2015\/06\/1.2.2-258x300.png\" alt=\"\" width=\"410\" height=\"477\" srcset=\"https:\/\/cyclotourer.de\/wp-content\/uploads\/2015\/06\/1.2.2-258x300.png 258w, https:\/\/cyclotourer.de\/wp-content\/uploads\/2015\/06\/1.2.2.png 514w\" sizes=\"auto, (max-width: 410px) 100vw, 410px\" \/><\/p>\n<p style=\"text-align: justify;\">Steig. Max.\u00a0\u00a0\u00a0\u00a0\u00a0\u00a0\u00a0\u00a0\u00a0\u00a0\u00a0\u00a0\u00a0\u00a0\u00a0\u00a0\u00a0\u00a0\u00a0\u00a0\u00a0\u00a0\u00a0 15%<\/p>\n<p style=\"text-align: justify;\">Tempo max: \u00a0\u00a0\u00a0\u00a0 \u00a0\u00a0\u00a0\u00a0\u00a0\u00a0\u00a0\u00a0\u00a0\u00a0\u00a0\u00a0\u00a0\u00a0\u00a0 49,52 km\/h<\/p>\n<p style=\"text-align: justify;\">Tempo Durchschn.\u00a0\u00a0\u00a0\u00a0\u00a0\u00a0\u00a0\u00a0 23,59 km\/h<\/p>\n<p style=\"text-align: justify;\">Temperatur\u00a0\u00a0\u00a0\u00a0\u00a0\u00a0 \u00a0\u00a0\u00a0\u00a0\u00a0\u00a0\u00a0\u00a0\u00a0\u00a0\u00a0\u00a0\u00a0\u00a0\u00a0 bis 32\u00b0C<\/p>\n<p style=\"text-align: justify;\"><strong>Tourenende<\/strong><\/p>\n<p style=\"text-align: justify;\"><img loading=\"lazy\" decoding=\"async\" class=\"size-medium wp-image-2420 alignright\" src=\"http:\/\/cyclotourers.de\/wp-content\/uploads\/2015\/06\/IMG_3613-Kopie-300x224.jpg\" alt=\"\" width=\"300\" height=\"224\" srcset=\"https:\/\/cyclotourer.de\/wp-content\/uploads\/2015\/06\/IMG_3613-Kopie-300x224.jpg 300w, https:\/\/cyclotourer.de\/wp-content\/uploads\/2015\/06\/IMG_3613-Kopie-768x574.jpg 768w, https:\/\/cyclotourer.de\/wp-content\/uploads\/2015\/06\/IMG_3613-Kopie.jpg 1024w\" sizes=\"auto, (max-width: 300px) 100vw, 300px\" \/>Nach einem gro\u00dfen Fr\u00fchst\u00fcck verabschiedete ich mich und rollte mit meinem Bike aus Stilfes. Der Himmel war blau, und die Sonne kletterte immer h\u00f6her an den Himmel. Ich fragte mich, ob ich es heute bis nach M\u00fcnchen schaffen w\u00fcrde. Ob ich abends im Winters-Hotel in M\u00fcnchen ein sch\u00f6nes Weizenbier genie\u00dfen k\u00f6nnte\u2026<\/p>\n<p style=\"text-align: justify;\">Weit durfte es nach meiner Rechnung nicht mehr sein, bis ich den Brenner-Pass erreichen sollte. Zumindest rechnete ich noch mit etwa 20km.<img loading=\"lazy\" decoding=\"async\" class=\"size-medium wp-image-2421 alignleft\" src=\"http:\/\/cyclotourers.de\/wp-content\/uploads\/2015\/06\/IMG_3614-Kopie-300x224.jpg\" alt=\"\" width=\"300\" height=\"224\" srcset=\"https:\/\/cyclotourer.de\/wp-content\/uploads\/2015\/06\/IMG_3614-Kopie-300x224.jpg 300w, https:\/\/cyclotourer.de\/wp-content\/uploads\/2015\/06\/IMG_3614-Kopie-768x574.jpg 768w, https:\/\/cyclotourer.de\/wp-content\/uploads\/2015\/06\/IMG_3614-Kopie.jpg 1024w\" sizes=\"auto, (max-width: 300px) 100vw, 300px\" \/><\/p>\n<p style=\"text-align: justify;\">Zun\u00e4chst f\u00fchrte mich der Radweg ziemlich flach an der Eisack entlang. Die Eisack ist der zweitgr\u00f6\u00dfte Fluss in S\u00fcdtirol und entspringt am Brenner. Nat\u00fcrlich f\u00fchrte er mich nicht durchgehend \u00fcber so ein flaches Terrain, nur bis nach Strerzing sollte mir das Tal eine problemlose Fahrt bieten.<\/p>\n<p style=\"text-align: justify;\">Durch die engen Gassen Sterzings war ich nat\u00fcrlich weg vom Flu\u00df. Teils n\u00e4herte ich mich ihm nochmals, dann war der Fluss jedoch nur noch ein kleiner Bach.<img loading=\"lazy\" decoding=\"async\" class=\"size-medium wp-image-2425 alignleft\" src=\"http:\/\/cyclotourers.de\/wp-content\/uploads\/2015\/06\/IMG_3615-224x300.jpg\" alt=\"\" width=\"224\" height=\"300\" srcset=\"https:\/\/cyclotourer.de\/wp-content\/uploads\/2015\/06\/IMG_3615-224x300.jpg 224w, https:\/\/cyclotourer.de\/wp-content\/uploads\/2015\/06\/IMG_3615.jpg 765w\" sizes=\"auto, (max-width: 224px) 100vw, 224px\" \/><\/p>\n<p style=\"text-align: justify;\">Von nun an musste ich ab und an einer kleinen Rampe kr\u00e4ftiger in die Pedale drehten. Aber im Gro\u00dfen und Ganzen verliefen die ersten Kilometer des Tages mit einer humanen Steigung. Schlie\u00dflich folgte der Radweg zum gr\u00f6\u00dften Teil weiterhin die Trasse der ehemaligen Bahnstrecke.<img loading=\"lazy\" decoding=\"async\" class=\"size-medium wp-image-2426 alignright\" src=\"http:\/\/cyclotourers.de\/wp-content\/uploads\/2015\/06\/IMG_3616-300x224.jpg\" alt=\"\" width=\"300\" height=\"224\" srcset=\"https:\/\/cyclotourer.de\/wp-content\/uploads\/2015\/06\/IMG_3616-300x224.jpg 300w, https:\/\/cyclotourer.de\/wp-content\/uploads\/2015\/06\/IMG_3616-768x574.jpg 768w, https:\/\/cyclotourer.de\/wp-content\/uploads\/2015\/06\/IMG_3616.jpg 1024w\" sizes=\"auto, (max-width: 300px) 100vw, 300px\" \/><\/p>\n<p style=\"text-align: justify;\">Mir fiel auf, dass die Brennerautobahn \u00fcber unz\u00e4hlige und hohe Br\u00fccken f\u00fchrt. Vor ein paar Jahren fuhr ich mit dem Auto nach Mailand, an die vielen Br\u00fccken konnte ich mich jedoch nicht mehr erinnern.<\/p>\n<p style=\"text-align: justify;\">Die alte Bahntrasse f\u00fchrte nun erst einmal von der Brennerautobahn weg ins Pflerschtal. Fast durchg\u00e4ngig blieb man auf der alten Bahntrasse. Nachdem sie von der ehemaligen Route weg und an einem kleinen Bauernhof vorbei f\u00fchrte, musste man eine kurze und knackige Rampe bezwingen. Aber dann kam man an einem alten Tunnel vorbei und wusste, dass man wieder auf den Spuren der alten Dampfloks war.<img loading=\"lazy\" decoding=\"async\" class=\"size-medium wp-image-2427 alignleft\" src=\"http:\/\/cyclotourers.de\/wp-content\/uploads\/2015\/06\/IMG_3617-224x300.jpg\" alt=\"\" width=\"224\" height=\"300\" srcset=\"https:\/\/cyclotourer.de\/wp-content\/uploads\/2015\/06\/IMG_3617-224x300.jpg 224w, https:\/\/cyclotourer.de\/wp-content\/uploads\/2015\/06\/IMG_3617.jpg 765w\" sizes=\"auto, (max-width: 224px) 100vw, 224px\" \/><\/p>\n<p style=\"text-align: justify;\">Die restliche Strecke auf den Brenner war im Gro\u00dfen und Ganzen unspektakul\u00e4r. Zwischendurch wurde man mit weiten Ausblicken belohnt.<\/p>\n<p style=\"text-align: justify;\">Dann tauchte ein alter Bahnhof auf. Verlassen und vergessen zerf\u00e4llt der Bahnhof Schelleberg (Moncucco) scheinbar nach und nach.<img loading=\"lazy\" decoding=\"async\" class=\"size-medium wp-image-2436 alignright\" src=\"http:\/\/cyclotourers.de\/wp-content\/uploads\/2015\/06\/DSC01667-300x225.jpg\" alt=\"\" width=\"300\" height=\"225\" srcset=\"https:\/\/cyclotourer.de\/wp-content\/uploads\/2015\/06\/DSC01667-300x225.jpg 300w, https:\/\/cyclotourer.de\/wp-content\/uploads\/2015\/06\/DSC01667-768x576.jpg 768w, https:\/\/cyclotourer.de\/wp-content\/uploads\/2015\/06\/DSC01667.jpg 1024w\" sizes=\"auto, (max-width: 300px) 100vw, 300px\" \/><\/p>\n<p style=\"text-align: justify;\">Meine erste H\u00fcrde war erreicht. Ich stand unter dem Hinweisschild, dass ich auf dem Brenner angekommen war.<img loading=\"lazy\" decoding=\"async\" class=\"size-medium wp-image-2429 alignleft\" src=\"http:\/\/cyclotourers.de\/wp-content\/uploads\/2015\/06\/IMG_3619-300x225.jpg\" alt=\"\" width=\"300\" height=\"225\" srcset=\"https:\/\/cyclotourer.de\/wp-content\/uploads\/2015\/06\/IMG_3619-300x225.jpg 300w, https:\/\/cyclotourer.de\/wp-content\/uploads\/2015\/06\/IMG_3619.jpg 640w\" sizes=\"auto, (max-width: 300px) 100vw, 300px\" \/><\/p>\n<p style=\"text-align: justify;\">Bis auf einen Outletstore und einem Freudenhaus ist der Brennerpass jedoch recht unspektakul\u00e4r. Klar gab es noch die M\u00f6glichkeit einen Kaffee zu trinken, aber ich hatte jetzt kein Bed\u00fcrfnis und wollte mich auch nicht lange aufhalten.<img loading=\"lazy\" decoding=\"async\" class=\"size-medium wp-image-2430 alignright\" src=\"http:\/\/cyclotourers.de\/wp-content\/uploads\/2015\/06\/IMG_3620-300x224.jpg\" alt=\"\" width=\"300\" height=\"224\" srcset=\"https:\/\/cyclotourer.de\/wp-content\/uploads\/2015\/06\/IMG_3620-300x224.jpg 300w, https:\/\/cyclotourer.de\/wp-content\/uploads\/2015\/06\/IMG_3620-768x574.jpg 768w, https:\/\/cyclotourer.de\/wp-content\/uploads\/2015\/06\/IMG_3620.jpg 1024w\" sizes=\"auto, (max-width: 300px) 100vw, 300px\" \/><\/p>\n<p style=\"text-align: justify;\">Also machte ich mich auf der alten Brennerstra\u00dfe in Richtung Inssbruck. Auf den ersten Kilometern bis hinter Gries ging es flott abw\u00e4rts. Nur zahlreiche Baustellen bremsten mich immer wieder aus.<img loading=\"lazy\" decoding=\"async\" class=\"size-medium wp-image-2434 alignleft\" src=\"http:\/\/cyclotourers.de\/wp-content\/uploads\/2015\/06\/IMG_3624-300x224.jpg\" alt=\"\" width=\"300\" height=\"224\" srcset=\"https:\/\/cyclotourer.de\/wp-content\/uploads\/2015\/06\/IMG_3624-300x224.jpg 300w, https:\/\/cyclotourer.de\/wp-content\/uploads\/2015\/06\/IMG_3624-768x574.jpg 768w, https:\/\/cyclotourer.de\/wp-content\/uploads\/2015\/06\/IMG_3624.jpg 1024w\" sizes=\"auto, (max-width: 300px) 100vw, 300px\" \/><\/p>\n<p style=\"text-align: justify;\">Jetzt kam Wind auf, aber es war ja klar, dass dieser wieder in die falsche Richtung blies. Ein sch\u00f6ner R\u00fcckenwind h\u00e4tte zu der kontinuierlichen Abfahrt gut getan. Mal mit mehr und Mal mit weniger Gef\u00e4lle rollte ich immer weiter Richtung Ziel. Ob ich mein Ziel M\u00fcnchen erreichen konnte? Ich war mir selber nicht sicher.<img loading=\"lazy\" decoding=\"async\" class=\"size-medium wp-image-2433 alignright\" src=\"http:\/\/cyclotourers.de\/wp-content\/uploads\/2015\/06\/IMG_3623-300x224.jpg\" alt=\"\" width=\"300\" height=\"224\" srcset=\"https:\/\/cyclotourer.de\/wp-content\/uploads\/2015\/06\/IMG_3623-300x224.jpg 300w, https:\/\/cyclotourer.de\/wp-content\/uploads\/2015\/06\/IMG_3623-768x574.jpg 768w, https:\/\/cyclotourer.de\/wp-content\/uploads\/2015\/06\/IMG_3623.jpg 1024w\" sizes=\"auto, (max-width: 300px) 100vw, 300px\" \/><\/p>\n<p style=\"text-align: justify;\">Imposant steht die Europabr\u00fccke der Brennerautobahn mit einer H\u00f6he von 190m auf ihren langen Stelzen. Immerhin ist sie seit ihrem Bau in den Jahren 1959 bis 1963 die h\u00f6chste Balkenbr\u00fccke Europas.<img loading=\"lazy\" decoding=\"async\" class=\"size-medium wp-image-2435 alignleft\" src=\"http:\/\/cyclotourers.de\/wp-content\/uploads\/2015\/06\/IMG_3625-300x224.jpg\" alt=\"\" width=\"300\" height=\"224\" srcset=\"https:\/\/cyclotourer.de\/wp-content\/uploads\/2015\/06\/IMG_3625-300x224.jpg 300w, https:\/\/cyclotourer.de\/wp-content\/uploads\/2015\/06\/IMG_3625-768x574.jpg 768w, https:\/\/cyclotourer.de\/wp-content\/uploads\/2015\/06\/IMG_3625.jpg 1024w\" sizes=\"auto, (max-width: 300px) 100vw, 300px\" \/><\/p>\n<p style=\"text-align: justify;\"><img loading=\"lazy\" decoding=\"async\" class=\" wp-image-2078 alignright\" src=\"http:\/\/cyclotourers.de\/wp-content\/uploads\/2013\/09\/00_company-300x60.jpg\" alt=\"\" width=\"400\" height=\"80\" srcset=\"https:\/\/cyclotourer.de\/wp-content\/uploads\/2013\/09\/00_company-300x60.jpg 300w, https:\/\/cyclotourer.de\/wp-content\/uploads\/2013\/09\/00_company-768x153.jpg 768w, https:\/\/cyclotourer.de\/wp-content\/uploads\/2013\/09\/00_company-1024x204.jpg 1024w, https:\/\/cyclotourer.de\/wp-content\/uploads\/2013\/09\/00_company.jpg 1594w\" sizes=\"auto, (max-width: 400px) 100vw, 400px\" \/>Nach gut siebzig Kilometer erreichte ich Innsbruck. Zuerst wollte ich eine kleine Pause einlegen. In Anbetracht der Zeit entschloss ich mich jedoch, noch ein paar Kilometer runter zu spulen.<\/p>\n<p style=\"text-align: justify;\">Ich radelte in die Stadt und schlug gleich die Richtung zur Inn ein. Nun musste ich nur noch nach Telfs, dann w\u00e4re ich wieder auf meiner alten Route, die ich gekommen war. Mir kam die Abfahrt von Seefeld in den Kopf. Da wartete noch ein hartes St\u00fcck Anstieg auf mich.<img loading=\"lazy\" decoding=\"async\" class=\"size-medium wp-image-2437 alignleft\" src=\"http:\/\/cyclotourers.de\/wp-content\/uploads\/2015\/06\/IMG_3626-300x224.jpg\" alt=\"\" width=\"300\" height=\"224\" srcset=\"https:\/\/cyclotourer.de\/wp-content\/uploads\/2015\/06\/IMG_3626-300x224.jpg 300w, https:\/\/cyclotourer.de\/wp-content\/uploads\/2015\/06\/IMG_3626-768x574.jpg 768w, https:\/\/cyclotourer.de\/wp-content\/uploads\/2015\/06\/IMG_3626.jpg 1024w\" sizes=\"auto, (max-width: 300px) 100vw, 300px\" \/><img loading=\"lazy\" decoding=\"async\" class=\"size-medium wp-image-2438 alignright\" src=\"http:\/\/cyclotourers.de\/wp-content\/uploads\/2015\/06\/IMG_3627-300x224.jpg\" alt=\"\" width=\"300\" height=\"224\" srcset=\"https:\/\/cyclotourer.de\/wp-content\/uploads\/2015\/06\/IMG_3627-300x224.jpg 300w, https:\/\/cyclotourer.de\/wp-content\/uploads\/2015\/06\/IMG_3627-768x574.jpg 768w, https:\/\/cyclotourer.de\/wp-content\/uploads\/2015\/06\/IMG_3627.jpg 1024w\" sizes=\"auto, (max-width: 300px) 100vw, 300px\" \/><\/p>\n<p style=\"text-align: justify;\"><img loading=\"lazy\" decoding=\"async\" class=\"size-medium wp-image-2439 alignleft\" src=\"http:\/\/cyclotourers.de\/wp-content\/uploads\/2015\/06\/IMG_3603-300x224.jpg\" alt=\"\" width=\"300\" height=\"224\" srcset=\"https:\/\/cyclotourer.de\/wp-content\/uploads\/2015\/06\/IMG_3603-300x224.jpg 300w, https:\/\/cyclotourer.de\/wp-content\/uploads\/2015\/06\/IMG_3603-768x574.jpg 768w, https:\/\/cyclotourer.de\/wp-content\/uploads\/2015\/06\/IMG_3603.jpg 1024w\" sizes=\"auto, (max-width: 300px) 100vw, 300px\" \/>Der Inntalradweg war schnell gefunden. Ich radelte flussaufw\u00e4rts und hoffte, dass der Radweg so gut ausgebaut bleiben w\u00fcrde. Das tat er auch und ich konnte nach der Stadt wieder an Fahrt gewinnen.<\/p>\n<p style=\"text-align: justify;\">An der Inn entlang lief es auch wieder sehr gut, aber meine Wasserreserven waren mal wieder am Ende. Langsam machte sich auch mein K\u00f6rper bemerkbar und wollte etwas Brennstoff in Form von Kalorien.<\/p>\n<p style=\"text-align: justify;\">Kurz nach Pettnau kam ich an dem Biergarten \u201cGaudi\u201c vorbei. Mit ENDE der Durststrecke warb der Wirt auf seinem Werbeschild. Das war treffend! Hier wollte ich meine erste Pause einlegen.<\/p>\n<p><img loading=\"lazy\" decoding=\"async\" class=\"size-medium wp-image-2440 alignleft\" src=\"http:\/\/cyclotourers.de\/wp-content\/uploads\/2015\/06\/IMG_3630-300x224.jpg\" alt=\"\" width=\"300\" height=\"224\" srcset=\"https:\/\/cyclotourer.de\/wp-content\/uploads\/2015\/06\/IMG_3630-300x224.jpg 300w, https:\/\/cyclotourer.de\/wp-content\/uploads\/2015\/06\/IMG_3630-768x574.jpg 768w, https:\/\/cyclotourer.de\/wp-content\/uploads\/2015\/06\/IMG_3630.jpg 1024w\" sizes=\"auto, (max-width: 300px) 100vw, 300px\" \/><\/p>\n<p style=\"text-align: justify;\">Nachdem ich mich gest\u00e4rkt hatte, setzte ich meine Tour fort. Ich zweifelte immer mehr daran, dass ich an diesem Abend in M\u00fcnchen ankommen w\u00fcrde. Telfs lag in greifbarer N\u00e4he, dann sollte der Anstieg kommen, den ich mit einer langen rasanten Abfahrt noch zu gut in Erinnerung hatte.<img loading=\"lazy\" decoding=\"async\" class=\"size-medium wp-image-2441 alignright\" src=\"http:\/\/cyclotourers.de\/wp-content\/uploads\/2015\/06\/IMG_3631-224x300.jpg\" alt=\"\" width=\"224\" height=\"300\" srcset=\"https:\/\/cyclotourer.de\/wp-content\/uploads\/2015\/06\/IMG_3631-224x300.jpg 224w, https:\/\/cyclotourer.de\/wp-content\/uploads\/2015\/06\/IMG_3631.jpg 765w\" sizes=\"auto, (max-width: 224px) 100vw, 224px\" \/><\/p>\n<p style=\"text-align: justify;\">Keine zwanzig Minuten sp\u00e4ter war ich an dem Kreisel, an dem die bef\u00fcrchtete Steigung beginnen sollte. Jetzt ging es hoch auf das Seefeld-Plateau. Jetzt befand ich mich wieder auf meiner alten Route und ich konnte mich wieder nach dem Navigationsger\u00e4t richten. Nun musste ich mich nur an die blaue Linie halten und der Weg w\u00fcrde mich direkt vor das Winters-Hotel in M\u00fcnchen f\u00fchren.<img loading=\"lazy\" decoding=\"async\" class=\"size-medium wp-image-2442 alignleft\" src=\"http:\/\/cyclotourers.de\/wp-content\/uploads\/2015\/06\/IMG_3632-300x224.jpg\" alt=\"\" width=\"300\" height=\"224\" srcset=\"https:\/\/cyclotourer.de\/wp-content\/uploads\/2015\/06\/IMG_3632-300x224.jpg 300w, https:\/\/cyclotourer.de\/wp-content\/uploads\/2015\/06\/IMG_3632-768x574.jpg 768w, https:\/\/cyclotourer.de\/wp-content\/uploads\/2015\/06\/IMG_3632.jpg 1024w\" sizes=\"auto, (max-width: 300px) 100vw, 300px\" \/><\/p>\n<p style=\"text-align: justify;\">Nach den ersten H\u00f6henmetern blickte ich noch einmal zur\u00fcck. In die Richtung, wo ich vor ein paar Tagen musste, um an mein Ziel, dem Gardasee, zu kommen. Kaum zu glauben, dass ich gerade Mal sechs Tage nach dem Tourenstart schon mit der zweiten Transalp auf dem Buckel an der Stelle stand, wo ich da noch nicht einmal genau wusste, was mich bei der ersten Transalp alles erwarten w\u00fcrde.<\/p>\n<p style=\"text-align: justify;\">Der Himmel machte mir langsam Sorgen. Immer mehr Wolken zogen auf und bedeckten den Himmel. Hoffentlich w\u00fcrde das Wetter halten. Das es nicht mehr so hei\u00df war, war zwar angenehm, aber Regen konnte meinen Plan in M\u00fcnchen anzukommen zerst\u00f6ren. Aber ich war mir ja noch nicht mal sicher, ob ich es \u00fcberhaupt schaffen w\u00fcrde.<img loading=\"lazy\" decoding=\"async\" class=\"size-medium wp-image-2443 alignright\" src=\"http:\/\/cyclotourers.de\/wp-content\/uploads\/2015\/06\/IMG_3633-300x224.jpg\" alt=\"\" width=\"300\" height=\"224\" srcset=\"https:\/\/cyclotourer.de\/wp-content\/uploads\/2015\/06\/IMG_3633-300x224.jpg 300w, https:\/\/cyclotourer.de\/wp-content\/uploads\/2015\/06\/IMG_3633-768x574.jpg 768w, https:\/\/cyclotourer.de\/wp-content\/uploads\/2015\/06\/IMG_3633.jpg 1024w\" sizes=\"auto, (max-width: 300px) 100vw, 300px\" \/><\/p>\n<p style=\"text-align: justify;\"><img loading=\"lazy\" decoding=\"async\" class=\"wp-image-2320 alignleft\" src=\"http:\/\/cyclotourers.de\/wp-content\/uploads\/2015\/06\/transalp_shuttle_logodesign_horizontal_by_zalanvoros_130509-300x69.png\" alt=\"\" width=\"396\" height=\"91\" srcset=\"https:\/\/cyclotourer.de\/wp-content\/uploads\/2015\/06\/transalp_shuttle_logodesign_horizontal_by_zalanvoros_130509-300x69.png 300w, https:\/\/cyclotourer.de\/wp-content\/uploads\/2015\/06\/transalp_shuttle_logodesign_horizontal_by_zalanvoros_130509-768x177.png 768w, https:\/\/cyclotourer.de\/wp-content\/uploads\/2015\/06\/transalp_shuttle_logodesign_horizontal_by_zalanvoros_130509-1024x236.png 1024w\" sizes=\"auto, (max-width: 396px) 100vw, 396px\" \/><\/p>\n<p style=\"text-align: justify;\">Es kam wie es kommen musste und die Wolken \u00f6ffneten ihre Schleusen. Der Regen fiel mit dicken Tropfen vom Himmel. Ich rettete mich mit einer Mountainbikerin in einer Bushaltestelle. Da es sofort abk\u00fchlte, zog ich mir meine warme Jacke an. Da ich keine nassen F\u00fc\u00dfe auf der Weitefahrt bekommen wollte, machte ich mit den \u00dcberschuhen und der langen Hose weiter.<img loading=\"lazy\" decoding=\"async\" class=\"size-medium wp-image-2445 alignleft\" src=\"http:\/\/cyclotourers.de\/wp-content\/uploads\/2015\/06\/IMG_3635-300x224.jpg\" alt=\"\" width=\"300\" height=\"224\" srcset=\"https:\/\/cyclotourer.de\/wp-content\/uploads\/2015\/06\/IMG_3635-300x224.jpg 300w, https:\/\/cyclotourer.de\/wp-content\/uploads\/2015\/06\/IMG_3635-768x574.jpg 768w, https:\/\/cyclotourer.de\/wp-content\/uploads\/2015\/06\/IMG_3635.jpg 1024w\" sizes=\"auto, (max-width: 300px) 100vw, 300px\" \/><\/p>\n<p style=\"text-align: justify;\">Sobald es etwas nachgelassen hatte, setzte ich meine Fahrt fort. Ich \u00fcberlegte, was ich machen w\u00fcrde, wenn ich wirklich nicht in M\u00fcnchen ankam. Das Zimmer war bestellt und reserviert. Ich m\u00fcsste die Unterkunft absagen, eine kurze Etappe am n\u00e4chsten Tag dranh\u00e4ngen und mit dem Zug heimfahren.<\/p>\n<p style=\"text-align: justify;\">Aber das w\u00e4re auch irgendwie doof. Wegen wenige Kilometer bis M\u00fcnchen noch ein Tag dran h\u00e4ngen\u2026<\/p>\n<p style=\"text-align: justify;\">Falls ich es heute nicht schaffen w\u00fcrde, entschloss ich mich, dann w\u00fcrde ich bis Frankfurt durchfahren, das w\u00e4ren noch Mal zwei Tage zus\u00e4tzlich.<img loading=\"lazy\" decoding=\"async\" class=\"size-medium wp-image-2447 alignright\" src=\"http:\/\/cyclotourers.de\/wp-content\/uploads\/2015\/06\/IMG_3637-300x224.jpg\" alt=\"\" width=\"300\" height=\"224\" srcset=\"https:\/\/cyclotourer.de\/wp-content\/uploads\/2015\/06\/IMG_3637-300x224.jpg 300w, https:\/\/cyclotourer.de\/wp-content\/uploads\/2015\/06\/IMG_3637-768x574.jpg 768w, https:\/\/cyclotourer.de\/wp-content\/uploads\/2015\/06\/IMG_3637.jpg 1024w\" sizes=\"auto, (max-width: 300px) 100vw, 300px\" \/><\/p>\n<p style=\"text-align: justify;\">Es dauerte nicht lange und die n\u00e4chsten Tropfen fielen vom Himmel. Jetzt war es mir egal. Ich hatte meine Regenfesten Sachen an und ich radelte einfach weiter. Die Fahrt durch das Karvendelgebirge verlief viel besser, als erwartet. Selbst den bef\u00fcrchteten Anstieg von Telfs nach Seefeld verlief gut. Jetzt war ich schon kurz vor der Grenze nach Deutschland. Ein weiteres kleines Etappenziel an diesem Tag.<\/p>\n<p style=\"text-align: justify;\">Ich passierte Mittenwald, radelte durch Kr\u00fcn und Wallgau. Zu gut konnte ich mich an den ersten Tag der Tour erinnern. Und selbst jetzt bei Regen, war ich noch genauso von der Landschafft und der Natur begeistert.<img loading=\"lazy\" decoding=\"async\" class=\"size-medium wp-image-2448 alignleft\" src=\"http:\/\/cyclotourers.de\/wp-content\/uploads\/2015\/06\/IMG_3638-300x224.jpg\" alt=\"\" width=\"300\" height=\"224\" srcset=\"https:\/\/cyclotourer.de\/wp-content\/uploads\/2015\/06\/IMG_3638-300x224.jpg 300w, https:\/\/cyclotourer.de\/wp-content\/uploads\/2015\/06\/IMG_3638-768x574.jpg 768w, https:\/\/cyclotourer.de\/wp-content\/uploads\/2015\/06\/IMG_3638.jpg 1024w\" sizes=\"auto, (max-width: 300px) 100vw, 300px\" \/><\/p>\n<p style=\"text-align: justify;\"><img loading=\"lazy\" decoding=\"async\" class=\"size-medium wp-image-2450 alignright\" src=\"http:\/\/cyclotourers.de\/wp-content\/uploads\/2015\/06\/IMG_3640-300x224.jpg\" alt=\"\" width=\"300\" height=\"224\" srcset=\"https:\/\/cyclotourer.de\/wp-content\/uploads\/2015\/06\/IMG_3640-300x224.jpg 300w, https:\/\/cyclotourer.de\/wp-content\/uploads\/2015\/06\/IMG_3640-768x574.jpg 768w, https:\/\/cyclotourer.de\/wp-content\/uploads\/2015\/06\/IMG_3640.jpg 1024w\" sizes=\"auto, (max-width: 300px) 100vw, 300px\" \/>Da es ja h\u00e4ufig abw\u00e4rts ging, gelangte ich auch recht flott zum Walchensee. Der wollte wieder zur H\u00e4lfte umrundet werden. Es war zwar noch bew\u00f6lkt, jedoch h\u00f6rte es auf zu regnen. So langsam schwitzte ich unter meinen Klamotten. Ich hatte das Ziel M\u00fcnchen immer noch nicht aufgegeben. So wollte ich keine Zeit verlieren und schwitzte lieber, als kurz anzuhalten um die Klamotten zur\u00fcck in den Rucksack zu stecken. Der Walchensee ebenfalls recht flott umrundet und eine der letzten steilen Rampen wartete auf mich. Ich legte eine kurze Pause ein, um zumindest die Hose los zu werden. Um die Jacke auszuziehen war es doch zu frisch und ich hatte auch keine Lust auszuk\u00fchlen.<img loading=\"lazy\" decoding=\"async\" class=\"size-medium wp-image-2451 alignleft\" src=\"http:\/\/cyclotourers.de\/wp-content\/uploads\/2015\/06\/IMG_3641-300x224.jpg\" alt=\"\" width=\"300\" height=\"224\" srcset=\"https:\/\/cyclotourer.de\/wp-content\/uploads\/2015\/06\/IMG_3641-300x224.jpg 300w, https:\/\/cyclotourer.de\/wp-content\/uploads\/2015\/06\/IMG_3641-768x574.jpg 768w, https:\/\/cyclotourer.de\/wp-content\/uploads\/2015\/06\/IMG_3641.jpg 1024w\" sizes=\"auto, (max-width: 300px) 100vw, 300px\" \/><\/p>\n<p style=\"text-align: justify;\">Nun ging es wieder die Serpentinen zum Kochelsee runter. Weit \u00fcber sieben Stunden war ich jetzt unterwegs. Ich versuchte die Distanz bis M\u00fcnchen abzusch\u00e4tzen. In diesem Moment fiel es mir jedoch schwer, mich an die Etappe zu erinnern und ich konnte nicht mal mehr sch\u00e4tzen, wie lange ich von M\u00fcnchen hierher brauchte.<\/p>\n<p style=\"text-align: justify;\">Mental war ich eigentlich optimistisch, dass ich es schaffen w\u00fcrde. Aber k\u00f6rperlich baute ich immer mehr ab. Meine Beine wurden irgendwie immer weicher. Klar, ich hatte schon eine beachtliche Strecke mit einigen H\u00f6henmetern hinter mir. Aber ich wollte doch nicht vor der Dunkelheit schlapp machen?<img loading=\"lazy\" decoding=\"async\" class=\"size-medium wp-image-2452 alignright\" src=\"http:\/\/cyclotourers.de\/wp-content\/uploads\/2015\/06\/IMG_3642-300x224.jpg\" alt=\"\" width=\"300\" height=\"224\" srcset=\"https:\/\/cyclotourer.de\/wp-content\/uploads\/2015\/06\/IMG_3642-300x224.jpg 300w, https:\/\/cyclotourer.de\/wp-content\/uploads\/2015\/06\/IMG_3642-768x574.jpg 768w, https:\/\/cyclotourer.de\/wp-content\/uploads\/2015\/06\/IMG_3642.jpg 1024w\" sizes=\"auto, (max-width: 300px) 100vw, 300px\" \/><\/p>\n<p style=\"text-align: justify;\">Steile Anstiege brauchte ich nach dem Karwendel nicht mehr zu bef\u00fcrchten, doch die langen flachen raubten nat\u00fcrlich auch Kraft.<\/p>\n<p style=\"text-align: justify;\">In Ebenhausen verlies mich die Kraft. Es konnte nicht mehr weit bis M\u00fcnchen sein, immerhin zeigte mein Tacho schon 208km an. Knapp zehn Stunden Fahrzeit hatte ich jetzt hinter mir. Aber so wie ich mich jetzt f\u00fchlte, wollte ich nur noch die Beine hoch legen, aber kein Tritt mehr in die Pedale tun.<\/p>\n<p style=\"text-align: justify;\">Die Kilometer konnte ich nicht genau einsch\u00e4tzen, da die Beschilderung meist auf die nahegelegene Autobahn f\u00fchrte. Aber diese durfte ich ja leider nicht fahren.<\/p>\n<p style=\"text-align: justify;\">So hielt ich Ausschau nach eine Tankstelle oder einem Kiosk wo man etwas kaufen konnte. Mein letzter Riegel war schon vor l\u00e4ngerer Zeit gegessen, das letzte P\u00e4ckchen Dextro vor noch l\u00e4ngerer Zeit aufgebraucht.<\/p>\n<p style=\"text-align: justify;\">Cola und Schokoriegel gaben immer ganz gute Energie, vielleicht sollte ich es heute doch mal mit einem Energie-Getr\u00e4nk in Verbindung mit, einem Schokoriegel versuchen\u2026<img loading=\"lazy\" decoding=\"async\" class=\"size-medium wp-image-2453 alignleft\" src=\"http:\/\/cyclotourers.de\/wp-content\/uploads\/2015\/06\/IMG_3643-300x224.jpg\" alt=\"\" width=\"300\" height=\"224\" srcset=\"https:\/\/cyclotourer.de\/wp-content\/uploads\/2015\/06\/IMG_3643-300x224.jpg 300w, https:\/\/cyclotourer.de\/wp-content\/uploads\/2015\/06\/IMG_3643-768x574.jpg 768w, https:\/\/cyclotourer.de\/wp-content\/uploads\/2015\/06\/IMG_3643.jpg 1024w\" sizes=\"auto, (max-width: 300px) 100vw, 300px\" \/>\u00a0Dann kam ein rettendes Bistro. Da es so ziemlich alles in dem Bistro gab, fragte ich gezielt nach zwei Dosen Cola, 2 Redbull und nach 2 Snickers.<\/p>\n<p style=\"text-align: justify;\">Ich wurde zwar mit gro\u00dfen Augen angeschaut, aber bis auf die Schokoriegel konnte ich versorgt werden. Anstatt Schokoriegel bot mir der Verk\u00e4ufer zwei frische Schinkenbr\u00f6tchen an. Die nahm ich nat\u00fcrlich auch dankend an.<\/p>\n<p style=\"text-align: justify;\">Und der gew\u00fcnschte Effekt kam. Ich f\u00fchlte mich noch mal fit und glaubte auch wieder daran, dass ich das Winters-Hotel erreichen w\u00fcrde.<\/p>\n<p style=\"text-align: justify;\">Umso n\u00e4her ich an M\u00fcnchen kam, umso flacher wurde es. Dann wurde ich von einem Roller \u00fcberholt. Das war meine Gelegenheit Windschatten zu nutzen. Aufgeputscht vom Redbull und Cola klemmte ich mich hinter den Roller. Mit Geschwindigkeiten bis 45 km\/h jagte ich dem Gef\u00e4hrt hinter her.<\/p>\n<p style=\"text-align: justify;\">Als der Fahrer mich im Spiegel bemerkte, stie\u00df er seine Mitfahrerin an. Die drehte sich gleich zu mir um und feuerte mich an sie zu \u00fcberholen. Aber das war ja nicht mein Plan. Mein Plan ging aber dahingehend auf, das ich durch dem Windschatten und der Animatorin innerhalb kurzer Zeit einige Kilometer hinter mich bringen konnte. Kurz vor dem Ortschild bogen sie leider ab und ich setzte meine restliche Tour wieder alleine fort.<img loading=\"lazy\" decoding=\"async\" class=\"size-medium wp-image-2454 alignleft\" src=\"http:\/\/cyclotourers.de\/wp-content\/uploads\/2015\/06\/IMG_3644-224x300.jpg\" alt=\"\" width=\"224\" height=\"300\" srcset=\"https:\/\/cyclotourer.de\/wp-content\/uploads\/2015\/06\/IMG_3644-224x300.jpg 224w, https:\/\/cyclotourer.de\/wp-content\/uploads\/2015\/06\/IMG_3644.jpg 765w\" sizes=\"auto, (max-width: 224px) 100vw, 224px\" \/><\/p>\n<p style=\"text-align: justify;\"><img loading=\"lazy\" decoding=\"async\" class=\"wp-image-2210 alignnone\" src=\"http:\/\/cyclotourers.de\/wp-content\/uploads\/2015\/06\/transalp_shuttle_logodesign__blacknwhite_by_zalanvoros_130509-300x218.png\" alt=\"\" width=\"436\" height=\"317\" srcset=\"https:\/\/cyclotourer.de\/wp-content\/uploads\/2015\/06\/transalp_shuttle_logodesign__blacknwhite_by_zalanvoros_130509-300x218.png 300w, https:\/\/cyclotourer.de\/wp-content\/uploads\/2015\/06\/transalp_shuttle_logodesign__blacknwhite_by_zalanvoros_130509-768x559.png 768w, https:\/\/cyclotourer.de\/wp-content\/uploads\/2015\/06\/transalp_shuttle_logodesign__blacknwhite_by_zalanvoros_130509-1024x745.png 1024w\" sizes=\"auto, (max-width: 436px) 100vw, 436px\" \/>Dann passierte ich das Ortschild von M\u00fcnchen. Gl\u00fccklich und \u00fcberw\u00e4ltigt von meiner eigenen Leistung war der Rest in die Innenstadt nur noch ein Klacks. So erreichte ich auch bald das endg\u00fcltige Ziel, das Winters-Hotel M\u00fcnchen!<\/p>\n<p style=\"text-align: justify;\"><img loading=\"lazy\" decoding=\"async\" class=\"size-medium wp-image-2459 alignleft\" src=\"http:\/\/cyclotourers.de\/wp-content\/uploads\/2015\/06\/IMG_3649-224x300.jpg\" alt=\"\" width=\"224\" height=\"300\" srcset=\"https:\/\/cyclotourer.de\/wp-content\/uploads\/2015\/06\/IMG_3649-224x300.jpg 224w, https:\/\/cyclotourer.de\/wp-content\/uploads\/2015\/06\/IMG_3649.jpg 765w\" sizes=\"auto, (max-width: 224px) 100vw, 224px\" \/>Unglaublich, aber ich hatte es geschafft! Nur ganze zwei Tage vom Gardasee nach M\u00fcnchen, ich hatte es im Vorfeld selber nicht geglaubt! Aber das ist ja lange nicht alles!<\/p>\n<p style=\"text-align: justify;\">2 Transalps in 7 Tagen! Meine erste Transalp \u00fcberhaupt, und dann wurde spontan eine Zweite dran geh\u00e4ngt\u2026 ich war \u00fcbergl\u00fccklich\u2026 und mega platt!<\/p>\n<p style=\"text-align: justify;\"><strong>Daten:\u00a0<img loading=\"lazy\" decoding=\"async\" class=\" wp-image-2474 alignright\" src=\"http:\/\/cyclotourers.de\/wp-content\/uploads\/2015\/06\/2.2.1-300x138.png\" alt=\"\" width=\"409\" height=\"188\" srcset=\"https:\/\/cyclotourer.de\/wp-content\/uploads\/2015\/06\/2.2.1-300x138.png 300w, https:\/\/cyclotourer.de\/wp-content\/uploads\/2015\/06\/2.2.1.png 507w\" sizes=\"auto, (max-width: 409px) 100vw, 409px\" \/><\/strong><\/p>\n<p style=\"text-align: justify;\">Distanz:\u00a0\u00a0\u00a0\u00a0\u00a0\u00a0\u00a0\u00a0\u00a0\u00a0\u00a0\u00a0\u00a0\u00a0 \u00a0\u00a0\u00a0\u00a0\u00a0\u00a0\u00a0\u00a0\u00a0\u00a0\u00a0\u00a0\u00a0\u00a0\u00a0 231,00<\/p>\n<p style=\"text-align: justify;\">Zeit: \u00a0\u00a0\u00a0\u00a0 \u00a0\u00a0\u00a0\u00a0\u00a0\u00a0\u00a0\u00a0\u00a0\u00a0\u00a0\u00a0\u00a0\u00a0\u00a0\u00a0\u00a0\u00a0\u00a0\u00a0\u00a0\u00a0\u00a0\u00a0\u00a0\u00a0\u00a0\u00a0\u00a0\u00a0 9:31h<\/p>\n<p style=\"text-align: justify;\">H\u00f6henmeter \u00a0\u00a0\u00a0 \u00a0\u00a0\u00a0\u00a0\u00a0\u00a0\u00a0\u00a0\u00a0\u00a0\u00a0\u00a0\u00a0\u00a0\u00a0 + 2183<\/p>\n<p style=\"text-align: justify;\">H\u00f6henmeter \u00a0\u00a0\u00a0 \u00a0\u00a0\u00a0\u00a0\u00a0\u00a0\u00a0\u00a0\u00a0\u00a0\u00a0\u00a0\u00a0\u00a0\u00a0 &#8211; 2593<\/p>\n<p style=\"text-align: justify;\">Steig. Max.\u00a0\u00a0\u00a0\u00a0\u00a0\u00a0\u00a0\u00a0\u00a0\u00a0\u00a0\u00a0\u00a0\u00a0\u00a0\u00a0\u00a0\u00a0\u00a0\u00a0\u00a0\u00a0\u00a0 21%<img loading=\"lazy\" decoding=\"async\" class=\" wp-image-2475 alignright\" src=\"http:\/\/cyclotourers.de\/wp-content\/uploads\/2015\/06\/2.2.2-300x294.png\" alt=\"\" width=\"379\" height=\"371\" srcset=\"https:\/\/cyclotourer.de\/wp-content\/uploads\/2015\/06\/2.2.2-300x294.png 300w, https:\/\/cyclotourer.de\/wp-content\/uploads\/2015\/06\/2.2.2.png 511w\" sizes=\"auto, (max-width: 379px) 100vw, 379px\" \/><\/p>\n<p style=\"text-align: justify;\">Steig Durchschn. \u00a0\u00a0\u00a0\u00a0\u00a0\u00a0\u00a0\u00a0\u00a0\u00a0\u00a0 4 %<\/p>\n<p style=\"text-align: justify;\">Tempo max: \u00a0\u00a0\u00a0\u00a0 \u00a0\u00a0\u00a0\u00a0\u00a0\u00a0\u00a0\u00a0\u00a0\u00a0\u00a0\u00a0\u00a0\u00a0\u00a0 62,40 km\/h<\/p>\n<p style=\"text-align: justify;\">Tempo Durchschn.\u00a0\u00a0\u00a0\u00a0\u00a0\u00a0\u00a0\u00a0 24,30 km\/h<\/p>\n<p style=\"text-align: justify;\">Temperatur\u00a0\u00a0\u00a0\u00a0\u00a0\u00a0 \u00a0\u00a0\u00a0\u00a0\u00a0\u00a0\u00a0\u00a0\u00a0\u00a0\u00a0\u00a0\u00a0\u00a0\u00a0 bis 30\u00b0C<\/p>\n<p style=\"text-align: justify;\"><strong>Zusammenfassung<\/strong><\/p>\n<table width=\"448\">\n<tbody>\n<tr>\n<td width=\"32\">Tag<\/td>\n<td width=\"61\">km<\/td>\n<td width=\"57\">Zeit<\/td>\n<td width=\"107\">Durchschn.-km\/h<\/td>\n<td width=\"83\">H\u00f6henmeter<\/td>\n<td width=\"108\"><\/td>\n<\/tr>\n<tr>\n<td width=\"32\"><\/td>\n<td width=\"61\">156,19<\/td>\n<td width=\"57\">7:26<\/td>\n<td width=\"107\">20,96<\/td>\n<td width=\"83\">1.958<\/td>\n<td width=\"108\"><\/td>\n<\/tr>\n<tr>\n<td width=\"32\"><\/td>\n<td width=\"61\">140,91<\/td>\n<td width=\"57\">7:21<\/td>\n<td width=\"107\">21,70<\/td>\n<td width=\"83\">2.775<\/td>\n<td width=\"108\"><\/td>\n<\/tr>\n<tr>\n<td width=\"32\"><\/td>\n<td width=\"61\">111,07<\/td>\n<td width=\"57\">6:22<\/td>\n<td width=\"107\">16,74<\/td>\n<td width=\"83\">2.896<\/td>\n<td width=\"108\"><\/td>\n<\/tr>\n<tr>\n<td width=\"32\"><\/td>\n<td width=\"61\">121,01<\/td>\n<td width=\"57\">7:08<\/td>\n<td width=\"107\">16,95<\/td>\n<td width=\"83\">3.070<\/td>\n<td width=\"108\"><\/td>\n<\/tr>\n<tr>\n<td width=\"32\"><\/td>\n<td width=\"61\">77,46<\/td>\n<td width=\"57\">4:36<\/td>\n<td width=\"107\">17,24<\/td>\n<td width=\"83\">1.403<\/td>\n<td width=\"108\"><\/td>\n<\/tr>\n<tr>\n<td width=\"32\"><\/td>\n<td width=\"61\">176,00<\/td>\n<td width=\"57\">7:27<\/td>\n<td width=\"107\">23,59<\/td>\n<td width=\"83\">1.542<\/td>\n<td width=\"108\"><\/td>\n<\/tr>\n<tr>\n<td width=\"32\"><\/td>\n<td width=\"61\">231,00<\/td>\n<td width=\"57\">9:31<\/td>\n<td width=\"107\">24,30<\/td>\n<td width=\"83\">2.183<\/td>\n<td width=\"108\"><\/td>\n<\/tr>\n<tr>\n<td width=\"32\"><\/td>\n<td width=\"61\">1.013,64<\/td>\n<td width=\"57\">49:11<\/td>\n<td width=\"107\"><\/td>\n<td width=\"83\">15827<\/td>\n<td width=\"108\"><\/td>\n<\/tr>\n<tr>\n<td width=\"32\"><\/td>\n<td width=\"61\"><\/td>\n<td width=\"57\"><\/td>\n<td width=\"107\"><\/td>\n<td width=\"83\"><\/td>\n<td width=\"108\"><\/td>\n<\/tr>\n<\/tbody>\n<\/table>\n<p style=\"text-align: justify;\"><strong>\u00a0<\/strong><strong>Sponsoren<\/strong><\/p>\n<p style=\"text-align: justify;\"><strong>Ich bedanke mich bei meinen Sponsoren. Jede Person und jedes Unternehmen machte es mir \u00fcberhaupt m\u00f6glich, diese gro\u00dfartige Tour in Angriff zu nehmen!<\/strong><\/p>\n<p style=\"text-align: justify;\"><strong>Vielen Dank!!!<\/strong><\/p>\n<p><img loading=\"lazy\" decoding=\"async\" class=\"wp-image-2463 alignleft\" src=\"http:\/\/cyclotourers.de\/wp-content\/uploads\/2015\/06\/DSC01682-225x300.jpg\" alt=\"\" width=\"308\" height=\"411\" srcset=\"https:\/\/cyclotourer.de\/wp-content\/uploads\/2015\/06\/DSC01682-225x300.jpg 225w, https:\/\/cyclotourer.de\/wp-content\/uploads\/2015\/06\/DSC01682.jpg 768w\" sizes=\"auto, (max-width: 308px) 100vw, 308px\" \/><\/p>\n<p><img loading=\"lazy\" decoding=\"async\" class=\"size-medium wp-image-2320 alignright\" src=\"http:\/\/cyclotourers.de\/wp-content\/uploads\/2015\/06\/transalp_shuttle_logodesign_horizontal_by_zalanvoros_130509-300x69.png\" alt=\"\" width=\"300\" height=\"69\" srcset=\"https:\/\/cyclotourer.de\/wp-content\/uploads\/2015\/06\/transalp_shuttle_logodesign_horizontal_by_zalanvoros_130509-300x69.png 300w, https:\/\/cyclotourer.de\/wp-content\/uploads\/2015\/06\/transalp_shuttle_logodesign_horizontal_by_zalanvoros_130509-768x177.png 768w, https:\/\/cyclotourer.de\/wp-content\/uploads\/2015\/06\/transalp_shuttle_logodesign_horizontal_by_zalanvoros_130509-1024x236.png 1024w\" sizes=\"auto, (max-width: 300px) 100vw, 300px\" \/><img loading=\"lazy\" decoding=\"async\" class=\"size-medium wp-image-2076 alignleft\" src=\"http:\/\/cyclotourers.de\/wp-content\/uploads\/2013\/09\/FOCUS_Logo-PANTONE_positiv-2-300x65.jpg\" alt=\"\" width=\"300\" height=\"65\" srcset=\"https:\/\/cyclotourer.de\/wp-content\/uploads\/2013\/09\/FOCUS_Logo-PANTONE_positiv-2-300x65.jpg 300w, https:\/\/cyclotourer.de\/wp-content\/uploads\/2013\/09\/FOCUS_Logo-PANTONE_positiv-2-768x167.jpg 768w, https:\/\/cyclotourer.de\/wp-content\/uploads\/2013\/09\/FOCUS_Logo-PANTONE_positiv-2-1024x223.jpg 1024w\" sizes=\"auto, (max-width: 300px) 100vw, 300px\" \/> <img loading=\"lazy\" decoding=\"async\" class=\"wp-image-2191 alignright\" src=\"http:\/\/cyclotourers.de\/wp-content\/uploads\/2015\/06\/560239_230073040445286_1134857405_n.jpg\" alt=\"\" width=\"223\" height=\"223\" srcset=\"https:\/\/cyclotourer.de\/wp-content\/uploads\/2015\/06\/560239_230073040445286_1134857405_n.jpg 180w, https:\/\/cyclotourer.de\/wp-content\/uploads\/2015\/06\/560239_230073040445286_1134857405_n-150x150.jpg 150w\" sizes=\"auto, (max-width: 223px) 100vw, 223px\" \/><img loading=\"lazy\" decoding=\"async\" class=\" wp-image-2077 alignright\" src=\"http:\/\/cyclotourers.de\/wp-content\/uploads\/2013\/09\/Aufzeichnen-300x83.jpg\" alt=\"\" width=\"333\" height=\"92\" srcset=\"https:\/\/cyclotourer.de\/wp-content\/uploads\/2013\/09\/Aufzeichnen-300x83.jpg 300w, https:\/\/cyclotourer.de\/wp-content\/uploads\/2013\/09\/Aufzeichnen.jpg 413w\" sizes=\"auto, (max-width: 333px) 100vw, 333px\" \/> <img loading=\"lazy\" decoding=\"async\" class=\"size-medium wp-image-2078 alignleft\" src=\"http:\/\/cyclotourers.de\/wp-content\/uploads\/2013\/09\/00_company-300x60.jpg\" alt=\"\" width=\"300\" height=\"60\" srcset=\"https:\/\/cyclotourer.de\/wp-content\/uploads\/2013\/09\/00_company-300x60.jpg 300w, https:\/\/cyclotourer.de\/wp-content\/uploads\/2013\/09\/00_company-768x153.jpg 768w, https:\/\/cyclotourer.de\/wp-content\/uploads\/2013\/09\/00_company-1024x204.jpg 1024w, https:\/\/cyclotourer.de\/wp-content\/uploads\/2013\/09\/00_company.jpg 1594w\" sizes=\"auto, (max-width: 300px) 100vw, 300px\" \/><\/p>\n<p style=\"text-align: justify;\"><strong>\u00a0<\/strong><\/p>\n<p style=\"text-align: justify;\"><strong>\u00a0<\/strong><\/p>\n<p style=\"text-align: justify;\"><strong>\u00a0<\/strong><\/p>\n<p style=\"text-align: justify;\"><strong>\u00a0<\/strong><\/p>\n<p><img loading=\"lazy\" decoding=\"async\" class=\"wp-image-2464 alignright\" src=\"http:\/\/cyclotourers.de\/wp-content\/uploads\/2015\/06\/logo-1.png\" alt=\"\" width=\"323\" height=\"107\" \/> <img loading=\"lazy\" decoding=\"async\" class=\"wp-image-2465 aligncenter\" src=\"http:\/\/cyclotourers.de\/wp-content\/uploads\/2015\/06\/Desch-Visitenkarte-2-300x78.jpg\" alt=\"\" width=\"446\" height=\"116\" srcset=\"https:\/\/cyclotourer.de\/wp-content\/uploads\/2015\/06\/Desch-Visitenkarte-2-300x78.jpg 300w, https:\/\/cyclotourer.de\/wp-content\/uploads\/2015\/06\/Desch-Visitenkarte-2-768x199.jpg 768w, https:\/\/cyclotourer.de\/wp-content\/uploads\/2015\/06\/Desch-Visitenkarte-2.jpg 1004w\" sizes=\"auto, (max-width: 446px) 100vw, 446px\" \/><\/p>\n<p style=\"text-align: justify;\"><strong>Danksagung:<\/strong><\/p>\n<p style=\"text-align: justify;\">An dieser Stelle bedanke ich mich bei meinen Sponsoren! Bei den Menschen, die an mich und meinen Unternehmen glauben und mich tatkr\u00e4ftig unterst\u00fctzen! Und bei den Leuten die mich wieder \u00fcber Runtastic verfolgen und anfeuern oder einfach \u00fcber die Medienwelt mit mir fahren.<\/p>\n<p style=\"text-align: justify;\">Herzlichen Dank an Gerhard Winter und Paul Kirchenheiter, der Gesch\u00e4ftsf\u00fchrung von den Winters-Hotels!<\/p>\n<p style=\"text-align: justify;\">Herzlichen Dank an M. Hansen und dem B-O-C Team f\u00fcr die M\u00fche und dem Equipment!<\/p>\n<p style=\"text-align: justify;\">Herzlichen Dank an das BikeMax-Team in Frankfurt!<\/p>\n<p style=\"text-align: justify;\">Herzlichen Dank an Stephanie Bleicher von <a href=\"http:\/\/www.transalp-shuttle.com\">www.transalp-shuttle.com<\/a>!<\/p>\n<p style=\"text-align: justify;\">Herzlichen Dank an M.R\u00f6hl von Connex-Chain by Wippermann f\u00fcr die Unterst\u00fctzung!<\/p>\n<p style=\"text-align: justify;\">Und hier auch nochmal herzlichen Dank an das Biehler-Team, zust\u00e4ndig f\u00fcr Druck und Design des aktuellen Touren-Trikots!<\/p>\n<p style=\"text-align: justify;\">Herzlichen Dank an Focus-Bikes, insbesondere an A. Krajewski. Da er mir bereits bei der letzten Tour das wesentlichste, n\u00e4mlich ein super Fahrrad geliefert hat!<\/p>\n<p style=\"text-align: justify;\">Herzlichen Dank an H. M\u00f6lcher f\u00fcr den Web-Auftritt<\/p>\n<p style=\"text-align: justify;\">Herzlichen Dank an Fahrrad-Desch Laubach<\/p>\n<p style=\"text-align: justify;\">und vielen, vielen Dank an alle Personen die mich rund um die Tour aus dem Hintergrund unterst\u00fctzen!<\/p>\n","protected":false},"excerpt":{"rendered":"<p>Copyright Marco Schindler Alias: www.cyclotourer.de Warum Trans Alp? Auch im Jahr 2014 wollte ich eine neue Tour starten und so war ich auf der Suche [&#8230;]<\/p>\n","protected":false},"author":2,"featured_media":817,"comment_status":"open","ping_status":"open","sticky":false,"template":"","format":"standard","meta":{"footnotes":""},"categories":[118],"tags":[],"class_list":["post-348","post","type-post","status-publish","format-standard","has-post-thumbnail","hentry","category-transalp"],"_links":{"self":[{"href":"https:\/\/cyclotourer.de\/index.php?rest_route=\/wp\/v2\/posts\/348","targetHints":{"allow":["GET"]}}],"collection":[{"href":"https:\/\/cyclotourer.de\/index.php?rest_route=\/wp\/v2\/posts"}],"about":[{"href":"https:\/\/cyclotourer.de\/index.php?rest_route=\/wp\/v2\/types\/post"}],"author":[{"embeddable":true,"href":"https:\/\/cyclotourer.de\/index.php?rest_route=\/wp\/v2\/users\/2"}],"replies":[{"embeddable":true,"href":"https:\/\/cyclotourer.de\/index.php?rest_route=%2Fwp%2Fv2%2Fcomments&post=348"}],"version-history":[{"count":26,"href":"https:\/\/cyclotourer.de\/index.php?rest_route=\/wp\/v2\/posts\/348\/revisions"}],"predecessor-version":[{"id":3288,"href":"https:\/\/cyclotourer.de\/index.php?rest_route=\/wp\/v2\/posts\/348\/revisions\/3288"}],"wp:featuredmedia":[{"embeddable":true,"href":"https:\/\/cyclotourer.de\/index.php?rest_route=\/wp\/v2\/media\/817"}],"wp:attachment":[{"href":"https:\/\/cyclotourer.de\/index.php?rest_route=%2Fwp%2Fv2%2Fmedia&parent=348"}],"wp:term":[{"taxonomy":"category","embeddable":true,"href":"https:\/\/cyclotourer.de\/index.php?rest_route=%2Fwp%2Fv2%2Fcategories&post=348"},{"taxonomy":"post_tag","embeddable":true,"href":"https:\/\/cyclotourer.de\/index.php?rest_route=%2Fwp%2Fv2%2Ftags&post=348"}],"curies":[{"name":"wp","href":"https:\/\/api.w.org\/{rel}","templated":true}]}}