{"id":3308,"date":"2020-06-16T19:17:00","date_gmt":"2020-06-16T19:17:00","guid":{"rendered":"http:\/\/cyclotourers.de\/?p=3308"},"modified":"2020-08-27T19:18:45","modified_gmt":"2020-08-27T19:18:45","slug":"stoneman-taurista","status":"publish","type":"post","link":"https:\/\/cyclotourer.de\/?p=3308","title":{"rendered":"Stoneman Taurista"},"content":{"rendered":"\n<p>Es wurde mal wieder Zeit einen Stoneman zu fahren&#8230;<\/p>\n\n\n\n<p>Also w\u00e4hlt man doch einen, den man bisher nicht gefahren ist. Beim St\u00f6bern fiel die Entscheidung schnell auf dem \u00f6sterreichischen <a href=\"https:\/\/www.stoneman-taurista.com\/\">Stoneman Taurista<\/a> im Salzburger Land.<\/p>\n\n\n\n<p>Leider spielte dieses Jahr das Corona-Virus eine Rolle und ich musste bis kurz vor dem Reisetermin bangen, ob ich \u00fcberhaupt nach \u00d6sterreich einreisen durfte. Drei Tage vorher \u00f6ffneten die Grenzen und meiner n\u00e4chsten Herausforderung stand nichts mehr im Wege. Au\u00dfer&#8230;. der Wetterbericht!<\/p>\n\n\n\n<figure class=\"wp-block-image size-large\"><img loading=\"lazy\" decoding=\"async\" width=\"1024\" height=\"768\" src=\"http:\/\/cyclotourers.de\/wp-content\/uploads\/2020\/08\/IMG_3703-1024x768.jpeg\" alt=\"\" class=\"wp-image-3387\" srcset=\"https:\/\/cyclotourer.de\/wp-content\/uploads\/2020\/08\/IMG_3703-1024x768.jpeg 1024w, https:\/\/cyclotourer.de\/wp-content\/uploads\/2020\/08\/IMG_3703-300x225.jpeg 300w, https:\/\/cyclotourer.de\/wp-content\/uploads\/2020\/08\/IMG_3703-768x576.jpeg 768w, https:\/\/cyclotourer.de\/wp-content\/uploads\/2020\/08\/IMG_3703-1536x1152.jpeg 1536w, https:\/\/cyclotourer.de\/wp-content\/uploads\/2020\/08\/IMG_3703.jpeg 2048w\" sizes=\"auto, (max-width: 1024px) 100vw, 1024px\" \/><\/figure>\n\n\n\n<p>Mit dem Aparthotel J\u00e4gerheim in Flachau hatte ich eine gute Wahl getroffen. Das Hotel ist ein kleiner Familienbetrieb. dementsprechend wurde ich herzlichst aufgenommen und betreut. Gerne empfehle ich die Unterkunft jedem weiter!<\/p>\n\n\n\n<figure class=\"wp-block-image size-large\"><img loading=\"lazy\" decoding=\"async\" width=\"1024\" height=\"768\" src=\"http:\/\/cyclotourers.de\/wp-content\/uploads\/2020\/08\/IMG_3623.jpeg\" alt=\"\" class=\"wp-image-3314\" srcset=\"https:\/\/cyclotourer.de\/wp-content\/uploads\/2020\/08\/IMG_3623.jpeg 1024w, https:\/\/cyclotourer.de\/wp-content\/uploads\/2020\/08\/IMG_3623-300x225.jpeg 300w, https:\/\/cyclotourer.de\/wp-content\/uploads\/2020\/08\/IMG_3623-768x576.jpeg 768w\" sizes=\"auto, (max-width: 1024px) 100vw, 1024px\" \/><\/figure>\n\n\n\n<p>Die Anreise verlief relativ unspektakul\u00e4r. Aufgrund der kurzfristigen Grenz\u00f6ffnung war kaum verkehr auf den Stra\u00dfen. Das Einzige was st\u00f6rte war der mit schwarzen Wolken verhangene Himmel von wo es immer wieder mit dicken Tropfen regnete.<\/p>\n\n\n\n<figure class=\"wp-block-image size-large\"><img loading=\"lazy\" decoding=\"async\" width=\"1024\" height=\"576\" src=\"http:\/\/cyclotourers.de\/wp-content\/uploads\/2020\/08\/DA9B3B3F-C279-446F-A2F1-1C832181D762.jpg\" alt=\"\" class=\"wp-image-3313\" srcset=\"https:\/\/cyclotourer.de\/wp-content\/uploads\/2020\/08\/DA9B3B3F-C279-446F-A2F1-1C832181D762.jpg 1024w, https:\/\/cyclotourer.de\/wp-content\/uploads\/2020\/08\/DA9B3B3F-C279-446F-A2F1-1C832181D762-300x169.jpg 300w, https:\/\/cyclotourer.de\/wp-content\/uploads\/2020\/08\/DA9B3B3F-C279-446F-A2F1-1C832181D762-768x432.jpg 768w\" sizes=\"auto, (max-width: 1024px) 100vw, 1024px\" \/><\/figure>\n\n\n\n<p>Aber nicht nur dieser Stoneman war f\u00fcr mich neu, ich hatte auch seit kurzem ein neues Bike. <\/p>\n\n\n\n<p>Ein langer Traum ist in Erf\u00fcllung gegangen und ich habe vom <a href=\"https:\/\/www.facebook.com\/Fahrrad-Desch-Inhaber-Bernd-Hisserich-eK-102610941398740\/?ref=page_internal\">Fahrrad-Desch-Laubach<\/a> das gute St\u00fcck geliefert bekommen.  <\/p>\n\n\n\n<div class=\"wp-block-image\"><figure class=\"aligncenter size-large\"><img loading=\"lazy\" decoding=\"async\" width=\"1024\" height=\"768\" src=\"http:\/\/cyclotourers.de\/wp-content\/uploads\/2020\/08\/IMG_3641.jpeg\" alt=\"\" class=\"wp-image-3319\" srcset=\"https:\/\/cyclotourer.de\/wp-content\/uploads\/2020\/08\/IMG_3641.jpeg 1024w, https:\/\/cyclotourer.de\/wp-content\/uploads\/2020\/08\/IMG_3641-300x225.jpeg 300w, https:\/\/cyclotourer.de\/wp-content\/uploads\/2020\/08\/IMG_3641-768x576.jpeg 768w\" sizes=\"auto, (max-width: 1024px) 100vw, 1024px\" \/><\/figure><\/div>\n\n\n\n<p>Nachdem ich abends das Startpaket erhalten un deine angenehme Nacht hatte, fr\u00fchst\u00fcckte ich morgens um 5. Es ging mir um Gold! Ich wollte die Strecke mit \u00fcber 123km und 4500 H\u00f6henmeter an nur einem Tag schaffen. Das es kein Zuckerschlecken werden w\u00fcrde, war mir durchaus bewusst.<\/p>\n\n\n\n<figure class=\"wp-block-image size-large\"><img loading=\"lazy\" decoding=\"async\" width=\"1024\" height=\"768\" src=\"http:\/\/cyclotourers.de\/wp-content\/uploads\/2020\/08\/IMG_3639.jpeg\" alt=\"\" class=\"wp-image-3317\" srcset=\"https:\/\/cyclotourer.de\/wp-content\/uploads\/2020\/08\/IMG_3639.jpeg 1024w, https:\/\/cyclotourer.de\/wp-content\/uploads\/2020\/08\/IMG_3639-300x225.jpeg 300w, https:\/\/cyclotourer.de\/wp-content\/uploads\/2020\/08\/IMG_3639-768x576.jpeg 768w\" sizes=\"auto, (max-width: 1024px) 100vw, 1024px\" \/><\/figure>\n\n\n\n<p> Es gibt immer etwas was man zuhause vergi\u00dft. In diesem Fall waren es die doch so wertvollen \u00dcberschuhe. Aber Not macht erfinderisch. deshalb war schnell eine Notl\u00f6sung gefunden.<\/p>\n\n\n\n<figure class=\"wp-block-image size-large\"><img loading=\"lazy\" decoding=\"async\" width=\"768\" height=\"1024\" src=\"http:\/\/cyclotourers.de\/wp-content\/uploads\/2020\/08\/IMG_3642-768x1024.jpeg\" alt=\"\" class=\"wp-image-3321\" srcset=\"https:\/\/cyclotourer.de\/wp-content\/uploads\/2020\/08\/IMG_3642-768x1024.jpeg 768w, https:\/\/cyclotourer.de\/wp-content\/uploads\/2020\/08\/IMG_3642-225x300.jpeg 225w, https:\/\/cyclotourer.de\/wp-content\/uploads\/2020\/08\/IMG_3642-1152x1536.jpeg 1152w, https:\/\/cyclotourer.de\/wp-content\/uploads\/2020\/08\/IMG_3642.jpeg 1536w\" sizes=\"auto, (max-width: 768px) 100vw, 768px\" \/><\/figure>\n\n\n\n<p>Ich konnte die ersten Kilometer und die ersten H\u00f6henmeter mit trockenen F\u00fc\u00dfen hinter mir lassen. Nur irgendwann verutschen die M\u00fcllbeutel und die L\u00f6cher von den Schuhplatten werden auch mit jedem ausklicken mehr. Der Himmel lockerte auch ein wenig auf. <\/p>\n\n\n\n<figure class=\"wp-block-image size-large\"><img loading=\"lazy\" decoding=\"async\" width=\"1024\" height=\"768\" src=\"http:\/\/cyclotourers.de\/wp-content\/uploads\/2020\/08\/IMG_3644.jpeg\" alt=\"\" class=\"wp-image-3323\" srcset=\"https:\/\/cyclotourer.de\/wp-content\/uploads\/2020\/08\/IMG_3644.jpeg 1024w, https:\/\/cyclotourer.de\/wp-content\/uploads\/2020\/08\/IMG_3644-300x225.jpeg 300w, https:\/\/cyclotourer.de\/wp-content\/uploads\/2020\/08\/IMG_3644-768x576.jpeg 768w\" sizes=\"auto, (max-width: 1024px) 100vw, 1024px\" \/><\/figure>\n\n\n\n<p>Der erste Gipfel auf 1800 Metern H\u00f6he war erreicht. <\/p>\n\n\n\n<figure class=\"wp-block-image size-large\"><img loading=\"lazy\" decoding=\"async\" width=\"1024\" height=\"768\" src=\"http:\/\/cyclotourers.de\/wp-content\/uploads\/2020\/08\/IMG_3645.jpeg\" alt=\"\" class=\"wp-image-3325\" srcset=\"https:\/\/cyclotourer.de\/wp-content\/uploads\/2020\/08\/IMG_3645.jpeg 1024w, https:\/\/cyclotourer.de\/wp-content\/uploads\/2020\/08\/IMG_3645-300x225.jpeg 300w, https:\/\/cyclotourer.de\/wp-content\/uploads\/2020\/08\/IMG_3645-768x576.jpeg 768w\" sizes=\"auto, (max-width: 1024px) 100vw, 1024px\" \/><\/figure>\n\n\n\n<figure class=\"wp-block-image size-large\"><img loading=\"lazy\" decoding=\"async\" width=\"768\" height=\"1024\" src=\"http:\/\/cyclotourers.de\/wp-content\/uploads\/2020\/08\/IMG_3647.jpeg\" alt=\"\" class=\"wp-image-3329\" srcset=\"https:\/\/cyclotourer.de\/wp-content\/uploads\/2020\/08\/IMG_3647.jpeg 768w, https:\/\/cyclotourer.de\/wp-content\/uploads\/2020\/08\/IMG_3647-225x300.jpeg 225w\" sizes=\"auto, (max-width: 768px) 100vw, 768px\" \/><\/figure>\n\n\n\n<figure class=\"wp-block-image size-large\"><img loading=\"lazy\" decoding=\"async\" width=\"1024\" height=\"768\" src=\"http:\/\/cyclotourers.de\/wp-content\/uploads\/2020\/08\/IMG_3650.jpeg\" alt=\"\" class=\"wp-image-3332\" srcset=\"https:\/\/cyclotourer.de\/wp-content\/uploads\/2020\/08\/IMG_3650.jpeg 1024w, https:\/\/cyclotourer.de\/wp-content\/uploads\/2020\/08\/IMG_3650-300x225.jpeg 300w, https:\/\/cyclotourer.de\/wp-content\/uploads\/2020\/08\/IMG_3650-768x576.jpeg 768w\" sizes=\"auto, (max-width: 1024px) 100vw, 1024px\" \/><\/figure>\n\n\n\n<p>Nur der sch\u00f6ne Panaroama-Blick war mir nicht geg\u00f6nnt. Eine Dicke Nebelsuppe g\u00f6nnte mir keine zwanzig Meter.<\/p>\n\n\n\n<figure class=\"wp-block-image size-large\"><img loading=\"lazy\" decoding=\"async\" width=\"1024\" height=\"768\" src=\"http:\/\/cyclotourers.de\/wp-content\/uploads\/2020\/08\/IMG_3651.jpeg\" alt=\"\" class=\"wp-image-3334\" srcset=\"https:\/\/cyclotourer.de\/wp-content\/uploads\/2020\/08\/IMG_3651.jpeg 1024w, https:\/\/cyclotourer.de\/wp-content\/uploads\/2020\/08\/IMG_3651-300x225.jpeg 300w, https:\/\/cyclotourer.de\/wp-content\/uploads\/2020\/08\/IMG_3651-768x576.jpeg 768w\" sizes=\"auto, (max-width: 1024px) 100vw, 1024px\" \/><\/figure>\n\n\n\n<figure class=\"wp-block-image size-large\"><img loading=\"lazy\" decoding=\"async\" width=\"1024\" height=\"768\" src=\"http:\/\/cyclotourers.de\/wp-content\/uploads\/2020\/08\/IMG_3655-1024x768.jpeg\" alt=\"\" class=\"wp-image-3340\" srcset=\"https:\/\/cyclotourer.de\/wp-content\/uploads\/2020\/08\/IMG_3655-1024x768.jpeg 1024w, https:\/\/cyclotourer.de\/wp-content\/uploads\/2020\/08\/IMG_3655-300x225.jpeg 300w, https:\/\/cyclotourer.de\/wp-content\/uploads\/2020\/08\/IMG_3655-768x576.jpeg 768w, https:\/\/cyclotourer.de\/wp-content\/uploads\/2020\/08\/IMG_3655-1536x1152.jpeg 1536w, https:\/\/cyclotourer.de\/wp-content\/uploads\/2020\/08\/IMG_3655.jpeg 2048w\" sizes=\"auto, (max-width: 1024px) 100vw, 1024px\" \/><\/figure>\n\n\n\n<figure class=\"wp-block-image size-large\"><img loading=\"lazy\" decoding=\"async\" width=\"768\" height=\"1024\" src=\"http:\/\/cyclotourers.de\/wp-content\/uploads\/2020\/08\/IMG_3656.jpeg\" alt=\"\" class=\"wp-image-3342\" srcset=\"https:\/\/cyclotourer.de\/wp-content\/uploads\/2020\/08\/IMG_3656.jpeg 768w, https:\/\/cyclotourer.de\/wp-content\/uploads\/2020\/08\/IMG_3656-225x300.jpeg 225w\" sizes=\"auto, (max-width: 768px) 100vw, 768px\" \/><\/figure>\n\n\n\n<p>Leider verzichtete ich ein wenig zu fr\u00fch auf meine Notl\u00f6sung. Dieser Pf\u00fctze konnte ich leider nicht ausweichen und war dazu noch tiefer als erhofft&#8230; Beide schuhe waren nass. <\/p>\n\n\n\n<figure class=\"wp-block-image size-large\"><img loading=\"lazy\" decoding=\"async\" width=\"768\" height=\"1024\" src=\"http:\/\/cyclotourers.de\/wp-content\/uploads\/2020\/08\/IMG_3657.jpeg\" alt=\"\" class=\"wp-image-3344\" srcset=\"https:\/\/cyclotourer.de\/wp-content\/uploads\/2020\/08\/IMG_3657.jpeg 768w, https:\/\/cyclotourer.de\/wp-content\/uploads\/2020\/08\/IMG_3657-225x300.jpeg 225w\" sizes=\"auto, (max-width: 768px) 100vw, 768px\" \/><\/figure>\n\n\n\n<figure class=\"wp-block-image size-large\"><img loading=\"lazy\" decoding=\"async\" width=\"768\" height=\"1024\" src=\"http:\/\/cyclotourers.de\/wp-content\/uploads\/2020\/08\/IMG_3658.jpeg\" alt=\"\" class=\"wp-image-3346\" srcset=\"https:\/\/cyclotourer.de\/wp-content\/uploads\/2020\/08\/IMG_3658.jpeg 768w, https:\/\/cyclotourer.de\/wp-content\/uploads\/2020\/08\/IMG_3658-225x300.jpeg 225w\" sizes=\"auto, (max-width: 768px) 100vw, 768px\" \/><\/figure>\n\n\n\n<p>Mit nassen Schuhen ging es letztendlich in eine lange Schiebepassage. Zumindest wurde es im Laufe des Morgens w\u00e4rmer. <\/p>\n\n\n\n<figure class=\"wp-block-image size-large\"><img loading=\"lazy\" decoding=\"async\" width=\"1024\" height=\"768\" src=\"http:\/\/cyclotourers.de\/wp-content\/uploads\/2020\/08\/IMG_3659.jpeg\" alt=\"\" class=\"wp-image-3348\" srcset=\"https:\/\/cyclotourer.de\/wp-content\/uploads\/2020\/08\/IMG_3659.jpeg 1024w, https:\/\/cyclotourer.de\/wp-content\/uploads\/2020\/08\/IMG_3659-300x225.jpeg 300w, https:\/\/cyclotourer.de\/wp-content\/uploads\/2020\/08\/IMG_3659-768x576.jpeg 768w\" sizes=\"auto, (max-width: 1024px) 100vw, 1024px\" \/><\/figure>\n\n\n\n<p>Die n\u00e4chste Kontrollstelle war erreicht und ich konnte meine Karte das n\u00e4chste Mal lochen. <\/p>\n\n\n\n<figure class=\"wp-block-image size-large\"><img loading=\"lazy\" decoding=\"async\" width=\"1024\" height=\"768\" src=\"http:\/\/cyclotourers.de\/wp-content\/uploads\/2020\/08\/IMG_3660.jpeg\" alt=\"\" class=\"wp-image-3350\" srcset=\"https:\/\/cyclotourer.de\/wp-content\/uploads\/2020\/08\/IMG_3660.jpeg 1024w, https:\/\/cyclotourer.de\/wp-content\/uploads\/2020\/08\/IMG_3660-300x225.jpeg 300w, https:\/\/cyclotourer.de\/wp-content\/uploads\/2020\/08\/IMG_3660-768x576.jpeg 768w\" sizes=\"auto, (max-width: 1024px) 100vw, 1024px\" \/><\/figure>\n\n\n\n<figure class=\"wp-block-image size-large\"><img loading=\"lazy\" decoding=\"async\" width=\"1024\" height=\"768\" src=\"http:\/\/cyclotourers.de\/wp-content\/uploads\/2020\/08\/IMG_3661.jpeg\" alt=\"\" class=\"wp-image-3352\" srcset=\"https:\/\/cyclotourer.de\/wp-content\/uploads\/2020\/08\/IMG_3661.jpeg 1024w, https:\/\/cyclotourer.de\/wp-content\/uploads\/2020\/08\/IMG_3661-300x225.jpeg 300w, https:\/\/cyclotourer.de\/wp-content\/uploads\/2020\/08\/IMG_3661-768x576.jpeg 768w\" sizes=\"auto, (max-width: 1024px) 100vw, 1024px\" \/><\/figure>\n\n\n\n<figure class=\"wp-block-image size-large\"><img loading=\"lazy\" decoding=\"async\" width=\"1024\" height=\"769\" src=\"http:\/\/cyclotourers.de\/wp-content\/uploads\/2020\/08\/IMG_3663-1024x769.jpeg\" alt=\"\" class=\"wp-image-3353\" srcset=\"https:\/\/cyclotourer.de\/wp-content\/uploads\/2020\/08\/IMG_3663-1024x769.jpeg 1024w, https:\/\/cyclotourer.de\/wp-content\/uploads\/2020\/08\/IMG_3663-300x225.jpeg 300w, https:\/\/cyclotourer.de\/wp-content\/uploads\/2020\/08\/IMG_3663-768x577.jpeg 768w, https:\/\/cyclotourer.de\/wp-content\/uploads\/2020\/08\/IMG_3663-1536x1153.jpeg 1536w, https:\/\/cyclotourer.de\/wp-content\/uploads\/2020\/08\/IMG_3663.jpeg 2046w\" sizes=\"auto, (max-width: 1024px) 100vw, 1024px\" \/><\/figure>\n\n\n\n<p>Beim dem Wetter blieb es nat\u00fcrlich nicht aus das man ein paar Sommersprossen mehr bekommt. Aber auch der n\u00e4chste Gipfel war erreicht. Bei den langen Steigungen konnte man zumindest nicht ausk\u00fchlen.<\/p>\n\n\n\n<figure class=\"wp-block-image size-large\"><img loading=\"lazy\" decoding=\"async\" width=\"1024\" height=\"768\" src=\"http:\/\/cyclotourers.de\/wp-content\/uploads\/2020\/08\/IMG_3664.jpeg\" alt=\"\" class=\"wp-image-3354\" srcset=\"https:\/\/cyclotourer.de\/wp-content\/uploads\/2020\/08\/IMG_3664.jpeg 1024w, https:\/\/cyclotourer.de\/wp-content\/uploads\/2020\/08\/IMG_3664-300x225.jpeg 300w, https:\/\/cyclotourer.de\/wp-content\/uploads\/2020\/08\/IMG_3664-768x576.jpeg 768w\" sizes=\"auto, (max-width: 1024px) 100vw, 1024px\" \/><\/figure>\n\n\n\n<figure class=\"wp-block-image size-large\"><img loading=\"lazy\" decoding=\"async\" width=\"1024\" height=\"768\" src=\"http:\/\/cyclotourers.de\/wp-content\/uploads\/2020\/08\/IMG_3666.jpeg\" alt=\"\" class=\"wp-image-3356\" srcset=\"https:\/\/cyclotourer.de\/wp-content\/uploads\/2020\/08\/IMG_3666.jpeg 1024w, https:\/\/cyclotourer.de\/wp-content\/uploads\/2020\/08\/IMG_3666-300x225.jpeg 300w, https:\/\/cyclotourer.de\/wp-content\/uploads\/2020\/08\/IMG_3666-768x576.jpeg 768w\" sizes=\"auto, (max-width: 1024px) 100vw, 1024px\" \/><\/figure>\n\n\n\n<p>Es lockerte langsam auf&#8230;<\/p>\n\n\n\n<figure class=\"wp-block-image size-large\"><img loading=\"lazy\" decoding=\"async\" width=\"1024\" height=\"768\" src=\"http:\/\/cyclotourers.de\/wp-content\/uploads\/2020\/08\/IMG_3667.jpeg\" alt=\"\" class=\"wp-image-3357\" srcset=\"https:\/\/cyclotourer.de\/wp-content\/uploads\/2020\/08\/IMG_3667.jpeg 1024w, https:\/\/cyclotourer.de\/wp-content\/uploads\/2020\/08\/IMG_3667-300x225.jpeg 300w, https:\/\/cyclotourer.de\/wp-content\/uploads\/2020\/08\/IMG_3667-768x576.jpeg 768w\" sizes=\"auto, (max-width: 1024px) 100vw, 1024px\" \/><\/figure>\n\n\n\n<figure class=\"wp-block-image size-large\"><img loading=\"lazy\" decoding=\"async\" width=\"1024\" height=\"768\" src=\"http:\/\/cyclotourers.de\/wp-content\/uploads\/2020\/08\/IMG_3668.jpeg\" alt=\"\" class=\"wp-image-3358\" srcset=\"https:\/\/cyclotourer.de\/wp-content\/uploads\/2020\/08\/IMG_3668.jpeg 1024w, https:\/\/cyclotourer.de\/wp-content\/uploads\/2020\/08\/IMG_3668-300x225.jpeg 300w, https:\/\/cyclotourer.de\/wp-content\/uploads\/2020\/08\/IMG_3668-768x576.jpeg 768w\" sizes=\"auto, (max-width: 1024px) 100vw, 1024px\" \/><\/figure>\n\n\n\n<figure class=\"wp-block-image size-large\"><img loading=\"lazy\" decoding=\"async\" width=\"1024\" height=\"768\" src=\"http:\/\/cyclotourers.de\/wp-content\/uploads\/2020\/08\/IMG_3671.jpeg\" alt=\"\" class=\"wp-image-3359\" srcset=\"https:\/\/cyclotourer.de\/wp-content\/uploads\/2020\/08\/IMG_3671.jpeg 1024w, https:\/\/cyclotourer.de\/wp-content\/uploads\/2020\/08\/IMG_3671-300x225.jpeg 300w, https:\/\/cyclotourer.de\/wp-content\/uploads\/2020\/08\/IMG_3671-768x576.jpeg 768w\" sizes=\"auto, (max-width: 1024px) 100vw, 1024px\" \/><\/figure>\n\n\n\n<p>&#8230; und ich erreichte den n\u00e4chsten Checkpoint.<\/p>\n\n\n\n<figure class=\"wp-block-image size-large\"><img loading=\"lazy\" decoding=\"async\" width=\"768\" height=\"1024\" src=\"http:\/\/cyclotourers.de\/wp-content\/uploads\/2020\/08\/IMG_3672.jpeg\" alt=\"\" class=\"wp-image-3360\" srcset=\"https:\/\/cyclotourer.de\/wp-content\/uploads\/2020\/08\/IMG_3672.jpeg 768w, https:\/\/cyclotourer.de\/wp-content\/uploads\/2020\/08\/IMG_3672-225x300.jpeg 225w\" sizes=\"auto, (max-width: 768px) 100vw, 768px\" \/><\/figure>\n\n\n\n<p>Die Beinlinge hielten die N\u00e4sse gut ab, aber die Schuhe waren einfach durch. Nasse F\u00fc\u00dfe kosten einfach K\u00f6rner und ich nahm eine hei\u00dfe und kr\u00e4ftige Rindfleischsuppe zur Mittagspause. <\/p>\n\n\n\n<figure class=\"wp-block-image size-large\"><img loading=\"lazy\" decoding=\"async\" width=\"1024\" height=\"768\" src=\"http:\/\/cyclotourers.de\/wp-content\/uploads\/2020\/08\/IMG_3674.jpeg\" alt=\"\" class=\"wp-image-3361\" srcset=\"https:\/\/cyclotourer.de\/wp-content\/uploads\/2020\/08\/IMG_3674.jpeg 1024w, https:\/\/cyclotourer.de\/wp-content\/uploads\/2020\/08\/IMG_3674-300x225.jpeg 300w, https:\/\/cyclotourer.de\/wp-content\/uploads\/2020\/08\/IMG_3674-768x576.jpeg 768w\" sizes=\"auto, (max-width: 1024px) 100vw, 1024px\" \/><\/figure>\n\n\n\n<figure class=\"wp-block-image size-large\"><img loading=\"lazy\" decoding=\"async\" width=\"768\" height=\"1024\" src=\"http:\/\/cyclotourers.de\/wp-content\/uploads\/2020\/08\/IMG_3675.jpeg\" alt=\"\" class=\"wp-image-3362\" srcset=\"https:\/\/cyclotourer.de\/wp-content\/uploads\/2020\/08\/IMG_3675.jpeg 768w, https:\/\/cyclotourer.de\/wp-content\/uploads\/2020\/08\/IMG_3675-225x300.jpeg 225w\" sizes=\"auto, (max-width: 768px) 100vw, 768px\" \/><\/figure>\n\n\n\n<figure class=\"wp-block-image size-large\"><img loading=\"lazy\" decoding=\"async\" width=\"1024\" height=\"768\" src=\"http:\/\/cyclotourers.de\/wp-content\/uploads\/2020\/08\/IMG_3676.jpeg\" alt=\"\" class=\"wp-image-3363\" srcset=\"https:\/\/cyclotourer.de\/wp-content\/uploads\/2020\/08\/IMG_3676.jpeg 1024w, https:\/\/cyclotourer.de\/wp-content\/uploads\/2020\/08\/IMG_3676-300x225.jpeg 300w, https:\/\/cyclotourer.de\/wp-content\/uploads\/2020\/08\/IMG_3676-768x576.jpeg 768w\" sizes=\"auto, (max-width: 1024px) 100vw, 1024px\" \/><\/figure>\n\n\n\n<p>Gest\u00e4rkt war das n\u00e4chste Ziel auch gut zu erreichen. Aber das h\u00e4rteste St\u00fcck sollte noch auf mich warten.<\/p>\n\n\n\n<figure class=\"wp-block-image size-large\"><img loading=\"lazy\" decoding=\"async\" width=\"1024\" height=\"768\" src=\"http:\/\/cyclotourers.de\/wp-content\/uploads\/2020\/08\/IMG_3677.jpeg\" alt=\"\" class=\"wp-image-3364\" srcset=\"https:\/\/cyclotourer.de\/wp-content\/uploads\/2020\/08\/IMG_3677.jpeg 1024w, https:\/\/cyclotourer.de\/wp-content\/uploads\/2020\/08\/IMG_3677-300x225.jpeg 300w, https:\/\/cyclotourer.de\/wp-content\/uploads\/2020\/08\/IMG_3677-768x576.jpeg 768w\" sizes=\"auto, (max-width: 1024px) 100vw, 1024px\" \/><\/figure>\n\n\n\n<figure class=\"wp-block-image size-large\"><img loading=\"lazy\" decoding=\"async\" width=\"1024\" height=\"768\" src=\"http:\/\/cyclotourers.de\/wp-content\/uploads\/2020\/08\/IMG_3678.jpeg\" alt=\"\" class=\"wp-image-3365\" srcset=\"https:\/\/cyclotourer.de\/wp-content\/uploads\/2020\/08\/IMG_3678.jpeg 1024w, https:\/\/cyclotourer.de\/wp-content\/uploads\/2020\/08\/IMG_3678-300x225.jpeg 300w, https:\/\/cyclotourer.de\/wp-content\/uploads\/2020\/08\/IMG_3678-768x576.jpeg 768w\" sizes=\"auto, (max-width: 1024px) 100vw, 1024px\" \/><\/figure>\n\n\n\n<figure class=\"wp-block-image size-large\"><img loading=\"lazy\" decoding=\"async\" width=\"1024\" height=\"768\" src=\"http:\/\/cyclotourers.de\/wp-content\/uploads\/2020\/08\/IMG_3679.jpeg\" alt=\"\" class=\"wp-image-3366\" srcset=\"https:\/\/cyclotourer.de\/wp-content\/uploads\/2020\/08\/IMG_3679.jpeg 1024w, https:\/\/cyclotourer.de\/wp-content\/uploads\/2020\/08\/IMG_3679-300x225.jpeg 300w, https:\/\/cyclotourer.de\/wp-content\/uploads\/2020\/08\/IMG_3679-768x576.jpeg 768w\" sizes=\"auto, (max-width: 1024px) 100vw, 1024px\" \/><\/figure>\n\n\n\n<figure class=\"wp-block-image size-large\"><img loading=\"lazy\" decoding=\"async\" width=\"1024\" height=\"768\" src=\"http:\/\/cyclotourers.de\/wp-content\/uploads\/2020\/08\/IMG_3682.jpeg\" alt=\"\" class=\"wp-image-3367\" srcset=\"https:\/\/cyclotourer.de\/wp-content\/uploads\/2020\/08\/IMG_3682.jpeg 1024w, https:\/\/cyclotourer.de\/wp-content\/uploads\/2020\/08\/IMG_3682-300x225.jpeg 300w, https:\/\/cyclotourer.de\/wp-content\/uploads\/2020\/08\/IMG_3682-768x576.jpeg 768w\" sizes=\"auto, (max-width: 1024px) 100vw, 1024px\" \/><\/figure>\n\n\n\n<figure class=\"wp-block-image size-large\"><img loading=\"lazy\" decoding=\"async\" width=\"1024\" height=\"768\" src=\"http:\/\/cyclotourers.de\/wp-content\/uploads\/2020\/08\/IMG_3683.jpeg\" alt=\"\" class=\"wp-image-3368\" srcset=\"https:\/\/cyclotourer.de\/wp-content\/uploads\/2020\/08\/IMG_3683.jpeg 1024w, https:\/\/cyclotourer.de\/wp-content\/uploads\/2020\/08\/IMG_3683-300x225.jpeg 300w, https:\/\/cyclotourer.de\/wp-content\/uploads\/2020\/08\/IMG_3683-768x576.jpeg 768w\" sizes=\"auto, (max-width: 1024px) 100vw, 1024px\" \/><\/figure>\n\n\n\n<figure class=\"wp-block-image size-large\"><img loading=\"lazy\" decoding=\"async\" width=\"1024\" height=\"768\" src=\"http:\/\/cyclotourers.de\/wp-content\/uploads\/2020\/08\/IMG_3684.jpeg\" alt=\"\" class=\"wp-image-3369\" srcset=\"https:\/\/cyclotourer.de\/wp-content\/uploads\/2020\/08\/IMG_3684.jpeg 1024w, https:\/\/cyclotourer.de\/wp-content\/uploads\/2020\/08\/IMG_3684-300x225.jpeg 300w, https:\/\/cyclotourer.de\/wp-content\/uploads\/2020\/08\/IMG_3684-768x576.jpeg 768w\" sizes=\"auto, (max-width: 1024px) 100vw, 1024px\" \/><\/figure>\n\n\n\n<figure class=\"wp-block-image size-large\"><img loading=\"lazy\" decoding=\"async\" width=\"1024\" height=\"768\" src=\"http:\/\/cyclotourers.de\/wp-content\/uploads\/2020\/08\/IMG_3685.jpeg\" alt=\"\" class=\"wp-image-3370\" srcset=\"https:\/\/cyclotourer.de\/wp-content\/uploads\/2020\/08\/IMG_3685.jpeg 1024w, https:\/\/cyclotourer.de\/wp-content\/uploads\/2020\/08\/IMG_3685-300x225.jpeg 300w, https:\/\/cyclotourer.de\/wp-content\/uploads\/2020\/08\/IMG_3685-768x576.jpeg 768w\" sizes=\"auto, (max-width: 1024px) 100vw, 1024px\" \/><\/figure>\n\n\n\n<p>Kilometer f\u00fcr Kilometer ging es immer h\u00f6her. Zum Ende hin wurde es so steil, dass ich um die Beine zu entlasten einfach hin und wieder ein paar Meter schieben musste. Der Kilometerlange Anstieg lie\u00df die Zeit davon Rennen. An der Bergh\u00fctte (<a href=\"http:\/\/www.oberhuette.at\/\">Oberh\u00fctte 1869 m.\u00fc.N.<\/a>) angekommen, war ich mir gar nicht so sicher, ob ich den restlichen Teil noch fahren sollte. Schlie\u00dflich war es es auch bereits 17:00 Uhr vorbei.<\/p>\n\n\n\n<figure class=\"wp-block-image size-large\"><img loading=\"lazy\" decoding=\"async\" width=\"1024\" height=\"768\" src=\"http:\/\/cyclotourers.de\/wp-content\/uploads\/2020\/08\/IMG_3686.jpeg\" alt=\"\" class=\"wp-image-3371\" srcset=\"https:\/\/cyclotourer.de\/wp-content\/uploads\/2020\/08\/IMG_3686.jpeg 1024w, https:\/\/cyclotourer.de\/wp-content\/uploads\/2020\/08\/IMG_3686-300x225.jpeg 300w, https:\/\/cyclotourer.de\/wp-content\/uploads\/2020\/08\/IMG_3686-768x576.jpeg 768w\" sizes=\"auto, (max-width: 1024px) 100vw, 1024px\" \/><\/figure>\n\n\n\n<p>Die Schuhe waren halbwegs trocken&#8230; dann wurde es wieder nass. Aber zum Gl\u00fcck nur von unten.<\/p>\n\n\n\n<figure class=\"wp-block-image size-large\"><img loading=\"lazy\" decoding=\"async\" width=\"1024\" height=\"768\" src=\"http:\/\/cyclotourers.de\/wp-content\/uploads\/2020\/08\/IMG_3687.jpeg\" alt=\"\" class=\"wp-image-3372\" srcset=\"https:\/\/cyclotourer.de\/wp-content\/uploads\/2020\/08\/IMG_3687.jpeg 1024w, https:\/\/cyclotourer.de\/wp-content\/uploads\/2020\/08\/IMG_3687-300x225.jpeg 300w, https:\/\/cyclotourer.de\/wp-content\/uploads\/2020\/08\/IMG_3687-768x576.jpeg 768w\" sizes=\"auto, (max-width: 1024px) 100vw, 1024px\" \/><\/figure>\n\n\n\n<p>Die zahlreichen Schneefelder machten die Schiebe- und Tragepassage nicht leichter.<\/p>\n\n\n\n<figure class=\"wp-block-image size-large\"><img loading=\"lazy\" decoding=\"async\" width=\"1023\" height=\"768\" src=\"http:\/\/cyclotourers.de\/wp-content\/uploads\/2020\/08\/IMG_3688.jpeg\" alt=\"\" class=\"wp-image-3373\" srcset=\"https:\/\/cyclotourer.de\/wp-content\/uploads\/2020\/08\/IMG_3688.jpeg 1023w, https:\/\/cyclotourer.de\/wp-content\/uploads\/2020\/08\/IMG_3688-300x225.jpeg 300w, https:\/\/cyclotourer.de\/wp-content\/uploads\/2020\/08\/IMG_3688-768x577.jpeg 768w\" sizes=\"auto, (max-width: 1023px) 100vw, 1023px\" \/><\/figure>\n\n\n\n<p> Im Gegenteil, sie raubten enorm viel Kraft. Auf rund 2000 Meter war es ohnehin frischer, aber die Temperatur fiel weiter.<\/p>\n\n\n\n<figure class=\"wp-block-image size-large\"><img loading=\"lazy\" decoding=\"async\" width=\"768\" height=\"1024\" src=\"http:\/\/cyclotourers.de\/wp-content\/uploads\/2020\/08\/IMG_3689.jpeg\" alt=\"\" class=\"wp-image-3374\" srcset=\"https:\/\/cyclotourer.de\/wp-content\/uploads\/2020\/08\/IMG_3689.jpeg 768w, https:\/\/cyclotourer.de\/wp-content\/uploads\/2020\/08\/IMG_3689-225x300.jpeg 225w\" sizes=\"auto, (max-width: 768px) 100vw, 768px\" \/><\/figure>\n\n\n\n<p>Und es tat sich ein weiterer Gipfel auf. Ich \u00fcberlegte zur Bergh\u00fctte zur\u00fcck zu gehen. F\u00fcr was soll man sich so qu\u00e4len und mit den letzten Kr\u00e4ften sich \u00fcber den Berg qu\u00e4len. Ans Fahren war nicht zu denken. Ich stapfte immer weiter durch den tiefer werden Schnee. Die F\u00fc\u00dfe waren durchgefroren, meine Motivation im Keller&#8230; naja, fast im Keller. Ich sagte mir das ich nie r\u00fcckw\u00e4rts gegangen bin, und heute wird nicht damit angefangen!<\/p>\n\n\n\n<figure class=\"wp-block-image size-large\"><img loading=\"lazy\" decoding=\"async\" width=\"1023\" height=\"768\" src=\"http:\/\/cyclotourers.de\/wp-content\/uploads\/2020\/08\/IMG_3691.jpeg\" alt=\"\" class=\"wp-image-3375\" srcset=\"https:\/\/cyclotourer.de\/wp-content\/uploads\/2020\/08\/IMG_3691.jpeg 1023w, https:\/\/cyclotourer.de\/wp-content\/uploads\/2020\/08\/IMG_3691-300x225.jpeg 300w, https:\/\/cyclotourer.de\/wp-content\/uploads\/2020\/08\/IMG_3691-768x577.jpeg 768w\" sizes=\"auto, (max-width: 1023px) 100vw, 1023px\" \/><\/figure>\n\n\n\n<p>So erreichte ich mein n\u00e4chstes Ziel, den Johannesfall!<\/p>\n\n\n\n<figure class=\"wp-block-image size-large\"><img loading=\"lazy\" decoding=\"async\" width=\"768\" height=\"1024\" src=\"http:\/\/cyclotourers.de\/wp-content\/uploads\/2020\/08\/IMG_3693.jpeg\" alt=\"\" class=\"wp-image-3376\" srcset=\"https:\/\/cyclotourer.de\/wp-content\/uploads\/2020\/08\/IMG_3693.jpeg 768w, https:\/\/cyclotourer.de\/wp-content\/uploads\/2020\/08\/IMG_3693-225x300.jpeg 225w\" sizes=\"auto, (max-width: 768px) 100vw, 768px\" \/><\/figure>\n\n\n\n<figure class=\"wp-block-image size-large\"><img loading=\"lazy\" decoding=\"async\" width=\"1024\" height=\"768\" src=\"http:\/\/cyclotourers.de\/wp-content\/uploads\/2020\/08\/IMG_3694.jpeg\" alt=\"\" class=\"wp-image-3377\" srcset=\"https:\/\/cyclotourer.de\/wp-content\/uploads\/2020\/08\/IMG_3694.jpeg 1024w, https:\/\/cyclotourer.de\/wp-content\/uploads\/2020\/08\/IMG_3694-300x225.jpeg 300w, https:\/\/cyclotourer.de\/wp-content\/uploads\/2020\/08\/IMG_3694-768x576.jpeg 768w\" sizes=\"auto, (max-width: 1024px) 100vw, 1024px\" \/><\/figure>\n\n\n\n<figure class=\"wp-block-image size-large\"><img loading=\"lazy\" decoding=\"async\" width=\"1024\" height=\"768\" src=\"http:\/\/cyclotourers.de\/wp-content\/uploads\/2020\/08\/IMG_3695.jpeg\" alt=\"\" class=\"wp-image-3378\" srcset=\"https:\/\/cyclotourer.de\/wp-content\/uploads\/2020\/08\/IMG_3695.jpeg 1024w, https:\/\/cyclotourer.de\/wp-content\/uploads\/2020\/08\/IMG_3695-300x225.jpeg 300w, https:\/\/cyclotourer.de\/wp-content\/uploads\/2020\/08\/IMG_3695-768x576.jpeg 768w\" sizes=\"auto, (max-width: 1024px) 100vw, 1024px\" \/><\/figure>\n\n\n\n<p>Es ging Kilometer f\u00fcr Kilometer wieder hinunter, um dann wieder hoch auf den Sattelbauer zu kurbeln. Die letzte Auffahrt zum letzten Checkpoint, dann musste ich nur noc bis nach Flachau rollen. Aber diese Steigung hatte es nochmal in sich. Teils musste ich nochmal schieben damit die Beine einfach nochmal entlastet werden. Aber das Schieben macht es bekanntlich ja nicht besser.<\/p>\n\n\n\n<figure class=\"wp-block-image size-large\"><img loading=\"lazy\" decoding=\"async\" width=\"1024\" height=\"768\" src=\"http:\/\/cyclotourers.de\/wp-content\/uploads\/2020\/08\/IMG_3697.jpeg\" alt=\"\" class=\"wp-image-3379\" srcset=\"https:\/\/cyclotourer.de\/wp-content\/uploads\/2020\/08\/IMG_3697.jpeg 1024w, https:\/\/cyclotourer.de\/wp-content\/uploads\/2020\/08\/IMG_3697-300x225.jpeg 300w, https:\/\/cyclotourer.de\/wp-content\/uploads\/2020\/08\/IMG_3697-768x576.jpeg 768w\" sizes=\"auto, (max-width: 1024px) 100vw, 1024px\" \/><\/figure>\n\n\n\n<figure class=\"wp-block-image size-large\"><img loading=\"lazy\" decoding=\"async\" width=\"1023\" height=\"768\" src=\"http:\/\/cyclotourers.de\/wp-content\/uploads\/2020\/08\/IMG_3698.jpeg\" alt=\"\" class=\"wp-image-3380\" srcset=\"https:\/\/cyclotourer.de\/wp-content\/uploads\/2020\/08\/IMG_3698.jpeg 1023w, https:\/\/cyclotourer.de\/wp-content\/uploads\/2020\/08\/IMG_3698-300x225.jpeg 300w, https:\/\/cyclotourer.de\/wp-content\/uploads\/2020\/08\/IMG_3698-768x577.jpeg 768w\" sizes=\"auto, (max-width: 1023px) 100vw, 1023px\" \/><\/figure>\n\n\n\n<p>Aber ich hatte meinen letzten so begehrten Stempel. Meine Karte war durchgehend gelocht und ich hatte jeden Checkpoint erreicht.<\/p>\n\n\n\n<figure class=\"wp-block-image size-large\"><img loading=\"lazy\" decoding=\"async\" width=\"1024\" height=\"768\" src=\"http:\/\/cyclotourers.de\/wp-content\/uploads\/2020\/08\/IMG_3699.jpeg\" alt=\"\" class=\"wp-image-3381\" srcset=\"https:\/\/cyclotourer.de\/wp-content\/uploads\/2020\/08\/IMG_3699.jpeg 1024w, https:\/\/cyclotourer.de\/wp-content\/uploads\/2020\/08\/IMG_3699-300x225.jpeg 300w, https:\/\/cyclotourer.de\/wp-content\/uploads\/2020\/08\/IMG_3699-768x576.jpeg 768w\" sizes=\"auto, (max-width: 1024px) 100vw, 1024px\" \/><\/figure>\n\n\n\n<p>Mit einbruch der Dunkeheit errichte ich Flachau&#8230;<\/p>\n\n\n\n<p>Ich hatte es geschafft! Ich hatte den Stoneman Taurista in Gold gerockt!<\/p>\n\n\n\n<p>Platt und \u00fcbergl\u00fccklich erreichte ich das Hotel wo ich bereits erwartet wurde. <\/p>\n\n\n\n<figure class=\"wp-block-image size-large\"><img loading=\"lazy\" decoding=\"async\" width=\"768\" height=\"1024\" src=\"http:\/\/cyclotourers.de\/wp-content\/uploads\/2020\/08\/IMG_3701.jpeg\" alt=\"\" class=\"wp-image-3382\" srcset=\"https:\/\/cyclotourer.de\/wp-content\/uploads\/2020\/08\/IMG_3701.jpeg 768w, https:\/\/cyclotourer.de\/wp-content\/uploads\/2020\/08\/IMG_3701-225x300.jpeg 225w\" sizes=\"auto, (max-width: 768px) 100vw, 768px\" \/><\/figure>\n\n\n\n<p>Mit einer Flasche Bier und einem selbstgebrannten Marillenschnaps wurde ich begr\u00fc\u00dft und bekam meine behrte Troph\u00e4e \u00fcberreicht.<\/p>\n\n\n\n<p>Am n\u00e4chsten Tag ging es auch schon wieder nach hause. <\/p>\n\n\n\n<p>Ein weiterer Stein war geholt&#8230;<\/p>\n\n\n\n<figure class=\"wp-block-image size-large\"><img loading=\"lazy\" decoding=\"async\" width=\"768\" height=\"1024\" src=\"http:\/\/cyclotourers.de\/wp-content\/uploads\/2020\/08\/IMG_3715.jpeg\" alt=\"\" class=\"wp-image-3383\" srcset=\"https:\/\/cyclotourer.de\/wp-content\/uploads\/2020\/08\/IMG_3715.jpeg 768w, https:\/\/cyclotourer.de\/wp-content\/uploads\/2020\/08\/IMG_3715-225x300.jpeg 225w\" sizes=\"auto, (max-width: 768px) 100vw, 768px\" \/><\/figure>\n","protected":false},"excerpt":{"rendered":"<p>Es wurde mal wieder Zeit einen Stoneman zu fahren&#8230; Also w\u00e4hlt man doch einen, den man bisher nicht gefahren ist. Beim St\u00f6bern fiel die Entscheidung [&#8230;]<\/p>\n","protected":false},"author":2,"featured_media":3373,"comment_status":"open","ping_status":"open","sticky":false,"template":"","format":"standard","meta":{"footnotes":""},"categories":[1],"tags":[129,198],"class_list":["post-3308","post","type-post","status-publish","format-standard","has-post-thumbnail","hentry","category-stoneman","tag-stoneman","tag-stoneman-taurista"],"_links":{"self":[{"href":"https:\/\/cyclotourer.de\/index.php?rest_route=\/wp\/v2\/posts\/3308","targetHints":{"allow":["GET"]}}],"collection":[{"href":"https:\/\/cyclotourer.de\/index.php?rest_route=\/wp\/v2\/posts"}],"about":[{"href":"https:\/\/cyclotourer.de\/index.php?rest_route=\/wp\/v2\/types\/post"}],"author":[{"embeddable":true,"href":"https:\/\/cyclotourer.de\/index.php?rest_route=\/wp\/v2\/users\/2"}],"replies":[{"embeddable":true,"href":"https:\/\/cyclotourer.de\/index.php?rest_route=%2Fwp%2Fv2%2Fcomments&post=3308"}],"version-history":[{"count":3,"href":"https:\/\/cyclotourer.de\/index.php?rest_route=\/wp\/v2\/posts\/3308\/revisions"}],"predecessor-version":[{"id":3388,"href":"https:\/\/cyclotourer.de\/index.php?rest_route=\/wp\/v2\/posts\/3308\/revisions\/3388"}],"wp:featuredmedia":[{"embeddable":true,"href":"https:\/\/cyclotourer.de\/index.php?rest_route=\/wp\/v2\/media\/3373"}],"wp:attachment":[{"href":"https:\/\/cyclotourer.de\/index.php?rest_route=%2Fwp%2Fv2%2Fmedia&parent=3308"}],"wp:term":[{"taxonomy":"category","embeddable":true,"href":"https:\/\/cyclotourer.de\/index.php?rest_route=%2Fwp%2Fv2%2Fcategories&post=3308"},{"taxonomy":"post_tag","embeddable":true,"href":"https:\/\/cyclotourer.de\/index.php?rest_route=%2Fwp%2Fv2%2Ftags&post=3308"}],"curies":[{"name":"wp","href":"https:\/\/api.w.org\/{rel}","templated":true}]}}