{"id":3192,"date":"2011-05-29T19:43:00","date_gmt":"2011-05-29T19:43:00","guid":{"rendered":"http:\/\/cyclotourers.de\/?p=3192"},"modified":"2020-03-11T19:48:28","modified_gmt":"2020-03-11T19:48:28","slug":"vulkan-bike-schotten-2011","status":"publish","type":"post","link":"https:\/\/cyclotourer.de\/?p=3192","title":{"rendered":"Vulkan-Bike Schotten 2011"},"content":{"rendered":"\n<p><strong>Vulkan-Bike Schotten&nbsp;&nbsp;&nbsp;&nbsp;&nbsp;&nbsp;&nbsp;&nbsp;&nbsp; 45km 1045HM&nbsp; insgesamt ca. 600 Teilnehmer<\/strong><\/p>\n\n\n\n<p>Nach einer relative kurzen Nacht\nwachte ich am Tag des Rennens bereits gegen 6 Uhr auf und konnte nicht mehr\neinschlafen, zumindest nicht so das es man es als erholsam z\u00e4hlen konnte.<\/p>\n\n\n\n<p>V\u00f6lligst \u00fcberm\u00fcdet und genervt\nmachte ich mich Richtung Schotten auf und hoffte das ein Funken Motivation\nentsteht.<\/p>\n\n\n\n<p>Auf dem Parkplatz angekommen\nwurde das Bike Rennfertig gemacht und sich noch einen ekelig und klebrigen\nRiegel rein geschoben um etwas wacher zu werden. Nach kurzer Einfahr- und\nAufw\u00e4rmrunde stellte ich mich an die Startlinie, mit den Gedanken im Kopf das\nich eine lockere Runde ohne gro\u00dfe Erwartungen drehen werde und mich mit dem\nGedanken \u201edabei sein ist alles\u201c anfreunden wollte.<\/p>\n\n\n\n<p>Nach dem Startschuss setzte ich\nmich mit der Meute in Bewegung und versuchte mich trotz der mangelnden\nMotivation etwas nach vorne absetzen zu k\u00f6nnen, was aber nicht wirklich gelang\nda sich die Gruppe nicht auseinander fahren wollte. Also \u00fcbernahm ich erst mal\ndas Tempo von dem Vorausfahrenden und gab mich mit dem zufrieden.<\/p>\n\n\n\n<p>Die Richtung zeigte das es auf\neine altbekannte Route geht, dass hei\u00dft mindestens 10km bergauf auf den\nHoherodskopf. Die zu erwarteten Trails sind bergab zwar sch\u00f6n zu fahren, aber so\nwusste ich was mich zu erwarten hatte. Zum Teil knackige Anstiege, Trails mit\nSteinen und vielen Wurzeln. Doch hier kam zu meiner \u00dcberraschung die Motivation\nund mit jedem weiteren Tritt merkte ich das ich konditionell doch gar nicht\nschlecht drauf war. Nach dem Asphaltierten Teil ging es in den Wald auf ein mit\nGras bewachsenen Weg, von dort auf die Trails. Hier l\u00f6ste sich die Gruppe und\nich konnte mich weiter nach vorne absetzen, so das ich mich zwischen dem 20 und\n30 Platz bewegte. <\/p>\n\n\n\n<p>Oben auf dem Hoherodskopf f\u00fchlte\nich mich sehr gut eingefahren und konditionell stark, so dass ich, mit den\nweiteren 35km im Kopf, noch etwas Geschwindigkeit zulegte, was sich auch\nvorerst bezahlt machen sollte.<\/p>\n\n\n\n<p>Nach km 25 sollte sich der bisher\nausgezeichnete Verlauf das erste Mal \u00e4ndern\u2026<\/p>\n\n\n\n<p>Ein technisches Problem zwang\nmich zu einer Zwangspause die mich mindesten 5 Minuten kostete. Es zogen hier mindestens\n30-40 Teilnehmer an mir vorbei und ich machte mich nach Instandsetzung\nverbissen auf den weiteren Weg um wieder ein wenig Zeit zu gewinnen.<\/p>\n\n\n\n<p>An der n\u00e4chsten Steigung ging\nich, vielleicht etwas \u00fcbermotiviert, und griff die Gruppe an, wobei ich auch\neinige Pl\u00e4tze wieder gut machen konnte, merkte aber auch das mir die Kraft\netwas verloren ging. Reihte mich zun\u00e4chst ein um mich auf dem n\u00e4chsten flacheren\nSt\u00fcck etwas zu erholen. Hierbei fand ich Kilometer f\u00fcr Kilometer, ich war\nwieder mal selber \u00fcberrascht, in meinen Rhythmus und konnte noch den einen oder\nanderen Platz gut machen. <\/p>\n\n\n\n<p>Nach ca 30 KM kam dann das 2.\nDesaster\u2026.<\/p>\n\n\n\n<p>Es ging hier ein steiler Trail \/\nBerg mit unz\u00e4hligen und gro\u00dfen Steinen hinunter, ich merkte pl\u00f6tzlich das sich\nmein Bike kaum noch unter Kontrolle halten lies und ein Streckenposten rief\nmir, wie ich es schon bef\u00fcrchtet hatte, zu das ich einen Platten habe. Da es\nsehr Steil war kam ich kaum zum stehen und fluchte laut vor mich hin.\nDummerweise \u00fcberlegte ich vor dem Start noch einen Ersatzschlauch \/ Luftpumpe\nmitzunehmen, aber wollte ja dann doch nur eine \u201cLockere Runde\u201c mitfahren und\nverzichtete darauf. Wie der Streckenposten mitteilte, sollten es nur ca. 1 km\nzu einem Service-Punkt sein und ich schob mein Bike los. <\/p>\n\n\n\n<div class=\"wp-block-image\"><figure class=\"alignleft size-medium\"><img loading=\"lazy\" decoding=\"async\" width=\"198\" height=\"300\" src=\"http:\/\/cyclotourers.de\/wp-content\/uploads\/2020\/03\/Platten1-198x300.jpg\" alt=\"\" class=\"wp-image-3194\" srcset=\"https:\/\/cyclotourer.de\/wp-content\/uploads\/2020\/03\/Platten1-198x300.jpg 198w, https:\/\/cyclotourer.de\/wp-content\/uploads\/2020\/03\/Platten1.jpg 675w\" sizes=\"auto, (max-width: 198px) 100vw, 198px\" \/><\/figure><\/div>\n\n\n\n<p>Dank dem Serviceteam war mein\nBike schnell wieder flott, ich nutzte die Zeit mich zu erholen und zog mir ein\nP\u00e4ckchen Energy-Gel und ausreichend Fl\u00fcssigkeit rein. Bedankte mich und machte\nmich voller Wut weiter auf dem Weg. <\/p>\n\n\n\n<p>Da es mittlerweile nur noch ca.\n10km bis zum Ziel waren und ich mich wieder einiges Erholt hatte, dachte ich\n\u201cwas haste was gibste\u201c und trat kr\u00e4ftig in die Pedalen um so viel wie m\u00f6glich\nwieder gut zu machen. Immer mit dem Gedanken \u201ces sind nur noch 10km\u201c nahm ich\nnicht mehr viel R\u00fccksicht auf meine Puste und verlies mich vollkommen auf meine\nKr\u00e4fte. Diese Rechnung sollte auch zun\u00e4chst auf gehen und ich gewann wieder\nPlatz um Platz und k\u00e4mpfte mich Teilnehmer f\u00fcr Teilnehmer nach vorne. An den\nAbfahrten und Trails konnte man meinen ich w\u00e4re an dem Rande des Wahnsinns. Mit\nder Wut im Bauch von den 2. Dramen und der verlorenen Zeit (Technik und\nPlattfu\u00df) wurde nur noch im letzten Moment das Bike zusammengebremst und die\nAbfahrten waghalsig schnell genommen das ich paar mal dachte das es knapp wurde\nund st\u00fcrze riskiert wurden. Wenn Psychologen das sehen konnten wurde ich\nsicherlich als Suizidal abgestempelt J<\/p>\n\n\n\n<p>Bei km 40 kam dann das gr\u00f6\u00dfte\nDrama und das \u201ctechnische aus\u201c von diesem eigentlich anspruchsvollen aber sehr\ngut durchorganisierten und sch\u00f6nen Rennen.<\/p>\n\n\n\n<p>Bei einer Abfahrt eines steilen\nWaldwegs, auch wieder mit sehr groben Splitt und spitzen Steinen h\u00f6rte ich das\nplatzen eines Reifens und wieder war mein Bike sofort kaum kontrollierbar. Da\nder Weg abknickte schlitterte ich hier genau auf einem postierten Fotografen\nzu, kam kurz davor zum stehen und warf wutentbrannt mein Bike in eine Wiese.\nEin zweiten Platten am Vorderrad, kein Servicepunkt mehr in der N\u00e4he und kein\nErsatzschlauch weit und breit. Das technische Aus!!!<\/p>\n\n\n\n<p>Der Fotograf bot mir an mich und\nden Haufen Schrott mit zur\u00fcck zu nehmen, schoss noch paar Fotos von mir und\nmeinem Ungl\u00fcck und fuhr mich zu meinen Auto.<\/p>\n\n\n\n<p>Danke noch mal f\u00fcr den Transport J<\/p>\n\n\n\n<p>Es h\u00e4tte ja so sch\u00f6n sein k\u00f6nnen\u2026<\/p>\n\n\n\n<p>. <\/p>\n","protected":false},"excerpt":{"rendered":"<p>Vulkan-Bike Schotten&nbsp;&nbsp;&nbsp;&nbsp;&nbsp;&nbsp;&nbsp;&nbsp;&nbsp; 45km 1045HM&nbsp; insgesamt ca. 600 Teilnehmer Nach einer relative kurzen Nacht wachte ich am Tag des Rennens bereits gegen 6 Uhr auf und [&#8230;]<\/p>\n","protected":false},"author":2,"featured_media":3195,"comment_status":"open","ping_status":"open","sticky":false,"template":"","format":"standard","meta":{"footnotes":""},"categories":[119],"tags":[],"class_list":["post-3192","post","type-post","status-publish","format-standard","has-post-thumbnail","hentry","category-rennen"],"_links":{"self":[{"href":"https:\/\/cyclotourer.de\/index.php?rest_route=\/wp\/v2\/posts\/3192","targetHints":{"allow":["GET"]}}],"collection":[{"href":"https:\/\/cyclotourer.de\/index.php?rest_route=\/wp\/v2\/posts"}],"about":[{"href":"https:\/\/cyclotourer.de\/index.php?rest_route=\/wp\/v2\/types\/post"}],"author":[{"embeddable":true,"href":"https:\/\/cyclotourer.de\/index.php?rest_route=\/wp\/v2\/users\/2"}],"replies":[{"embeddable":true,"href":"https:\/\/cyclotourer.de\/index.php?rest_route=%2Fwp%2Fv2%2Fcomments&post=3192"}],"version-history":[{"count":2,"href":"https:\/\/cyclotourer.de\/index.php?rest_route=\/wp\/v2\/posts\/3192\/revisions"}],"predecessor-version":[{"id":3196,"href":"https:\/\/cyclotourer.de\/index.php?rest_route=\/wp\/v2\/posts\/3192\/revisions\/3196"}],"wp:featuredmedia":[{"embeddable":true,"href":"https:\/\/cyclotourer.de\/index.php?rest_route=\/wp\/v2\/media\/3195"}],"wp:attachment":[{"href":"https:\/\/cyclotourer.de\/index.php?rest_route=%2Fwp%2Fv2%2Fmedia&parent=3192"}],"wp:term":[{"taxonomy":"category","embeddable":true,"href":"https:\/\/cyclotourer.de\/index.php?rest_route=%2Fwp%2Fv2%2Fcategories&post=3192"},{"taxonomy":"post_tag","embeddable":true,"href":"https:\/\/cyclotourer.de\/index.php?rest_route=%2Fwp%2Fv2%2Ftags&post=3192"}],"curies":[{"name":"wp","href":"https:\/\/api.w.org\/{rel}","templated":true}]}}