{"id":2987,"date":"2019-08-10T14:48:00","date_gmt":"2019-08-10T14:48:00","guid":{"rendered":"http:\/\/cyclotourers.de\/?p=2987"},"modified":"2020-03-10T15:43:07","modified_gmt":"2020-03-10T15:43:07","slug":"12-licher-crosstriathlon","status":"publish","type":"post","link":"https:\/\/cyclotourer.de\/?p=2987","title":{"rendered":"12. Licher Crosstriathlon"},"content":{"rendered":"\n<p>10.08.2019 Lich<\/p>\n\n\n\n<p>Ich habe es das erste Mal geschafft am Licher Crosstriathlon teilzunehmen. Ausgerechnet in dem Jahr wo ich mit mangelndem Training und \u00dcbergewicht k\u00e4mpfe.<\/p>\n\n\n\n<p>Aber es sollte dennoch ganz gut f\u00fcr mich laufen. <\/p>\n\n\n\n<p>Nach einem kurzen Warmschwimmen ging ich an den Start. Der Startschuss fiel und die Menge setzte sich in Bewegung. Im Schwimmen konnte ich bereits ganz gut punkten. Auch das ich von der idealen Linie abkam und einen gr\u00f6\u00dferen Bogen schwamm konnte warf mich nicht weiter zur\u00fcck und ich konnte mit den ersten aus dem Wasser steigen.   <\/p>\n\n\n\n<div class=\"wp-block-image\"><figure class=\"aligncenter size-medium\"><img loading=\"lazy\" decoding=\"async\" width=\"225\" height=\"300\" src=\"http:\/\/cyclotourers.de\/wp-content\/uploads\/2020\/03\/HHWA0741-225x300.jpg\" alt=\"\" class=\"wp-image-2989\" srcset=\"https:\/\/cyclotourer.de\/wp-content\/uploads\/2020\/03\/HHWA0741-225x300.jpg 225w, https:\/\/cyclotourer.de\/wp-content\/uploads\/2020\/03\/HHWA0741-768x1024.jpg 768w, https:\/\/cyclotourer.de\/wp-content\/uploads\/2020\/03\/HHWA0741-1152x1536.jpg 1152w, https:\/\/cyclotourer.de\/wp-content\/uploads\/2020\/03\/HHWA0741.jpg 1200w\" sizes=\"auto, (max-width: 225px) 100vw, 225px\" \/><\/figure><\/div>\n\n\n\n<p>Die Wechselzone versuchte ich ohne Stress und Hektik hinter mir zu lassen. Dies gelang auch so weit und ich konnte bereits nach kurzer Zeit mein Rad aus der Wechselzone schieben. <\/p>\n\n\n\n<div class=\"wp-block-image\"><figure class=\"aligncenter size-medium\"><img loading=\"lazy\" decoding=\"async\" width=\"300\" height=\"225\" src=\"http:\/\/cyclotourers.de\/wp-content\/uploads\/2020\/03\/GVNX9163-300x225.jpg\" alt=\"\" class=\"wp-image-2990\" srcset=\"https:\/\/cyclotourer.de\/wp-content\/uploads\/2020\/03\/GVNX9163-300x225.jpg 300w, https:\/\/cyclotourer.de\/wp-content\/uploads\/2020\/03\/GVNX9163-1024x768.jpg 1024w, https:\/\/cyclotourer.de\/wp-content\/uploads\/2020\/03\/GVNX9163-768x576.jpg 768w, https:\/\/cyclotourer.de\/wp-content\/uploads\/2020\/03\/GVNX9163-1536x1152.jpg 1536w, https:\/\/cyclotourer.de\/wp-content\/uploads\/2020\/03\/GVNX9163.jpg 1600w\" sizes=\"auto, (max-width: 300px) 100vw, 300px\" \/><\/figure><\/div>\n\n\n\n<p>Ich versuchte mir die Kraft f\u00fcr die kommenden Kilometer einzuteilen. Schlie\u00dflich kam ja im Anschluss noch meine schw\u00e4chste Disziplin, das Laufen! Leider \u00fcberfuhr ich 300 Meter vor der Wechselzone \u00fcber einen Stein. Nat\u00fcrlich kam es wie es kommen musste und der SnakeBite lie\u00df langsam meine Luft am Vorderrad entweichen. <\/p>\n\n\n\n<p>Aber um jetzt kampflos wichtige Zeit herzugeben hatte ich zu w\u00e4hrend der Radfahrt zu m\u00fchsam manchen Kontrahenten abgesch\u00fcttelt. Schlie\u00dflich wusste ich, dass sie mich beim Laufen schnell einholen k\u00f6nnten.<\/p>\n\n\n\n<div class=\"wp-block-image\"><figure class=\"aligncenter size-medium\"><img loading=\"lazy\" decoding=\"async\" width=\"225\" height=\"300\" src=\"http:\/\/cyclotourers.de\/wp-content\/uploads\/2020\/03\/GHOC3773-225x300.jpg\" alt=\"\" class=\"wp-image-2992\" srcset=\"https:\/\/cyclotourer.de\/wp-content\/uploads\/2020\/03\/GHOC3773-225x300.jpg 225w, https:\/\/cyclotourer.de\/wp-content\/uploads\/2020\/03\/GHOC3773-768x1024.jpg 768w, https:\/\/cyclotourer.de\/wp-content\/uploads\/2020\/03\/GHOC3773-1152x1536.jpg 1152w, https:\/\/cyclotourer.de\/wp-content\/uploads\/2020\/03\/GHOC3773.jpg 1200w\" sizes=\"auto, (max-width: 225px) 100vw, 225px\" \/><\/figure><\/div>\n\n\n\n<p>Wie vorhergesagt fiel mir das laufen schwer und ich wollte nicht so wirklich vorw\u00e4rts kommen. Es holten mich zwei Leute wieder auf. Aber, der dritte, der sollte mich nicht mehr einholen und ich gab auf den letzten Metern nochmal alles um vor ihm \u00fcber die Ziellinie zu rennen.<\/p>\n\n\n\n<p>Geschafft! <\/p>\n\n\n\n<p>Ich konnte den 6.PLatz von den M\u00e4nnern, den 7. Platz in der Gesamtwertung erzielen!<\/p>\n\n\n\n<p>Ein sch\u00f6nes, famili\u00e4res Event welches ich an dieser Stelle gerne weiterempfehlen m\u00f6chte. Ich bin mir sicher, dass wenn es die Zeit zul\u00e4sst ich auch in 2020 wieder den Wettkampf antreten werde.<\/p>\n\n\n\n<p>Infos zum Event:  <a href=\"https:\/\/www.triathlon-lich.de\/\">https:\/\/www.triathlon-lich.de\/<\/a> <\/p>\n\n\n\n<p class=\"has-medium-font-size\">I<strong>nfo des Veranstalters: <\/strong><\/p>\n\n\n\n<h4 class=\"has-primary-color has-text-color wp-block-heading\"><em>13. LICHER CROSS TRIATHLON<\/em><\/h4>\n\n\n\n<p class=\"has-background has-light-gray-background-color\">Am&nbsp;<strong>15. August 2020<\/strong>&nbsp;findet der 13. Licher Cross Triathlon statt. Die Anmeldung \u00fcber das Online-Portal auf dieser Seite wird am 1. M\u00e4rz 2020 freigeschaltet.<br>Aktuelle Infos auch auf unserer facebook-Seite.<\/p>\n\n\n\n<p>Wir freuens uns auf euch!<br>Euer LCT-Team<\/p>\n\n\n\n<p><\/p>\n","protected":false},"excerpt":{"rendered":"<p>10.08.2019 Lich Ich habe es das erste Mal geschafft am Licher Crosstriathlon teilzunehmen. Ausgerechnet in dem Jahr wo ich mit mangelndem Training und \u00dcbergewicht k\u00e4mpfe. [&#8230;]<\/p>\n","protected":false},"author":2,"featured_media":2991,"comment_status":"open","ping_status":"open","sticky":false,"template":"","format":"standard","meta":{"footnotes":""},"categories":[192],"tags":[195,194],"class_list":["post-2987","post","type-post","status-publish","format-standard","has-post-thumbnail","hentry","category-triathlon","tag-cross-triathlon","tag-licher-crosstriathlon"],"_links":{"self":[{"href":"https:\/\/cyclotourer.de\/index.php?rest_route=\/wp\/v2\/posts\/2987","targetHints":{"allow":["GET"]}}],"collection":[{"href":"https:\/\/cyclotourer.de\/index.php?rest_route=\/wp\/v2\/posts"}],"about":[{"href":"https:\/\/cyclotourer.de\/index.php?rest_route=\/wp\/v2\/types\/post"}],"author":[{"embeddable":true,"href":"https:\/\/cyclotourer.de\/index.php?rest_route=\/wp\/v2\/users\/2"}],"replies":[{"embeddable":true,"href":"https:\/\/cyclotourer.de\/index.php?rest_route=%2Fwp%2Fv2%2Fcomments&post=2987"}],"version-history":[{"count":2,"href":"https:\/\/cyclotourer.de\/index.php?rest_route=\/wp\/v2\/posts\/2987\/revisions"}],"predecessor-version":[{"id":2994,"href":"https:\/\/cyclotourer.de\/index.php?rest_route=\/wp\/v2\/posts\/2987\/revisions\/2994"}],"wp:featuredmedia":[{"embeddable":true,"href":"https:\/\/cyclotourer.de\/index.php?rest_route=\/wp\/v2\/media\/2991"}],"wp:attachment":[{"href":"https:\/\/cyclotourer.de\/index.php?rest_route=%2Fwp%2Fv2%2Fmedia&parent=2987"}],"wp:term":[{"taxonomy":"category","embeddable":true,"href":"https:\/\/cyclotourer.de\/index.php?rest_route=%2Fwp%2Fv2%2Fcategories&post=2987"},{"taxonomy":"post_tag","embeddable":true,"href":"https:\/\/cyclotourer.de\/index.php?rest_route=%2Fwp%2Fv2%2Ftags&post=2987"}],"curies":[{"name":"wp","href":"https:\/\/api.w.org\/{rel}","templated":true}]}}