{"id":2812,"date":"2018-05-07T21:23:17","date_gmt":"2018-05-07T21:23:17","guid":{"rendered":"http:\/\/cyclotourers.de\/?p=2812"},"modified":"2020-03-09T21:26:48","modified_gmt":"2020-03-09T21:26:48","slug":"gutenberg-marathon-mainz-2018","status":"publish","type":"post","link":"https:\/\/cyclotourer.de\/?p=2812","title":{"rendered":"Gutenberg-Marathon Mainz 2018"},"content":{"rendered":"\n<p>06.05.2018 Mainz<\/p>\n\n\n\n<p>Mit einem halbherzigen Training f\u00fcr einen Halbmarathon ging ich an den Start. Das Ende war ein ganzer Marathon. Klar, die Zeit war spielte keine Rolle. An diesem sonnig hei\u00dfen Tag waren Stefan und ich mehr als froh \u00fcberhaupt im Ziel angekommen zu sein. Stefan stand zumindest im Training und wollte von vornherein den Marathon nach 42,2km finishen. <\/p>\n\n\n\n<div class=\"wp-block-image\"><figure class=\"aligncenter size-medium\"><img loading=\"lazy\" decoding=\"async\" width=\"225\" height=\"300\" src=\"http:\/\/cyclotourers.de\/wp-content\/uploads\/2020\/03\/XKHA8915_LI-225x300.jpg\" alt=\"\" class=\"wp-image-2815\" srcset=\"https:\/\/cyclotourer.de\/wp-content\/uploads\/2020\/03\/XKHA8915_LI-225x300.jpg 225w, https:\/\/cyclotourer.de\/wp-content\/uploads\/2020\/03\/XKHA8915_LI-768x1024.jpg 768w, https:\/\/cyclotourer.de\/wp-content\/uploads\/2020\/03\/XKHA8915_LI.jpg 960w\" sizes=\"auto, (max-width: 225px) 100vw, 225px\" \/><\/figure><\/div>\n\n\n\n<p>Ich wollte ihn auf der ersten H\u00e4lfte begleiten. Doch dann \u00fcberlegte ich es mir spontan anders und lief den kompletten Marathon durch. Sicherlich war ich f\u00fcr Stefan eine Bremse, jedoch war es an diesem Mai-Tag so hei\u00df das einige im warten Sinne des Wortes auf der Strecke bleiben und medizinisch versorgt abgeholt werden mussten. <\/p>\n\n\n\n<div class=\"wp-block-image\"><figure class=\"aligncenter size-medium\"><img loading=\"lazy\" decoding=\"async\" width=\"225\" height=\"300\" src=\"http:\/\/cyclotourers.de\/wp-content\/uploads\/2020\/03\/CMVU9624-2-225x300.jpg\" alt=\"\" class=\"wp-image-2816\" srcset=\"https:\/\/cyclotourer.de\/wp-content\/uploads\/2020\/03\/CMVU9624-2-225x300.jpg 225w, https:\/\/cyclotourer.de\/wp-content\/uploads\/2020\/03\/CMVU9624-2-768x1024.jpg 768w, https:\/\/cyclotourer.de\/wp-content\/uploads\/2020\/03\/CMVU9624-2.jpg 960w\" sizes=\"auto, (max-width: 225px) 100vw, 225px\" \/><\/figure><\/div>\n\n\n\n<p>Grund genug mehr als Stolz zu sein&#8230;<\/p>\n\n\n\n<ul class=\"wp-block-list\"><li>Platz: 596     <\/li><li>Pl.AK: 89                                  <\/li><li>Startnr.: 4118          <\/li><li>AK: 40         <\/li><li>Verein: Cycle-Point-Stock <\/li><li>Ziel:  04:53:35 <\/li><li><a href=\"https:\/\/mainz.r.mikatiming.de\/2018\/?content=detail&amp;fpid=search&amp;pid=search&amp;idp=9999991170A8CC00000AA03E&amp;lang=DE&amp;event=ML&amp;search%5Bname%5D=Schindler&amp;search%5Bfirstname%5D=Marco&amp;search_event=ML\">Schindler, Marco (GER)<\/a>   <\/li><\/ul>\n\n\n\n<p>Herzlichen Gl\u00fcckwunsch auch an unser Staffel-Team \ud83d\ude42<\/p>\n\n\n\n<div class=\"wp-block-image\"><figure class=\"aligncenter size-medium\"><img loading=\"lazy\" decoding=\"async\" width=\"225\" height=\"300\" src=\"http:\/\/cyclotourers.de\/wp-content\/uploads\/2020\/03\/OKSM3116-225x300.jpg\" alt=\"\" class=\"wp-image-2817\" srcset=\"https:\/\/cyclotourer.de\/wp-content\/uploads\/2020\/03\/OKSM3116-225x300.jpg 225w, https:\/\/cyclotourer.de\/wp-content\/uploads\/2020\/03\/OKSM3116-768x1024.jpg 768w, https:\/\/cyclotourer.de\/wp-content\/uploads\/2020\/03\/OKSM3116.jpg 960w\" sizes=\"auto, (max-width: 225px) 100vw, 225px\" \/><\/figure><\/div>\n\n\n\n<p><\/p>\n","protected":false},"excerpt":{"rendered":"<p>06.05.2018 Mainz Mit einem halbherzigen Training f\u00fcr einen Halbmarathon ging ich an den Start. Das Ende war ein ganzer Marathon. Klar, die Zeit war spielte [&#8230;]<\/p>\n","protected":false},"author":2,"featured_media":2819,"comment_status":"open","ping_status":"open","sticky":false,"template":"","format":"standard","meta":{"footnotes":""},"categories":[164],"tags":[189,188,175],"class_list":["post-2812","post","type-post","status-publish","format-standard","has-post-thumbnail","hentry","category-marathon","tag-gutenberg-marathon","tag-mainz","tag-marathon"],"_links":{"self":[{"href":"https:\/\/cyclotourer.de\/index.php?rest_route=\/wp\/v2\/posts\/2812","targetHints":{"allow":["GET"]}}],"collection":[{"href":"https:\/\/cyclotourer.de\/index.php?rest_route=\/wp\/v2\/posts"}],"about":[{"href":"https:\/\/cyclotourer.de\/index.php?rest_route=\/wp\/v2\/types\/post"}],"author":[{"embeddable":true,"href":"https:\/\/cyclotourer.de\/index.php?rest_route=\/wp\/v2\/users\/2"}],"replies":[{"embeddable":true,"href":"https:\/\/cyclotourer.de\/index.php?rest_route=%2Fwp%2Fv2%2Fcomments&post=2812"}],"version-history":[{"count":2,"href":"https:\/\/cyclotourer.de\/index.php?rest_route=\/wp\/v2\/posts\/2812\/revisions"}],"predecessor-version":[{"id":2820,"href":"https:\/\/cyclotourer.de\/index.php?rest_route=\/wp\/v2\/posts\/2812\/revisions\/2820"}],"wp:featuredmedia":[{"embeddable":true,"href":"https:\/\/cyclotourer.de\/index.php?rest_route=\/wp\/v2\/media\/2819"}],"wp:attachment":[{"href":"https:\/\/cyclotourer.de\/index.php?rest_route=%2Fwp%2Fv2%2Fmedia&parent=2812"}],"wp:term":[{"taxonomy":"category","embeddable":true,"href":"https:\/\/cyclotourer.de\/index.php?rest_route=%2Fwp%2Fv2%2Fcategories&post=2812"},{"taxonomy":"post_tag","embeddable":true,"href":"https:\/\/cyclotourer.de\/index.php?rest_route=%2Fwp%2Fv2%2Ftags&post=2812"}],"curies":[{"name":"wp","href":"https:\/\/api.w.org\/{rel}","templated":true}]}}