{"id":2691,"date":"2019-11-04T00:23:40","date_gmt":"2019-11-04T00:23:40","guid":{"rendered":"http:\/\/cyclotourers.de\/?p=2691"},"modified":"2020-03-09T19:16:12","modified_gmt":"2020-03-09T19:16:12","slug":"13-hugenotten-duathlon","status":"publish","type":"post","link":"https:\/\/cyclotourer.de\/?p=2691","title":{"rendered":"13. Hugenotten-Duathlon 2019"},"content":{"rendered":"\n<p><strong>03.11.2019 Neu-Isenburg<\/strong><\/p>\n\n\n\n<div class=\"wp-block-image\"><figure class=\"aligncenter size-medium\"><img loading=\"lazy\" decoding=\"async\" width=\"300\" height=\"225\" src=\"http:\/\/cyclotourers.de\/wp-content\/uploads\/2020\/03\/IMG_9496-1-300x225.jpg\" alt=\"\" class=\"wp-image-2695\" srcset=\"https:\/\/cyclotourer.de\/wp-content\/uploads\/2020\/03\/IMG_9496-1-300x225.jpg 300w, https:\/\/cyclotourer.de\/wp-content\/uploads\/2020\/03\/IMG_9496-1.jpg 640w\" sizes=\"auto, (max-width: 300px) 100vw, 300px\" \/><\/figure><\/div>\n\n\n\n<p class=\"has-text-align-center\">Nasskaltes Wetter war nicht die ideale Bedingung f\u00fcr einen Cross-Duathlon, aber dies bringt der deutsche Winter halt so mit sich. Wenigstens blieb es zum Start wenigstens von oben trocken.<\/p>\n\n\n\n<p class=\"has-text-align-center\">In diesem Jahr sollte ich aber auch kein Gl\u00fcck haben. Nach einem mittelm\u00e4\u00dfigen Lauf ging ich in die Rad-Runde. Auf den ersten Kilometer auf dem Rad konnte ich gute Zeit aufholen und einige Kontrahenten einholen.<\/p>\n\n\n\n<div class=\"wp-block-image\"><figure class=\"aligncenter size-medium\"><img loading=\"lazy\" decoding=\"async\" width=\"300\" height=\"225\" src=\"http:\/\/cyclotourers.de\/wp-content\/uploads\/2020\/03\/IMG_9503-300x225.jpg\" alt=\"\" class=\"wp-image-2693\" srcset=\"https:\/\/cyclotourer.de\/wp-content\/uploads\/2020\/03\/IMG_9503-300x225.jpg 300w, https:\/\/cyclotourer.de\/wp-content\/uploads\/2020\/03\/IMG_9503.jpg 640w\" sizes=\"auto, (max-width: 300px) 100vw, 300px\" \/><\/figure><\/div>\n\n\n\n<p class=\"has-text-align-center\">Doch leider \u00fcbersah ich einen gr\u00f6\u00dferen Stein. Wie ich merkte das ich ihn mit dem Hinterrad erwischt hatte, war mir klar, dass ich mit einem Plattfu\u00df aussteigen werde. So kam es auch, nach wenigen Metern merkte ich bereits den Luftverlust&#8230;  <\/p>\n\n\n\n<div class=\"wp-block-image\"><figure class=\"aligncenter size-medium\"><img loading=\"lazy\" decoding=\"async\" width=\"300\" height=\"225\" src=\"http:\/\/cyclotourers.de\/wp-content\/uploads\/2020\/03\/IMG_9505-300x225.jpg\" alt=\"\" class=\"wp-image-2694\" srcset=\"https:\/\/cyclotourer.de\/wp-content\/uploads\/2020\/03\/IMG_9505-300x225.jpg 300w, https:\/\/cyclotourer.de\/wp-content\/uploads\/2020\/03\/IMG_9505.jpg 640w\" sizes=\"auto, (max-width: 300px) 100vw, 300px\" \/><\/figure><\/div>\n\n\n\n<p class=\"has-text-align-center\">Der zweite Lauf war der R\u00fcckweg zum Veranstaltungsort&#8230; leider ohne Wertung \ud83d\ude09<\/p>\n\n\n\n<div class=\"wp-block-image\"><figure class=\"aligncenter size-medium\"><img loading=\"lazy\" decoding=\"async\" width=\"300\" height=\"225\" src=\"http:\/\/cyclotourers.de\/wp-content\/uploads\/2020\/03\/IMG_9510-300x225.jpg\" alt=\"\" class=\"wp-image-2761\" srcset=\"https:\/\/cyclotourer.de\/wp-content\/uploads\/2020\/03\/IMG_9510-300x225.jpg 300w, https:\/\/cyclotourer.de\/wp-content\/uploads\/2020\/03\/IMG_9510-1024x768.jpg 1024w, https:\/\/cyclotourer.de\/wp-content\/uploads\/2020\/03\/IMG_9510-768x576.jpg 768w, https:\/\/cyclotourer.de\/wp-content\/uploads\/2020\/03\/IMG_9510-1536x1152.jpg 1536w, https:\/\/cyclotourer.de\/wp-content\/uploads\/2020\/03\/IMG_9510-2048x1536.jpg 2048w\" sizes=\"auto, (max-width: 300px) 100vw, 300px\" \/><\/figure><\/div>\n\n\n\n<p><\/p>\n","protected":false},"excerpt":{"rendered":"<p>03.11.2019 Neu-Isenburg Nasskaltes Wetter war nicht die ideale Bedingung f\u00fcr einen Cross-Duathlon, aber dies bringt der deutsche Winter halt so mit sich. Wenigstens blieb es [&#8230;]<\/p>\n","protected":false},"author":2,"featured_media":2694,"comment_status":"open","ping_status":"open","sticky":false,"template":"","format":"standard","meta":{"footnotes":""},"categories":[176,152],"tags":[177,25,27],"class_list":["post-2691","post","type-post","status-publish","format-standard","has-post-thumbnail","hentry","category-cross-duathlon","category-duathlon","tag-cross-duathlon","tag-crossbike","tag-cyclocross"],"_links":{"self":[{"href":"https:\/\/cyclotourer.de\/index.php?rest_route=\/wp\/v2\/posts\/2691","targetHints":{"allow":["GET"]}}],"collection":[{"href":"https:\/\/cyclotourer.de\/index.php?rest_route=\/wp\/v2\/posts"}],"about":[{"href":"https:\/\/cyclotourer.de\/index.php?rest_route=\/wp\/v2\/types\/post"}],"author":[{"embeddable":true,"href":"https:\/\/cyclotourer.de\/index.php?rest_route=\/wp\/v2\/users\/2"}],"replies":[{"embeddable":true,"href":"https:\/\/cyclotourer.de\/index.php?rest_route=%2Fwp%2Fv2%2Fcomments&post=2691"}],"version-history":[{"count":6,"href":"https:\/\/cyclotourer.de\/index.php?rest_route=\/wp\/v2\/posts\/2691\/revisions"}],"predecessor-version":[{"id":2763,"href":"https:\/\/cyclotourer.de\/index.php?rest_route=\/wp\/v2\/posts\/2691\/revisions\/2763"}],"wp:featuredmedia":[{"embeddable":true,"href":"https:\/\/cyclotourer.de\/index.php?rest_route=\/wp\/v2\/media\/2694"}],"wp:attachment":[{"href":"https:\/\/cyclotourer.de\/index.php?rest_route=%2Fwp%2Fv2%2Fmedia&parent=2691"}],"wp:term":[{"taxonomy":"category","embeddable":true,"href":"https:\/\/cyclotourer.de\/index.php?rest_route=%2Fwp%2Fv2%2Fcategories&post=2691"},{"taxonomy":"post_tag","embeddable":true,"href":"https:\/\/cyclotourer.de\/index.php?rest_route=%2Fwp%2Fv2%2Ftags&post=2691"}],"curies":[{"name":"wp","href":"https:\/\/api.w.org\/{rel}","templated":true}]}}