{"id":2679,"date":"2020-01-06T23:35:00","date_gmt":"2020-01-06T23:35:00","guid":{"rendered":"http:\/\/cyclotourers.de\/?p=2679"},"modified":"2023-03-19T00:37:10","modified_gmt":"2023-03-19T00:37:10","slug":"desert-dash-2019","status":"publish","type":"post","link":"https:\/\/cyclotourer.de\/?p=2679","title":{"rendered":"DESERT DASH 2019"},"content":{"rendered":"<div class=\"wp-block-image\">\n<figure class=\"aligncenter size-medium\"><img loading=\"lazy\" decoding=\"async\" width=\"300\" height=\"88\" src=\"http:\/\/cyclotourers.de\/wp-content\/uploads\/2020\/03\/123-300x88.png\" alt=\"\" class=\"wp-image-2711\" srcset=\"https:\/\/cyclotourer.de\/wp-content\/uploads\/2020\/03\/123-300x88.png 300w, https:\/\/cyclotourer.de\/wp-content\/uploads\/2020\/03\/123.png 406w\" sizes=\"auto, (max-width: 300px) 100vw, 300px\" \/><\/figure>\n<\/div>\n\n\n<p>Mit Stolz kann ich sagen, ich habe es gerockt!<\/p>\n\n\n<div class=\"wp-block-image\">\n<figure class=\"aligncenter size-large\"><img loading=\"lazy\" decoding=\"async\" width=\"640\" height=\"480\" src=\"http:\/\/cyclotourers.de\/wp-content\/uploads\/2020\/03\/E7D04815-D693-47C6-A50F-45B2CB5AF996.jpeg\" alt=\"\" class=\"wp-image-2722\" srcset=\"https:\/\/cyclotourer.de\/wp-content\/uploads\/2020\/03\/E7D04815-D693-47C6-A50F-45B2CB5AF996.jpeg 640w, https:\/\/cyclotourer.de\/wp-content\/uploads\/2020\/03\/E7D04815-D693-47C6-A50F-45B2CB5AF996-300x225.jpeg 300w\" sizes=\"auto, (max-width: 640px) 100vw, 640px\" \/><\/figure>\n<\/div>\n\n\n<p>Das h\u00e4rteste MTB-Rennen durch die \u00e4lteste und trockenste W\u00fcste der Welt wurde von mir gefinisht&#8230;!!!<\/p>\n\n\n\n<p>Nach 22:22h kam ich an der K\u00fcste von Swapokmund an und \u00fcberrollte die Ziellinie.<\/p>\n\n\n\n<p>So erzielte ich in meiner Altersklasse 40-49J den Platz 45.<\/p>\n\n\n\n<p>Insgesamt gingen in der Altersklasse 86 Teilnehmer an den Start. Leider fielen davon ganze 17 Fahrer aus und 69 kamen \u00fcberhaupt im Ziel an&#8230; <\/p>\n\n\n\n<p><\/p>\n\n\n\n<p>Mehr Details in K\u00fcrze!<\/p>\n\n\n\n<p> <\/p>\n\n\n\n<figure class=\"wp-block-image size-large\"><img loading=\"lazy\" decoding=\"async\" width=\"1024\" height=\"683\" src=\"http:\/\/cyclotourers.de\/wp-content\/uploads\/2020\/03\/5799_20191207_103252_189713840_socialmedia-1024x683.jpg\" alt=\"\" class=\"wp-image-2680\" srcset=\"https:\/\/cyclotourer.de\/wp-content\/uploads\/2020\/03\/5799_20191207_103252_189713840_socialmedia-1024x683.jpg 1024w, https:\/\/cyclotourer.de\/wp-content\/uploads\/2020\/03\/5799_20191207_103252_189713840_socialmedia-300x200.jpg 300w, https:\/\/cyclotourer.de\/wp-content\/uploads\/2020\/03\/5799_20191207_103252_189713840_socialmedia-768x512.jpg 768w, https:\/\/cyclotourer.de\/wp-content\/uploads\/2020\/03\/5799_20191207_103252_189713840_socialmedia.jpg 1200w\" sizes=\"auto, (max-width: 1024px) 100vw, 1024px\" \/><\/figure>\n\n\n<div class=\"wp-block-image\">\n<figure class=\"aligncenter size-large\"><img loading=\"lazy\" decoding=\"async\" width=\"480\" height=\"640\" src=\"http:\/\/cyclotourers.de\/wp-content\/uploads\/2020\/03\/IMG_1759-rotated.jpg\" alt=\"\" class=\"wp-image-3291\" srcset=\"https:\/\/cyclotourer.de\/wp-content\/uploads\/2020\/03\/IMG_1759-rotated.jpg 480w, https:\/\/cyclotourer.de\/wp-content\/uploads\/2020\/03\/IMG_1759-225x300.jpg 225w\" sizes=\"auto, (max-width: 480px) 100vw, 480px\" \/><\/figure>\n<\/div>\n\n\n<p>Ein riesiges DANKESCH\u00d6N an meine Partner:<\/p>\n\n\n<div class=\"wp-block-image\">\n<figure class=\"aligncenter size-medium\"><img loading=\"lazy\" decoding=\"async\" width=\"300\" height=\"186\" src=\"http:\/\/cyclotourers.de\/wp-content\/uploads\/2020\/03\/SIM_Logo_Die_Technik-300x186.jpg\" alt=\"\" class=\"wp-image-2705\" srcset=\"https:\/\/cyclotourer.de\/wp-content\/uploads\/2020\/03\/SIM_Logo_Die_Technik-300x186.jpg 300w, https:\/\/cyclotourer.de\/wp-content\/uploads\/2020\/03\/SIM_Logo_Die_Technik-1024x636.jpg 1024w, https:\/\/cyclotourer.de\/wp-content\/uploads\/2020\/03\/SIM_Logo_Die_Technik-768x477.jpg 768w, https:\/\/cyclotourer.de\/wp-content\/uploads\/2020\/03\/SIM_Logo_Die_Technik.jpg 1068w\" sizes=\"auto, (max-width: 300px) 100vw, 300px\" \/><\/figure>\n<\/div>\n\n<div class=\"wp-block-image\">\n<figure class=\"aligncenter size-medium\"><img loading=\"lazy\" decoding=\"async\" width=\"300\" height=\"144\" src=\"http:\/\/cyclotourers.de\/wp-content\/uploads\/2020\/03\/0bbaaa48-c46f-4943-838e-fa4a2e4f2b8e-300x144.jpg\" alt=\"\" class=\"wp-image-2706\" srcset=\"https:\/\/cyclotourer.de\/wp-content\/uploads\/2020\/03\/0bbaaa48-c46f-4943-838e-fa4a2e4f2b8e-300x144.jpg 300w, https:\/\/cyclotourer.de\/wp-content\/uploads\/2020\/03\/0bbaaa48-c46f-4943-838e-fa4a2e4f2b8e-768x369.jpg 768w, https:\/\/cyclotourer.de\/wp-content\/uploads\/2020\/03\/0bbaaa48-c46f-4943-838e-fa4a2e4f2b8e.jpg 1024w\" sizes=\"auto, (max-width: 300px) 100vw, 300px\" \/><\/figure>\n<\/div>\n\n<div class=\"wp-block-image\">\n<figure class=\"aligncenter size-medium\"><img loading=\"lazy\" decoding=\"async\" width=\"300\" height=\"82\" src=\"http:\/\/cyclotourers.de\/wp-content\/uploads\/2020\/03\/Fahrrad-Desch-Logo-300x82.png\" alt=\"\" class=\"wp-image-2708\" srcset=\"https:\/\/cyclotourer.de\/wp-content\/uploads\/2020\/03\/Fahrrad-Desch-Logo-300x82.png 300w, https:\/\/cyclotourer.de\/wp-content\/uploads\/2020\/03\/Fahrrad-Desch-Logo-1024x279.png 1024w, https:\/\/cyclotourer.de\/wp-content\/uploads\/2020\/03\/Fahrrad-Desch-Logo-768x209.png 768w, https:\/\/cyclotourer.de\/wp-content\/uploads\/2020\/03\/Fahrrad-Desch-Logo.png 1067w\" sizes=\"auto, (max-width: 300px) 100vw, 300px\" \/><\/figure>\n<\/div>\n\n<div class=\"wp-block-image\">\n<figure class=\"aligncenter size-medium\"><img loading=\"lazy\" decoding=\"async\" width=\"300\" height=\"89\" src=\"http:\/\/cyclotourers.de\/wp-content\/uploads\/2020\/03\/Malteser-Logo-2016_CMYK-300x89.jpg\" alt=\"\" class=\"wp-image-2709\" srcset=\"https:\/\/cyclotourer.de\/wp-content\/uploads\/2020\/03\/Malteser-Logo-2016_CMYK-300x89.jpg 300w, https:\/\/cyclotourer.de\/wp-content\/uploads\/2020\/03\/Malteser-Logo-2016_CMYK-1024x305.jpg 1024w, https:\/\/cyclotourer.de\/wp-content\/uploads\/2020\/03\/Malteser-Logo-2016_CMYK-768x229.jpg 768w, https:\/\/cyclotourer.de\/wp-content\/uploads\/2020\/03\/Malteser-Logo-2016_CMYK-1536x457.jpg 1536w, https:\/\/cyclotourer.de\/wp-content\/uploads\/2020\/03\/Malteser-Logo-2016_CMYK.jpg 1620w\" sizes=\"auto, (max-width: 300px) 100vw, 300px\" \/><\/figure>\n<\/div>\n\n<div class=\"wp-block-image\">\n<figure class=\"aligncenter size-medium\"><img loading=\"lazy\" decoding=\"async\" width=\"300\" height=\"69\" src=\"http:\/\/cyclotourers.de\/wp-content\/uploads\/2020\/03\/transalp_shuttle_logodesign_horizontal_by_zalanvoros_130509-300x69.png\" alt=\"\" class=\"wp-image-2710\" srcset=\"https:\/\/cyclotourer.de\/wp-content\/uploads\/2020\/03\/transalp_shuttle_logodesign_horizontal_by_zalanvoros_130509-300x69.png 300w, https:\/\/cyclotourer.de\/wp-content\/uploads\/2020\/03\/transalp_shuttle_logodesign_horizontal_by_zalanvoros_130509.png 391w\" sizes=\"auto, (max-width: 300px) 100vw, 300px\" \/><\/figure>\n<\/div>","protected":false},"excerpt":{"rendered":"<p>Mit Stolz kann ich sagen, ich habe es gerockt! Das h\u00e4rteste MTB-Rennen durch die \u00e4lteste und trockenste W\u00fcste der Welt wurde von mir gefinisht&#8230;!!! Nach [&#8230;]<\/p>\n","protected":false},"author":2,"featured_media":2681,"comment_status":"open","ping_status":"open","sticky":false,"template":"","format":"standard","meta":{"footnotes":""},"categories":[185],"tags":[182,184,183],"class_list":["post-2679","post","type-post","status-publish","format-standard","has-post-thumbnail","hentry","category-desert-dash","tag-desert-dash","tag-namibia","tag-wueste"],"_links":{"self":[{"href":"https:\/\/cyclotourer.de\/index.php?rest_route=\/wp\/v2\/posts\/2679","targetHints":{"allow":["GET"]}}],"collection":[{"href":"https:\/\/cyclotourer.de\/index.php?rest_route=\/wp\/v2\/posts"}],"about":[{"href":"https:\/\/cyclotourer.de\/index.php?rest_route=\/wp\/v2\/types\/post"}],"author":[{"embeddable":true,"href":"https:\/\/cyclotourer.de\/index.php?rest_route=\/wp\/v2\/users\/2"}],"replies":[{"embeddable":true,"href":"https:\/\/cyclotourer.de\/index.php?rest_route=%2Fwp%2Fv2%2Fcomments&post=2679"}],"version-history":[{"count":6,"href":"https:\/\/cyclotourer.de\/index.php?rest_route=\/wp\/v2\/posts\/2679\/revisions"}],"predecessor-version":[{"id":5958,"href":"https:\/\/cyclotourer.de\/index.php?rest_route=\/wp\/v2\/posts\/2679\/revisions\/5958"}],"wp:featuredmedia":[{"embeddable":true,"href":"https:\/\/cyclotourer.de\/index.php?rest_route=\/wp\/v2\/media\/2681"}],"wp:attachment":[{"href":"https:\/\/cyclotourer.de\/index.php?rest_route=%2Fwp%2Fv2%2Fmedia&parent=2679"}],"wp:term":[{"taxonomy":"category","embeddable":true,"href":"https:\/\/cyclotourer.de\/index.php?rest_route=%2Fwp%2Fv2%2Fcategories&post=2679"},{"taxonomy":"post_tag","embeddable":true,"href":"https:\/\/cyclotourer.de\/index.php?rest_route=%2Fwp%2Fv2%2Ftags&post=2679"}],"curies":[{"name":"wp","href":"https:\/\/api.w.org\/{rel}","templated":true}]}}