{"id":1772,"date":"2013-12-29T21:06:37","date_gmt":"2013-12-29T21:06:37","guid":{"rendered":"http:\/\/cyclotourers.de\/?p=1772"},"modified":"2018-11-14T20:30:33","modified_gmt":"2018-11-14T20:30:33","slug":"dejavu-zum-jahresende","status":"publish","type":"post","link":"https:\/\/cyclotourer.de\/?p=1772","title":{"rendered":"Dejavu zum Jahresende"},"content":{"rendered":"<p style=\"text-align: center;\"><img loading=\"lazy\" decoding=\"async\" class=\"wp-image-2619 aligncenter\" src=\"http:\/\/cyclotourers.de\/wp-content\/uploads\/2014\/08\/FOCUS_Logo-PANTONE_positiv-2-300x65.jpg\" alt=\"\" width=\"503\" height=\"109\" srcset=\"https:\/\/cyclotourer.de\/wp-content\/uploads\/2014\/08\/FOCUS_Logo-PANTONE_positiv-2-300x65.jpg 300w, https:\/\/cyclotourer.de\/wp-content\/uploads\/2014\/08\/FOCUS_Logo-PANTONE_positiv-2-768x167.jpg 768w, https:\/\/cyclotourer.de\/wp-content\/uploads\/2014\/08\/FOCUS_Logo-PANTONE_positiv-2-1024x223.jpg 1024w\" sizes=\"auto, (max-width: 503px) 100vw, 503px\" \/><\/p>\n<p style=\"text-align: justify;\">29.12.2013<\/p>\n<p style=\"text-align: justify;\">Sonntag Morgen, die Sonne lachte durch das Fenster. Es sah ganz danach aus,\u00a0als wenn es\u00a0wieder ein sonniger Tag mit angenehmen und zu warmen Temperaturen f\u00fcr diese Jahreszeit geben w\u00fcrde. Also stand ich langsam auf, trank einen Kaffee und machte mich, um eine kleine Runde mit dem Rad zu drehen, fertig. Da ich die\u00a0letzten 2 Tage zeitlich\u00a0von dem Jahr 2013 eingeschr\u00e4nkt sein sollte, war das die\u00a0letzte M\u00f6glichkeit f\u00fcr eine letzte Radrunde\u00a0in 2013.<\/p>\n<p style=\"text-align: justify;\">Ich entschloss mich dieses Mal meine Trainingsrunde \u00fcber Bergen-Enkheim anders herum zu fahren. Das hie\u00df, nicht wie gewohnt \u00fcber die F\u00e4hre um auf die Enkheimer Seite zu kommen und dann den langgezogenen Berg hoch bis zur Fertighausausstellung, sondern erst einmal durch Offenbach, \u00fcber den Kaiserlei-Kreisel in Richtung Frankfurt.<\/p>\n<p style=\"text-align: justify;\">Kurz vor\u00a0der neuen EZB-Br\u00fccke\u00a0bekam ich schon die ersten Regentropfen ab. War ja zu erwarten, 40% Regenwahrscheinlichkeit laut der Wettervorhersage f\u00fcr den ganzen Tag und ich nahm sie zu 100% mit. Und der Himmel sah nicht vielversprechend aus,\u00a0f\u00fcr den restlichen Verlauf der kurzen Runde&#8230;<\/p>\n<p style=\"text-align: justify;\"><a href=\"http:\/\/www.cyclotourer.de\/wp-content\/uploads\/2013\/12\/photo-2.jpg\"><img loading=\"lazy\" decoding=\"async\" class=\"alignnone size-medium wp-image-924\" src=\"http:\/\/www.cyclotourer.de\/wp-content\/uploads\/2013\/12\/photo-2-300x224.jpg\" alt=\"photo (2)\" width=\"300\" height=\"224\" \/><\/a><img loading=\"lazy\" decoding=\"async\" class=\"alignnone wp-image-2512\" src=\"http:\/\/cyclotourers.de\/wp-content\/uploads\/2016\/10\/Fahrrad-Desch-Logo-300x82.png\" alt=\"\" width=\"326\" height=\"89\" srcset=\"https:\/\/cyclotourer.de\/wp-content\/uploads\/2016\/10\/Fahrrad-Desch-Logo-300x82.png 300w, https:\/\/cyclotourer.de\/wp-content\/uploads\/2016\/10\/Fahrrad-Desch-Logo-768x209.png 768w, https:\/\/cyclotourer.de\/wp-content\/uploads\/2016\/10\/Fahrrad-Desch-Logo-1024x279.png 1024w, https:\/\/cyclotourer.de\/wp-content\/uploads\/2016\/10\/Fahrrad-Desch-Logo.png 1067w\" sizes=\"auto, (max-width: 326px) 100vw, 326px\" \/><\/p>\n<p style=\"text-align: justify;\">Ich wechselte die Mainseite und radelte weiter in Richtung Innenstadt. Es regnete immer mehr. Aber es war letztendlich egal ob ich die Runde in geplanter Richtung fortsetze oder umdrehte, nass war ich so oder so. Also fuhr ich weiter bis zur Ecke Friedberger Landstra\u00dfe, radelte an der Zeil und dem Gericht vorbei. Jetzt zog die Friedberger Landstra\u00dfe langsam an. Nicht steil aber mit fast gleichbleibender Steigung zieht sich die Landstra\u00dfe bis hoch zur Friedberger warte. Die Autofahrer auf der stark befahrenen Stra\u00dfe machen es einem auch nicht immer einfach, in dem sie rasend schnell und viel zu dicht an einem vorbei rasen.<\/p>\n<p style=\"text-align: justify;\">Nach der Friedberger Warte wurde die Stra\u00dfe wieder etwas flacher und man konnte wieder mehr Tempo gewinnen. Jetzt fing es jedoch richtig an zu regnen und das Wasser stand in gro\u00dfen Pf\u00fctzen auf der Stra\u00dfe. Trotzdem war schnell die Kreuzung in Richtung Hanau erreicht, jetzt zog\u00a0die\u00a0Stra\u00dfe\u00a0nochmals kurz an und f\u00fchrte an der Fertighausaustellung vorbei. Aber jetzt wusste ich, das war\u00b4s mit Steigungen f\u00fcr den Rest der Runde. Jetzt sollte der weitere Weg nur noch abw\u00e4rts oder\u00a0eben bis vor die Haust\u00fcr f\u00fchren. Das h\u00f6chste Hindernis w\u00fcrde nur\u00a0noch die \u00dcberf\u00fchrung \u00fcber die Dietesheimer Schleusenanlage \u00fcber den Main sein.<\/p>\n<p><img loading=\"lazy\" decoding=\"async\" class=\"alignnone wp-image-2078\" src=\"http:\/\/cyclotourers.de\/wp-content\/uploads\/2013\/09\/00_company-300x60.jpg\" alt=\"\" width=\"380\" height=\"76\" srcset=\"https:\/\/cyclotourer.de\/wp-content\/uploads\/2013\/09\/00_company-300x60.jpg 300w, https:\/\/cyclotourer.de\/wp-content\/uploads\/2013\/09\/00_company-768x153.jpg 768w, https:\/\/cyclotourer.de\/wp-content\/uploads\/2013\/09\/00_company-1024x204.jpg 1024w, https:\/\/cyclotourer.de\/wp-content\/uploads\/2013\/09\/00_company.jpg 1594w\" sizes=\"auto, (max-width: 380px) 100vw, 380px\" \/><\/p>\n<p style=\"text-align: justify;\">R\u00fcckblick 30.12.2012:<\/p>\n<p style=\"text-align: justify;\">10\u00b0C,, das war die beste Gelegenheit noch eine kleine Runde mit dem Mountainbike zu drehen. Es sollte zwar teils matschig werden, aber zumindest war der Himmel blau und von oben her konnte nichts kommen. Einige Kilometer lie\u00df ich hinter mir. Jetzt noch ein St\u00fcck am Main entlang, dann noch zwei oder drei kleine Runden \u00fcber die teils wurzelige Single-Trails um die Steinbr\u00fcche und das Jahr konnte zu Ende gehen. Wenn da nicht auf einmal dieses gehasste Ger\u00e4usch gewesen w\u00e4re: Pfft, pfft, pffft&#8230; verdammt, am letzten Tag vom Jahr auch noch ein Platten, ein kleines aber Rasierklingenscharfes Basaltsplitterchen bohrte sich durch den Reifen&#8230;<\/p>\n<p style=\"text-align: center;\"><a href=\"http:\/\/www.cyclotourer.de\/wp-content\/uploads\/2013\/12\/photo-3.jpg\"><img loading=\"lazy\" decoding=\"async\" class=\"alignnone size-medium wp-image-925\" src=\"http:\/\/www.cyclotourer.de\/wp-content\/uploads\/2013\/12\/photo-3-300x225.jpg\" alt=\"photo (3)\" width=\"300\" height=\"225\" \/><\/a>\u00a0\u00a0\u00a0\u00a0\u00a0\u00a0\u00a0\u00a0\u00a0\u00a0\u00a0\u00a0\u00a0\u00a0\u00a0\u00a0\u00a0\u00a0\u00a0\u00a0\u00a0\u00a0\u00a0\u00a0\u00a0\u00a0\u00a0 \u00a0<a href=\"http:\/\/www.cyclotourer.de\/wp-content\/uploads\/2013\/12\/photo-4.jpg\"><img loading=\"lazy\" decoding=\"async\" class=\"alignnone size-medium wp-image-926\" src=\"http:\/\/www.cyclotourer.de\/wp-content\/uploads\/2013\/12\/photo-4-300x225.jpg\" alt=\"photo (4)\" width=\"300\" height=\"225\" \/><\/a><\/p>\n<p style=\"text-align: justify;\">Und heute?<\/p>\n<p style=\"text-align: justify;\">Zum Gl\u00fcck entschied ich mich f\u00fcr den k\u00fcrzeren Weg, sonst h\u00e4tte ich es wohl erst gemerkt\u00a0als es zu sp\u00e4t gewesen w\u00e4re. Ich hob mein Vorderrad an, um mein<a href=\"www.focus-bikes.com\" target=\"_blank\" rel=\"noopener\"> Cyclocross von Focus<\/a>\u00a0auf dem Hinterrad\u00a0\u00fcber die Kinderwagenrampe auf die \u00dcberf\u00fchrung zu schieben. Jetzt wo das Vorderrad auf H\u00f6he meines Kopfes war und noch nach rollte, h\u00f6rte ich wieder das gehasste Ger\u00e4usch&#8230; pffft, pffft, pffft!<\/p>\n<p style=\"text-align: justify;\">Auf der Br\u00fccke angekommen, pr\u00fcfte ich zun\u00e4chst den Luftdruck indem ich mein Daumen und den Reifen dr\u00fcckte. Auf der anderen Br\u00fcckenseite wiederholte ich den Test. Viel Luft hat nicht nachgelassen, aber das Ger\u00e4usch von der entweichenden Luft war noch da.<\/p>\n<p style=\"text-align: justify;\">Jetzt hatte ich nur noch eine M\u00f6glichkeit um ein Schlauchwechsel rum zu kommen. In die Pedale treten und zusehen, dass ich mit dem restlichen Luftdruck noch nach Hause komme. Ich hatte zwar Schlauch und Pumpe dabei, aber\u00a0der Regen machte sich bemerkbar. Der nasse\u00a0R\u00fccken k\u00fchlte mich\u00a0bereits w\u00e4hrend dem\u00a0Fahrradschieben zum \u00fcberqueren der Mainschleuse ziemlich aus.<\/p>\n<p style=\"text-align: justify;\">Also trat ich noch mal in die Pedalen und sah zu, dass ich die letzten Kilometer hinter mir lie\u00df. Und? Ich schaffte es. Ein l\u00e4stiger Schlauchwechsel blieb mir in der Natur erspart!<\/p>\n<p style=\"text-align: justify;\">Mit gerade Mal mit 2\u00a0Bar\u00a0war ich zuhause in das Hoftor gerollt. Gestartet\u00a0war ich mit 6 Bar!<\/p>\n<p style=\"text-align: left;\"><img loading=\"lazy\" decoding=\"async\" class=\" wp-image-2657 aligncenter\" src=\"http:\/\/cyclotourers.de\/wp-content\/uploads\/2013\/12\/ea5427b4619e563c8ab5f75abb187655.png\" alt=\"\" width=\"160\" height=\"213\" \/>\u00a0Zu guter letzt werde ich das Jahr 2013 genau wie das Jahr 2012 beenden. Ich werde am letzten Tag des Jahres einen neuen Schlauch kaufen, damit ich wenigstens ohne Panne in das neue Jahr starten kann&#8230; zumindest was das Fahrrad angeht.<\/p>\n<p style=\"text-align: left;\">So w\u00fcnsche ich jede\/n Leser\/in\u00a0einen guten und pannenfreien Rutsch ins neue Jahr!<\/p>\n<p style=\"text-align: left;\"><img loading=\"lazy\" decoding=\"async\" class=\" wp-image-2619 aligncenter\" src=\"http:\/\/cyclotourers.de\/wp-content\/uploads\/2014\/08\/FOCUS_Logo-PANTONE_positiv-2-300x65.jpg\" alt=\"\" width=\"365\" height=\"79\" srcset=\"https:\/\/cyclotourer.de\/wp-content\/uploads\/2014\/08\/FOCUS_Logo-PANTONE_positiv-2-300x65.jpg 300w, https:\/\/cyclotourer.de\/wp-content\/uploads\/2014\/08\/FOCUS_Logo-PANTONE_positiv-2-768x167.jpg 768w, https:\/\/cyclotourer.de\/wp-content\/uploads\/2014\/08\/FOCUS_Logo-PANTONE_positiv-2-1024x223.jpg 1024w\" sizes=\"auto, (max-width: 365px) 100vw, 365px\" \/><\/p>\n<p>&nbsp;<\/p>\n","protected":false},"excerpt":{"rendered":"<p>29.12.2013 Sonntag Morgen, die Sonne lachte durch das Fenster. Es sah ganz danach aus,\u00a0als wenn es\u00a0wieder ein sonniger Tag mit angenehmen und zu warmen Temperaturen [&#8230;]<\/p>\n","protected":false},"author":2,"featured_media":1774,"comment_status":"open","ping_status":"open","sticky":false,"template":"","format":"standard","meta":{"footnotes":""},"categories":[121],"tags":[],"class_list":["post-1772","post","type-post","status-publish","format-standard","has-post-thumbnail","hentry","category-touren"],"_links":{"self":[{"href":"https:\/\/cyclotourer.de\/index.php?rest_route=\/wp\/v2\/posts\/1772","targetHints":{"allow":["GET"]}}],"collection":[{"href":"https:\/\/cyclotourer.de\/index.php?rest_route=\/wp\/v2\/posts"}],"about":[{"href":"https:\/\/cyclotourer.de\/index.php?rest_route=\/wp\/v2\/types\/post"}],"author":[{"embeddable":true,"href":"https:\/\/cyclotourer.de\/index.php?rest_route=\/wp\/v2\/users\/2"}],"replies":[{"embeddable":true,"href":"https:\/\/cyclotourer.de\/index.php?rest_route=%2Fwp%2Fv2%2Fcomments&post=1772"}],"version-history":[{"count":4,"href":"https:\/\/cyclotourer.de\/index.php?rest_route=\/wp\/v2\/posts\/1772\/revisions"}],"predecessor-version":[{"id":2659,"href":"https:\/\/cyclotourer.de\/index.php?rest_route=\/wp\/v2\/posts\/1772\/revisions\/2659"}],"wp:featuredmedia":[{"embeddable":true,"href":"https:\/\/cyclotourer.de\/index.php?rest_route=\/wp\/v2\/media\/1774"}],"wp:attachment":[{"href":"https:\/\/cyclotourer.de\/index.php?rest_route=%2Fwp%2Fv2%2Fmedia&parent=1772"}],"wp:term":[{"taxonomy":"category","embeddable":true,"href":"https:\/\/cyclotourer.de\/index.php?rest_route=%2Fwp%2Fv2%2Fcategories&post=1772"},{"taxonomy":"post_tag","embeddable":true,"href":"https:\/\/cyclotourer.de\/index.php?rest_route=%2Fwp%2Fv2%2Ftags&post=1772"}],"curies":[{"name":"wp","href":"https:\/\/api.w.org\/{rel}","templated":true}]}}