{"id":1769,"date":"2011-05-15T21:01:05","date_gmt":"2011-05-15T21:01:05","guid":{"rendered":"http:\/\/cyclotourers.de\/?p=1769"},"modified":"2017-11-24T17:34:56","modified_gmt":"2017-11-24T17:34:56","slug":"uetliberg-zuerich","status":"publish","type":"post","link":"https:\/\/cyclotourer.de\/?p=1769","title":{"rendered":"\u00dctliberg Z\u00fcrich"},"content":{"rendered":"<h1 style=\"text-align: left;\">Z\u00fcrich \u00dctliberg<\/h1>\n<p style=\"text-align: left;\">Da ich ein kleinen Job in Z\u00fcrich und zwischendurch immer ein paar Stunden Zeit hatte, nahm ich mein Bike mit ins Gep\u00e4ck und nutzte die Sonnigen Stunden&#8230;. Hier die Bilder dazu&#8230;<a href=\"http:\/\/www.cyclotourer.de\/wp-content\/uploads\/2013\/11\/225508_10150193760449496_6530201_n-1.jpg\"><br \/>\n<\/a><\/p>\n<p>&nbsp;<\/p>\n\n\t\t<style type=\"text\/css\">\n\t\t\t#gallery-1 {\n\t\t\t\tmargin: auto;\n\t\t\t}\n\t\t\t#gallery-1 .gallery-item {\n\t\t\t\tfloat: left;\n\t\t\t\tmargin-top: 10px;\n\t\t\t\ttext-align: center;\n\t\t\t\twidth: 33%;\n\t\t\t}\n\t\t\t#gallery-1 img {\n\t\t\t\tborder: 2px solid #cfcfcf;\n\t\t\t}\n\t\t\t#gallery-1 .gallery-caption {\n\t\t\t\tmargin-left: 0;\n\t\t\t}\n\t\t\t\/* see gallery_shortcode() in wp-includes\/media.php *\/\n\t\t<\/style>\n\t\t<div id='gallery-1' class='gallery galleryid-1769 gallery-columns-3 gallery-size-thumbnail'><dl class='gallery-item'>\n\t\t\t<dt class='gallery-icon landscape'>\n\t\t\t\t<a href='https:\/\/cyclotourer.de\/?attachment_id=1920'><img loading=\"lazy\" decoding=\"async\" width=\"150\" height=\"150\" src=\"https:\/\/cyclotourer.de\/wp-content\/uploads\/2011\/05\/225508_10150193760449496_6530201_n-1-150x150.jpg\" class=\"attachment-thumbnail size-thumbnail\" alt=\"\" \/><\/a>\n\t\t\t<\/dt><\/dl><dl class='gallery-item'>\n\t\t\t<dt class='gallery-icon landscape'>\n\t\t\t\t<a href='https:\/\/cyclotourer.de\/?attachment_id=1921'><img loading=\"lazy\" decoding=\"async\" width=\"150\" height=\"150\" src=\"https:\/\/cyclotourer.de\/wp-content\/uploads\/2011\/05\/225508_10150193760454496_7512710_n-1-150x150.jpg\" class=\"attachment-thumbnail size-thumbnail\" alt=\"\" \/><\/a>\n\t\t\t<\/dt><\/dl><dl class='gallery-item'>\n\t\t\t<dt class='gallery-icon portrait'>\n\t\t\t\t<a href='https:\/\/cyclotourer.de\/?attachment_id=1922'><img loading=\"lazy\" decoding=\"async\" width=\"150\" height=\"150\" src=\"https:\/\/cyclotourer.de\/wp-content\/uploads\/2011\/05\/225508_10150193760459496_6667278_n-150x150.jpg\" class=\"attachment-thumbnail size-thumbnail\" alt=\"\" \/><\/a>\n\t\t\t<\/dt><\/dl><br style=\"clear: both\" \/><dl class='gallery-item'>\n\t\t\t<dt class='gallery-icon landscape'>\n\t\t\t\t<a href='https:\/\/cyclotourer.de\/?attachment_id=1923'><img loading=\"lazy\" decoding=\"async\" width=\"150\" height=\"150\" src=\"https:\/\/cyclotourer.de\/wp-content\/uploads\/2011\/05\/225508_10150193760464496_3870477_n-150x150.jpg\" class=\"attachment-thumbnail size-thumbnail\" alt=\"\" \/><\/a>\n\t\t\t<\/dt><\/dl><dl class='gallery-item'>\n\t\t\t<dt class='gallery-icon landscape'>\n\t\t\t\t<a href='https:\/\/cyclotourer.de\/?attachment_id=1925'><img loading=\"lazy\" decoding=\"async\" width=\"150\" height=\"150\" src=\"https:\/\/cyclotourer.de\/wp-content\/uploads\/2011\/05\/227883_10150193763539496_1287066_n-150x150.jpg\" class=\"attachment-thumbnail size-thumbnail\" alt=\"\" \/><\/a>\n\t\t\t<\/dt><\/dl><dl class='gallery-item'>\n\t\t\t<dt class='gallery-icon landscape'>\n\t\t\t\t<a href='https:\/\/cyclotourer.de\/?attachment_id=1924'><img loading=\"lazy\" decoding=\"async\" width=\"150\" height=\"150\" src=\"https:\/\/cyclotourer.de\/wp-content\/uploads\/2011\/05\/225508_10150193760469496_4749133_n-150x150.jpg\" class=\"attachment-thumbnail size-thumbnail\" alt=\"\" \/><\/a>\n\t\t\t<\/dt><\/dl><br style=\"clear: both\" \/><dl class='gallery-item'>\n\t\t\t<dt class='gallery-icon portrait'>\n\t\t\t\t<a href='https:\/\/cyclotourer.de\/?attachment_id=1927'><img loading=\"lazy\" decoding=\"async\" width=\"150\" height=\"150\" src=\"https:\/\/cyclotourer.de\/wp-content\/uploads\/2011\/05\/227883_10150193763549496_2226098_n-150x150.jpg\" class=\"attachment-thumbnail size-thumbnail\" alt=\"\" \/><\/a>\n\t\t\t<\/dt><\/dl><dl class='gallery-item'>\n\t\t\t<dt class='gallery-icon portrait'>\n\t\t\t\t<a href='https:\/\/cyclotourer.de\/?attachment_id=1926'><img loading=\"lazy\" decoding=\"async\" width=\"150\" height=\"150\" src=\"https:\/\/cyclotourer.de\/wp-content\/uploads\/2011\/05\/227883_10150193763544496_3315225_n-150x150.jpg\" class=\"attachment-thumbnail size-thumbnail\" alt=\"\" \/><\/a>\n\t\t\t<\/dt><\/dl><dl class='gallery-item'>\n\t\t\t<dt class='gallery-icon portrait'>\n\t\t\t\t<a href='https:\/\/cyclotourer.de\/?attachment_id=1928'><img loading=\"lazy\" decoding=\"async\" width=\"150\" height=\"150\" src=\"https:\/\/cyclotourer.de\/wp-content\/uploads\/2011\/05\/227883_10150193763554496_5872609_n-150x150.jpg\" class=\"attachment-thumbnail size-thumbnail\" alt=\"\" \/><\/a>\n\t\t\t<\/dt><\/dl><br style=\"clear: both\" \/><dl class='gallery-item'>\n\t\t\t<dt class='gallery-icon landscape'>\n\t\t\t\t<a href='https:\/\/cyclotourer.de\/?attachment_id=1929'><img loading=\"lazy\" decoding=\"async\" width=\"150\" height=\"150\" src=\"https:\/\/cyclotourer.de\/wp-content\/uploads\/2011\/05\/227883_10150193763559496_3410040_n-150x150.jpg\" class=\"attachment-thumbnail size-thumbnail\" alt=\"\" \/><\/a>\n\t\t\t<\/dt><\/dl><dl class='gallery-item'>\n\t\t\t<dt class='gallery-icon portrait'>\n\t\t\t\t<a href='https:\/\/cyclotourer.de\/?attachment_id=1931'><img loading=\"lazy\" decoding=\"async\" width=\"150\" height=\"150\" src=\"https:\/\/cyclotourer.de\/wp-content\/uploads\/2011\/05\/228272_10150193762169496_3663531_n-150x150.jpg\" class=\"attachment-thumbnail size-thumbnail\" alt=\"\" \/><\/a>\n\t\t\t<\/dt><\/dl><dl class='gallery-item'>\n\t\t\t<dt class='gallery-icon landscape'>\n\t\t\t\t<a href='https:\/\/cyclotourer.de\/?attachment_id=1930'><img loading=\"lazy\" decoding=\"async\" width=\"150\" height=\"150\" src=\"https:\/\/cyclotourer.de\/wp-content\/uploads\/2011\/05\/228272_10150193762164496_82746_n-150x150.jpg\" class=\"attachment-thumbnail size-thumbnail\" alt=\"\" \/><\/a>\n\t\t\t<\/dt><\/dl><br style=\"clear: both\" \/><dl class='gallery-item'>\n\t\t\t<dt class='gallery-icon portrait'>\n\t\t\t\t<a href='https:\/\/cyclotourer.de\/?attachment_id=1932'><img loading=\"lazy\" decoding=\"async\" width=\"150\" height=\"150\" src=\"https:\/\/cyclotourer.de\/wp-content\/uploads\/2011\/05\/228272_10150193762179496_5922919_n-150x150.jpg\" class=\"attachment-thumbnail size-thumbnail\" alt=\"\" \/><\/a>\n\t\t\t<\/dt><\/dl><dl class='gallery-item'>\n\t\t\t<dt class='gallery-icon landscape'>\n\t\t\t\t<a href='https:\/\/cyclotourer.de\/?attachment_id=1933'><img loading=\"lazy\" decoding=\"async\" width=\"150\" height=\"150\" src=\"https:\/\/cyclotourer.de\/wp-content\/uploads\/2011\/05\/228272_10150193762184496_1296115_n-1-150x150.jpg\" class=\"attachment-thumbnail size-thumbnail\" alt=\"\" \/><\/a>\n\t\t\t<\/dt><\/dl><dl class='gallery-item'>\n\t\t\t<dt class='gallery-icon landscape'>\n\t\t\t\t<a href='https:\/\/cyclotourer.de\/?attachment_id=1934'><img loading=\"lazy\" decoding=\"async\" width=\"150\" height=\"150\" src=\"https:\/\/cyclotourer.de\/wp-content\/uploads\/2011\/05\/228272_10150193762189496_2502039_n-150x150.jpg\" class=\"attachment-thumbnail size-thumbnail\" alt=\"\" \/><\/a>\n\t\t\t<\/dt><\/dl><br style=\"clear: both\" \/><dl class='gallery-item'>\n\t\t\t<dt class='gallery-icon landscape'>\n\t\t\t\t<a href='https:\/\/cyclotourer.de\/?attachment_id=1935'><img loading=\"lazy\" decoding=\"async\" width=\"150\" height=\"150\" src=\"https:\/\/cyclotourer.de\/wp-content\/uploads\/2011\/05\/228284_10150193764269496_1728115_n-150x150.jpg\" class=\"attachment-thumbnail size-thumbnail\" alt=\"\" \/><\/a>\n\t\t\t<\/dt><\/dl><dl class='gallery-item'>\n\t\t\t<dt class='gallery-icon portrait'>\n\t\t\t\t<a href='https:\/\/cyclotourer.de\/?attachment_id=1936'><img loading=\"lazy\" decoding=\"async\" width=\"150\" height=\"150\" src=\"https:\/\/cyclotourer.de\/wp-content\/uploads\/2011\/05\/228284_10150193764274496_6819782_n-150x150.jpg\" class=\"attachment-thumbnail size-thumbnail\" alt=\"\" \/><\/a>\n\t\t\t<\/dt><\/dl>\n\t\t\t<br style='clear: both' \/>\n\t\t<\/div>\n\n","protected":false},"excerpt":{"rendered":"<p>Z\u00fcrich \u00dctliberg Da ich ein kleinen Job in Z\u00fcrich und zwischendurch immer ein paar Stunden Zeit hatte, nahm ich mein Bike mit ins Gep\u00e4ck und [&#8230;]<\/p>\n","protected":false},"author":2,"featured_media":1771,"comment_status":"open","ping_status":"open","sticky":false,"template":"","format":"standard","meta":{"footnotes":""},"categories":[121],"tags":[],"class_list":["post-1769","post","type-post","status-publish","format-standard","has-post-thumbnail","hentry","category-touren"],"_links":{"self":[{"href":"https:\/\/cyclotourer.de\/index.php?rest_route=\/wp\/v2\/posts\/1769","targetHints":{"allow":["GET"]}}],"collection":[{"href":"https:\/\/cyclotourer.de\/index.php?rest_route=\/wp\/v2\/posts"}],"about":[{"href":"https:\/\/cyclotourer.de\/index.php?rest_route=\/wp\/v2\/types\/post"}],"author":[{"embeddable":true,"href":"https:\/\/cyclotourer.de\/index.php?rest_route=\/wp\/v2\/users\/2"}],"replies":[{"embeddable":true,"href":"https:\/\/cyclotourer.de\/index.php?rest_route=%2Fwp%2Fv2%2Fcomments&post=1769"}],"version-history":[{"count":4,"href":"https:\/\/cyclotourer.de\/index.php?rest_route=\/wp\/v2\/posts\/1769\/revisions"}],"predecessor-version":[{"id":1938,"href":"https:\/\/cyclotourer.de\/index.php?rest_route=\/wp\/v2\/posts\/1769\/revisions\/1938"}],"wp:featuredmedia":[{"embeddable":true,"href":"https:\/\/cyclotourer.de\/index.php?rest_route=\/wp\/v2\/media\/1771"}],"wp:attachment":[{"href":"https:\/\/cyclotourer.de\/index.php?rest_route=%2Fwp%2Fv2%2Fmedia&parent=1769"}],"wp:term":[{"taxonomy":"category","embeddable":true,"href":"https:\/\/cyclotourer.de\/index.php?rest_route=%2Fwp%2Fv2%2Fcategories&post=1769"},{"taxonomy":"post_tag","embeddable":true,"href":"https:\/\/cyclotourer.de\/index.php?rest_route=%2Fwp%2Fv2%2Ftags&post=1769"}],"curies":[{"name":"wp","href":"https:\/\/api.w.org\/{rel}","templated":true}]}}