{"id":1695,"date":"2013-06-23T21:14:54","date_gmt":"2013-06-23T21:14:54","guid":{"rendered":"http:\/\/cyclotourers.de\/?p=1695"},"modified":"2016-10-17T19:26:24","modified_gmt":"2016-10-17T19:26:24","slug":"planlos-ins-reich-der-kelten","status":"publish","type":"post","link":"https:\/\/cyclotourer.de\/?p=1695","title":{"rendered":"Planlos ins Reich der Kelten"},"content":{"rendered":"<p><strong>Keltenwelt Glauberg<\/strong><\/p>\n<p>23.06.2013<\/p>\n<p><a href=\"http:\/\/www.cyclotourer.de\/wp-content\/uploads\/2013\/10\/IMG_1018.jpg\"><img loading=\"lazy\" decoding=\"async\" class=\"size-medium wp-image-98 aligncenter\" src=\"http:\/\/www.cyclotourer.de\/wp-content\/uploads\/2013\/10\/IMG_1018-300x224.jpg\" alt=\"IMG_1018\" width=\"300\" height=\"224\" srcset=\"https:\/\/cyclotourer.de\/wp-content\/uploads\/2013\/10\/IMG_1018-300x224.jpg 300w, https:\/\/cyclotourer.de\/wp-content\/uploads\/2013\/10\/IMG_1018.jpg 448w\" sizes=\"auto, (max-width: 300px) 100vw, 300px\" \/><\/a><\/p>\n<p>Meine Augen \u00f6ffneten sich heute Morgen, die Lider waren aber noch sooooo schwer! \u201eEine Stunde geht noch und dann stehe ich langsam auf\u2026\u201c<\/p>\n<p>Aber dann schoss mir der letzte Gedanke, den ich hatte bevor ich eingeschlafen war, in den Kopf. Den freien Sonntag wollte ich nutzen um mal wieder ein paar Kilometer auf dem Fahrrad zu sitzen. Das erste Mal seit der Justizmeisterschaft! Durch eine Hand-OP war ich ja in den letzten 3 Wochen beeintr\u00e4chtigt und ein paar Kilometer tun bestimmt mal gut.<\/p>\n<p>Luft nachpumpen, Trinkflaschen f\u00fcllen, den kleinen Rucksack mit Ersatzschlauch und Luftpumpe etc. best\u00fccken, waren die ersten Dinge die ich erledigen sollte. Ein Kaffee, ein wenig Obst fr\u00fchst\u00fccken und die Tour konnte starten.<\/p>\n<p>Aber wohin? Ich rollte die Stichstra\u00dfe runter, bog ab Richtung Hauptstrasse und machte mir das erste Mal Gedanken wo ich \u00fcberhaupt lang wollte.<\/p>\n<p>Da ich in den n\u00e4chsten Wochen den \u201cBahnradweg Hessen\u201c abradeln m\u00f6chte, dachte ich, ich fahre mal nach Hanau. In Hanau k\u00f6nnte ich ja mal schauen wo der Weg beginnt bzw. endet. Wo\u00a0 ich, wenn ich von Bad Hersfeld starte, raus komme\u2026<\/p>\n<p>Schnell war ich am Main entlang in Hanau angekommen, \u00fcber die Br\u00fccke und links ab Richtung Schloss Wilhelmsbad. Da war er schon, der Bahntrassenweg!<\/p>\n<p>Da ich nichts Besseres zu tun hatte, folgte ich einfach mal der Beschilderung. Es ging raus aus Hanau \u00fcber Mittelbuchen nach Bruchk\u00f6bel. Bis auf ein Teilst\u00fcck, wo wegen einer Baustelle die Beschilderung komplett weg war, konnte sich die ausgezeichnete Beschilderung sehen lassen.<\/p>\n<p>Unterwegs lud ich meine App \u201cRadplaner Hessen\u201c auf mein Display und schaute was denn so alles vor mir lag wenn ich den Weg noch ein wenig folgte.<\/p>\n<p>Ich dachte, dass es auch eigentlich echt egal w\u00e4re! \u201eIch schaue immer mal auf meinen Tacho, wenn ich denke, dass ich genug habe drehe ich einfach wieder um.\u201c Dachte ich laut.\u00a0 Das ich die angezeigten Kilometer dann wieder zur\u00fcck musste war mir durchaus bewusst.<\/p>\n<p>Also folgte ich dem Weg immer weiter. Im Gegensatz zum Main-Radweg machte es richtig Spa\u00df diesem Radweg zu folgen. Die Beschilderung war lobenswert!<\/p>\n<p>Vorbei an Sch\u00f6neck und Nidderau ging es zun\u00e4chst h\u00fcgelig, mit der Einen oder Anderen rasanten Abfahrt nach Altenstadt. Ein kr\u00e4ftiger R\u00fcckenwind schob mich dazu noch an.<\/p>\n<p>Bis Altenstadt, abgesehen vom Stadtgebiet, verlief die Strecke auf Forst- und Waldwegen. Ab Altenstadt auf einem Feldweg, parallel zu den Gleisen einer Bahntrasse die noch in betrieb ist. Wo sind denn die sch\u00f6nen stillgelegten Bahntrassen auf denen der Weg f\u00fchren sollte?<\/p>\n<p>An Lindheim und Enzheim vorbei zeigte mein Tacho \u00fcber 40km an. Den n\u00e4chsten Ort wollte ich noch mitnehmen, dann sollte es wieder zur\u00fcck gehen. Etwa 100 km w\u00e4ren ein sch\u00f6ner Einstieg, dachte ich mir. Und radelte bis Glauberg.<\/p>\n<p>Glauberg, woher kannte ich das nur? Glauberg geh\u00f6rte zu Glauburg\u2026. Aber sonst?<\/p>\n<p>Vom Radweg aus, konnte ich an einer Kreuzung am Ortseingang ein braunes Schild mit wei\u00dfer Aufschrift erkennen. Diese zeigen \u00fcblicherweise Sehensw\u00fcrdigkeiten an. Also fuhr ich es an um zu sehen wo es denn hin gehen k\u00f6nnte.<\/p>\n<p>Das ich mich einige H\u00f6henmeter sp\u00e4ter etwa 7000 Jahre zur\u00fcckversetze, h\u00e4tte ich niemals gedacht. Willkommen in der \u201cKeltenwelt am Glauberg\u201c!<\/p>\n<p><a href=\"http:\/\/www.cyclotourer.de\/wp-content\/uploads\/2013\/10\/IMG_1006.jpg\"><img loading=\"lazy\" decoding=\"async\" class=\"alignnone size-medium wp-image-91\" src=\"http:\/\/www.cyclotourer.de\/wp-content\/uploads\/2013\/10\/IMG_1006-300x224.jpg\" alt=\"IMG_1006\" width=\"300\" height=\"224\" srcset=\"https:\/\/cyclotourer.de\/wp-content\/uploads\/2013\/10\/IMG_1006-300x224.jpg 300w, https:\/\/cyclotourer.de\/wp-content\/uploads\/2013\/10\/IMG_1006.jpg 448w\" sizes=\"auto, (max-width: 300px) 100vw, 300px\" \/><\/a>Enzheimer Pforte<\/p>\n<p>Da ich kein Fahrradschloss dabei hatte, wollte ich das Museum nicht anschauen. Aber \u00fcber einen arch\u00e4ologisch-naturkundlichen Lehrpfad, konnte ich, mit dem Fahrrad nebenher schiebend, wundersch\u00f6n durch die Geschichte der keltischen W\u00e4llen, sowie den \u00dcberresten der Wohnanlagen aus dem 5. Jahrhundert v. Chr. Wandern. Sogar die \u00dcberreste der urkundlich erw\u00e4hnten Reichsburg aus dem 12.\/13. Jahrhundert konnte man auf dem Glauberg-Plateau bestaunen.<\/p>\n<p><a href=\"http:\/\/www.cyclotourer.de\/wp-content\/uploads\/2013\/10\/IMG_1009.jpg\"><img loading=\"lazy\" decoding=\"async\" class=\"alignnone size-medium wp-image-93 aligncenter\" src=\"http:\/\/www.cyclotourer.de\/wp-content\/uploads\/2013\/10\/IMG_1009-300x224.jpg\" alt=\"IMG_1009\" width=\"300\" height=\"224\" srcset=\"https:\/\/cyclotourer.de\/wp-content\/uploads\/2013\/10\/IMG_1009-300x224.jpg 300w, https:\/\/cyclotourer.de\/wp-content\/uploads\/2013\/10\/IMG_1009.jpg 448w\" sizes=\"auto, (max-width: 300px) 100vw, 300px\" \/><\/a><\/p>\n<p>Grundmauern der ehemalige Wohnh\u00e4user (Erfinder der Reihenh\u00e4user?)<\/p>\n<p><a href=\"http:\/\/www.cyclotourer.de\/wp-content\/uploads\/2013\/10\/IMG_1011.jpg\"><img loading=\"lazy\" decoding=\"async\" class=\"alignnone size-medium wp-image-94\" src=\"http:\/\/www.cyclotourer.de\/wp-content\/uploads\/2013\/10\/IMG_1011-300x224.jpg\" alt=\"IMG_1011\" width=\"300\" height=\"224\" srcset=\"https:\/\/cyclotourer.de\/wp-content\/uploads\/2013\/10\/IMG_1011-300x224.jpg 300w, https:\/\/cyclotourer.de\/wp-content\/uploads\/2013\/10\/IMG_1011.jpg 448w\" sizes=\"auto, (max-width: 300px) 100vw, 300px\" \/><\/a>Reichsburg<\/p>\n<p style=\"text-align: left;\" align=\"right\">Nachdem ich meine Runde \u00fcber das Glaubberg-Plateau beendet hatte, schaute ich mir aus der Ferne noch den Grabh\u00fcgel mit der sogenannten \u201cProzessionsstrasse\u201c an.<\/p>\n<p style=\"text-align: left;\" align=\"right\"><a href=\"http:\/\/www.cyclotourer.de\/wp-content\/uploads\/2013\/10\/IMG_1015.jpg\"><img loading=\"lazy\" decoding=\"async\" class=\"alignnone size-medium wp-image-97 alignright\" src=\"http:\/\/www.cyclotourer.de\/wp-content\/uploads\/2013\/10\/IMG_1015-300x224.jpg\" alt=\"IMG_1015\" width=\"300\" height=\"224\" srcset=\"https:\/\/cyclotourer.de\/wp-content\/uploads\/2013\/10\/IMG_1015-300x224.jpg 300w, https:\/\/cyclotourer.de\/wp-content\/uploads\/2013\/10\/IMG_1015.jpg 448w\" sizes=\"auto, (max-width: 300px) 100vw, 300px\" \/><\/a><\/p>\n<p>Zun\u00e4chst ging es rasant den Fu\u00dfweg zur\u00fcck nach Glauberg, vorbei am Bahnhof und zur\u00fcck auf den Fahrradweg. Jetzt lagen noch etwa 45 Kilometer Heimweg vor mir. Aber nicht mit sch\u00f6nem R\u00fcckenwind, sondern jetzt wollte der Wind wieder angek\u00e4mpft werden.<\/p>\n<p>Heute hatte ich genug Zeit und eine \u00fcberschaubare Strecke vor mir. Wenn es auch erm\u00fcdend werden sollte, vom Wind wollte ich mich heute nicht \u00e4rgern lassen. Es gibt ja mittlerweile kaum noch eine Tour wo Petrus nicht kr\u00e4ftig pustet\u2026<\/p>\n<p>Der R\u00fcckweg verlief ebenfalls bestens. Durch Altenstadt, H\u00f6chst, sowie Eichen zur\u00fcck bis Mittelbuchen. Hier musste ich auch noch mal stoppen, dieses sch\u00f6ne Bauwerk wollte ich doch noch bildlich festhalten.<\/p>\n<p><a href=\"http:\/\/www.cyclotourer.de\/wp-content\/uploads\/2013\/10\/IMG_1023.jpg\"><img loading=\"lazy\" decoding=\"async\" class=\"alignnone size-medium wp-image-100\" src=\"http:\/\/www.cyclotourer.de\/wp-content\/uploads\/2013\/10\/IMG_1023-300x224.jpg\" alt=\"IMG_1023\" width=\"300\" height=\"224\" srcset=\"https:\/\/cyclotourer.de\/wp-content\/uploads\/2013\/10\/IMG_1023-300x224.jpg 300w, https:\/\/cyclotourer.de\/wp-content\/uploads\/2013\/10\/IMG_1023.jpg 448w\" sizes=\"auto, (max-width: 300px) 100vw, 300px\" \/><\/a>Das ehemalige Nordtor mit Wachturm aus dem Jahre 1814.<\/p>\n<p>Durch Hanau ging es zur\u00fcck an den Main, Dietesheim, M\u00fchlheim und durch den Wald zur\u00fcck nach hause.<\/p>\n<p>Ohne Ziel bin ich morgens los gefahren, mit der Erkenntnis das vor 7000 Jahren die Kelten auf dem Glauberg lebten, einem Einblick dank der freigelegten Grundmauern und ein bisschen Vorstellungsverm\u00f6gen durch die Hinweistafeln mit den Erkl\u00e4rungen zu den Details, schaue ich auf eine zwar bew\u00f6lkten, aber trockenen und teils sonnigen Tag zur\u00fcck.<\/p>\n<p>Es hat mal wieder Spa\u00df gemacht, die Tour ohne Planung\u2026. So wie ich es mag!<\/p>\n<p>89,17 km<br \/>\n4,05 Std<br \/>\n19,80 km\/h (durchschnitt)<br \/>\n560 HM<br \/>\n4% ordentliche Durchschnittsteigung<br \/>\n18% max. Steigung<\/p>\n","protected":false},"excerpt":{"rendered":"<p>Keltenwelt Glauberg 23.06.2013 Meine Augen \u00f6ffneten sich heute Morgen, die Lider waren aber noch sooooo schwer! \u201eEine Stunde geht noch und dann stehe ich langsam [&#8230;]<\/p>\n","protected":false},"author":2,"featured_media":1696,"comment_status":"open","ping_status":"open","sticky":false,"template":"","format":"standard","meta":{"footnotes":""},"categories":[121],"tags":[],"class_list":["post-1695","post","type-post","status-publish","format-standard","has-post-thumbnail","hentry","category-touren"],"_links":{"self":[{"href":"https:\/\/cyclotourer.de\/index.php?rest_route=\/wp\/v2\/posts\/1695","targetHints":{"allow":["GET"]}}],"collection":[{"href":"https:\/\/cyclotourer.de\/index.php?rest_route=\/wp\/v2\/posts"}],"about":[{"href":"https:\/\/cyclotourer.de\/index.php?rest_route=\/wp\/v2\/types\/post"}],"author":[{"embeddable":true,"href":"https:\/\/cyclotourer.de\/index.php?rest_route=\/wp\/v2\/users\/2"}],"replies":[{"embeddable":true,"href":"https:\/\/cyclotourer.de\/index.php?rest_route=%2Fwp%2Fv2%2Fcomments&post=1695"}],"version-history":[{"count":1,"href":"https:\/\/cyclotourer.de\/index.php?rest_route=\/wp\/v2\/posts\/1695\/revisions"}],"predecessor-version":[{"id":1697,"href":"https:\/\/cyclotourer.de\/index.php?rest_route=\/wp\/v2\/posts\/1695\/revisions\/1697"}],"wp:featuredmedia":[{"embeddable":true,"href":"https:\/\/cyclotourer.de\/index.php?rest_route=\/wp\/v2\/media\/1696"}],"wp:attachment":[{"href":"https:\/\/cyclotourer.de\/index.php?rest_route=%2Fwp%2Fv2%2Fmedia&parent=1695"}],"wp:term":[{"taxonomy":"category","embeddable":true,"href":"https:\/\/cyclotourer.de\/index.php?rest_route=%2Fwp%2Fv2%2Fcategories&post=1695"},{"taxonomy":"post_tag","embeddable":true,"href":"https:\/\/cyclotourer.de\/index.php?rest_route=%2Fwp%2Fv2%2Ftags&post=1695"}],"curies":[{"name":"wp","href":"https:\/\/api.w.org\/{rel}","templated":true}]}}