{"id":1692,"date":"2011-07-03T21:11:25","date_gmt":"2011-07-03T21:11:25","guid":{"rendered":"http:\/\/cyclotourers.de\/?p=1692"},"modified":"2020-03-10T22:47:11","modified_gmt":"2020-03-10T22:47:11","slug":"3-deutsche-mountainbike-meisterschaft-der-justiz-2011","status":"publish","type":"post","link":"https:\/\/cyclotourer.de\/?p=1692","title":{"rendered":"3. Deutsche Mountainbike Meisterschaft der Justiz 2011"},"content":{"rendered":"<p><strong>3. Deutsche Mountainbike Meisterschaft der Justiz<\/strong><\/p>\n<p>03.07.2011<\/p>\n<p>Um den Stress mit der Autofahrt zu umgehen, entschloss ich mich bereits am 02.07.2011 nach Rhens zu fahren. Also suchte ich mir \u00fcber die Website des Hunsr\u00fcck-Marathons ein Hotel und war froh das ich nach dem 3. oder 4. doch noch ein Einzelzimmer f\u00fcr recht g\u00fcnstige 35,-\u20ac buchen konnte. Was mich bereits hier wunderte war das einfache Buchen per Telefon. Nachdem ich aufgelegt hatte viel mir ein das ich vergessen hatte nach dem Preis und incl. oder excl. Fr\u00fchst\u00fcck zu Fragen. \u201e35,-\u20ac incl. Fr\u00fchst\u00fcck\u2026\u201c und tut .. tut .. tut\u2026. Da hat er einfach aufgelegt! Wie einfach das Hotel gestrickt war, da komme ich sp\u00e4ter drauf zur\u00fcck.<\/p>\n<p>Also packte ich meine 7 Sachen und machte mich gegen 14:30 Uhr auf den Weg Richtung Rhens, wo ich nach ca. 1,5 Std sicher ankommen sollte. Das Hotel war schnell gefunden und ebenso schnell eingecheckt. \u201eGuten Tag, Schindler mein Name\u2026.\u201c \u201eAch sie sind aber fr\u00fch, wir haben sie erst gegen 19:00Uhr erwartet, sie haben Zimmer 15, kommen sie mit.\u201c \uf0e0 eingecheckt!<\/p>\n<p>So blieb mir wenigstens keine Zeit mich genauer umzusehen, dazu aber immer noch sp\u00e4ter\u2026<\/p>\n<p>Also hab ich meine Tasche ins Hotel geholt, abgestellt und machte mein Bike fahrtauglich um mich zur Startnummern-Ausgabe aufzumachen. Dies war auch schnell erledigt, kurzes Gespr\u00e4ch, Rhens abgecheckt, was auch schnell ging da es nicht gro\u00df ist, letzter Check vom Bike\u2026. Und jetzt?<\/p>\n<p>Na da fiel mir der Coyote-Ugly-Saloon ein, der wenige Kilometer zwischen Rhens und Koblenz entfernt, entdeckt wurde.<\/p>\n<p>Da es hierf\u00fcr jedoch noch ein bisschen fr\u00fch am Abend war, entschloss ich mich noch mal nach Koblenz zu fahren um mir die Stadt und das Rheinufer anzusehen. In der Altsstadt angekommen konnte ich feststellen, dass das Altstadtfest im gange war, also rein ins Get\u00fcmmel und ein wenig durch die Massen dr\u00e4ngen. Als ich genug von den Massen hatte entschloss ich mich noch ein wenig an den Rhein zu gehen.<\/p>\n<p><img loading=\"lazy\" decoding=\"async\" class=\"size-medium wp-image-1940 aligncenter\" src=\"http:\/\/cyclotourers.de\/wp-content\/uploads\/2011\/07\/02072011107-300x225.jpg\" alt=\"\" width=\"300\" height=\"225\" srcset=\"https:\/\/cyclotourer.de\/wp-content\/uploads\/2011\/07\/02072011107-300x225.jpg 300w, https:\/\/cyclotourer.de\/wp-content\/uploads\/2011\/07\/02072011107.jpg 448w\" sizes=\"auto, (max-width: 300px) 100vw, 300px\" \/><\/p>\n<p><img loading=\"lazy\" decoding=\"async\" class=\"size-medium wp-image-1941 aligncenter\" src=\"http:\/\/cyclotourers.de\/wp-content\/uploads\/2011\/07\/02072011106-2-300x225.jpg\" alt=\"\" width=\"300\" height=\"225\" srcset=\"https:\/\/cyclotourer.de\/wp-content\/uploads\/2011\/07\/02072011106-2-300x225.jpg 300w, https:\/\/cyclotourer.de\/wp-content\/uploads\/2011\/07\/02072011106-2.jpg 448w\" sizes=\"auto, (max-width: 300px) 100vw, 300px\" \/><\/p>\n<p>Hier entdeckte ich dann die Seilbahn, von der mein Arbeitskollege bereits im Vorfeld erz\u00e4hlte. Also buchte ich mich bei der BUGA 2011 ein, sonst kann man nicht mit der Seilbahn fahren, und besichtigte verschiedene k\u00fcnstlerische Darbietungen und\u2026. naja BUGA = Blumen. Wobei ich die nur sichtete um nicht als Banause durchzugehen wenn ich sie platt trete. Danach machte ich mich zur Seilbahn auf um auf die andere Rheinseite auf die h\u00f6her gelegene Burg zu kommen. Nicht um die Blumen dort anzusehen, sondern um einfach ein wenig Ruhe zu haben und um den Ausblick zu genie\u00dfen.<\/p>\n<p><img loading=\"lazy\" decoding=\"async\" class=\"size-medium wp-image-1942 aligncenter\" src=\"http:\/\/cyclotourers.de\/wp-content\/uploads\/2011\/07\/02072011115-1-225x300.jpg\" alt=\"\" width=\"225\" height=\"300\" srcset=\"https:\/\/cyclotourer.de\/wp-content\/uploads\/2011\/07\/02072011115-1-225x300.jpg 225w, https:\/\/cyclotourer.de\/wp-content\/uploads\/2011\/07\/02072011115-1.jpg 336w\" sizes=\"auto, (max-width: 225px) 100vw, 225px\" \/><\/p>\n<p>Oben angekommen wurde mir erst mal klar wie gro\u00df doch dieses Areal ist und machte einen Spaziergang um mir die alten Mauern und die vorhandene Bausubstanz anzusehen. Burgen sind nun mal faszinierend.<\/p>\n<p><img loading=\"lazy\" decoding=\"async\" class=\"size-medium wp-image-1943 aligncenter\" src=\"http:\/\/cyclotourers.de\/wp-content\/uploads\/2011\/07\/02072011120-300x225.jpg\" alt=\"\" width=\"300\" height=\"225\" srcset=\"https:\/\/cyclotourer.de\/wp-content\/uploads\/2011\/07\/02072011120-300x225.jpg 300w, https:\/\/cyclotourer.de\/wp-content\/uploads\/2011\/07\/02072011120.jpg 448w\" sizes=\"auto, (max-width: 300px) 100vw, 300px\" \/><\/p>\n<p>Auf dem R\u00fcckweg bot mir noch mal das Kaiser-Wilhelm-Denkmal seine volle Breitseite<\/p>\n<p><img loading=\"lazy\" decoding=\"async\" class=\"size-medium wp-image-1944 aligncenter\" src=\"http:\/\/cyclotourers.de\/wp-content\/uploads\/2011\/07\/02072011114-300x225.jpg\" alt=\"\" width=\"300\" height=\"225\" srcset=\"https:\/\/cyclotourer.de\/wp-content\/uploads\/2011\/07\/02072011114-300x225.jpg 300w, https:\/\/cyclotourer.de\/wp-content\/uploads\/2011\/07\/02072011114.jpg 448w\" sizes=\"auto, (max-width: 300px) 100vw, 300px\" \/><\/p>\n<p>Da es nun mittlerweile schon anfing dunkel zu werden, entschloss ich mich Richtung Coyote-Ugly-Saloon zu machen.<\/p>\n<p><img loading=\"lazy\" decoding=\"async\" class=\"size-medium wp-image-1945 aligncenter\" src=\"http:\/\/cyclotourers.de\/wp-content\/uploads\/2011\/07\/02072011121-300x225.jpg\" alt=\"\" width=\"300\" height=\"225\" srcset=\"https:\/\/cyclotourer.de\/wp-content\/uploads\/2011\/07\/02072011121-300x225.jpg 300w, https:\/\/cyclotourer.de\/wp-content\/uploads\/2011\/07\/02072011121.jpg 448w\" sizes=\"auto, (max-width: 300px) 100vw, 300px\" \/><\/p>\n<p>Dort angekommen genoss ich 2-3 (Alkfreie) Bierchen um fr\u00fchzeitig in meinem Bettchen zu liegen. Nur dann kam das gro\u00dfe Erschrecken\u2026<\/p>\n<p>Als ich mich in meinem Zimmer bewegte und ich mit meinen Augen auf einer H\u00f6he war wie die Stehlampe, musste es mir ja sofort ins Auge stechen\u2026. Mindestens eine ein Zentimeter dicke Staubschicht auf der Lampe!! Das gibt es doch nicht! Ich sah mich weiter im Zimmer um und entdeckte in jeder Ecke und auf jeder Kante Staub und Dreck. Ich habe gedacht mich trifft der Schlag, um diese Uhrzeit ergab sich auch nicht unbedingt mehr die M\u00f6glichkeit eine andere Bleibe aufzutreiben und im Auto schlafen.<\/p>\n<p>Ein wenig angewidert legte ich mich in mein Bett, was ja sauber zu sein schien, und schlief recht schnell ein. Nur wurde ich irgendwann nachts wach und hatte das Gef\u00fchl ich w\u00fcrde von Milben gefressen. Es war aber zum Gl\u00fcck nur ein Gef\u00fchl und konnte keine Bissspuren oder Einstiche finden.<\/p>\n<p><img loading=\"lazy\" decoding=\"async\" class=\"size-medium wp-image-1946 aligncenter\" src=\"http:\/\/cyclotourers.de\/wp-content\/uploads\/2011\/07\/02072011124-225x300.jpg\" alt=\"\" width=\"225\" height=\"300\" srcset=\"https:\/\/cyclotourer.de\/wp-content\/uploads\/2011\/07\/02072011124-225x300.jpg 225w, https:\/\/cyclotourer.de\/wp-content\/uploads\/2011\/07\/02072011124.jpg 336w\" sizes=\"auto, (max-width: 225px) 100vw, 225px\" \/><\/p>\n<p><img loading=\"lazy\" decoding=\"async\" class=\"size-medium wp-image-1947 aligncenter\" src=\"http:\/\/cyclotourers.de\/wp-content\/uploads\/2011\/07\/02072011127-300x225.jpg\" alt=\"\" width=\"300\" height=\"225\" srcset=\"https:\/\/cyclotourer.de\/wp-content\/uploads\/2011\/07\/02072011127-300x225.jpg 300w, https:\/\/cyclotourer.de\/wp-content\/uploads\/2011\/07\/02072011127.jpg 448w\" sizes=\"auto, (max-width: 300px) 100vw, 300px\" \/><\/p>\n<p><img loading=\"lazy\" decoding=\"async\" class=\"size-medium wp-image-1949 aligncenter\" src=\"http:\/\/cyclotourers.de\/wp-content\/uploads\/2011\/07\/02072011128-300x225.jpg\" alt=\"\" width=\"300\" height=\"225\" srcset=\"https:\/\/cyclotourer.de\/wp-content\/uploads\/2011\/07\/02072011128-300x225.jpg 300w, https:\/\/cyclotourer.de\/wp-content\/uploads\/2011\/07\/02072011128.jpg 448w\" sizes=\"auto, (max-width: 300px) 100vw, 300px\" \/><\/p>\n<p><img loading=\"lazy\" decoding=\"async\" class=\"size-medium wp-image-1948 aligncenter\" src=\"http:\/\/cyclotourers.de\/wp-content\/uploads\/2011\/07\/02072011132-300x225.jpg\" alt=\"\" width=\"300\" height=\"225\" srcset=\"https:\/\/cyclotourer.de\/wp-content\/uploads\/2011\/07\/02072011132-300x225.jpg 300w, https:\/\/cyclotourer.de\/wp-content\/uploads\/2011\/07\/02072011132.jpg 448w\" sizes=\"auto, (max-width: 300px) 100vw, 300px\" \/>&nbsp; &nbsp; &nbsp;Um 06:30Uhr klingelte schlie\u00dflich mein Wecker, fr\u00fchst\u00fcckte (was zum Gl\u00fcck auf einem gesp\u00fclten und sauberen Teller lag) und zog los zu meinem Auto um mein Bike rennfertig zu machen.<\/p>\n<p>Als alles noch mal \u00fcberpr\u00fcft war, fuhr ich die Muskeln ein wenig warm und begab mich in den Start \/ Ziel \u2013 Bereich, wo ich noch ein paar kleine Kaffee zu mir nahm und mit einigen Kollegen aus anderen JVA\u00b4en ins Gespr\u00e4ch kam.<\/p>\n<p>So verflog die Zeit im nu und es kam zur Startaufstellung, das Rennen beginnt:<\/p>\n<p>Ich reihte mich kurz hinter der Startlinie ein und befand mich in zweiter Reihe. Der Startschuss fiel! Der Start lief gut und konnte mich ungef\u00e4hr an der 15 Position einreihen.<\/p>\n<p><img loading=\"lazy\" decoding=\"async\" class=\"size-medium wp-image-1950 aligncenter\" src=\"http:\/\/cyclotourers.de\/wp-content\/uploads\/2011\/07\/271156_10150247395069496_5825391_n-200x300.jpg\" alt=\"\" width=\"200\" height=\"300\" srcset=\"https:\/\/cyclotourer.de\/wp-content\/uploads\/2011\/07\/271156_10150247395069496_5825391_n-200x300.jpg 200w, https:\/\/cyclotourer.de\/wp-content\/uploads\/2011\/07\/271156_10150247395069496_5825391_n.jpg 479w\" sizes=\"auto, (max-width: 200px) 100vw, 200px\" \/><\/p>\n<p>Da ich durch die Erkundungsfahrt am Abend zuvor die ersten Kilometer kannte, dazu noch das H\u00f6henprofil in laminierter Form am Lenker hatte, wusste ich das die ersten 10 km erst mal nur bergauf gehen w\u00fcrden. Da ich auch ungef\u00e4hr wusste wo wir hin mussten, konnte ich mir leicht vorstellen das die Steigung noch anzog.<\/p>\n<p>Da ich mir die Kraft ganz gut einteilte, konnte ich die eine und andere Platzierung aufholen, und so viel Abstand gut machen, dass diese Gegner vorerst keine Gefahr mehr darstellen sollten. Wobei das auf einer Strecke von 50km und ca. 1200HM nie voraussehbar sein kann.<\/p>\n<p>Also hoffte ich bald auf einen Trail mit paar Wurzeln und Steinen wo ich es wie gewohnt rollen lassen kann. Da der Nagel im Kopf auf diesen Passagen immer sehr gro\u00df wird und ich erst bremse wo andere schon fast stehen (Gelle Andreas H., der nicht mal merkte das ich ihn am Trail \u00fcberholte\uf04a), sollte hier der Abstand ausgebaut und evtl. noch der eine oder andere Platz gut gemacht werden.<\/p>\n<p>Bereits am ersten Trail sollte sich jedoch das Gegenteil zeigen. Scheinbar ist der besagte Nagel nach dem Sturz in Frammersbach etwas angerostet, und ich bekam diese komische Blockade die mich an der Bremse hielt nicht ausgeblendet. Es h\u00e4tte mich wohl nicht mehr gewundert wenn meine Bremsscheiben zu gl\u00fchen angefangen h\u00e4tten.<\/p>\n<p>So qu\u00e4lte ich mich den ersten Trail runter, was auf Dauer wohl mehr anstrengte als wenn man es einfach laufen l\u00e4sst. Hier kam dann auch das was kommen musste, ich verlor die ersten Pl\u00e4tze, die ich zwar bergauf wieder aufholen konnte, aber es mich \u00e4rgerte das es einfach so war.<\/p>\n<p>Die n\u00e4chsten Steigungen und Abfahrten verliefen recht unspektakul\u00e4r da sich die Gruppe ein St\u00fcck weit auseinandergezogen hatte und man nur noch bei langen geraden jemanden zu sehen bekam. Trails abw\u00e4rts verlor ich immer bisschen Zeit, aufw\u00e4rts versuchte ich so viel wie m\u00f6glich wieder gut zu strampeln.<a href=\"http:\/\/www.cyclotourer.de\/wp-content\/uploads\/2013\/10\/271156_10150247395079496_1119826_n.jpg\"><img loading=\"lazy\" decoding=\"async\" class=\"size-medium wp-image-143 aligncenter\" src=\"http:\/\/www.cyclotourer.de\/wp-content\/uploads\/2013\/10\/271156_10150247395079496_1119826_n-200x300.jpg\" alt=\"271156_10150247395079496_1119826_n\" width=\"200\" height=\"300\" srcset=\"https:\/\/cyclotourer.de\/wp-content\/uploads\/2013\/10\/271156_10150247395079496_1119826_n-200x300.jpg 200w, https:\/\/cyclotourer.de\/wp-content\/uploads\/2013\/10\/271156_10150247395079496_1119826_n.jpg 300w\" sizes=\"auto, (max-width: 200px) 100vw, 200px\" \/><\/a><\/p>\n<p>An der 2. Versorgungsstation nahm ich mir f\u00fcr ein Becher Wasser Zeit und radelte meinen Trott weiter. Irgendwann nach Kilometer ~30 fuhren wir auf dem Bergkamm oberhalb des Weinbergs mit einem \u00fcberw\u00e4ltigenden Ausblick den man dank einiger Kilometer auch hin und wieder genie\u00dfen konnte. Danach kam ein geschl\u00e4ngelter Trail durch den Weinberg, gespickt mit engen Spitzkehren und immer nahe am Abgrund. Hier sollte ich wieder dank der \u201cVerrostung\u201c einige Zeit verstreichen lassen bzw. vergeuden.<\/p>\n<p>Der Rest verlief eigentlich recht gut, schnelle Wiesenpassagen, ein schneller steiler Trail mit wenigen Wurzeln und Forstautobahn brachten vorerst Tempo in das Rennen. Au\u00dferdem konnte ich einem Kollegen mit Multitool und 2 Kettenschl\u00f6sser aushelfen, da er ziemlich betr\u00f6bbelt am Wegesrand stand und bei seinem Bike die Kette auf dem Boden hing.<\/p>\n<p>Bei Kilometer 40 ungef\u00e4hr sollte der letzte Anstieg beginnen. Das der es in sich habe wurde mir schon vorher berichtet, aber das dieser Anstieg, der mal flacher, mal steiler, mal fast eben und danach umso steiler sein sollte und einfach kein Ende zu sehen sein w\u00fcrde, das hatte ich mir nicht ausgemalt. Mit dem Tacho im Auge wunderte ich mich immer wieder das es stetig mit dem Wechselspiel der Steigungen weiter gehen sollte da das Ziel doch in greifbarer N\u00e4he sein m\u00fcsste.<\/p>\n<p>Dann kam wieder eine schnelle Abfahrt wo ich dachte jetzt haben wir es geschafft, aber nein, es wurde durch Streckenposten gewarnt das links abgebogen wird\u2026 und es ging noch mal eine Steigung rauf das meine Muskeln f\u00f6rmlich nach \u201cPause\u201c schreien wollten.<\/p>\n<p>Aber auch dies hatte ein Ende und dieser Berg wurde besiegt, so das ich nach 2:38.52 \u00fcber die mit Ger\u00fcstbohlen abgedeckte Treppe ins Ziel fahren konnte.<\/p>\n<p>Leider hat offensichtlich der Erstplatzierte irgendwo die Strecke abgek\u00fcrzt da er von Kollegen gesehen wurde wie er aus einem nicht ausgezeichneten Weg gefahren kam \u201cmit dem Argument sich verfahren zu haben\u201c. Ein anderer Kollege beobachtete ihn beim Zieleinlauf, da er sich nach 2:10Std nahezu frisch und ohne Schwei\u00dfperlen auf der Stirn im Ziel einfand und auch noch so fit war das ihm gerade mal ein Becher Wasser reichen sollte\u2026.&nbsp;<a href=\"http:\/\/www.cyclotourer.de\/wp-content\/uploads\/2013\/10\/283040_10150258982604496_2422708_n.jpg\"><img loading=\"lazy\" decoding=\"async\" class=\"alignnone size-medium wp-image-141\" src=\"http:\/\/www.cyclotourer.de\/wp-content\/uploads\/2013\/10\/283040_10150258982604496_2422708_n-225x300.jpg\" alt=\"283040_10150258982604496_2422708_n\" width=\"225\" height=\"300\" srcset=\"https:\/\/cyclotourer.de\/wp-content\/uploads\/2013\/10\/283040_10150258982604496_2422708_n-225x300.jpg 225w, https:\/\/cyclotourer.de\/wp-content\/uploads\/2013\/10\/283040_10150258982604496_2422708_n.jpg 540w\" sizes=\"auto, (max-width: 225px) 100vw, 225px\" \/><\/a><\/p>\n<p>Naja, so belegte ich nun den undankbaren 6. Platz, habe ein oder zwei Pl\u00e4tze besser erwatet, aber meine Geheimwaffe \u201cTrail\u201c blieb wegen \u201cVerrostung\u201c ohne Einsatz.<\/p>\n<p>Aber doch irgendwie zufrieden l\u00e4chle ich mich in die Erinnerungen der vergangenen 2 Tagen zur\u00fcck\u2026<\/p>\n<p><img loading=\"lazy\" decoding=\"async\" class=\"size-medium wp-image-1951 aligncenter\" src=\"http:\/\/cyclotourers.de\/wp-content\/uploads\/2011\/07\/283040_10150258982609496_2234059_n-148x300.jpg\" alt=\"\" width=\"148\" height=\"300\" srcset=\"https:\/\/cyclotourer.de\/wp-content\/uploads\/2011\/07\/283040_10150258982609496_2234059_n-148x300.jpg 148w, https:\/\/cyclotourer.de\/wp-content\/uploads\/2011\/07\/283040_10150258982609496_2234059_n.jpg 354w\" sizes=\"auto, (max-width: 148px) 100vw, 148px\" \/><\/p>\n<p>&nbsp;<\/p>\n","protected":false},"excerpt":{"rendered":"<p>3. Deutsche Mountainbike Meisterschaft der Justiz 03.07.2011 Um den Stress mit der Autofahrt zu umgehen, entschloss ich mich bereits am 02.07.2011 nach Rhens zu fahren. [&#8230;]<\/p>\n","protected":false},"author":2,"featured_media":3144,"comment_status":"open","ping_status":"open","sticky":false,"template":"","format":"standard","meta":{"footnotes":""},"categories":[119],"tags":[150],"class_list":["post-1692","post","type-post","status-publish","format-standard","has-post-thumbnail","hentry","category-rennen","tag-justiz-meisterschaft"],"_links":{"self":[{"href":"https:\/\/cyclotourer.de\/index.php?rest_route=\/wp\/v2\/posts\/1692","targetHints":{"allow":["GET"]}}],"collection":[{"href":"https:\/\/cyclotourer.de\/index.php?rest_route=\/wp\/v2\/posts"}],"about":[{"href":"https:\/\/cyclotourer.de\/index.php?rest_route=\/wp\/v2\/types\/post"}],"author":[{"embeddable":true,"href":"https:\/\/cyclotourer.de\/index.php?rest_route=\/wp\/v2\/users\/2"}],"replies":[{"embeddable":true,"href":"https:\/\/cyclotourer.de\/index.php?rest_route=%2Fwp%2Fv2%2Fcomments&post=1692"}],"version-history":[{"count":4,"href":"https:\/\/cyclotourer.de\/index.php?rest_route=\/wp\/v2\/posts\/1692\/revisions"}],"predecessor-version":[{"id":3168,"href":"https:\/\/cyclotourer.de\/index.php?rest_route=\/wp\/v2\/posts\/1692\/revisions\/3168"}],"wp:featuredmedia":[{"embeddable":true,"href":"https:\/\/cyclotourer.de\/index.php?rest_route=\/wp\/v2\/media\/3144"}],"wp:attachment":[{"href":"https:\/\/cyclotourer.de\/index.php?rest_route=%2Fwp%2Fv2%2Fmedia&parent=1692"}],"wp:term":[{"taxonomy":"category","embeddable":true,"href":"https:\/\/cyclotourer.de\/index.php?rest_route=%2Fwp%2Fv2%2Fcategories&post=1692"},{"taxonomy":"post_tag","embeddable":true,"href":"https:\/\/cyclotourer.de\/index.php?rest_route=%2Fwp%2Fv2%2Ftags&post=1692"}],"curies":[{"name":"wp","href":"https:\/\/api.w.org\/{rel}","templated":true}]}}