{"id":1607,"date":"2014-05-21T19:26:20","date_gmt":"2014-05-21T19:26:20","guid":{"rendered":"http:\/\/cyclotourers.de\/?p=1607"},"modified":"2020-03-12T11:28:30","modified_gmt":"2020-03-12T11:28:30","slug":"sightseeing-und-hoehenmeter","status":"publish","type":"post","link":"https:\/\/cyclotourer.de\/?p=1607","title":{"rendered":"Sightseeing und H\u00f6henmeter"},"content":{"rendered":"<h5 style=\"text-align: justify;\">21.5.2014<\/h5>\n<p style=\"text-align: justify;\">Drei Tage Fortbildung in Wiesbaden waren angesagt. Trotz meiner Teilnahme am Vulkan-Bike-Marathon des TGV Schotten einen Tag zuvor, entschloss ich mich mein Bike mitzunehmen. Gleich einen Tag des anstrengenden Rennens wollte ich locker ein paar H\u00f6henmeter bew\u00e4ltigen.<\/p>\n<p style=\"text-align: justify;\">Rund um Wiesbaden bieten nun mal die W\u00e4lder sch\u00f6ne Single-Trails. Zwar sind nicht alle legal entstanden, aber das sollte mich ja nicht st\u00f6ren.<\/p>\n<h5 style=\"text-align: justify;\">1. Tag<\/h5>\n<p style=\"text-align: justify;\">Ein Kollege gab mir den Tipp, ich sollte vom Seminar aus in Richtung Forsthaus, \u00fcber die Hauptstra\u00dfe (Lahnstra\u00dfe) den Waldweg ganz nach oben fahren, dann w\u00fcrde ich eine steinige und steile Abfahrt finden. Also raffte ich mich zun\u00e4chst lustlos auf und trat mich Tritt f\u00fcr Tritt die Steigung nach oben. Ein wenig kannte ich mich in der Ecke aus. H\u00f6henmeter f\u00fcr H\u00f6henmeter strampelte ich mich immer h\u00f6her und auch immer tiefer in den Wald hinein. An Kreuzungen entschied ich mich immer f\u00fcr die Wege, die h\u00f6her in Richtung Bergkamm verliefen.<\/p>\n<p style=\"text-align: justify;\">Irgendwann war ich fast oben am Fernsehturm angekommen, nur von dem versprochenen Trail war nichts zu sehen. Da ich einen Radfahrer auf einen gut ausgestatteten Fully \u00fcberholte, fragte ich ihn, ob er wisse wo es denn diesen Trail gab, von dem ich h\u00f6rte.<\/p>\n<p>&nbsp;<img loading=\"lazy\" decoding=\"async\" class=\"size-medium wp-image-2496 alignleft\" src=\"http:\/\/cyclotourers.de\/wp-content\/uploads\/2016\/10\/IMG_3298-1-300x224.jpg\" alt=\"\" width=\"300\" height=\"224\" srcset=\"https:\/\/cyclotourer.de\/wp-content\/uploads\/2016\/10\/IMG_3298-1-300x224.jpg 300w, https:\/\/cyclotourer.de\/wp-content\/uploads\/2016\/10\/IMG_3298-1-768x574.jpg 768w, https:\/\/cyclotourer.de\/wp-content\/uploads\/2016\/10\/IMG_3298-1-1024x765.jpg 1024w\" sizes=\"auto, (max-width: 300px) 100vw, 300px\" \/>Er konnte mir auch keine wirklich gute Antwort geben. Er wusste zwar, dass es seit kurzem ein Trail gab, aber wo genau? Das konnte er mir nat\u00fcrlich nicht sagen. Er konnte mir nur mitteilen, dass dieser Berg, der sich zwischen Wiesbaden, Schlangenbad und Taunusstein befindet, \u201cHohe Wurzel\u201c hei\u00dft.<\/p>\n<p style=\"text-align: justify;\">Da ich wieder an der Hauptstra\u00dfe, die ich kurz nach dem Start \u00fcberquert hatte, musste ich wohl wieder zur\u00fcck und weiter suchen. Ich rollte die ersten Kilometer wieder auf dem gleichem Weg zur\u00fcck, aber einen Eingang konnte ich zun\u00e4chst nicht finden.<\/p>\n<p style=\"text-align: justify;\">Nach einigen Kilometern fand ich einen kleinen Wanderpfad. Vom Waldweg, sah er zun\u00e4chst unscheinbar aus. Konnte mir aber vorstellen, dass es der besagte Trail sein m\u00fcsste, da einige Reifenspuren zu sehen waren.<\/p>\n<p style=\"text-align: justify;\">&nbsp;Ich f\u00fcr den Trail wieder hoch. Kam an dem Waldweg raus wo ich den Mountainbiker getroffen hatte. Der Trail war urspr\u00fcnglich ein Forstweg, wo die Waldarbeiter die B\u00e4ume aus dem Bestand gefahren hatten. Deshalb konnte ich es wohl auch nicht als Single-Trail erkennen.<img loading=\"lazy\" decoding=\"async\" class=\"size-medium wp-image-2493 alignleft\" src=\"http:\/\/cyclotourers.de\/wp-content\/uploads\/2016\/10\/IMG_3299-224x300.jpg\" alt=\"\" width=\"224\" height=\"300\" srcset=\"https:\/\/cyclotourer.de\/wp-content\/uploads\/2016\/10\/IMG_3299-224x300.jpg 224w, https:\/\/cyclotourer.de\/wp-content\/uploads\/2016\/10\/IMG_3299-768x1028.jpg 768w, https:\/\/cyclotourer.de\/wp-content\/uploads\/2016\/10\/IMG_3299-765x1024.jpg 765w, https:\/\/cyclotourer.de\/wp-content\/uploads\/2016\/10\/IMG_3299.jpg 1936w\" sizes=\"auto, (max-width: 224px) 100vw, 224px\" \/><\/p>\n<p>&nbsp;<\/p>\n<p style=\"text-align: justify;\">Nun ging es rasant abw\u00e4rts. Dicke Steine, Wasserrinnen und Wurzeln machten den teils steilen Abstieg zu einer heiklen Abfahrt. Der Spa\u00dffaktor war nat\u00fcrlich riesig, auch wenn die Bremsen dabei hei\u00df liefen.<img loading=\"lazy\" decoding=\"async\" class=\"size-medium wp-image-2495 alignright\" src=\"http:\/\/cyclotourers.de\/wp-content\/uploads\/2016\/10\/IMG_3301-224x300.jpg\" alt=\"\" width=\"224\" height=\"300\" srcset=\"https:\/\/cyclotourer.de\/wp-content\/uploads\/2016\/10\/IMG_3301-224x300.jpg 224w, https:\/\/cyclotourer.de\/wp-content\/uploads\/2016\/10\/IMG_3301-768x1028.jpg 768w, https:\/\/cyclotourer.de\/wp-content\/uploads\/2016\/10\/IMG_3301-765x1024.jpg 765w, https:\/\/cyclotourer.de\/wp-content\/uploads\/2016\/10\/IMG_3301.jpg 1936w\" sizes=\"auto, (max-width: 224px) 100vw, 224px\" \/><\/p>\n<p>&nbsp;<\/p>\n<p style=\"text-align: justify;\">Ich wunderte mich, dass ich nach dem Rennen ein Tag zuvor doch so fit war. Schlie\u00dflich hatte ich nach dieser Tour etwa 9 km mit rund 806 H\u00f6henmeter (GPS), und 3 km Spa\u00df an der Abfahrt.<\/p>\n<p>&nbsp;<\/p>\n<h5 style=\"text-align: justify;\">&nbsp;2.&nbsp;Tag<\/h5>\n<p style=\"text-align: justify;\">Nach einer Besichtigung von 2 Institutionen in Darmstadt, konnten wir wegen dem fr\u00fchen Start am Morgen den Fortbildungstag fr\u00fcher als erwartet beenden. Ich wechselte sofort mein Outfit, trank noch ein Kaffee und begab mich zu mein Auto um den Drahtesel startklar zu machen.<\/p>\n<p style=\"text-align: justify;\">Aber was war das?<\/p>\n<p>&nbsp;<img loading=\"lazy\" decoding=\"async\" class=\"size-medium wp-image-2497 alignright\" src=\"http:\/\/cyclotourers.de\/wp-content\/uploads\/2016\/10\/IMG_3307-224x300.jpg\" alt=\"\" width=\"224\" height=\"300\" srcset=\"https:\/\/cyclotourer.de\/wp-content\/uploads\/2016\/10\/IMG_3307-224x300.jpg 224w, https:\/\/cyclotourer.de\/wp-content\/uploads\/2016\/10\/IMG_3307-768x1028.jpg 768w, https:\/\/cyclotourer.de\/wp-content\/uploads\/2016\/10\/IMG_3307-765x1024.jpg 765w, https:\/\/cyclotourer.de\/wp-content\/uploads\/2016\/10\/IMG_3307.jpg 1936w\" sizes=\"auto, (max-width: 224px) 100vw, 224px\" \/>Mein vorderes Rad war platt! Als ich gestern die Tour beendet hatte, hatte ich noch vollen Luftdruck. Zumindest noch so viel, dass man nichts von einem nervigem Loch im Schlauch bemerken konnte.<\/p>\n<p style=\"text-align: justify;\">Also wechselte ich schnell den Schlauch, denn ich hatte mir f\u00fcr heute ein neues Ziel gesetzt. Der Neroberg auf der anderen Seite von Wiesbaden.<\/p>\n<p style=\"text-align: justify;\">Komischerweise befand sich das Loch auf der Seite vom Schlauch, die auf dem Felgenband sitzt. Ich pr\u00fcfte die Felge. Da die Ursache weder an der Felge noch am Felgenband zu finden war, checkte ich noch mal den Reifen auf Fremdk\u00f6rper. Aber da fand ich auch nichts. Mit der Vermutung das die Mittagshitze im Auto den Schlauch zum Platzen brachte, machte ich mich auf den Weg. Auf einem zugewachsenen Pfad k\u00e4mpfte ich mich zun\u00e4chst durch das Gestr\u00fcpp. Darauf folgte ein Single-Trail in Richtung Klarenthal. Hier konnte ich bereits das erste Mal rollen lassen und sprang \u00fcber die Eine oder Andere Wurzel. Der Spa\u00dffaktor war schon mal da.<\/p>\n<p><img loading=\"lazy\" decoding=\"async\" class=\"size-medium wp-image-2498 alignleft\" src=\"http:\/\/cyclotourers.de\/wp-content\/uploads\/2016\/10\/IMG_3308-300x224.jpg\" alt=\"\" width=\"300\" height=\"224\" srcset=\"https:\/\/cyclotourer.de\/wp-content\/uploads\/2016\/10\/IMG_3308-300x224.jpg 300w, https:\/\/cyclotourer.de\/wp-content\/uploads\/2016\/10\/IMG_3308-768x574.jpg 768w, https:\/\/cyclotourer.de\/wp-content\/uploads\/2016\/10\/IMG_3308-1024x765.jpg 1024w\" sizes=\"auto, (max-width: 300px) 100vw, 300px\" \/><\/p>\n<p>&nbsp;<\/p>\n<p style=\"text-align: justify;\">&nbsp;&nbsp;Es dauerte nicht lange, und ich kam durch Wiesbaden, vorbei an der Spielbank. Der Taunusstra\u00dfe folgend in das Nerotal. Nach knapp 10km kam ich an der Nerobergbahn an.<\/p>\n<p style=\"text-align: justify;\">Die Nerobergbahn ist eine im Jahr 1888 errichtete Zahnstangenstandseilbahn die mittels Wasserlast betrieben wird. Sie f\u00fchrt vom besagten Nerotal auf den Neroberg. Hierbei \u00fcberwindet sie auf einer L\u00e4nge von 438 Meter und 19 % Steigung einen H\u00f6henunterschied von 83 Meter.<\/p>\n<p style=\"text-align: justify;\">&nbsp;Quelle: <a href=\"http:\/\/de.wikipedia.org\/wiki\/Nerobergbahn\">http:\/\/de.wikipedia.org\/wiki\/Nerobergbahn<\/a><\/p>\n<p style=\"text-align: justify;\"><img loading=\"lazy\" decoding=\"async\" class=\"size-medium wp-image-2499 alignright\" src=\"http:\/\/cyclotourers.de\/wp-content\/uploads\/2016\/10\/IMG_3312-300x224.jpg\" alt=\"\" width=\"300\" height=\"224\" srcset=\"https:\/\/cyclotourer.de\/wp-content\/uploads\/2016\/10\/IMG_3312-300x224.jpg 300w, https:\/\/cyclotourer.de\/wp-content\/uploads\/2016\/10\/IMG_3312-768x574.jpg 768w, https:\/\/cyclotourer.de\/wp-content\/uploads\/2016\/10\/IMG_3312-1024x765.jpg 1024w\" sizes=\"auto, (max-width: 300px) 100vw, 300px\" \/>&nbsp;Da seit der Restauration keine Fahrr\u00e4der mehr bef\u00f6rdert werden, bot mir der Fahrkartenverk\u00e4ufer einen sicheren Stellplatz in der Werkstatt an. Ich lehnte dankend ab, und entschied mich f\u00fcr den schmalen und steilen Trampelpfad, der sich entlang der Schienen steil auf den Neroberg schl\u00e4ngelte.<\/p>\n<p><img loading=\"lazy\" decoding=\"async\" class=\"size-medium wp-image-2500 alignleft\" src=\"http:\/\/cyclotourers.de\/wp-content\/uploads\/2016\/10\/IMG_3314-224x300.jpg\" alt=\"\" width=\"224\" height=\"300\" srcset=\"https:\/\/cyclotourer.de\/wp-content\/uploads\/2016\/10\/IMG_3314-224x300.jpg 224w, https:\/\/cyclotourer.de\/wp-content\/uploads\/2016\/10\/IMG_3314-768x1028.jpg 768w, https:\/\/cyclotourer.de\/wp-content\/uploads\/2016\/10\/IMG_3314-765x1024.jpg 765w, https:\/\/cyclotourer.de\/wp-content\/uploads\/2016\/10\/IMG_3314.jpg 1936w\" sizes=\"auto, (max-width: 224px) 100vw, 224px\" \/><\/p>\n<p>&nbsp;<\/p>\n<p style=\"text-align: justify;\">Bereits bei der Erzwingung des schmalen Steigs, freute ich mich auf die Abfahrt.<\/p>\n<p><img loading=\"lazy\" decoding=\"async\" class=\"size-medium wp-image-2501 alignright\" src=\"http:\/\/cyclotourers.de\/wp-content\/uploads\/2016\/10\/IMG_3315-300x224.jpg\" alt=\"\" width=\"300\" height=\"224\" srcset=\"https:\/\/cyclotourer.de\/wp-content\/uploads\/2016\/10\/IMG_3315-300x224.jpg 300w, https:\/\/cyclotourer.de\/wp-content\/uploads\/2016\/10\/IMG_3315-768x574.jpg 768w, https:\/\/cyclotourer.de\/wp-content\/uploads\/2016\/10\/IMG_3315-1024x765.jpg 1024w\" sizes=\"auto, (max-width: 300px) 100vw, 300px\" \/>&nbsp;Vom dem Neroberg rollte ich zun\u00e4chst in Richtung Opelbad und der Russischen Orthodoxen Kirche, welche &nbsp;von f\u00fcnf feuervergoldeten Kuppeln gekr\u00f6nt wird.<\/p>\n<p style=\"text-align: justify;\">Quelle: <a href=\"http:\/\/de.wikipedia.org\/wiki\/Russisch-Orthodoxe_Kirche_(Wiesbaden)\">http:\/\/de.wikipedia.org\/wiki\/Russisch-Orthodoxe_Kirche_(Wiesbaden)<\/a><\/p>\n<p style=\"text-align: justify;\">Da es aber recht unspektakul\u00e4r weiter gef\u00fchrt h\u00e4tte, drehte ich wieder um und strampelte mich wieder zur\u00fcck auf den Neroberg. Dort entdeckte ich den Walderlebnispfad. Die l\u00e4ngste Runde sollte etwa 3,3km haben. Teils Waldwege, teils Wanderpfade f\u00fchrten mich mal auf- und mal abw\u00e4rts.<\/p>\n<p style=\"text-align: justify;\">Gerade als es etwas z\u00fcgiger abw\u00e4rts ging und ich \u00fcber Wurzeln und Steine springend immer schneller wurde, kam das:<\/p>\n<p><img loading=\"lazy\" decoding=\"async\" class=\"size-medium wp-image-2502 alignright\" src=\"http:\/\/cyclotourers.de\/wp-content\/uploads\/2016\/10\/IMG_3324-224x300.jpg\" alt=\"\" width=\"224\" height=\"300\" srcset=\"https:\/\/cyclotourer.de\/wp-content\/uploads\/2016\/10\/IMG_3324-224x300.jpg 224w, https:\/\/cyclotourer.de\/wp-content\/uploads\/2016\/10\/IMG_3324-768x1028.jpg 768w, https:\/\/cyclotourer.de\/wp-content\/uploads\/2016\/10\/IMG_3324-765x1024.jpg 765w, https:\/\/cyclotourer.de\/wp-content\/uploads\/2016\/10\/IMG_3324.jpg 1936w\" sizes=\"auto, (max-width: 224px) 100vw, 224px\" \/><\/p>\n<p>&nbsp;<\/p>\n<p style=\"text-align: justify;\">&nbsp;Die Waldarbeiter hatten ganze Arbeit geleistet. Naja, ganz war \u00fcbertrieben, denn es lagen zahlreiche Baumst\u00e4mme quer \u00fcber den Wanderweg. Ich musste scharf bremsen das ich noch kurz vor dem dicken Baumstamm zum Stehen kam.<\/p>\n<p style=\"text-align: justify;\"><img loading=\"lazy\" decoding=\"async\" class=\"size-medium wp-image-2504 alignleft\" src=\"http:\/\/cyclotourers.de\/wp-content\/uploads\/2016\/10\/IMG_3323-224x300.jpg\" alt=\"\" width=\"224\" height=\"300\" srcset=\"https:\/\/cyclotourer.de\/wp-content\/uploads\/2016\/10\/IMG_3323-224x300.jpg 224w, https:\/\/cyclotourer.de\/wp-content\/uploads\/2016\/10\/IMG_3323-768x1028.jpg 768w, https:\/\/cyclotourer.de\/wp-content\/uploads\/2016\/10\/IMG_3323-765x1024.jpg 765w, https:\/\/cyclotourer.de\/wp-content\/uploads\/2016\/10\/IMG_3323.jpg 1936w\" sizes=\"auto, (max-width: 224px) 100vw, 224px\" \/>Der Rundweg endete nat\u00fcrlich wieder auf dem Neroberg. Am alten Kriegerdenkmal stellte ich mich an die Mauer, um den Ausblick eine Zeit lang zu genie\u00dfen. Weit \u00fcber Wiesbaden hinaus, konnte man den Blick schweifen lassen.<\/p>\n<p style=\"text-align: justify;\">\n<p style=\"text-align: justify;\">Also folgte ich dem Blick des L\u00f6wen, vorbei an dem Monopteros auf den schmalen Trampelpfad der mich zur\u00fcck zur Talstation der Bergbahn f\u00fchrte.<\/p>\n<p style=\"text-align: center;\"><img loading=\"lazy\" decoding=\"async\" class=\"size-medium wp-image-2505 alignright\" src=\"http:\/\/cyclotourers.de\/wp-content\/uploads\/2016\/10\/IMG_3325-300x224.jpg\" alt=\"\" width=\"300\" height=\"224\" srcset=\"https:\/\/cyclotourer.de\/wp-content\/uploads\/2016\/10\/IMG_3325-300x224.jpg 300w, https:\/\/cyclotourer.de\/wp-content\/uploads\/2016\/10\/IMG_3325-768x574.jpg 768w, https:\/\/cyclotourer.de\/wp-content\/uploads\/2016\/10\/IMG_3325-1024x765.jpg 1024w\" sizes=\"auto, (max-width: 300px) 100vw, 300px\" \/>Unten am Viadukt angekommen, \u00fcberlegte ich welche Richtung ich den nun einschlagen k\u00f6nnte. Da entdeckte ich das Hinweisschild der Leichtwei\u00dfh\u00f6hle.<\/p>\n<p style=\"text-align: justify;\">Quelle: <a href=\"http:\/\/de.wikipedia.org\/wiki\/Leichtwei%C3%9Fh%C3%B6hle\">http:\/\/de.wikipedia.org\/wiki\/Leichtwei%C3%9Fh%C3%B6hle<\/a><\/p>\n<p style=\"text-align: left;\">&nbsp;<img loading=\"lazy\" decoding=\"async\" class=\"size-medium wp-image-2506 alignleft\" src=\"http:\/\/cyclotourers.de\/wp-content\/uploads\/2016\/10\/IMG_3328-300x224.jpg\" alt=\"\" width=\"300\" height=\"224\" srcset=\"https:\/\/cyclotourer.de\/wp-content\/uploads\/2016\/10\/IMG_3328-300x224.jpg 300w, https:\/\/cyclotourer.de\/wp-content\/uploads\/2016\/10\/IMG_3328-768x574.jpg 768w, https:\/\/cyclotourer.de\/wp-content\/uploads\/2016\/10\/IMG_3328-1024x765.jpg 1024w\" sizes=\"auto, (max-width: 300px) 100vw, 300px\" \/>Leider hatte diese jedoch geschlossen und ich nicht in den Hohlraum unter der dicken Schieferplatte schauen. Ich blickte auf die Karte meiner App, und suchte nach der groben Richtung die ich zur\u00fcck ins Seminar einschlagen musste.<\/p>\n<p style=\"text-align: justify;\">Die ganze Zeit spielte ich schon mit dem Gedanken, nochmals hoch zum Fernsehturm zu radeln. Zu sehr reizte es mich nochmals den gefunden Trail herunter zu donnern.<\/p>\n<p style=\"text-align: justify;\">Zun\u00e4chst hielt ich mich an die Aarstra\u00dfe, die nach Taunusstein f\u00fchrt. Entlang der vielbefahren Bundesstra\u00dfe f\u00fchrte ein Trail. So konnte ich in Ruhe Wiesbaden hinter mir lassen. Nach einem weiteren Blick auf die Karte, wechselte ich die Stra\u00dfenseite und fuhr \u00fcber einen weiteren Trail bis auf die Fasaneriestra\u00dfe. Nach dem Tierpark bog ich wieder auf einen Waldweg der \u00fcber mehrere Kilometer geradeausf\u00fchrte.<\/p>\n<p style=\"text-align: justify;\">Die sanfte Steigung zog mit jedem Meter an, bis ich \u00fcber mehrere Kilometer eine Steigung mit rund 15% bew\u00e4ltigen musste.<\/p>\n<p>&nbsp;&nbsp;<img loading=\"lazy\" decoding=\"async\" class=\"size-medium wp-image-2507 alignright\" src=\"http:\/\/cyclotourers.de\/wp-content\/uploads\/2016\/10\/IMG_3331-224x300.jpg\" alt=\"\" width=\"224\" height=\"300\" srcset=\"https:\/\/cyclotourer.de\/wp-content\/uploads\/2016\/10\/IMG_3331-224x300.jpg 224w, https:\/\/cyclotourer.de\/wp-content\/uploads\/2016\/10\/IMG_3331-768x1028.jpg 768w, https:\/\/cyclotourer.de\/wp-content\/uploads\/2016\/10\/IMG_3331-765x1024.jpg 765w, https:\/\/cyclotourer.de\/wp-content\/uploads\/2016\/10\/IMG_3331.jpg 1936w\" sizes=\"auto, (max-width: 224px) 100vw, 224px\" \/>Trotz de Steigung f\u00fchlte ich mich gut. Im kleinem Gang suchte ich mir ein angenehmes Tempo und freute mich schon im geheimen auf den Trail.<\/p>\n<p style=\"text-align: justify;\">Immer weiter zog der Waldweg in die H\u00f6he. Ein Reh schreckte im Unterholz auf und kreuzte mit hohen Spr\u00fcngen meinen Weg. Ich \u00fcberlegte wann ich einen so gro\u00dfen Rehbock das letzte Mal gesehen hatte und trat immer weiter in die Pedale. Nur das Singen der V\u00f6gel und das Knirschen der Stollen auf dem feinen Splitt unterbrachen die Ruhe in der Tiefe des Walds.<\/p>\n<p style=\"text-align: justify;\">Das angenehme Gef\u00fchl der Freiheit machte sich in mir breit. Seit langem konnte ich meine Tr\u00e4ume schweifen lassen und freute mich umso mehr auf meine Alpentour.<\/p>\n<p style=\"text-align: justify;\">Nach dem steilen Anstieg kam ich an die Kreuzung wo ich ein Tag zuvor auf diesem Weg gesto\u00dfen war. &nbsp;Jetzt wurde es etwas flacher. Als ich auf der Kuppe ankam, entschloss ich mich kurzerhand bis zum Fernsehturm zu fahren.<\/p>\n<p><img loading=\"lazy\" decoding=\"async\" class=\"size-medium wp-image-2508 alignleft\" src=\"http:\/\/cyclotourers.de\/wp-content\/uploads\/2016\/10\/IMG_3332-224x300.jpg\" alt=\"\" width=\"224\" height=\"300\" srcset=\"https:\/\/cyclotourer.de\/wp-content\/uploads\/2016\/10\/IMG_3332-224x300.jpg 224w, https:\/\/cyclotourer.de\/wp-content\/uploads\/2016\/10\/IMG_3332-768x1028.jpg 768w, https:\/\/cyclotourer.de\/wp-content\/uploads\/2016\/10\/IMG_3332-765x1024.jpg 765w, https:\/\/cyclotourer.de\/wp-content\/uploads\/2016\/10\/IMG_3332.jpg 1936w\" sizes=\"auto, (max-width: 224px) 100vw, 224px\" \/><\/p>\n<p>&nbsp;<\/p>\n<p style=\"text-align: justify;\">Hier stellte ich fest, dass der Singletrail eigentlich ein Wanderweg ist. Der Wanderweg wird als Blaupunkt-Weg bezeichnet. Wie ich es vom Fernsehturm aus einsch\u00e4tzen konnte, f\u00fchrt er weiter bis nach &nbsp;Seitzenbach. Werde aber sicherlich die n\u00e4chste Fortbildung nutzen, um den genauen Verlauf heraus zu finden.<\/p>\n<p style=\"text-align: justify;\">So blickte ich Richtung Taunusstein, kehrte um und freute mich noch mehr auf die kommende Abfahrt.<\/p>\n<p><img loading=\"lazy\" decoding=\"async\" class=\"size-medium wp-image-2509 alignright\" src=\"http:\/\/cyclotourers.de\/wp-content\/uploads\/2016\/10\/IMG_3336-300x224.jpg\" alt=\"\" width=\"300\" height=\"224\" srcset=\"https:\/\/cyclotourer.de\/wp-content\/uploads\/2016\/10\/IMG_3336-300x224.jpg 300w, https:\/\/cyclotourer.de\/wp-content\/uploads\/2016\/10\/IMG_3336-768x574.jpg 768w, https:\/\/cyclotourer.de\/wp-content\/uploads\/2016\/10\/IMG_3336-1024x765.jpg 1024w\" sizes=\"auto, (max-width: 300px) 100vw, 300px\" \/><\/p>\n<p>&nbsp;<\/p>\n<p style=\"text-align: justify;\">Da ich die Abfahrt nun kannte, konnte ich noch schneller den schmalen Pfad herunter brausen. Immer den Blick weit voraus damit ich den gr\u00f6\u00dferen Steinen ausweichen konnte, lies ich die Bremsen immer wieder mal lockerer\u2026 Nur wenige Minuten\u2026 und vorbei war der Spa\u00df! Aber daf\u00fcr hat sich der Anstieg wieder einmal gelohnt. Zufrieden rollte ich, am Forsthaus vorbei, zum Seminar.<\/p>\n<p style=\"text-align: justify;\">Eine kleine Sightseeing-Tour mit einigen H\u00f6henmetern und zur Belohnung eine rasante Abfahrt ging zu Ende. Zufrieden mit dem Tag und mir selbst k\u00f6pfte ich mir zur Belohnung eine gro\u00dfe Pulle Bier. Bei herrlicher Aussicht &nbsp;lies ich den Abend gem\u00fctlich mit den Kollegen ausklingen&#8230;<\/p>\n<p><img loading=\"lazy\" decoding=\"async\" class=\"size-medium wp-image-2511 alignleft\" src=\"http:\/\/cyclotourers.de\/wp-content\/uploads\/2016\/10\/IMG_3338-200x300.png\" alt=\"\" width=\"200\" height=\"300\" srcset=\"https:\/\/cyclotourer.de\/wp-content\/uploads\/2016\/10\/IMG_3338-200x300.png 200w, https:\/\/cyclotourer.de\/wp-content\/uploads\/2016\/10\/IMG_3338.png 640w\" sizes=\"auto, (max-width: 200px) 100vw, 200px\" \/><\/p>\n<p style=\"text-align: center;\"><img loading=\"lazy\" decoding=\"async\" class=\"size-medium wp-image-2510 alignright\" src=\"http:\/\/cyclotourers.de\/wp-content\/uploads\/2016\/10\/IMG_3306-300x224.jpg\" alt=\"\" width=\"300\" height=\"224\" srcset=\"https:\/\/cyclotourer.de\/wp-content\/uploads\/2016\/10\/IMG_3306-300x224.jpg 300w, https:\/\/cyclotourer.de\/wp-content\/uploads\/2016\/10\/IMG_3306-768x574.jpg 768w, https:\/\/cyclotourer.de\/wp-content\/uploads\/2016\/10\/IMG_3306-1024x765.jpg 1024w\" sizes=\"auto, (max-width: 300px) 100vw, 300px\" \/><\/p>\n<p style=\"text-align: justify;\">\n<p>&nbsp;<\/p>\n<p>&nbsp;<\/p>\n<p>&nbsp;<\/p>\n<p style=\"text-align: justify;\">Mit freundlicher Unterst\u00fctzung durch:<\/p>\n<p><img loading=\"lazy\" decoding=\"async\" class=\"wp-image-2512 aligncenter\" src=\"http:\/\/cyclotourers.de\/wp-content\/uploads\/2016\/10\/Fahrrad-Desch-Logo-300x82.png\" alt=\"\" width=\"435\" height=\"119\" srcset=\"https:\/\/cyclotourer.de\/wp-content\/uploads\/2016\/10\/Fahrrad-Desch-Logo-300x82.png 300w, https:\/\/cyclotourer.de\/wp-content\/uploads\/2016\/10\/Fahrrad-Desch-Logo-768x209.png 768w, https:\/\/cyclotourer.de\/wp-content\/uploads\/2016\/10\/Fahrrad-Desch-Logo-1024x279.png 1024w, https:\/\/cyclotourer.de\/wp-content\/uploads\/2016\/10\/Fahrrad-Desch-Logo.png 1067w\" sizes=\"auto, (max-width: 435px) 100vw, 435px\" \/><img loading=\"lazy\" decoding=\"async\" class=\"size-medium wp-image-2513 alignleft\" src=\"http:\/\/cyclotourers.de\/wp-content\/uploads\/2016\/10\/transalp_shuttle_logodesign_horizontal_by_zalanvoros_130509-2-1-300x69.png\" alt=\"\" width=\"300\" height=\"69\" srcset=\"https:\/\/cyclotourer.de\/wp-content\/uploads\/2016\/10\/transalp_shuttle_logodesign_horizontal_by_zalanvoros_130509-2-1-300x69.png 300w, https:\/\/cyclotourer.de\/wp-content\/uploads\/2016\/10\/transalp_shuttle_logodesign_horizontal_by_zalanvoros_130509-2-1-768x177.png 768w, https:\/\/cyclotourer.de\/wp-content\/uploads\/2016\/10\/transalp_shuttle_logodesign_horizontal_by_zalanvoros_130509-2-1-1024x236.png 1024w\" sizes=\"auto, (max-width: 300px) 100vw, 300px\" \/><img loading=\"lazy\" decoding=\"async\" class=\"size-medium wp-image-2320 alignright\" src=\"http:\/\/cyclotourers.de\/wp-content\/uploads\/2015\/06\/transalp_shuttle_logodesign_horizontal_by_zalanvoros_130509-300x69.png\" alt=\"\" width=\"300\" height=\"69\" srcset=\"https:\/\/cyclotourer.de\/wp-content\/uploads\/2015\/06\/transalp_shuttle_logodesign_horizontal_by_zalanvoros_130509-300x69.png 300w, https:\/\/cyclotourer.de\/wp-content\/uploads\/2015\/06\/transalp_shuttle_logodesign_horizontal_by_zalanvoros_130509-768x177.png 768w, https:\/\/cyclotourer.de\/wp-content\/uploads\/2015\/06\/transalp_shuttle_logodesign_horizontal_by_zalanvoros_130509-1024x236.png 1024w\" sizes=\"auto, (max-width: 300px) 100vw, 300px\" \/><\/p>\n<p><img loading=\"lazy\" decoding=\"async\" class=\"size-medium wp-image-2076 aligncenter\" src=\"http:\/\/cyclotourers.de\/wp-content\/uploads\/2013\/09\/FOCUS_Logo-PANTONE_positiv-2-300x65.jpg\" alt=\"\" width=\"300\" height=\"65\" srcset=\"https:\/\/cyclotourer.de\/wp-content\/uploads\/2013\/09\/FOCUS_Logo-PANTONE_positiv-2-300x65.jpg 300w, https:\/\/cyclotourer.de\/wp-content\/uploads\/2013\/09\/FOCUS_Logo-PANTONE_positiv-2-768x167.jpg 768w, https:\/\/cyclotourer.de\/wp-content\/uploads\/2013\/09\/FOCUS_Logo-PANTONE_positiv-2-1024x223.jpg 1024w\" sizes=\"auto, (max-width: 300px) 100vw, 300px\" \/><\/p>\n<p style=\"text-align: justify;\">\n<p style=\"text-align: justify;\">\n<p style=\"text-align: justify;\">\n<p style=\"text-align: justify;\">\n<p style=\"text-align: justify;\">\n","protected":false},"excerpt":{"rendered":"<p>21.5.2014 Drei Tage Fortbildung in Wiesbaden waren angesagt. Trotz meiner Teilnahme am Vulkan-Bike-Marathon des TGV Schotten einen Tag zuvor, entschloss ich mich mein Bike mitzunehmen. [&#8230;]<\/p>\n","protected":false},"author":2,"featured_media":1608,"comment_status":"open","ping_status":"open","sticky":false,"template":"","format":"standard","meta":{"footnotes":""},"categories":[121],"tags":[138,88,99],"class_list":["post-1607","post","type-post","status-publish","format-standard","has-post-thumbnail","hentry","category-touren","tag-abenteuer","tag-tour","tag-wiesbaden"],"_links":{"self":[{"href":"https:\/\/cyclotourer.de\/index.php?rest_route=\/wp\/v2\/posts\/1607","targetHints":{"allow":["GET"]}}],"collection":[{"href":"https:\/\/cyclotourer.de\/index.php?rest_route=\/wp\/v2\/posts"}],"about":[{"href":"https:\/\/cyclotourer.de\/index.php?rest_route=\/wp\/v2\/types\/post"}],"author":[{"embeddable":true,"href":"https:\/\/cyclotourer.de\/index.php?rest_route=\/wp\/v2\/users\/2"}],"replies":[{"embeddable":true,"href":"https:\/\/cyclotourer.de\/index.php?rest_route=%2Fwp%2Fv2%2Fcomments&post=1607"}],"version-history":[{"count":3,"href":"https:\/\/cyclotourer.de\/index.php?rest_route=\/wp\/v2\/posts\/1607\/revisions"}],"predecessor-version":[{"id":3289,"href":"https:\/\/cyclotourer.de\/index.php?rest_route=\/wp\/v2\/posts\/1607\/revisions\/3289"}],"wp:featuredmedia":[{"embeddable":true,"href":"https:\/\/cyclotourer.de\/index.php?rest_route=\/wp\/v2\/media\/1608"}],"wp:attachment":[{"href":"https:\/\/cyclotourer.de\/index.php?rest_route=%2Fwp%2Fv2%2Fmedia&parent=1607"}],"wp:term":[{"taxonomy":"category","embeddable":true,"href":"https:\/\/cyclotourer.de\/index.php?rest_route=%2Fwp%2Fv2%2Fcategories&post=1607"},{"taxonomy":"post_tag","embeddable":true,"href":"https:\/\/cyclotourer.de\/index.php?rest_route=%2Fwp%2Fv2%2Ftags&post=1607"}],"curies":[{"name":"wp","href":"https:\/\/api.w.org\/{rel}","templated":true}]}}